{"id":1313674,"date":"2026-01-15T07:00:00","date_gmt":"2026-01-15T04:00:00","guid":{"rendered":"https:\/\/analyse.optim.biz\/?p=1313674"},"modified":"2026-01-15T07:00:00","modified_gmt":"2026-01-15T04:00:00","slug":"liga-3-retrospectiva-anului-trecut-si-proiectie-pentru-2026-fc-pausesti-otasau-revelatia-seriei-6-intre-confimari-fotbalistice-si-proiecte-de-infrastructura-si-organizare","status":"publish","type":"post","link":"https:\/\/analyse.optim.biz\/?p=1313674","title":{"rendered":"LIGA 3. RETROSPECTIVA ANULUI TRECUT \u0218I PROIEC\u021aIE PENTRU 2026. FC P\u0102U\u0218E\u0218TI-OT\u0102S\u0102U, REVELA\u021aIA SERIEI 6, \u00ceNTRE CONFIM\u0102RI FOTBALISTICE \u0218I PROIECTE DE INFRASTRUCTUR\u0102 \u0218I ORGANIZARE"},"content":{"rendered":"<article id=\"195958\" class=\"post-195958 post type-post status-publish format-standard has-post-thumbnail hentry category-fotbal category-headlines category-sport\">\n<header class=\"post-header\">\n<ul class=\"breadcrumbs\">\n<li><a href=\"https:\/\/www.curierul.ro\">Home<\/a><\/li>\n<li class=\"breadcrumbs-active .category-fotbal\"><a href=\"https:\/\/www.curierul.ro\/index.php?cat=3\">Fotbal<\/a><\/li>\n<li class=\"breadcrumbs-active .category-fotbal\">LIGA 3. RETROSPECTIVA ANULUI TRECUT \u0218I PROIEC\u021aIE PENTRU 2026. FC P\u0102U\u0218E\u0218TI-OT\u0102S\u0102U, REVELA\u021aIA SERIEI 6, \u00ceNTRE CONFIM\u0102RI FOTBALISTICE \u0218I PROIECTE DE INFRASTRUCTUR\u0102 \u0218I ORGANIZARE<\/li>\n<\/ul>\n<div class=\"featured-photo\"><img loading=\"lazy\" decoding=\"async\" width=\"952\" height=\"705\" src=\"https:\/\/analyse.optim.biz\/wp-content\/uploads\/2026\/01\/fcpo-1-1.jpg\" class=\"attachment-single size-single wp-post-image\" title=\"fcpo-1-1\"><\/div>\n<h1 class=\"headline\">LIGA 3. RETROSPECTIVA ANULUI TRECUT \u0218I PROIEC\u021aIE PENTRU 2026. FC P\u0102U\u0218E\u0218TI-OT\u0102S\u0102U, REVELA\u021aIA SERIEI 6, \u00ceNTRE CONFIM\u0102RI FOTBALISTICE \u0218I PROIECTE DE INFRASTRUCTUR\u0102 \u0218I ORGANIZARE<\/h1>\n<p class=\"byline\">\n\t\tScris de<a href=\"https:\/\/www.curierul.ro\/author\/gabi\/\">Gabriel S\u0103ndulescu<\/a>, \t\t15 ianuarie 2026\t\t\t\t<\/p>\n<hr>\n<\/header>\n<p>Pe 29 iunie 2025, FC P\u0103u\u0219e\u0219ti-Ot\u0103s\u0103u b\u0103tea Nanov cu 3-0 \u00een returul barajul de promovare cu AS Nanov \u0219i devenea a treia echip\u0103 v\u00e2lcean\u0103 din Liga 3. Golurile lui Andrei Streinu \u0219i Bogdan Geant\u0103, marcate inc\u0103 din prima repriz\u0103, consfin\u021beau parcursul f\u0103r\u0103 de gre\u0219eal\u0103 din campionatul jude\u021bean, de asemenea c\u00e2\u0219tigarea Cupei Rom\u00e2niei jude\u021bene, 1-0 cu Cozia C\u0103lim\u0103ne\u0219ti, tot Streinu. Au \u00eensemnat rezultelele unui lot valoros pentru acest nivel, pus \u00een lumin\u0103 cu entuziasm local \u00een jurul echipei \u0219i cu bun\u0103 colaborare cu cei din Pietrari, acolo FCPO unde a jucat meciurile din acest sezon.<\/p>\n<p>S\u0103 re\u021binem echipa din partida decisiv\u0103 a promov\u0103rii: Sporea \u2013 Bo\u021bocan, L\u0103z\u0103rescu, U\u021b\u0103, Ro\u0219ianu \u2013 Iordache \u2013 Preda, Geant\u0103, Tra\u0219c\u0103, Rotea \u2013 Streinu, cu Sorin Bucuroaia antrenor principal \u0219i Mihai Lungan secund.<\/p>\n<p><strong>F\u0103r\u0103 vacan\u021b\u0103. Contact dur cu Liga 3, continuare generoas\u0103. Singura echip\u0103 care a \u00eenvins liderul seriei 6<\/strong><\/p>\n<p>Vara nu a adus lini\u0219tea, pentru c\u0103 FCPO a continuat s\u0103 joace \u00een Cupa Rom\u00e2niei, f\u0103r\u0103 a lua \u00een der\u00e2dere competi\u021bia. A ie\u0219it \u00een sferturile de final\u0103, dup\u0103 0-1 cu SCM R\u00e2mnicu V\u00e2lcea, pun\u00e2nd \u00eens\u0103 pe mas\u0103 o evolu\u021bie solid\u0103, cu juniorul Bo\u021bocan \u00een prim plan. Tot atunci, am notat plecarea lui Rotea, dar \u0219i a antrenorului secund Lungan, doar pentru c\u00e2teva luni, dup\u0103 cum vom vedea mai \u00eencolo. Pe de alt\u0103 parte, un transfer inspirat, cel al lui Ion Marian, venit de la Cozia C\u0103lim\u0103ne\u0219ti, care va deveni golgeterul echipei, al\u0103turi de L\u0103z\u0103rescu \u0219i juniorul Ghi\u021b\u0103, ultimul o alt\u0103 achizi\u021bie bun\u0103.<\/p>\n<p>Totu\u0219i, impactul cu divizia superioar\u0103 a fost dificil. Dou\u0103 \u00eenfr\u00e2ngeri consecutive cu 0-4 \u00een primele dou\u0103 etape \u0219i ap\u0103ruser\u0103 destule semne de \u00eentrebare asupra capacit\u0103\u021bii echipei de a rezista la un nivel superior. Spre lauda juc\u0103torilor \u0219i a staff-ului, forma\u021bia din Ot\u0103s\u0103u a continuat netulburat\u0103 sezonul. <strong>Cu 7 victorii, 2 egaluri \u0219i 8 \u00eenfr\u00e2ngeri, FCPO a ocupat, pentru o nou\u0103 promovat\u0103, un onorabil loc 7 la final de pauz\u0103 competi\u021bional\u0103 de iarn\u0103.<\/strong>\u00a0<\/p>\n<p><strong><em>O performan\u021b\u0103 remarcabil\u0103 este faptul c\u0103 Iordache si colegii s\u0103i au \u00eenvins patru din cele cinci pretendente la play-off, inclusiv liderul deta\u0219at SCM R\u00e2mnicu V\u00e2lcea.<\/em><\/strong><\/p>\n<blockquote class=\"wp-block-quote is-layout-flow wp-block-quote-is-layout-flow\">\n<p class=\"has-theme-red-color has-text-color has-link-color wp-elements-ddaed766f0edd429c9741003d8d71bbe\"><strong>1-0 cu Minerul Lupeni \/\/ 4-3 cu F\u0103rc\u0103\u0219e\u0219ti \/\/ 2-1 cu SCM R\u00e2mnicu V\u00e2lcea \/\/ 1-0 cu Jiul Petro\u0219ani<\/strong><\/p>\n<\/blockquote>\n<p>O singur\u0103 pat\u0103 neagr\u0103, zic eu, \u00eenfr\u00e2ngerea de la T\u00e2rgu C\u0103rbune\u0219ti, contra ultimei clasate. \u00cens\u0103 tr\u0103g\u00e2nd \u00eens\u0103 linie dup\u0103 aceste prime 17 etape, not\u0103m c\u0103 Ot\u0103s\u0103ul a stat mai mereu bine \u00een teren \u00een fa\u021ba adversarilor, cu un stil tactic elaborat, care a \u201d\u00eempins\u201d frumos spre buturile adverse, adun\u00e2nd experien\u021ba unor Tra\u0219c\u0103 \u0219i Iordache cu tinere\u021bea noilor veni\u021bi Ghi\u021b\u0103, Zamura sau Predescu.<\/p>\n<p>Asta \u00een condi\u021biile \u00een care FCPO a str\u0103b\u0103tut momente dificile de-a lungul sezonului. Accidentarea, pentru c\u00e2teva bune etape, a lui Streinu a privat atacul de v\u00e2rful autentic, l\u0103s\u00e2nd, poate, un efort suplimentar colegilor s\u0103i. O alt\u0103 born\u0103 nepl\u0103cut\u0103 a fost plecarea, \u00een decembrie, a antrenorului Sorin Bucuroaia, gest r\u0103mas \u0219i ast\u0103zi ne\u00een\u021beles.<\/p>\n<p>\u00cen ultima partid\u0103 a anului trecut, 1-0 cu Jiul Petro\u0219ani, echipa folosit\u0103 a fost Sporea \u2013 Bo\u021bocan, L\u0103z\u0103rescu, U\u021b\u0103, Fistogeanu \u2013 Predescu,Tra\u0219c\u0103, Preda, Marian Ion, Ghi\u021b\u0103 \u2013 Streinu, cu Iordache \u0219i Geant\u0103 intr\u00e2nd dup\u0103 pauz\u0103, a\u0219adar 10 juc\u0103tori care au realizat promovarea \u00een var\u0103, ceea ce sugereaz\u0103 stabilitatea lotului FCPO.<\/p>\n<p>Golurile, \u00een cele 17 etape de p\u00e2n\u0103 acum, au fost marcate de urm\u0103torii juc\u0103tori:\u00a0<\/p>\n<ul class=\"wp-block-list\">\n<li>Ionu\u021b L\u0103z\u0103rescu 4 goluri, Ion Marian 4 goluri, Vlad Ghi\u021b\u0103 4 goluri, Mihai Iordache 3 goluri, Andrei Streinu 2 goluri, Gabriel Zamura 2 goluri, Ianis R\u0103du\u021b\u0103 1 gol, Rare\u0219 Orbi\u0219or 1 gol, Claudiu Tra\u0219c\u0103 1 gol, Bogdan Geant\u0103 1 gol.<\/li>\n<\/ul>\n<blockquote class=\"wp-block-quote is-layout-flow wp-block-quote-is-layout-flow\">\n<p class=\"has-theme-red-color has-text-color has-link-color wp-elements-b603db661ffa18abd3e92baa5e03337d\"><em><strong>\u201eEu zic c\u0103 am reprezentat cu cinste jude\u021bul V\u00e2lcea la acest nivel. Ne-am str\u0103duit s\u0103 asigur\u0103m condi\u021bii bune \u0219i cred c\u0103 am reu\u0219it, al\u0103turi de cei din Pietrari. Mul\u021bi ne-au c\u00e2ntat prohodul dup\u0103 primele dou\u0103 etape, dar noi am f\u0103cut ce \u0219tim. Am jucat fotbal \u0219i Dumnezeu ne-a r\u0103spl\u0103tit. Am fost o echip\u0103, am str\u00e2ns r\u00e2ndurile la greu, un mare mul\u021bumesc juc\u0103torilor pentru ceea ce au f\u0103cut p\u00e2n\u0103 acum. De asemenea, \u0219i lui Sorin Bucuroaia, chiar dac\u0103 a p\u0103r\u0103sit echipa \u00eentr-un mod nefiresc\u201d.<\/strong><\/em><\/p>\n<p>C\u0103t\u0103lin Avan, primar P\u0103u\u0219e\u0219ti-Ot\u0103s\u0103u<\/p>\n<\/blockquote>\n<p><strong>2026. S-a \u00eentors antrenorul Mihai Lungan, se retrage Dede Tra\u0219c\u0103<\/strong><\/p>\n<p>La \u00eenceputul iernii, FCPO a anun\u021bat c\u0103, dup\u0103 plecarea lui Sorin Bucuroaia, postul de antrenor principal va fi ocupat de Mihai Lungan, sosit, ca s\u0103 fie o leg\u0103tur\u0103 de nume, de la P\u0103u\u0219e\u0219ti \u2013 M\u0103gla\u0219i. V\u0103zut ca un bun motivator al juc\u0103torilor, av\u00e2nd experien\u021ba sezonului trecut, Lungan, care va fi ajutat de \u0218tefan R\u0103ducea, a semnat un contract valabil p\u00e2n\u0103 \u00een iunie 2027 \u0219i va avea m\u00e2n\u0103 liber\u0103 asupra forma\u021biei.<\/p>\n<p>Noul staff va trebui s\u0103 gestioneze, \u00eentr-o prim\u0103 faz\u0103, mi\u0219c\u0103rile de juc\u0103tori din aceast\u0103 iarn\u0103. Ast\u0103zi, sunt clare anumite plec\u0103ri, \u00een timp ce la capitolul \u201dveniri\u201d discu\u021biile sunt \u00een toi, de \u00een\u021beles c\u0103, p\u00e2n\u0103 la semnare, numele sunt confiden\u021biale. O singur\u0103 venire cert\u0103.<\/p>\n<p><strong>Plec\u0103ri<\/strong> \u2013 FCPO se va desp\u0103r\u021bi de portarul Gabriel Grigore, de juc\u0103torii de c\u00e2mp Claudiu Tra\u0219c\u0103 aflat la final de contract, \u0218tefan Popa \u201dDic\u0103\u201d, ambii dorind s\u0103 se dedice familiei, de asemenea va pleca Bogdan Geant\u0103, pentru a se ocupa mult mai mult de antrenorat \u00een zona juvenil\u0103 \u0219i Rare\u0219 Orbi\u0219or, care se va muta la Cluj cu serviciul.<\/p>\n<p><strong>Sosiri <\/strong>\u2013 Bogdan Geangal\u0103, 22 ani, mijloca\u0219 central, de la Gilortul T\u00e2rgu C\u0103rbune\u0219ti. Sunt discu\u021bii cu juc\u0103tori de asemenea tineri, sub 25 de ani; un funda\u0219 central de la ARO C\u00e2mpulung, trecut pe la FC Arge\u0219, un mijloca\u0219 de la Sepsi Sf Gheorghe, un atacant de la CSS Craiova 2007 \u0219i al\u021bi doi mijloca\u0219i, juc\u0103tori v\u00e2lceni 2006 \u0219i 2008 mijloca\u0219i.<\/p>\n<p>Reunirea lotului este prev\u0103zut\u0103 pentru 19 ianuarie, cu antrenamente luni-vineri, inclusiv un semi-cantonament de 5 zile, pe plan local, \u00een perioada 2-7 februarie. FCPO va disputa o serie de amicale, dupa urmatorul program:<\/p>\n<ul class=\"wp-block-list\">\n<li>24 ianuarie \u2013 P\u0103u\u0219e\u0219ti M\u0103gla\u0219i vs FCPO<\/li>\n<li>31 ianuarie \u2013 Afuma\u021bi vs FCPO, la Baza Sportiv\u0103 Curtea de Arge\u0219<\/li>\n<li>7 februarie \u2013 Cozia C\u0103lim\u0103ne\u0219ti \u2013 FCPO<\/li>\n<li>11 februarie \u2013 P\u0103u\u0219e\u0219ti M\u0103gla\u0219i vs FCPO<\/li>\n<li>14 februarie \u2013 Cur\u021bi\u0219oara vs FCPO<\/li>\n<li>20 februarie \u2013 Viitorul D\u0103e\u0219ti \u2013 FCPO<\/li>\n<\/ul>\n<p><img width=\"670\" height=\"180\" src alt='Caset\u0103 text: \" M\u0103 bucur c\u0103 fac parte din acest proiect, pe care-l v\u0103d unul solid, bazat pe seriozitate \u0219i pe o g\u00e2ndire pe termen lung. Referitor la obiective, cele pe termen scurt sunt angrenarea noilor juc\u0103tori \u00een circuitul echipei \u0219i o preg\u0103tire foarte bun\u0103 \u00een perioada r\u0103mas\u0103 p\u00e2n\u0103 la \u00eenceperea campionatului. Va trebui s\u0103 acumul\u0103m c\u00e2t mai mult pe toate planurile \u0219i s\u0103 \u00eencerc\u0103m s\u0103 scoatem maxim din fiecare meci din cele cinci r\u0103mase p\u00e2n\u0103 la \u00eenceperea playout. Consider ca avem un lot bine structurat, at\u00e2t valoric c\u00e2t \u0219i numeric, personal am mare \u00eencredere \u00een b\u0103ie\u021bi \u0219i sunt sigur ca vom face lucruri frumoase \u00een perioada urmatoare!\".\n\nMihai Lungan, antrenor principal FC P\u0103u\u0219e\u0219ti-Ot\u0103s\u0103u\n\n\n'>\u00a0<strong>Pe 27 februarie, primul meci oficial al anului. Etapa 18, seria 6 \u2013 CSM T\u00e2rgu Jiu \u2013 FCPO.<\/strong><\/p>\n<blockquote class=\"wp-block-quote is-layout-flow wp-block-quote-is-layout-flow\">\n<p class=\"has-theme-red-color has-text-color has-link-color wp-elements-a5375c081866cdfedfe25be13cfe852b\"><strong><em>\u201d M\u0103 bucur c\u0103 fac parte din acest proiect, pe care-l v\u0103d unul solid, bazat pe seriozitate \u0219i pe o g\u00e2ndire pe termen lung.\u00a0Referitor la obiective, cele pe termen scurt sunt angrenarea noilor juc\u0103tori \u00een circuitul echipei \u0219i o preg\u0103tire foarte bun\u0103 \u00een perioada r\u0103mas\u0103 p\u00e2n\u0103 la \u00eenceperea campionatului. Va trebui s\u0103\u00a0acumul\u0103m c\u00e2t mai mult pe toate planurile \u0219i s\u0103 \u00eencerc\u0103m s\u0103 scoatem maxim din fiecare meci din cele cinci r\u0103mase p\u00e2n\u0103 la \u00eenceperea playout.\u00a0Consider ca avem un lot bine structurat, at\u00e2t valoric c\u00e2t \u0219i numeric, personal am mare \u00eencredere \u00een b\u0103ie\u021bi \u0219i sunt sigur ca vom face lucruri frumoase \u00een perioada urmatoare!\u201d.<\/em><\/strong><\/p>\n<p>Mihai Lungan, antrenor principal FC P\u0103u\u0219e\u0219ti-Ot\u0103s\u0103u<\/p>\n<\/blockquote>\n<p><strong>Stadionul \u0219i asocierea \u00eentre UAT-uri, alte dou\u0103 provoc\u0103ri majore pentru cei din Pau\u0219e\u0219ti-Ot\u0103s\u0103u \u00een acest an<\/strong><\/p>\n<p>\u00cenceput \u00een 2024, sus\u021binut de investi\u021biile Consiliului Jude\u021bean V\u00e2lcea \u0219i Consiliului Local, noul stadion din P\u0103u\u0219e\u0219ti-Ot\u0103s\u0103u reprezint\u0103 o alt\u0103 born\u0103 a ambi\u021biilor sportive a celor de acolo. Arena va dispune de 250 locuri pe scaune, teren sintetic \u0219i vestiare corespunz\u0103toare, tot ce trebuie pentru omologare la nivel na\u021bional. Ultimele date arat\u0103 c\u0103, dac\u0103 lucr\u0103rile se vor relua \u00een februarie, stadionul ar putea fi gata \u00een luna august.<\/p>\n<p>\u00cen acela\u0219i timp, UAT P\u0103\u0219e\u0219ti-Ot\u0103s\u0103u va \u00eencerca s\u0103 beneficieze de prevederile noi Legi a Sportului, care ar da posibilitatea asocierii cu UAT Pietrari. Realizarea acestui proiect ar asigura o stabilitate financiar\u0103 mai mare pentru echipa de Liga 3, al\u0103turi de o echip\u0103 \u00een Liga 4 si alte patru forma\u021bii de juniori.<\/p>\n<div class=\"wp-block-image\">\n<figure class=\"aligncenter size-large\"><img decoding=\"async\" loading=\"lazy\" width=\"635\" height=\"1024\" src=\"https:\/\/analyse.optim.biz\/wp-content\/uploads\/2026\/01\/clasament.jpg\" class=\"wp-image-195960\" title=\"clasament\"><\/figure>\n<\/div>\n<div class=\"sharedaddy sd-sharing-enabled\">\n<div class=\"robots-nocontent sd-block sd-social sd-social-official sd-sharing\">\n<h3 class=\"sd-title\">Distribuie pe:<\/h3>\n<div class=\"sd-content\">\n<ul>\n<li class=\"share-facebook\">\n<li class=\"share-twitter\"><a href=\"https:\/\/twitter.com\/share\" class=\"twitter-share-button\" data-url=\"https:\/\/www.curierul.ro\/liga-3-retrospectiva-anului-trecut-si-proiectie-pentru-2026-fc-pausesti-otasau-revelatia-seriei-6-intre-confimari-fotbalistice-si-proiecte-de-infrastructura-si-organizare\/\" data-text=\"LIGA 3. RETROSPECTIVA ANULUI TRECUT \u0218I PROIEC\u021aIE PENTRU 2026. FC P\u0102U\u0218E\u0218TI-OT\u0102S\u0102U, REVELA\u021aIA SERIEI 6, \u00ceNTRE CONFIM\u0102RI FOTBALISTICE \u0218I PROIECTE DE INFRASTRUCTUR\u0102 \u0218I ORGANIZARE\" data-via=\"curierulvl\">Tweet<\/a><\/li>\n<li class=\"share-jetpack-whatsapp\"><a rel=\"nofollow noopener noreferrer\" data-shared=\"sharing-whatsapp-195958\" class=\"share-jetpack-whatsapp sd-button\" href=\"https:\/\/www.curierul.ro\/liga-3-retrospectiva-anului-trecut-si-proiectie-pentru-2026-fc-pausesti-otasau-revelatia-seriei-6-intre-confimari-fotbalistice-si-proiecte-de-infrastructura-si-organizare\/?share=jetpack-whatsapp\" target=\"_blank\" aria-labelledby=\"sharing-whatsapp-195958\"><span id=\"sharing-whatsapp-195958\" hidden>D\u0103 clic pentru partajare pe WhatsApp(Se deschide \u00eentr-o fereastr\u0103 nou\u0103)<\/span><span>WhatsApp<\/span><\/a><\/li>\n<li><a href=\"https:\/\/www.curierul.ro\/liga-3-retrospectiva-anului-trecut-si-proiectie-pentru-2026-fc-pausesti-otasau-revelatia-seriei-6-intre-confimari-fotbalistice-si-proiecte-de-infrastructura-si-organizare\/\" class=\"sharing-anchor sd-button share-more\"><span>Mai mult<\/span><\/a><\/li>\n<li class=\"share-end\"><\/ul>\n<div class=\"sharing-hidden\">\n<div class=\"inner\">\n<ul>\n<li class=\"share-email\"><a rel=\"nofollow noopener noreferrer\" data-shared=\"sharing-email-195958\" class=\"share-email sd-button\" href=\"mailto:?subject=%5BArticol%20partajat%5D%20LIGA%203.%20RETROSPECTIVA%20ANULUI%20TRECUT%20%C8%98I%20PROIEC%C8%9AIE%20PENTRU%202026.%20FC%20P%C4%82U%C8%98E%C8%98TI-OT%C4%82S%C4%82U%2C%20REVELA%C8%9AIA%20SERIEI%206%2C%20%C3%8ENTRE%20CONFIM%C4%82RI%20FOTBALISTICE%20%C8%98I%20PROIECTE%20DE%20INFRASTRUCTUR%C4%82%20%C8%98I%20ORGANIZARE&amp;body=https%3A%2F%2Fwww.curierul.ro%2Fliga-3-retrospectiva-anului-trecut-si-proiectie-pentru-2026-fc-pausesti-otasau-revelatia-seriei-6-intre-confimari-fotbalistice-si-proiecte-de-infrastructura-si-organizare%2F&amp;share=email\" target=\"_blank\" aria-labelledby=\"sharing-email-195958\" data-email-share-error-title=\"\u021ai-ai configurat emailul?\" data-email-share-error-text=\"Dac\u0103 ai probleme la partajarea prin email, probabil nu ai configurat emailul pentru navigator. Poate trebuie s\u0103 creezi singur un email nou.\" data-email-share-nonce=\"7214eec7d0\" data-email-share-track-url=\"https:\/\/www.curierul.ro\/liga-3-retrospectiva-anului-trecut-si-proiectie-pentru-2026-fc-pausesti-otasau-revelatia-seriei-6-intre-confimari-fotbalistice-si-proiecte-de-infrastructura-si-organizare\/?share=email\"><span id=\"sharing-email-195958\" hidden>D\u0103 clic pentru a trimite o leg\u0103tur\u0103 prin email unui prieten(Se deschide \u00eentr-o fereastr\u0103 nou\u0103)<\/span><span>Email<\/span><\/a><\/li>\n<li class=\"share-print\"><a rel=\"nofollow noopener noreferrer\" data-shared=\"sharing-print-195958\" class=\"share-print sd-button\" href=\"https:\/\/www.curierul.ro\/liga-3-retrospectiva-anului-trecut-si-proiectie-pentru-2026-fc-pausesti-otasau-revelatia-seriei-6-intre-confimari-fotbalistice-si-proiecte-de-infrastructura-si-organizare\/#print?share=print\" target=\"_blank\" aria-labelledby=\"sharing-print-195958\"><span id=\"sharing-print-195958\" hidden>D\u0103 clic pentru a imprima(Se deschide \u00eentr-o fereastr\u0103 nou\u0103)<\/span><span>Imprimare<\/span><\/a><\/li>\n<li class=\"share-end\"><\/ul>\n<\/div>\n<\/div>\n<\/div>\n<\/div>\n<\/div>\n<div id=\"jp-relatedposts\" class=\"jp-relatedposts\">\n<h3 class=\"jp-relatedposts-headline\"><em>Similare<\/em><\/h3>\n<\/div>\n<footer class=\"post-footer\">\n<div class=\"post-navigation clearfix\">\n<div class=\"previous-post\">\n<div class=\"featured-photo\"><img decoding=\"async\" width=\"1080\" height=\"1350\" src=\"https:\/\/analyse.optim.biz\/wp-content\/uploads\/2026\/01\/sorin-p-3.jpeg\" class=\"attachment-post-thumbnail size-post-thumbnail wp-post-image\" loading=\"lazy\" title=\"sorin-p-3\"><\/div>\n<p class=\"paginate-title\">\u00ab\u00ab <a href=\"https:\/\/www.curierul.ro\/sorin-parcalab-aduce-stand-up-comedy-de-top-la-ramnicu-valcea-o-seara-plina-de-rasete-si-energie-buna\/\" rel=\"prev\">Sorin P\u00e2rc\u0103lab aduce stand-up comedy de top la R\u00e2mnicu V\u00e2lcea \u2013 o sear\u0103 plin\u0103 de r\u00e2sete \u0219i energie bun\u0103<\/a><\/p>\n<\/div>\n<div class=\"next-post\">\n<div class=\"featured-photo\"><img decoding=\"async\" width=\"749\" height=\"452\" src=\"https:\/\/analyse.optim.biz\/wp-content\/uploads\/2026\/01\/calorifer-1-30.jpg\" class=\"attachment-post-thumbnail size-post-thumbnail wp-post-image\" loading=\"lazy\" title=\"calorifer-1-30\"><\/div>\n<p class=\"paginate-title\"><a href=\"https:\/\/www.curierul.ro\/avarie-big-jumatate-din-centrul-ramnicului-fara-apa-calda-si-caldura-cand-cat-%f0%9f%91%87%f0%9f%8f%bb%f0%9f%91%87%f0%9f%8f%bb%f0%9f%91%87%f0%9f%8f%bb\/\" rel=\"next\">\u00abAvarie BIG\u00bb\u2026Jum\u0103tate din centrul R\u00e2mnicului, f\u0103r\u0103 ap\u0103 cald\u0103 \u0219i c\u0103ldur\u0103. C\u00e2nd, c\u00e2t? \ud83d\udc47\ud83c\udffb\ud83d\udc47\ud83c\udffb\ud83d\udc47\ud83c\udffb<\/a> \u00bb\u00bb<\/p>\n<\/div>\n<\/div>\n<div id=\"comments\" class=\"comments-area\">\n<div id=\"respond\" class=\"comment-respond\">\n<h3 id=\"reply-title\" class=\"comment-reply-title\">Po\u021bi comenta aici<small><a rel=\"nofollow\" id=\"cancel-comment-reply-link\" href=\"https:\/\/www.curierul.ro\/liga-3-retrospectiva-anului-trecut-si-proiectie-pentru-2026-fc-pausesti-otasau-revelatia-seriei-6-intre-confimari-fotbalistice-si-proiecte-de-infrastructura-si-organizare\/#respond\">Anuleaz\u0103 r\u0103spunsul<\/a><\/small><\/h3>\n<\/div>\n<p class=\"akismet_comment_form_privacy_notice\">Acest site folose\u0219te Akismet pentru a reduce spamul. <a href=\"https:\/\/akismet.com\/privacy\/\" target=\"_blank\" rel=\"nofollow noopener\">Afl\u0103 cum sunt procesate datele comentariilor tale<\/a>.<\/p>\n<\/div>\n<section class=\"latest-category clearfix\">\n<h2 class=\"title\">More Stories From Fotbal<\/h2>\n<div class=\"stories-container\">\n<article id=\"related-195686\" class=\"story post-195686 post type-post status-publish format-standard has-post-thumbnail hentry category-fotbal category-sport\">\n<div class=\"photo\"><img decoding=\"async\" width=\"735\" height=\"440\" src=\"https:\/\/analyse.optim.biz\/wp-content\/uploads\/2026\/01\/img-20251213-wa0002-1-2-3.jpg\" class=\"attachment-giornalismo-single size-giornalismo-single wp-post-image\" loading=\"lazy\" title=\"img-20251213-wa0002-1-2-3\"><\/div>\n<p class=\"headline\"><a href=\"https:\/\/www.curierul.ro\/liga-3-seria-6-fc-pausesti-otasau-bate-jiul-petrosani-1-0-meci-bun-doua-bare-si-alte-mari-ratari\/\">LIGA 3, SERIA 6. FC P\u0102U\u0218E\u0218TI-OT\u0102S\u0102U BATE JIUL PETRO\u0218ANI, 1-0. MECI BUN, DOU\u0102 BARE \u0218I ALTE MARI RAT\u0102RI<\/a><\/p>\n<\/article>\n<article id=\"related-195682\" class=\"story post-195682 post type-post status-publish format-standard has-post-thumbnail hentry category-fotbal category-headlines category-sport\">\n<div class=\"photo\"><img decoding=\"async\" width=\"735\" height=\"440\" src=\"https:\/\/analyse.optim.biz\/wp-content\/uploads\/2026\/01\/img-20251213-wa0001-5.jpg\" class=\"attachment-giornalismo-single size-giornalismo-single wp-post-image\" loading=\"lazy\" title=\"img-20251213-wa0001-5\"><\/div>\n<p class=\"headline\"><a href=\"https:\/\/www.curierul.ro\/liga-3-seria-6-scm-ramnicu-valcea-castiga-la-sibiu-cu-4-2-si-termina-anul-detasata-pe-primul-loc\/\">LIGA 3, SERIA 6. SCM R\u00c2MNICU V\u00c2LCEA C\u00c2\u0218TIG\u0102 LA SIBIU CU 4-2 \u0218I TERMIN\u0102 ANUL DETA\u0218AT\u0102 PE PRIMUL LOC<\/a><\/p>\n<\/article>\n<article id=\"related-195669\" class=\"story post-195669 post type-post status-publish format-standard has-post-thumbnail hentry category-fotbal category-headlines category-sport\">\n<div class=\"photo\"><img decoding=\"async\" width=\"735\" height=\"440\" src=\"https:\/\/analyse.optim.biz\/wp-content\/uploads\/2026\/01\/img-20251212-wa0000-1-1.jpg\" class=\"attachment-giornalismo-single size-giornalismo-single wp-post-image\" loading=\"lazy\" title=\"img-20251212-wa0000-1-1\"><\/div>\n<p class=\"headline\"><a href=\"https:\/\/www.curierul.ro\/liga-3-seria-6-inter-sibiu-scm-ramnicu-valcea-ora-14-nu-e-chiar-un-meci-oarecare\/\">LIGA 3, SERIA 6. INTER SIBIU \u2013 SCM R\u00c2MNICU V\u00c2LCEA, ORA 14. NU E CHIAR UN MECI OARECARE<\/a><\/p>\n<\/article>\n<\/div>\n<\/section>\n<section class=\"author-bio clearfix\">\n<div class=\"mug-shot\"><img decoding=\"async\" src=\"https:\/\/analyse.optim.biz\/wp-content\/uploads\/2026\/01\/38348b3eaa7d589402948e297c539169e25c956b894b08c27e56c621c3536fa4-14.jpg\" class=\"avatar avatar-96 photo\" height=\"96\" width=\"96\" loading=\"lazy\" title=\"38348b3eaa7d589402948e297c539169e25c956b894b08c27e56c621c3536fa4-14\"><\/div>\n<div class=\"author-info\">\n<p class=\"title\">About Gabriel S\u0103ndulescu, <\/p>\n<div class=\"author-social-area\"><a href=\"mailto:gbrlsandulescu@yahoo.com\"><span class=\"fal fa-envelope\"><span class=\"screen-reader-text\">Email the Author<\/span><\/span><\/a><\/div>\n<\/div>\n<\/section>\n<\/footer>\n<\/article>\n<article id=\"related-195686\" class=\"story post-195686 post type-post status-publish format-standard has-post-thumbnail hentry category-fotbal category-sport\">\n<div class=\"photo\"><img decoding=\"async\" width=\"735\" height=\"440\" src=\"https:\/\/analyse.optim.biz\/wp-content\/uploads\/2026\/01\/img-20251213-wa0002-1-2-3.jpg\" class=\"attachment-giornalismo-single size-giornalismo-single wp-post-image\" loading=\"lazy\" title=\"img-20251213-wa0002-1-2-3\"><\/div>\n<p class=\"headline\"><a href=\"https:\/\/www.curierul.ro\/liga-3-seria-6-fc-pausesti-otasau-bate-jiul-petrosani-1-0-meci-bun-doua-bare-si-alte-mari-ratari\/\">LIGA 3, SERIA 6. FC P\u0102U\u0218E\u0218TI-OT\u0102S\u0102U BATE JIUL PETRO\u0218ANI, 1-0. MECI BUN, DOU\u0102 BARE \u0218I ALTE MARI RAT\u0102RI<\/a><\/p>\n<\/article>\n<article id=\"related-195682\" class=\"story post-195682 post type-post status-publish format-standard has-post-thumbnail hentry category-fotbal category-headlines category-sport\">\n<div class=\"photo\"><img decoding=\"async\" width=\"735\" height=\"440\" src=\"https:\/\/analyse.optim.biz\/wp-content\/uploads\/2026\/01\/img-20251213-wa0001-5.jpg\" class=\"attachment-giornalismo-single size-giornalismo-single wp-post-image\" loading=\"lazy\" title=\"img-20251213-wa0001-5\"><\/div>\n<p class=\"headline\"><a href=\"https:\/\/www.curierul.ro\/liga-3-seria-6-scm-ramnicu-valcea-castiga-la-sibiu-cu-4-2-si-termina-anul-detasata-pe-primul-loc\/\">LIGA 3, SERIA 6. SCM R\u00c2MNICU V\u00c2LCEA C\u00c2\u0218TIG\u0102 LA SIBIU CU 4-2 \u0218I TERMIN\u0102 ANUL DETA\u0218AT\u0102 PE PRIMUL LOC<\/a><\/p>\n<\/article>\n<article id=\"related-195669\" class=\"story post-195669 post type-post status-publish format-standard has-post-thumbnail hentry category-fotbal category-headlines category-sport\">\n<div class=\"photo\"><img decoding=\"async\" width=\"735\" height=\"440\" src=\"https:\/\/analyse.optim.biz\/wp-content\/uploads\/2026\/01\/img-20251212-wa0000-1-1.jpg\" class=\"attachment-giornalismo-single size-giornalismo-single wp-post-image\" loading=\"lazy\" title=\"img-20251212-wa0000-1-1\"><\/div>\n<p class=\"headline\"><a href=\"https:\/\/www.curierul.ro\/liga-3-seria-6-inter-sibiu-scm-ramnicu-valcea-ora-14-nu-e-chiar-un-meci-oarecare\/\">LIGA 3, SERIA 6. INTER SIBIU \u2013 SCM R\u00c2MNICU V\u00c2LCEA, ORA 14. NU E CHIAR UN MECI OARECARE<\/a><\/p>\n<\/article>\n<p> Source URL: https:\/\/www.curierul.ro\/liga-3-retrospectiva-anului-trecut-si-proiectie-pentru-2026-fc-pausesti-otasau-revelatia-seriei-6-intre-confimari-fotbalistice-si-proiecte-de-infrastructura-si-organizare\/<\/p>\n","protected":false},"excerpt":{"rendered":"<p>Home Fotbal LIGA 3. RETROSPECTIVA ANULUI TRECUT \u0218I PROIEC\u021aIE PENTRU 2026. FC P\u0102U\u0218E\u0218TI-OT\u0102S\u0102U, REVELA\u021aIA SERIEI 6, \u00ceNTRE CONFIM\u0102RI FOTBALISTICE \u0218I PROIECTE DE INFRASTRUCTUR\u0102 \u0218I ORGANIZARE LIGA 3. RETROSPECTIVA ANULUI TRECUT \u0218I PROIEC\u021aIE PENTRU 2026. FC P\u0102U\u0218E\u0218TI-OT\u0102S\u0102U, REVELA\u021aIA SERIEI 6, \u00ceNTRE CONFIM\u0102RI FOTBALISTICE \u0218I PROIECTE DE INFRASTRUCTUR\u0102 \u0218I ORGANIZARE Scris deGabriel S\u0103ndulescu, 15 ianuarie 2026 Pe [&hellip;]<\/p>\n","protected":false},"author":1,"featured_media":1313679,"comment_status":"open","ping_status":"","sticky":false,"template":"","format":"standard","meta":{"footnotes":""},"categories":[89],"tags":[213],"class_list":["post-1313674","post","type-post","status-publish","format-standard","has-post-thumbnail","hentry","category-romania","tag-curierul-ro"],"_links":{"self":[{"href":"https:\/\/analyse.optim.biz\/index.php?rest_route=\/wp\/v2\/posts\/1313674","targetHints":{"allow":["GET"]}}],"collection":[{"href":"https:\/\/analyse.optim.biz\/index.php?rest_route=\/wp\/v2\/posts"}],"about":[{"href":"https:\/\/analyse.optim.biz\/index.php?rest_route=\/wp\/v2\/types\/post"}],"author":[{"embeddable":true,"href":"https:\/\/analyse.optim.biz\/index.php?rest_route=\/wp\/v2\/users\/1"}],"replies":[{"embeddable":true,"href":"https:\/\/analyse.optim.biz\/index.php?rest_route=%2Fwp%2Fv2%2Fcomments&post=1313674"}],"version-history":[{"count":0,"href":"https:\/\/analyse.optim.biz\/index.php?rest_route=\/wp\/v2\/posts\/1313674\/revisions"}],"wp:featuredmedia":[{"embeddable":true,"href":"https:\/\/analyse.optim.biz\/index.php?rest_route=\/wp\/v2\/media\/1313679"}],"wp:attachment":[{"href":"https:\/\/analyse.optim.biz\/index.php?rest_route=%2Fwp%2Fv2%2Fmedia&parent=1313674"}],"wp:term":[{"taxonomy":"category","embeddable":true,"href":"https:\/\/analyse.optim.biz\/index.php?rest_route=%2Fwp%2Fv2%2Fcategories&post=1313674"},{"taxonomy":"post_tag","embeddable":true,"href":"https:\/\/analyse.optim.biz\/index.php?rest_route=%2Fwp%2Fv2%2Ftags&post=1313674"}],"curies":[{"name":"wp","href":"https:\/\/api.w.org\/{rel}","templated":true}]}}