{"id":1313608,"date":"2025-12-21T08:05:57","date_gmt":"2025-12-21T05:05:57","guid":{"rendered":"https:\/\/analyse.optim.biz\/?p=1313608"},"modified":"2025-12-21T08:05:57","modified_gmt":"2025-12-21T05:05:57","slug":"inca-un-an-cu-munca-rezultate-si-performante-pentru-sportivii-de-la-cs-valcea-1924","status":"publish","type":"post","link":"https:\/\/analyse.optim.biz\/?p=1313608","title":{"rendered":"\u00cenc\u0103 un an cu munc\u0103, rezultate \u0219i performan\u021be, pentru sportivii de la CS V\u00e2lcea 1924!"},"content":{"rendered":"<article id=\"195809\" class=\"post-195809 post type-post status-publish format-standard has-post-thumbnail hentry category-headlines category-social category-sport\">\n<header class=\"post-header\">\n<ul class=\"breadcrumbs\">\n<li><a href=\"https:\/\/www.curierul.ro\">Home<\/a><\/li>\n<li class=\"breadcrumbs-active .category-headlines\"><a href=\"https:\/\/www.curierul.ro\/index.php?cat=19\">Headlines<\/a><\/li>\n<li class=\"breadcrumbs-active .category-headlines\">\u00cenc\u0103 un an cu munc\u0103, rezultate \u0219i performan\u021be, pentru sportivii de la CS V\u00e2lcea 1924!<\/li>\n<\/ul>\n<div class=\"featured-photo\"><img loading=\"lazy\" decoding=\"async\" width=\"1600\" height=\"1200\" src=\"https:\/\/analyse.optim.biz\/wp-content\/uploads\/2026\/01\/whatsapp-image-2025-12-20-at-15-46-38-1-1.jpeg\" class=\"attachment-single size-single wp-post-image\" title=\"whatsapp-image-2025-12-20-at-15-46-38-1-1\"><\/div>\n<h1 class=\"headline\">\u00cenc\u0103 un an cu munc\u0103, rezultate \u0219i performan\u021be, pentru sportivii de la CS V\u00e2lcea 1924!<\/h1>\n<p class=\"byline\">\n\t\tScris de<a href=\"https:\/\/www.curierul.ro\/author\/gabi\/\">Gabriel S\u0103ndulescu<\/a>, \t\t21 decembrie 2025\t\t\t\t<\/p>\n<hr>\n<\/header>\n<p>Gala Clubului Sportiv V\u00e2lcea 1924 \u2013 un eveniment dedicat sportivilor, dar \u0219i oamenilor care le stau al\u0103turi, zi de zi, pentru ob\u021binerea performan\u021bei.<\/p>\n<p>Ne-am bucurat \u0219i de o prezentare a sec\u021biilor din cadrul clubului, o imagine complet\u0103 a unui club care a crescut mult \u00een cei trei ani de la \u00eenfiin\u021bare.<\/p>\n<p>Am fost al\u0103turi de ei \u00eentr-un moment de s\u0103rb\u0103toare \u0219i m-am bucurat s\u0103 le simt energia \u0219i pl\u0103cerea de a face sport.<\/p>\n<p>Sunt mul\u021bi, sunt tineri frumo\u0219i \u0219i talenta\u021bi, iar eu sunt tare m\u00e2ndru de ei!<\/p>\n<p>Pentru mine, CS V\u00e2lcea 1924 este un proiect de suflet, construit cu bun\u0103-credin\u021b\u0103, \u0219i \u00eei felicit sincer pentru toate realiz\u0103rile din ace\u0219ti ani.<\/p>\n<p>Sunt convins c\u0103 anul viitor va fi unul spectaculos pentru Lupii Negri la baschet, dar \u0219i pentru sportivii din celelalte sec\u021bii ale clubului.<\/p>\n<p>Eu v\u0103 invit s\u0103 \u00eei sus\u021bine\u021bi \u00een continuare \u0219i s\u0103 v\u0103 bucura\u021bi de sport!<\/p>\n<p>S\u0103rb\u0103tori cu bine, tuturor!<\/p>\n<p><em><strong>Constantin R\u0103dulescu<\/strong><\/em><br \/><em><strong>Pre\u0219edinte CJ V\u00e2lcea<\/strong><\/em><\/p>\n<figure data-carousel-extra='{\"blog_id\":1,\"permalink\":\"https:\/\/www.curierul.ro\/inca-un-an-cu-munca-rezultate-si-performante-pentru-sportivii-de-la-cs-valcea-1924\/\"}' class=\"wp-block-gallery has-nested-images columns-default is-cropped wp-block-gallery-2 is-layout-flex wp-block-gallery-is-layout-flex\">\n<figure class=\"wp-block-image size-large\"><img loading=\"lazy\" decoding=\"async\" width=\"683\" height=\"1024\" data-id=\"195811\" src=\"https:\/\/analyse.optim.biz\/wp-content\/uploads\/2026\/01\/whatsapp-image-2025-12-20-at-15-46-38-2.jpeg\" class=\"wp-image-195811\" title=\"whatsapp-image-2025-12-20-at-15-46-38-2\"><\/figure>\n<\/figure>\n<figure data-carousel-extra='{\"blog_id\":1,\"permalink\":\"https:\/\/www.curierul.ro\/inca-un-an-cu-munca-rezultate-si-performante-pentru-sportivii-de-la-cs-valcea-1924\/\"}' class=\"wp-block-gallery has-nested-images columns-default is-cropped wp-block-gallery-3 is-layout-flex wp-block-gallery-is-layout-flex\">\n<figure class=\"wp-block-image size-large\"><img decoding=\"async\" loading=\"lazy\" width=\"647\" height=\"1024\" data-id=\"195813\" src=\"https:\/\/analyse.optim.biz\/wp-content\/uploads\/2026\/01\/whatsapp-image-2025-12-20-at-15-46-37-1.jpeg\" class=\"wp-image-195813\" title=\"whatsapp-image-2025-12-20-at-15-46-37-1\"><\/figure>\n<figure class=\"wp-block-image size-large\"><img decoding=\"async\" loading=\"lazy\" width=\"1024\" height=\"771\" data-id=\"195810\" src=\"https:\/\/analyse.optim.biz\/wp-content\/uploads\/2026\/01\/whatsapp-image-2025-12-20-at-15-46-35.jpeg\" class=\"wp-image-195810\" title=\"whatsapp-image-2025-12-20-at-15-46-35\"><\/figure>\n<figure class=\"wp-block-image size-large\"><img decoding=\"async\" loading=\"lazy\" width=\"749\" height=\"1024\" data-id=\"195814\" src=\"https:\/\/analyse.optim.biz\/wp-content\/uploads\/2026\/01\/whatsapp-image-2025-12-20-at-15-46-37.jpeg\" class=\"wp-image-195814\" title=\"whatsapp-image-2025-12-20-at-15-46-37\"><\/figure>\n<figure class=\"wp-block-image size-large\"><img decoding=\"async\" loading=\"lazy\" width=\"1024\" height=\"768\" data-id=\"195812\" src=\"https:\/\/analyse.optim.biz\/wp-content\/uploads\/2026\/01\/whatsapp-image-2025-12-20-at-15-46-38-1-1.jpeg\" class=\"wp-image-195812\" title=\"whatsapp-image-2025-12-20-at-15-46-38-1-1\"><\/figure>\n<\/figure>\n<div class=\"sharedaddy sd-sharing-enabled\">\n<div class=\"robots-nocontent sd-block sd-social sd-social-official sd-sharing\">\n<h3 class=\"sd-title\">Distribuie pe:<\/h3>\n<div class=\"sd-content\">\n<ul>\n<li class=\"share-facebook\">\n<li class=\"share-twitter\"><a href=\"https:\/\/twitter.com\/share\" class=\"twitter-share-button\" data-url=\"https:\/\/www.curierul.ro\/inca-un-an-cu-munca-rezultate-si-performante-pentru-sportivii-de-la-cs-valcea-1924\/\" data-text=\"\u00cenc\u0103 un an cu munc\u0103, rezultate \u0219i performan\u021be, pentru sportivii de la CS V\u00e2lcea 1924!\" data-via=\"curierulvl\">Tweet<\/a><\/li>\n<li class=\"share-jetpack-whatsapp\"><a rel=\"nofollow noopener noreferrer\" data-shared=\"sharing-whatsapp-195809\" class=\"share-jetpack-whatsapp sd-button\" href=\"https:\/\/www.curierul.ro\/inca-un-an-cu-munca-rezultate-si-performante-pentru-sportivii-de-la-cs-valcea-1924\/?share=jetpack-whatsapp\" target=\"_blank\" aria-labelledby=\"sharing-whatsapp-195809\"><span id=\"sharing-whatsapp-195809\" hidden>D\u0103 clic pentru partajare pe WhatsApp(Se deschide \u00eentr-o fereastr\u0103 nou\u0103)<\/span><span>WhatsApp<\/span><\/a><\/li>\n<li><a href=\"https:\/\/www.curierul.ro\/inca-un-an-cu-munca-rezultate-si-performante-pentru-sportivii-de-la-cs-valcea-1924\/\" class=\"sharing-anchor sd-button share-more\"><span>Mai mult<\/span><\/a><\/li>\n<li class=\"share-end\"><\/ul>\n<div class=\"sharing-hidden\">\n<div class=\"inner\">\n<ul>\n<li class=\"share-email\"><a rel=\"nofollow noopener noreferrer\" data-shared=\"sharing-email-195809\" class=\"share-email sd-button\" href=\"mailto:?subject=%5BArticol%20partajat%5D%20%C3%8Enc%C4%83%20un%20an%20cu%20munc%C4%83%2C%20rezultate%20%C8%99i%20performan%C8%9Be%2C%20pentru%20sportivii%20de%20la%20CS%20V%C3%A2lcea%201924%21&amp;body=https%3A%2F%2Fwww.curierul.ro%2Finca-un-an-cu-munca-rezultate-si-performante-pentru-sportivii-de-la-cs-valcea-1924%2F&amp;share=email\" target=\"_blank\" aria-labelledby=\"sharing-email-195809\" data-email-share-error-title=\"\u021ai-ai configurat emailul?\" data-email-share-error-text=\"Dac\u0103 ai probleme la partajarea prin email, probabil nu ai configurat emailul pentru navigator. Poate trebuie s\u0103 creezi singur un email nou.\" data-email-share-nonce=\"bd759785df\" data-email-share-track-url=\"https:\/\/www.curierul.ro\/inca-un-an-cu-munca-rezultate-si-performante-pentru-sportivii-de-la-cs-valcea-1924\/?share=email\"><span id=\"sharing-email-195809\" hidden>D\u0103 clic pentru a trimite o leg\u0103tur\u0103 prin email unui prieten(Se deschide \u00eentr-o fereastr\u0103 nou\u0103)<\/span><span>Email<\/span><\/a><\/li>\n<li class=\"share-print\"><a rel=\"nofollow noopener noreferrer\" data-shared=\"sharing-print-195809\" class=\"share-print sd-button\" href=\"https:\/\/www.curierul.ro\/inca-un-an-cu-munca-rezultate-si-performante-pentru-sportivii-de-la-cs-valcea-1924\/#print?share=print\" target=\"_blank\" aria-labelledby=\"sharing-print-195809\"><span id=\"sharing-print-195809\" hidden>D\u0103 clic pentru a imprima(Se deschide \u00eentr-o fereastr\u0103 nou\u0103)<\/span><span>Imprimare<\/span><\/a><\/li>\n<li class=\"share-end\"><\/ul>\n<\/div>\n<\/div>\n<\/div>\n<\/div>\n<\/div>\n<div id=\"jp-relatedposts\" class=\"jp-relatedposts\">\n<h3 class=\"jp-relatedposts-headline\"><em>Similare<\/em><\/h3>\n<\/div>\n<footer class=\"post-footer\">\n<div class=\"post-navigation clearfix\">\n<div class=\"previous-post\">\n<div class=\"featured-photo\"><img decoding=\"async\" width=\"1672\" height=\"954\" src=\"https:\/\/analyse.optim.biz\/wp-content\/uploads\/2026\/01\/img-20251220-wa0014.jpg\" class=\"attachment-post-thumbnail size-post-thumbnail wp-post-image\" loading=\"lazy\" title=\"img-20251220-wa0014\"><\/div>\n<p class=\"paginate-title\">\u00ab\u00ab <a href=\"https:\/\/www.curierul.ro\/baschet-masculin-liga-nationala-cs-valcea-1924-pierde-la-sibiu-85-96\/\" rel=\"prev\">BASCHET MASCULIN, LIGA NA\u021aIONAL\u0102. CS V\u00c2LCEA 1924 PIERDE LA SIBIU, 85-96<\/a><\/p>\n<\/div>\n<div class=\"next-post\">\n<div class=\"featured-photo\"><img decoding=\"async\" width=\"530\" height=\"213\" src=\"https:\/\/analyse.optim.biz\/wp-content\/uploads\/2026\/01\/marius-carbunescu-1-44.jpg\" class=\"attachment-post-thumbnail size-post-thumbnail wp-post-image\" loading=\"lazy\" title=\"marius-carbunescu-1-44\"><\/div>\n<p class=\"paginate-title\"><a href=\"https:\/\/www.curierul.ro\/expansiunea-retailului-romanesc\/\" rel=\"next\">Expansiunea retailului rom\u00e2nesc<\/a> \u00bb\u00bb<\/p>\n<\/div>\n<\/div>\n<div id=\"comments\" class=\"comments-area\">\n<div id=\"respond\" class=\"comment-respond\">\n<h3 id=\"reply-title\" class=\"comment-reply-title\">Po\u021bi comenta aici<small><a rel=\"nofollow\" id=\"cancel-comment-reply-link\" href=\"https:\/\/www.curierul.ro\/inca-un-an-cu-munca-rezultate-si-performante-pentru-sportivii-de-la-cs-valcea-1924\/#respond\">Anuleaz\u0103 r\u0103spunsul<\/a><\/small><\/h3>\n<\/div>\n<p class=\"akismet_comment_form_privacy_notice\">Acest site folose\u0219te Akismet pentru a reduce spamul. <a href=\"https:\/\/akismet.com\/privacy\/\" target=\"_blank\" rel=\"nofollow noopener\">Afl\u0103 cum sunt procesate datele comentariilor tale<\/a>.<\/p>\n<\/div>\n<section class=\"latest-category clearfix\">\n<h2 class=\"title\">More Stories From Headlines<\/h2>\n<div class=\"stories-container\">\n<article id=\"related-195998\" class=\"story post-195998 post type-post status-publish format-standard has-post-thumbnail hentry category-actualitate category-headlines category-zidezi tag-36-de-ani tag-aniversare tag-curierul-de-valcea\">\n<div class=\"photo\"><img decoding=\"async\" width=\"735\" height=\"440\" src=\"https:\/\/analyse.optim.biz\/wp-content\/uploads\/2026\/01\/cvl36-scaled-1-28.jpg\" class=\"attachment-giornalismo-single size-giornalismo-single wp-post-image\" loading=\"lazy\" title=\"cvl36-scaled-1-28\"><\/div>\n<p class=\"headline\"><a href=\"https:\/\/www.curierul.ro\/36-de-ani\/\">36 de ani<\/a><\/p>\n<\/article>\n<article id=\"related-195993\" class=\"story post-195993 post type-post status-publish format-standard has-post-thumbnail hentry category-handbal category-headlines category-sport\">\n<div class=\"photo\"><img decoding=\"async\" width=\"735\" height=\"440\" src=\"https:\/\/analyse.optim.biz\/wp-content\/uploads\/2026\/01\/img-20260118-wa0001-5.jpg\" class=\"attachment-giornalismo-single size-giornalismo-single wp-post-image\" loading=\"lazy\" title=\"img-20260118-wa0001-5\"><\/div>\n<p class=\"headline\"><a href=\"https:\/\/www.curierul.ro\/liga-florilor-valcea-braila-29-28-victorie-importanta-in-lupta-pentru-europa\/\">LIGA FLORILOR. V\u00c2LCEA \u2013 BR\u0102ILA 29-28. VICTORIE IMPORTANT\u0102 \u00ceN LUPTA PENTRU EUROPA<\/a><\/p>\n<\/article>\n<article id=\"related-195976\" class=\"story post-195976 post type-post status-publish format-standard has-post-thumbnail hentry category-actualitate category-headlines category-politica tag-casierii tag-imposite-locale tag-incasare tag-nord tag-ostroveni\">\n<div class=\"photo\"><img decoding=\"async\" width=\"735\" height=\"440\" src=\"https:\/\/analyse.optim.biz\/wp-content\/uploads\/2026\/01\/casierie-ostroveni-e1768573418313-30.jpg\" class=\"attachment-giornalismo-single size-giornalismo-single wp-post-image\" loading=\"lazy\" title=\"casierie-ostroveni-e1768573418313-30\"><\/div>\n<p class=\"headline\"><a href=\"https:\/\/www.curierul.ro\/de-astazi-casieriile-din-ostroveni-si-nord-dau-drumul-la-incasarea-impozitelor-locale\/\">De ast\u0103zi, casieriile din Ostroveni \u0219i Nord dau drumul la \u00eencasarea impozitelor locale<\/a><\/p>\n<\/article>\n<\/div>\n<\/section>\n<section class=\"author-bio clearfix\">\n<div class=\"mug-shot\"><img decoding=\"async\" src=\"https:\/\/analyse.optim.biz\/wp-content\/uploads\/2026\/01\/38348b3eaa7d589402948e297c539169e25c956b894b08c27e56c621c3536fa4-13.jpg\" class=\"avatar avatar-96 photo\" height=\"96\" width=\"96\" loading=\"lazy\" title=\"38348b3eaa7d589402948e297c539169e25c956b894b08c27e56c621c3536fa4-13\"><\/div>\n<div class=\"author-info\">\n<p class=\"title\">About Gabriel S\u0103ndulescu, <\/p>\n<div class=\"author-social-area\"><a href=\"mailto:gbrlsandulescu@yahoo.com\"><span class=\"fal fa-envelope\"><span class=\"screen-reader-text\">Email the Author<\/span><\/span><\/a><\/div>\n<\/div>\n<\/section>\n<\/footer>\n<\/article>\n<article id=\"related-195998\" class=\"story post-195998 post type-post status-publish format-standard has-post-thumbnail hentry category-actualitate category-headlines category-zidezi tag-36-de-ani tag-aniversare tag-curierul-de-valcea\">\n<div class=\"photo\"><img decoding=\"async\" width=\"735\" height=\"440\" src=\"https:\/\/analyse.optim.biz\/wp-content\/uploads\/2026\/01\/cvl36-scaled-1-28.jpg\" class=\"attachment-giornalismo-single size-giornalismo-single wp-post-image\" loading=\"lazy\" title=\"cvl36-scaled-1-28\"><\/div>\n<p class=\"headline\"><a href=\"https:\/\/www.curierul.ro\/36-de-ani\/\">36 de ani<\/a><\/p>\n<\/article>\n<article id=\"related-195993\" class=\"story post-195993 post type-post status-publish format-standard has-post-thumbnail hentry category-handbal category-headlines category-sport\">\n<div class=\"photo\"><img decoding=\"async\" width=\"735\" height=\"440\" src=\"https:\/\/analyse.optim.biz\/wp-content\/uploads\/2026\/01\/img-20260118-wa0001-5.jpg\" class=\"attachment-giornalismo-single size-giornalismo-single wp-post-image\" loading=\"lazy\" title=\"img-20260118-wa0001-5\"><\/div>\n<p class=\"headline\"><a href=\"https:\/\/www.curierul.ro\/liga-florilor-valcea-braila-29-28-victorie-importanta-in-lupta-pentru-europa\/\">LIGA FLORILOR. V\u00c2LCEA \u2013 BR\u0102ILA 29-28. VICTORIE IMPORTANT\u0102 \u00ceN LUPTA PENTRU EUROPA<\/a><\/p>\n<\/article>\n<article id=\"related-195976\" class=\"story post-195976 post type-post status-publish format-standard has-post-thumbnail hentry category-actualitate category-headlines category-politica tag-casierii tag-imposite-locale tag-incasare tag-nord tag-ostroveni\">\n<div class=\"photo\"><img decoding=\"async\" width=\"735\" height=\"440\" src=\"https:\/\/analyse.optim.biz\/wp-content\/uploads\/2026\/01\/casierie-ostroveni-e1768573418313-30.jpg\" class=\"attachment-giornalismo-single size-giornalismo-single wp-post-image\" loading=\"lazy\" title=\"casierie-ostroveni-e1768573418313-30\"><\/div>\n<p class=\"headline\"><a href=\"https:\/\/www.curierul.ro\/de-astazi-casieriile-din-ostroveni-si-nord-dau-drumul-la-incasarea-impozitelor-locale\/\">De ast\u0103zi, casieriile din Ostroveni \u0219i Nord dau drumul la \u00eencasarea impozitelor locale<\/a><\/p>\n<\/article>\n<p> Source URL: https:\/\/www.curierul.ro\/inca-un-an-cu-munca-rezultate-si-performante-pentru-sportivii-de-la-cs-valcea-1924\/<\/p>\n","protected":false},"excerpt":{"rendered":"<p>Home Headlines \u00cenc\u0103 un an cu munc\u0103, rezultate \u0219i performan\u021be, pentru sportivii de la CS V\u00e2lcea 1924! \u00cenc\u0103 un an cu munc\u0103, rezultate \u0219i performan\u021be, pentru sportivii de la CS V\u00e2lcea 1924! Scris deGabriel S\u0103ndulescu, 21 decembrie 2025 Gala Clubului Sportiv V\u00e2lcea 1924 \u2013 un eveniment dedicat sportivilor, dar \u0219i oamenilor care le stau al\u0103turi, [&hellip;]<\/p>\n","protected":false},"author":1,"featured_media":1313612,"comment_status":"open","ping_status":"","sticky":false,"template":"","format":"standard","meta":{"footnotes":""},"categories":[89],"tags":[213],"class_list":["post-1313608","post","type-post","status-publish","format-standard","has-post-thumbnail","hentry","category-romania","tag-curierul-ro"],"_links":{"self":[{"href":"https:\/\/analyse.optim.biz\/index.php?rest_route=\/wp\/v2\/posts\/1313608","targetHints":{"allow":["GET"]}}],"collection":[{"href":"https:\/\/analyse.optim.biz\/index.php?rest_route=\/wp\/v2\/posts"}],"about":[{"href":"https:\/\/analyse.optim.biz\/index.php?rest_route=\/wp\/v2\/types\/post"}],"author":[{"embeddable":true,"href":"https:\/\/analyse.optim.biz\/index.php?rest_route=\/wp\/v2\/users\/1"}],"replies":[{"embeddable":true,"href":"https:\/\/analyse.optim.biz\/index.php?rest_route=%2Fwp%2Fv2%2Fcomments&post=1313608"}],"version-history":[{"count":0,"href":"https:\/\/analyse.optim.biz\/index.php?rest_route=\/wp\/v2\/posts\/1313608\/revisions"}],"wp:featuredmedia":[{"embeddable":true,"href":"https:\/\/analyse.optim.biz\/index.php?rest_route=\/wp\/v2\/media\/1313612"}],"wp:attachment":[{"href":"https:\/\/analyse.optim.biz\/index.php?rest_route=%2Fwp%2Fv2%2Fmedia&parent=1313608"}],"wp:term":[{"taxonomy":"category","embeddable":true,"href":"https:\/\/analyse.optim.biz\/index.php?rest_route=%2Fwp%2Fv2%2Fcategories&post=1313608"},{"taxonomy":"post_tag","embeddable":true,"href":"https:\/\/analyse.optim.biz\/index.php?rest_route=%2Fwp%2Fv2%2Ftags&post=1313608"}],"curies":[{"name":"wp","href":"https:\/\/api.w.org\/{rel}","templated":true}]}}