{"id":1311739,"date":"2018-08-20T08:12:45","date_gmt":"2018-08-20T05:12:45","guid":{"rendered":"https:\/\/analyse.optim.biz\/?p=1311739"},"modified":"2018-08-20T08:12:45","modified_gmt":"2018-08-20T05:12:45","slug":"insula-aparuta-in-mijlocul-dunarii-din-cauza-debitului-scazut-al-fluviului","status":"publish","type":"post","link":"https:\/\/analyse.optim.biz\/?p=1311739","title":{"rendered":"Insul\u0103 ap\u0103rut\u0103 \u00een mijlocul Dun\u0103rii, din cauza debitului sc\u0103zut al fluviului"},"content":{"rendered":"<article id=\"post-1361\" class=\"post-1361 post type-post status-publish format-standard has-post-thumbnail hentry category-ultimele-stiri tag-bac tag-insula-dunare tag-seceta tag-trecere tag-tulcea\">\n<div class=\"td-pb-row\">\n<div class=\"td-pb-span12\">\n<div class=\"td-post-header td-pb-padding-side\">\n<div class=\"entry-crumbs\"><span><a title class=\"entry-crumb\" href=\"https:\/\/subiectivtulcea.ro\/\">Acas\u0103<\/a><\/span><span><a title=\"Vede\u021bi toate articolele \u00een Ultimele \u0218tiri\" class=\"entry-crumb\" href=\"https:\/\/subiectivtulcea.ro\/category\/ultimele-stiri\/\">Ultimele \u0218tiri<\/a><\/span><span class=\"td-bred-no-url-last\">Insul\u0103 ap\u0103rut\u0103 \u00een mijlocul Dun\u0103rii, din cauza debitului sc\u0103zut al fluviului<\/span><\/div>\n<ul class=\"td-category\">\n<li class=\"entry-category\"><a href=\"https:\/\/subiectivtulcea.ro\/category\/ultimele-stiri\/\">Ultimele \u0218tiri<\/a><\/li>\n<\/ul>\n<header>\n<h1 class=\"entry-title\">Insul\u0103 ap\u0103rut\u0103 \u00een mijlocul Dun\u0103rii, din cauza debitului sc\u0103zut al fluviului<\/h1>\n<div class=\"meta-info\">\n<div class=\"td-post-author-name\">\n<div class=\"td-author-by\">De c\u0103tre<\/div>\n<p><a href=\"https:\/\/subiectivtulcea.ro\/author\/sorin\/\">Stefan Vasilescu<\/a><\/p>\n<div class=\"td-author-line\"> &#8211; <\/div>\n<\/div>\n<p><span class=\"td-post-date\"><time class=\"entry-date updated td-module-date\" datetime=\"2018-08-20T08:12:45+00:00\">august 20, 2018<\/time><\/span><\/p>\n<div class=\"td-post-views\"><span class=\"td-nr-views-1361\">1929<\/span><\/div>\n<div class=\"td-post-comments\"><a href=\"https:\/\/subiectivtulcea.ro\/insula-aparuta-in-mijlocul-dunarii-din-cauza-debitului-scazut-al-fluviului\/#respond\">0<\/a><\/div>\n<\/div>\n<\/header>\n<\/div>\n<\/div>\n<\/div>\n<div class=\"td-pb-row\">\n<div class=\"td-pb-span8 td-main-content\" role=\"main\">\n<div class=\"td-ss-main-content\">\n<div class=\"td-post-sharing td-post-sharing-top td-pb-padding-side\"><span class=\"td-post-share-title\">DISTRIBUI\u021aI<\/span><\/p>\n<div class=\"td-default-sharing \"><a class=\"td-social-sharing-buttons td-social-facebook\" href=\"https:\/\/www.facebook.com\/sharer.php?u=https%3A%2F%2Fsubiectivtulcea.ro%2Finsula-aparuta-in-mijlocul-dunarii-din-cauza-debitului-scazut-al-fluviului%2F\"><\/p>\n<div class=\"td-social-but-text\">Facebook<\/div>\n<p><\/a><a class=\"td-social-sharing-buttons td-social-twitter\" href=\"https:\/\/twitter.com\/intent\/tweet?text=Insul%C4%83+ap%C4%83rut%C4%83+%C3%AEn+mijlocul+Dun%C4%83rii%2C+din+cauza+debitului+sc%C4%83zut+al+fluviului&amp;url=https%3A%2F%2Fsubiectivtulcea.ro%2Finsula-aparuta-in-mijlocul-dunarii-din-cauza-debitului-scazut-al-fluviului%2F&amp;via=Subiectiv+De+Tulcea+-+Cotidianul+Cu+Stiri+Pe+Surse\"><\/p>\n<div class=\"td-social-but-text\">Twitter<\/div>\n<p><\/a><\/div>\n<\/div>\n<div class=\"td-post-content td-pb-padding-side\">\n<div class=\"td-post-featured-image\"><a href=\"https:\/\/analyse.optim.biz\/wp-content\/uploads\/2026\/01\/bac-dunare-tulcea-1.jpg\" data-caption><img loading=\"lazy\" decoding=\"async\" width=\"620\" height=\"348\" class=\"entry-thumb td-modal-image\" src=\"https:\/\/analyse.optim.biz\/wp-content\/uploads\/2026\/01\/bac-dunare-tulcea-1.jpg\" title=\"bac dunare tulcea\"><\/a><\/div>\n<p><strong>O insul\u0103 a ap\u0103rut pe Dun\u0103re, din cauza debitului sc\u0103zut al fluviului \u015fi a aluviunilor purtate de ap\u0103. <\/strong><\/p>\n<p>Punctul de trecere BAC Gala\u0163i-Tulcea se afl\u0103 \u00een apropierea insulei, iar \u00een cur\u00e2nd, vasele care transport\u0103 ma\u015fini \u015fi oameni de pe malul g\u0103l\u0103\u0163ean pe cel tulcean vor fi obligate s\u0103 renun\u0163e la ruta obi\u015fnuit\u0103 \u015fi s\u0103 ocoleasc\u0103 pentru a ajunge la destina\u0163ie, potrivit \u015fefului flotei Navrom Bac, Grigore Cr\u0103ciun, citat de Mediafax.<\/p>\n<p>\u201eAnul trecut au fost probleme, insula nu ajungea p\u00e2n\u0103 \u00een dreptul Punctului de Trecere Bac, dar se prelungea pe sub ap\u0103, erau multe depuneri. Anul acesta situa\u0163ia se repet\u0103. Peste c\u00e2teva zile o s\u0103 ocolim prin amonte, nu \u015ftim exact c\u00e2t de mult, o s\u0103 lu\u0103m o decizie atunci. O drag\u0103 sap\u0103 la gura Siretului, dar sunt multe aluviuni\u201d, a declarat, pentru Mediafax, \u015feful flotei Navrom Bac, Grigore Cr\u0103ciun.<\/p>\n<p>Insula care a ap\u0103rut \u00een mijlocul Dun\u0103rii nu \u00eencurc\u0103 deocamdat\u0103 vapoarele \u015fi convoaiele de mari dimensiuni care trec fluviul, iar potrivit reprezentan\u0163ilor Administra\u0163iei Fluviale a Dun\u0103rii de Jos (AFDJ) Gala\u0163i, limba de p\u0103m\u00e2nt lung\u0103 de peste 100 de metri \u015fi lat\u0103 de 10 metri nu se afl\u0103 pe \u015fenalul navigabil, astfel c\u0103 autorit\u0103\u0163ile nu au luat \u00eenc\u0103 nicio m\u0103sur\u0103.<\/p>\n<\/div>\n<footer>\n<div class=\"td-post-source-tags td-pb-padding-side\">\n<ul class=\"td-tags td-post-small-box clearfix\">\n<li><span>ETICHETE<\/span><\/li>\n<li><a href=\"https:\/\/subiectivtulcea.ro\/tag\/bac\/\">bac<\/a><\/li>\n<li><a href=\"https:\/\/subiectivtulcea.ro\/tag\/insula-dunare\/\">insula dunare<\/a><\/li>\n<li><a href=\"https:\/\/subiectivtulcea.ro\/tag\/seceta\/\">seceta<\/a><\/li>\n<li><a href=\"https:\/\/subiectivtulcea.ro\/tag\/trecere\/\">trecere<\/a><\/li>\n<li><a href=\"https:\/\/subiectivtulcea.ro\/tag\/tulcea\/\">tulcea<\/a><\/li>\n<\/ul>\n<\/div>\n<div class=\"td-post-sharing td-post-sharing-bottom td-pb-padding-side\"><span class=\"td-post-share-title\">DISTRIBUI\u021aI<\/span><\/p>\n<div class=\"td-default-sharing td-with-like\"><a class=\"td-social-sharing-buttons td-social-facebook\" href=\"https:\/\/www.facebook.com\/sharer.php?u=https%3A%2F%2Fsubiectivtulcea.ro%2Finsula-aparuta-in-mijlocul-dunarii-din-cauza-debitului-scazut-al-fluviului%2F\"><\/p>\n<div class=\"td-social-but-text\">Facebook<\/div>\n<p><\/a><a class=\"td-social-sharing-buttons td-social-twitter\" href=\"https:\/\/twitter.com\/intent\/tweet?text=Insul%C4%83+ap%C4%83rut%C4%83+%C3%AEn+mijlocul+Dun%C4%83rii%2C+din+cauza+debitului+sc%C4%83zut+al+fluviului&amp;url=https%3A%2F%2Fsubiectivtulcea.ro%2Finsula-aparuta-in-mijlocul-dunarii-din-cauza-debitului-scazut-al-fluviului%2F&amp;via=Subiectiv+De+Tulcea+-+Cotidianul+Cu+Stiri+Pe+Surse\"><\/p>\n<div class=\"td-social-but-text\">Twitter<\/div>\n<p><\/a><\/div>\n<div class=\"td-classic-sharing\">\n<ul>\n<li class=\"td-classic-facebook\"><iframe frameborder src=\"https:\/\/www.facebook.com\/plugins\/like.php?href=https:\/\/subiectivtulcea.ro\/insula-aparuta-in-mijlocul-dunarii-din-cauza-debitului-scazut-al-fluviului\/&amp;layout=button_count&amp;show_faces=false&amp;width=105&amp;action=like&amp;colorscheme=light&amp;height=21\"><\/iframe><\/li>\n<li class=\"td-classic-twitter\"><a href=\"https:\/\/twitter.com\/share\" class=\"twitter-share-button\" data-url=\"https:\/\/subiectivtulcea.ro\/insula-aparuta-in-mijlocul-dunarii-din-cauza-debitului-scazut-al-fluviului\/\" data-text=\"Insul\u0103 ap\u0103rut\u0103 \u00een mijlocul Dun\u0103rii, din cauza debitului sc\u0103zut al fluviului\" data-via data-lang=\"en\">tweet<\/a><\/li>\n<\/ul>\n<\/div>\n<\/div>\n<div class=\"td-block-row td-post-next-prev\">\n<div class=\"td-block-span6 td-post-prev-post\">\n<div class=\"td-post-next-prev-content\"><span>Articolul precedent<\/span><a href=\"https:\/\/subiectivtulcea.ro\/fostul-canoist-ivan-patzaichin-cetatean-de-onoare-ai-capitalei\/\">Fostul canoist Ivan Patzaichin, cet\u0103\u0163ean de onoare al Capitalei<\/a><\/div>\n<\/div>\n<div class=\"td-block-span6 td-post-next-post\">\n<div class=\"td-post-next-prev-content\"><span>Articolul urm\u0103tor<\/span><a href=\"https:\/\/subiectivtulcea.ro\/modernizarea-aeroportului-international-delta-dunarii-in-linie-dreapta\/\">Modernizarea Aeroportului interna\u0163ional Delta Dun\u0103rii, \u00een linie dreapt\u0103<\/a><\/div>\n<\/div>\n<\/div>\n<div class=\"author-box-wrap\"><a href=\"https:\/\/subiectivtulcea.ro\/author\/sorin\/\"><img loading=\"lazy\" decoding=\"async\" src=\"https:\/\/analyse.optim.biz\/wp-content\/uploads\/2026\/01\/4054b95552868c8c392af45ec328ee34-138.jpg\" class=\"avatar avatar-96 photo\" height=\"96\" width=\"96\" title=\"4054b95552868c8c392af45ec328ee34-138\"><\/a><\/p>\n<div class=\"desc\">\n<div class=\"td-author-name vcard author\"><span class=\"fn\"><a href=\"https:\/\/subiectivtulcea.ro\/author\/sorin\/\">Stefan Vasilescu<\/a><\/span><\/div>\n<\/div>\n<\/div>\n<p><span><\/span><span><span><\/span><\/span><span><\/span><\/footer>\n<div class=\"td_block_wrap td_block_related_posts td_uid_5_696ebf48a3f35_rand td_with_ajax_pagination td-pb-border-top td_block_template_1\" data-td-block-uid=\"td_uid_5_696ebf48a3f35\">\n<h4 class=\"td-related-title\"><a id=\"td_uid_6_696ebf48b1ad3\" class=\"td-related-left td-cur-simple-item\" data-td_filter_value data-td_block_id=\"td_uid_5_696ebf48a3f35\" href=\"https:\/\/subiectivtulcea.ro\/insula-aparuta-in-mijlocul-dunarii-din-cauza-debitului-scazut-al-fluviului\/\">ARTICOLE SIMILARE<\/a><a id=\"td_uid_7_696ebf48b1b1f\" class=\"td-related-right\" data-td_filter_value=\"td_related_more_from_author\" data-td_block_id=\"td_uid_5_696ebf48a3f35\" href=\"https:\/\/subiectivtulcea.ro\/insula-aparuta-in-mijlocul-dunarii-din-cauza-debitului-scazut-al-fluviului\/\">DE LA ACELA\u0218I AUTOR<\/a><\/h4>\n<div id=\"td_uid_5_696ebf48a3f35\" class=\"td_block_inner\">\n<div class=\"td-related-row\">\n<div class=\"td-related-span4\">\n<div class=\"td_module_related_posts td-animation-stack td_mod_related_posts\">\n<div class=\"td-module-image\">\n<div class=\"td-module-thumb\"><a href=\"https:\/\/subiectivtulcea.ro\/ministrul-sanatatii-trebuie-sa-ne-obisnuim-ca-pe-perioada-verii-sa-avem-ca-vecin-virusul\/\" rel=\"bookmark\" title=\"Ministrul San\u0103t\u0103\u021bii: Trebuie s\u0103 ne obi\u015fnuim ca pe perioada verii s\u0103 avem ca vecin virusul\"><img loading=\"lazy\" decoding=\"async\" width=\"238\" height=\"178\" class=\"entry-thumb\" src=\"https:\/\/analyse.optim.biz\/wp-content\/uploads\/2026\/01\/izoleta-coronavirus-238x178-139.jpg\" title=\"Ministrul San\u0103t\u0103\u021bii: Trebuie s\u0103 ne obi\u015fnuim ca pe perioada verii s\u0103 avem ca vecin virusul\"><\/a><\/div>\n<\/div>\n<div class=\"item-details\">\n<h3 class=\"entry-title td-module-title\"><a href=\"https:\/\/subiectivtulcea.ro\/ministrul-sanatatii-trebuie-sa-ne-obisnuim-ca-pe-perioada-verii-sa-avem-ca-vecin-virusul\/\" rel=\"bookmark\" title=\"Ministrul San\u0103t\u0103\u021bii: Trebuie s\u0103 ne obi\u015fnuim ca pe perioada verii s\u0103 avem ca vecin virusul\">Ministrul San\u0103t\u0103\u021bii: Trebuie s\u0103 ne obi\u015fnuim ca pe perioada verii s\u0103 avem ca vecin virusul<\/a><\/h3>\n<\/div>\n<\/div>\n<\/div>\n<div class=\"td-related-span4\">\n<div class=\"td_module_related_posts td-animation-stack td_mod_related_posts\">\n<div class=\"td-module-image\">\n<div class=\"td-module-thumb\"><a href=\"https:\/\/subiectivtulcea.ro\/lucrarile-la-podul-peste-dunare-intarziate-din-cauza-procedurii-exproprierilor\/\" rel=\"bookmark\" title=\"Lucr\u0103rile la Podul peste Dun\u0103re, \u00eent\u00e2rziate din cauza procedurii exproprierilor\"><img loading=\"lazy\" decoding=\"async\" width=\"238\" height=\"178\" class=\"entry-thumb\" src=\"https:\/\/analyse.optim.biz\/wp-content\/uploads\/2026\/01\/pod-dunare-238x178-1-135.jpg\" title=\"Lucr\u0103rile la Podul peste Dun\u0103re, \u00eent\u00e2rziate din cauza procedurii exproprierilor\"><\/a><\/div>\n<\/div>\n<div class=\"item-details\">\n<h3 class=\"entry-title td-module-title\"><a href=\"https:\/\/subiectivtulcea.ro\/lucrarile-la-podul-peste-dunare-intarziate-din-cauza-procedurii-exproprierilor\/\" rel=\"bookmark\" title=\"Lucr\u0103rile la Podul peste Dun\u0103re, \u00eent\u00e2rziate din cauza procedurii exproprierilor\">Lucr\u0103rile la Podul peste Dun\u0103re, \u00eent\u00e2rziate din cauza procedurii exproprierilor<\/a><\/h3>\n<\/div>\n<\/div>\n<\/div>\n<div class=\"td-related-span4\">\n<div class=\"td_module_related_posts td-animation-stack td_mod_related_posts\">\n<div class=\"td-module-image\">\n<div class=\"td-module-thumb\"><a href=\"https:\/\/subiectivtulcea.ro\/tulcea-atentionare-pentru-persoanele-care-doresc-sa-lucreze-in-strainatate\/\" rel=\"bookmark\" title=\"TULCEA Aten\u021bionare pentru persoanele care doresc s\u0103 lucreze \u00een str\u0103in\u0103tate\"><img loading=\"lazy\" decoding=\"async\" width=\"238\" height=\"178\" class=\"entry-thumb\" src=\"https:\/\/analyse.optim.biz\/wp-content\/uploads\/2026\/01\/targ-joburi-238x178-136.jpg\" title=\"TULCEA Aten\u021bionare pentru persoanele care doresc s\u0103 lucreze \u00een str\u0103in\u0103tate\"><\/a><\/div>\n<\/div>\n<div class=\"item-details\">\n<h3 class=\"entry-title td-module-title\"><a href=\"https:\/\/subiectivtulcea.ro\/tulcea-atentionare-pentru-persoanele-care-doresc-sa-lucreze-in-strainatate\/\" rel=\"bookmark\" title=\"TULCEA Aten\u021bionare pentru persoanele care doresc s\u0103 lucreze \u00een str\u0103in\u0103tate\">TULCEA Aten\u021bionare pentru persoanele care doresc s\u0103 lucreze \u00een str\u0103in\u0103tate<\/a><\/h3>\n<\/div>\n<\/div>\n<\/div>\n<\/div>\n<\/div>\n<\/div>\n<div class=\"comments\" id=\"comments\">\n<div id=\"respond\" class=\"comment-respond\">\n<h3 id=\"reply-title\" class=\"comment-reply-title\">L\u0102SA\u021aI UN MESAJ <small><a rel=\"nofollow\" id=\"cancel-comment-reply-link\" href=\"https:\/\/subiectivtulcea.ro\/insula-aparuta-in-mijlocul-dunarii-din-cauza-debitului-scazut-al-fluviului\/#respond\">Renun\u021ba\u021bi la r\u0103spuns<\/a><\/small><\/h3>\n<div class=\"comment-form-input-wrap td-form-comment\">\n<div class=\"td-warning-comment\">Please enter your comment!<\/div>\n<\/div>\n<div class=\"comment-form-input-wrap td-form-author\">\n<div class=\"td-warning-author\">Please enter your name here<\/div>\n<\/div>\n<div class=\"comment-form-input-wrap td-form-email\">\n<div class=\"td-warning-email-error\">You have entered an incorrect email address!<\/div>\n<div class=\"td-warning-email\">Please enter your email address here<\/div>\n<\/div>\n<div class=\"gglcptch gglcptch_v2\">\n<div>\n<div>\n<div>\n\t\t\t\t\t\t\t\t\n\t\t\t\t\t\t\t<\/div>\n<\/div>\n<\/div>\n<\/div>\n<\/div>\n<\/div>\n<\/div>\n<\/div>\n<div class=\"td-pb-span4 td-main-sidebar td-pb-border-top\" role=\"complementary\">\n<div class=\"td-ss-main-sidebar\">\n<div class=\"td-a-rec td-a-rec-id-sidebar  td_uid_8_696ebf48b5be2_rand td_block_template_1\"><span class=\"td-adspot-title\">&#8211; Advertisement &#8211;<\/span><\/p>\n<div class=\"td-all-devices\"><a href=\"https:\/\/subiectivtulcea.ro\/insula-aparuta-in-mijlocul-dunarii-din-cauza-debitului-scazut-al-fluviului\/\"><img decoding=\"async\" src=\"https:\/\/analyse.optim.biz\/wp-content\/uploads\/2026\/01\/vizual-maximia-tv_cartela-vodafone-138.jpg\" title=\"vizual-maximia-tv_cartela-vodafone-138\"><\/a><\/div>\n<\/div>\n<div class=\"td_block_wrap td_block_9 td_block_widget td_uid_9_696ebf48b5e7d_rand td_with_ajax_pagination td-pb-border-top td_block_template_1\" data-td-block-uid=\"td_uid_9_696ebf48b5e7d\">\n<h4 class=\"block-title\"><span class=\"td-pulldown-size\">CITESTE SI &#8230;<\/span><\/h4>\n<div id=\"td_uid_9_696ebf48b5e7d\" class=\"td_block_inner\">\n<div class=\"td-block-span12\">\n<div class=\"td_module_8 td_module_wrap\">\n<div class=\"item-details\">\n<h3 class=\"entry-title td-module-title\"><a href=\"https:\/\/subiectivtulcea.ro\/klaus-iohannis-a-semnat-decretul-de-numire-a-lui-nelu-tataru-la-ministerul-sanatatii\/\" rel=\"bookmark\" title=\"Klaus Iohannis a semnat decretul de numire a lui Nelu T\u0103taru la Ministerul S\u0103n\u0103t\u0103\u021bii\">Klaus Iohannis a semnat decretul de numire a lui Nelu T\u0103taru la Ministerul S\u0103n\u0103t\u0103\u021bii<\/a><\/h3>\n<div class=\"meta-info\"><span class=\"td-post-author-name\"><a href=\"https:\/\/subiectivtulcea.ro\/author\/sorin\/\">Stefan Vasilescu<\/a><span>&#8211;<\/span><\/span><span class=\"td-post-date\"><time class=\"entry-date updated td-module-date\" datetime=\"2020-03-26T18:48:17+00:00\">martie 26, 2020<\/time><\/span><\/div>\n<\/div>\n<\/div>\n<\/div>\n<div class=\"td-block-span12\">\n<div class=\"td_module_8 td_module_wrap\">\n<div class=\"item-details\">\n<h3 class=\"entry-title td-module-title\"><a href=\"https:\/\/subiectivtulcea.ro\/cum-sunt-tocati-banii-europeni-la-primaria-pardina-atv-de-lux-polaris-de-30-000-de-euro\/\" rel=\"bookmark\" title=\"Cum sunt toca\u021bi banii europeni la Prim\u0103ria Pardina: ATV de lux Polaris, de 30.000 de euro\">Cum sunt toca\u021bi banii europeni la Prim\u0103ria Pardina: ATV de lux Polaris, de 30.000&#8230;<\/a><\/h3>\n<div class=\"meta-info\"><span class=\"td-post-author-name\"><a href=\"https:\/\/subiectivtulcea.ro\/author\/sorin\/\">Stefan Vasilescu<\/a><span>&#8211;<\/span><\/span><span class=\"td-post-date\"><time class=\"entry-date updated td-module-date\" datetime=\"2020-01-28T13:32:32+00:00\">ianuarie 28, 2020<\/time><\/span><\/div>\n<\/div>\n<\/div>\n<\/div>\n<div class=\"td-block-span12\">\n<div class=\"td_module_8 td_module_wrap\">\n<div class=\"item-details\">\n<h3 class=\"entry-title td-module-title\"><a href=\"https:\/\/subiectivtulcea.ro\/a-inceput-concursul-national-de-poezie-panait-cerna\/\" rel=\"bookmark\" title=\"A \u00eenceput Concursul na\u0163ional de poezie \u201cPanait Cerna\u201d\">A \u00eenceput Concursul na\u0163ional de poezie \u201cPanait Cerna\u201d<\/a><\/h3>\n<div class=\"meta-info\"><span class=\"td-post-author-name\"><a href=\"https:\/\/subiectivtulcea.ro\/author\/sorin\/\">Stefan Vasilescu<\/a><span>&#8211;<\/span><\/span><span class=\"td-post-date\"><time class=\"entry-date updated td-module-date\" datetime=\"2018-09-17T16:41:08+00:00\">septembrie 17, 2018<\/time><\/span><\/div>\n<\/div>\n<\/div>\n<\/div>\n<div class=\"td-block-span12\">\n<div class=\"td_module_8 td_module_wrap\">\n<div class=\"item-details\">\n<h3 class=\"entry-title td-module-title\"><a href=\"https:\/\/subiectivtulcea.ro\/oportunitati-pentru-turismul-din-delta-dunarii\/\" rel=\"bookmark\" title=\"Oportunit\u0103\u021bi pentru turismul din Delta Dun\u0103rii\">Oportunit\u0103\u021bi pentru turismul din Delta Dun\u0103rii<\/a><\/h3>\n<div class=\"meta-info\"><span class=\"td-post-author-name\"><a href=\"https:\/\/subiectivtulcea.ro\/author\/sorin\/\">Stefan Vasilescu<\/a><span>&#8211;<\/span><\/span><span class=\"td-post-date\"><time class=\"entry-date updated td-module-date\" datetime=\"2018-03-22T14:22:11+00:00\">martie 22, 2018<\/time><\/span><\/div>\n<\/div>\n<\/div>\n<\/div>\n<div class=\"td-block-span12\">\n<div class=\"td_module_8 td_module_wrap\">\n<div class=\"item-details\">\n<h3 class=\"entry-title td-module-title\"><a href=\"https:\/\/subiectivtulcea.ro\/tulcea-peste-90-din-vaccinurile-antigripale-gratuite-au-fost-utilizate\/\" rel=\"bookmark\" title=\"Tulcea: Peste 90% din vaccinurile antigripale gratuite au fost utilizate\">Tulcea: Peste 90% din vaccinurile antigripale gratuite au fost utilizate<\/a><\/h3>\n<div class=\"meta-info\"><span class=\"td-post-author-name\"><a href=\"https:\/\/subiectivtulcea.ro\/author\/sorin\/\">Stefan Vasilescu<\/a><span>&#8211;<\/span><\/span><span class=\"td-post-date\"><time class=\"entry-date updated td-module-date\" datetime=\"2018-12-07T14:35:05+00:00\">decembrie 7, 2018<\/time><\/span><\/div>\n<\/div>\n<\/div>\n<\/div>\n<\/div>\n<\/div>\n<\/div>\n<\/div>\n<\/div>\n<\/article>\n<p> Source URL: https:\/\/subiectivtulcea.ro\/insula-aparuta-in-mijlocul-dunarii-din-cauza-debitului-scazut-al-fluviului\/<\/p>\n","protected":false},"excerpt":{"rendered":"<p>Acas\u0103Ultimele \u0218tiriInsul\u0103 ap\u0103rut\u0103 \u00een mijlocul Dun\u0103rii, din cauza debitului sc\u0103zut al fluviului Ultimele \u0218tiri Insul\u0103 ap\u0103rut\u0103 \u00een mijlocul Dun\u0103rii, din cauza debitului sc\u0103zut al fluviului De c\u0103tre Stefan Vasilescu &#8211; august 20, 2018 1929 0 DISTRIBUI\u021aI Facebook Twitter O insul\u0103 a ap\u0103rut pe Dun\u0103re, din cauza debitului sc\u0103zut al fluviului \u015fi a aluviunilor purtate de [&hellip;]<\/p>\n","protected":false},"author":1,"featured_media":1311741,"comment_status":"open","ping_status":"","sticky":false,"template":"","format":"standard","meta":{"footnotes":""},"categories":[89],"tags":[222],"class_list":["post-1311739","post","type-post","status-publish","format-standard","has-post-thumbnail","hentry","category-romania","tag-subiectivtulcea-ro"],"_links":{"self":[{"href":"https:\/\/analyse.optim.biz\/index.php?rest_route=\/wp\/v2\/posts\/1311739","targetHints":{"allow":["GET"]}}],"collection":[{"href":"https:\/\/analyse.optim.biz\/index.php?rest_route=\/wp\/v2\/posts"}],"about":[{"href":"https:\/\/analyse.optim.biz\/index.php?rest_route=\/wp\/v2\/types\/post"}],"author":[{"embeddable":true,"href":"https:\/\/analyse.optim.biz\/index.php?rest_route=\/wp\/v2\/users\/1"}],"replies":[{"embeddable":true,"href":"https:\/\/analyse.optim.biz\/index.php?rest_route=%2Fwp%2Fv2%2Fcomments&post=1311739"}],"version-history":[{"count":0,"href":"https:\/\/analyse.optim.biz\/index.php?rest_route=\/wp\/v2\/posts\/1311739\/revisions"}],"wp:featuredmedia":[{"embeddable":true,"href":"https:\/\/analyse.optim.biz\/index.php?rest_route=\/wp\/v2\/media\/1311741"}],"wp:attachment":[{"href":"https:\/\/analyse.optim.biz\/index.php?rest_route=%2Fwp%2Fv2%2Fmedia&parent=1311739"}],"wp:term":[{"taxonomy":"category","embeddable":true,"href":"https:\/\/analyse.optim.biz\/index.php?rest_route=%2Fwp%2Fv2%2Fcategories&post=1311739"},{"taxonomy":"post_tag","embeddable":true,"href":"https:\/\/analyse.optim.biz\/index.php?rest_route=%2Fwp%2Fv2%2Ftags&post=1311739"}],"curies":[{"name":"wp","href":"https:\/\/api.w.org\/{rel}","templated":true}]}}