{"id":1311496,"date":"2026-01-10T06:00:00","date_gmt":"2026-01-10T03:00:00","guid":{"rendered":"https:\/\/analyse.optim.biz\/?p=1311496"},"modified":"2026-01-10T06:00:00","modified_gmt":"2026-01-10T03:00:00","slug":"perchezitii-la-madulari-doua-arme-si-peste-2000-de-proiectile-din-metal-si-plastic-au-fost-confiscate","status":"publish","type":"post","link":"https:\/\/analyse.optim.biz\/?p=1311496","title":{"rendered":"Perchezi\u021bii la M\u0103dulari. Dou\u0103 arme \u0219i peste 2000 de proiectile din metal \u0219i plastic au fost confiscate"},"content":{"rendered":"<article id=\"195929\" class=\"post-195929 post type-post status-publish format-standard has-post-thumbnail hentry category-ceasul-rau category-headlines category-politie category-social tag-arme tag-confiscate tag-madulari-2 tag-metal-2 tag-perchezitii-2 tag-proiectile\">\n<header class=\"post-header\">\n<ul class=\"breadcrumbs\">\n<li><a href=\"https:\/\/www.curierul.ro\">Home<\/a><\/li>\n<li class=\"breadcrumbs-active .category-ceasul-rau\"><a href=\"https:\/\/www.curierul.ro\/index.php?cat=54\">Ceasul rau<\/a><\/li>\n<li class=\"breadcrumbs-active .category-ceasul-rau\">Perchezi\u021bii la M\u0103dulari. Dou\u0103 arme \u0219i peste 2000 de proiectile din metal \u0219i plastic au fost confiscate<\/li>\n<\/ul>\n<div class=\"featured-photo\"><img loading=\"lazy\" decoding=\"async\" width=\"1200\" height=\"1050\" src=\"https:\/\/analyse.optim.biz\/wp-content\/uploads\/2026\/01\/pistol-e1767968968747-11.jpeg\" class=\"attachment-single size-single wp-post-image\" title=\"pistol-e1767968968747-11\"><\/div>\n<h1 class=\"headline\">Perchezi\u021bii la M\u0103dulari. Dou\u0103 arme \u0219i peste 2000 de proiectile din metal \u0219i plastic au fost confiscate<\/h1>\n<p class=\"byline\">\n\t\tScris de<a href=\"https:\/\/www.curierul.ro\/author\/curierul\/\">Curierul de Valcea<\/a>, \t\t10 ianuarie 2026\t\t\t\t<\/p>\n<hr>\n<\/header>\n<p>\u00cen diminea\u021ba zilei de 9 ianuarie 2026, poli\u021bi\u0219tii din cadrul Inspectoratului de Poli\u021bie Jude\u021bean V\u00e2lcea, prin Biroul Arme, Explozivi \u0219i Substan\u021be Periculoase, au pus \u00een executare dou\u0103 mandate de perchezi\u021bie domiciliar\u0103, pe raza comunei M\u0103dulari, jude\u021bul V\u00e2lcea, la domiciliul unui b\u0103rbat de 39 de ani. Cu ocazia perchezi\u021biilor domiciliare, a fost identificat\u0103 o arm\u0103 neletal\u0103 scurt\u0103, tip pistol, cu caracteristici specifice unei arme supuse autoriz\u0103rii, precum \u0219i 1.423 de proiectile metalice aferente.<\/p>\n<p><img loading=\"lazy\" decoding=\"async\" class=\"aligncenter wp-image-195930 size-full\" src=\"https:\/\/analyse.optim.biz\/wp-content\/uploads\/2026\/01\/pusca-e1767968902141.jpeg\" width=\"1200\" height=\"672\" title=\"pusca-e1767968902141\"><\/p>\n<p>De asemenea, a fost identificat\u0103 \u0219i o arm\u0103 lung\u0103, tip pu\u0219c\u0103, f\u0103r\u0103 marc\u0103 \u0219i calibru, cu \u00eenc\u0103rc\u0103tor deta\u0219abil, prev\u0103zut\u0103 cu lunet\u0103, tr\u0103gaci \u0219i sistem de asigurare, precum \u0219i aproximativ 850 de proiectile din plastic. Ambele arme, \u00eempreun\u0103 cu muni\u021bia aferent\u0103, au fost ridicate \u00een vederea continu\u0103rii cercet\u0103rilor.<\/p>\n<p>\u00cen cauz\u0103, se efectueaz\u0103 cercet\u0103ri sub aspectul s\u0103v\u00e2r\u0219irii infrac\u021biunii de nerespectarea regimului armelor \u0219i al muni\u021biilor, urm\u00e2nd a fi dispuse m\u0103surile legale care se impun.<\/p>\n<p>Poli\u021bi\u0219tii din cadrul Biroului Arme, Explozivi \u0219i Substan\u021be Periculoase vor continua activit\u0103\u021bile specifice pentru prevenirea \u0219i combaterea faptelor ce aduc atingere siguran\u021bei publice.<\/p>\n<div class=\"sharedaddy sd-sharing-enabled\">\n<div class=\"robots-nocontent sd-block sd-social sd-social-official sd-sharing\">\n<h3 class=\"sd-title\">Distribuie pe:<\/h3>\n<div class=\"sd-content\">\n<ul>\n<li class=\"share-facebook\">\n<li class=\"share-twitter\"><a href=\"https:\/\/twitter.com\/share\" class=\"twitter-share-button\" data-url=\"https:\/\/www.curierul.ro\/perchezitii-la-madulari-doua-arme-si-peste-2000-de-proiectile-din-metal-si-plastic-au-fost-confiscate\/\" data-text=\"Perchezi\u021bii la M\u0103dulari. Dou\u0103 arme \u0219i peste 2000 de proiectile din metal \u0219i plastic au fost confiscate\" data-via=\"curierulvl\">Tweet<\/a><\/li>\n<li class=\"share-jetpack-whatsapp\"><a rel=\"nofollow noopener noreferrer\" data-shared=\"sharing-whatsapp-195929\" class=\"share-jetpack-whatsapp sd-button\" href=\"https:\/\/www.curierul.ro\/perchezitii-la-madulari-doua-arme-si-peste-2000-de-proiectile-din-metal-si-plastic-au-fost-confiscate\/?share=jetpack-whatsapp\" target=\"_blank\" aria-labelledby=\"sharing-whatsapp-195929\"><span id=\"sharing-whatsapp-195929\" hidden>D\u0103 clic pentru partajare pe WhatsApp(Se deschide \u00eentr-o fereastr\u0103 nou\u0103)<\/span><span>WhatsApp<\/span><\/a><\/li>\n<li><a href=\"https:\/\/www.curierul.ro\/perchezitii-la-madulari-doua-arme-si-peste-2000-de-proiectile-din-metal-si-plastic-au-fost-confiscate\/\" class=\"sharing-anchor sd-button share-more\"><span>Mai mult<\/span><\/a><\/li>\n<li class=\"share-end\"><\/ul>\n<div class=\"sharing-hidden\">\n<div class=\"inner\">\n<ul>\n<li class=\"share-email\"><a rel=\"nofollow noopener noreferrer\" data-shared=\"sharing-email-195929\" class=\"share-email sd-button\" href=\"mailto:?subject=%5BArticol%20partajat%5D%20Perchezi%C8%9Bii%20la%20M%C4%83dulari.%20Dou%C4%83%20arme%20%C8%99i%20peste%202000%20de%20proiectile%20din%20metal%20%C8%99i%20plastic%20au%20fost%20confiscate&amp;body=https%3A%2F%2Fwww.curierul.ro%2Fperchezitii-la-madulari-doua-arme-si-peste-2000-de-proiectile-din-metal-si-plastic-au-fost-confiscate%2F&amp;share=email\" target=\"_blank\" aria-labelledby=\"sharing-email-195929\" data-email-share-error-title=\"\u021ai-ai configurat emailul?\" data-email-share-error-text=\"Dac\u0103 ai probleme la partajarea prin email, probabil nu ai configurat emailul pentru navigator. Poate trebuie s\u0103 creezi singur un email nou.\" data-email-share-nonce=\"7203d984a0\" data-email-share-track-url=\"https:\/\/www.curierul.ro\/perchezitii-la-madulari-doua-arme-si-peste-2000-de-proiectile-din-metal-si-plastic-au-fost-confiscate\/?share=email\"><span id=\"sharing-email-195929\" hidden>D\u0103 clic pentru a trimite o leg\u0103tur\u0103 prin email unui prieten(Se deschide \u00eentr-o fereastr\u0103 nou\u0103)<\/span><span>Email<\/span><\/a><\/li>\n<li class=\"share-print\"><a rel=\"nofollow noopener noreferrer\" data-shared=\"sharing-print-195929\" class=\"share-print sd-button\" href=\"https:\/\/www.curierul.ro\/perchezitii-la-madulari-doua-arme-si-peste-2000-de-proiectile-din-metal-si-plastic-au-fost-confiscate\/#print?share=print\" target=\"_blank\" aria-labelledby=\"sharing-print-195929\"><span id=\"sharing-print-195929\" hidden>D\u0103 clic pentru a imprima(Se deschide \u00eentr-o fereastr\u0103 nou\u0103)<\/span><span>Imprimare<\/span><\/a><\/li>\n<li class=\"share-end\"><\/ul>\n<\/div>\n<\/div>\n<\/div>\n<\/div>\n<\/div>\n<div id=\"jp-relatedposts\" class=\"jp-relatedposts\">\n<h3 class=\"jp-relatedposts-headline\"><em>Similare<\/em><\/h3>\n<\/div>\n<footer class=\"post-footer\">\n<p class=\"tags\"><strong>Tags: <\/strong><a href=\"https:\/\/www.curierul.ro\/tag\/arme\/\" rel=\"tag\">arme<\/a>, <a href=\"https:\/\/www.curierul.ro\/tag\/confiscate\/\" rel=\"tag\">confiscate<\/a>, <a href=\"https:\/\/www.curierul.ro\/tag\/madulari-2\/\" rel=\"tag\">M\u0103dulari<\/a>, <a href=\"https:\/\/www.curierul.ro\/tag\/metal-2\/\" rel=\"tag\">metal<\/a>, <a href=\"https:\/\/www.curierul.ro\/tag\/perchezitii-2\/\" rel=\"tag\">perchezi\u021bii<\/a>, <a href=\"https:\/\/www.curierul.ro\/tag\/proiectile\/\" rel=\"tag\">proiectile<\/a><\/p>\n<div class=\"post-navigation clearfix\">\n<div class=\"previous-post\">\n<div class=\"featured-photo\"><img decoding=\"async\" width=\"1600\" height=\"1066\" src=\"https:\/\/analyse.optim.biz\/wp-content\/uploads\/2026\/01\/politie-1-10.jpeg\" class=\"attachment-post-thumbnail size-post-thumbnail wp-post-image\" loading=\"lazy\" title=\"politie-1-10\"><\/div>\n<p class=\"paginate-title\">\u00ab\u00ab <a href=\"https:\/\/www.curierul.ro\/patru-tineri-au-impartit-pumni-si-picioare-politistii-catuse\/\" rel=\"prev\">Patru tineri au \u00eemp\u0103r\u021bit pumni \u0219i picioare, poli\u021bi\u0219tii c\u0103tu\u0219e\u2026<\/a><\/p>\n<\/div>\n<div class=\"next-post\">\n<div class=\"featured-photo\"><img decoding=\"async\" width=\"1105\" height=\"368\" src=\"https:\/\/analyse.optim.biz\/wp-content\/uploads\/2026\/01\/img-20260110-wa0004-5.jpg\" class=\"attachment-post-thumbnail size-post-thumbnail wp-post-image\" loading=\"lazy\" title=\"img-20260110-wa0004-5\"><\/div>\n<p class=\"paginate-title\"><a href=\"https:\/\/www.curierul.ro\/a-treia-victorie-consecutiva-pentru-cs-valcea-in-liga-nationala-96-69-la-galati\/\" rel=\"next\">A TREIA VICTORIE CONSECUTIV\u0102 PENTRU CS V\u00c2LCEA \u00ceN LIGA NA\u021aIONAL\u0102: 96-69 LA GALA\u021aI<\/a> \u00bb\u00bb<\/p>\n<\/div>\n<\/div>\n<div id=\"comments\" class=\"comments-area\">\n<div id=\"respond\" class=\"comment-respond\">\n<h3 id=\"reply-title\" class=\"comment-reply-title\">Po\u021bi comenta aici<small><a rel=\"nofollow\" id=\"cancel-comment-reply-link\" href=\"https:\/\/www.curierul.ro\/perchezitii-la-madulari-doua-arme-si-peste-2000-de-proiectile-din-metal-si-plastic-au-fost-confiscate\/#respond\">Anuleaz\u0103 r\u0103spunsul<\/a><\/small><\/h3>\n<\/div>\n<p class=\"akismet_comment_form_privacy_notice\">Acest site folose\u0219te Akismet pentru a reduce spamul. <a href=\"https:\/\/akismet.com\/privacy\/\" target=\"_blank\" rel=\"nofollow noopener\">Afl\u0103 cum sunt procesate datele comentariilor tale<\/a>.<\/p>\n<\/div>\n<section class=\"related-stories\">\n<h2>Related Stories<\/h2>\n<div class=\"stories-container\">\n<article id=\"latest-187943\" class=\"story post-187943 post type-post status-publish format-standard has-post-thumbnail hentry category-actualitate category-fraze tag-arme tag-idiotii tag-marius-carbunescu-2\">\n<div class=\"photo\"><img decoding=\"async\" width=\"530\" height=\"213\" src=\"https:\/\/analyse.optim.biz\/wp-content\/uploads\/2026\/01\/carbunescu-generic-19.jpg\" class=\"attachment-giornalismo-single size-giornalismo-single wp-post-image\" loading=\"lazy\" title=\"carbunescu-generic-19\"><\/div>\n<p class=\"headline\"><a href=\"https:\/\/www.curierul.ro\/cand-idiotii-au-arme\/\">C\u00e2nd idio\u021bii au arme<\/a><\/p>\n<\/article>\n<article id=\"latest-165861\" class=\"story post-165861 post type-post status-publish format-standard has-post-thumbnail hentry category-ceasul-rau category-impact category-justitie category-politie category-social tag-arme tag-braconaj tag-cartuse tag-parchetul-balcesti tag-perchezitii-2\">\n<div class=\"photo\"><img decoding=\"async\" width=\"735\" height=\"440\" src=\"https:\/\/analyse.optim.biz\/wp-content\/uploads\/2026\/01\/ipj-arme.jpeg\" class=\"attachment-giornalismo-single size-giornalismo-single wp-post-image\" loading=\"lazy\" title=\"ipj-arme\"><\/div>\n<p class=\"headline\"><a href=\"https:\/\/www.curierul.ro\/pistolarul-din-balcesti-a-ramas-fara-jucarii\/\">PISTOLARUL DIN B\u0102LCE\u0218TI a r\u0103mas f\u0103r\u0103 \u201ejuc\u0103rii\u201d<\/a><\/p>\n<\/article>\n<article id=\"latest-165353\" class=\"story post-165353 post type-post status-publish format-standard has-post-thumbnail hentry category-ceasul-rau category-comunicate category-impact category-politie category-social tag-amenda-2 tag-arme tag-comuna-pausesti tag-dosar-penal tag-vanator\">\n<div class=\"photo\"><img decoding=\"async\" width=\"640\" height=\"427\" src=\"https:\/\/analyse.optim.biz\/wp-content\/uploads\/2026\/01\/arme-1.jpg\" class=\"attachment-giornalismo-single size-giornalismo-single wp-post-image\" loading=\"lazy\" title=\"arme-1\"><\/div>\n<p class=\"headline\"><a href=\"https:\/\/www.curierul.ro\/spaima-animalelor-din-pausesti-s-a-ales-cu-dosar-penal\/\">SPAIMA ANIMALELOR din P\u0103u\u0219e\u0219ti s-a ales cu dosar penal<\/a><\/p>\n<\/article>\n<\/div>\n<\/section>\n<section class=\"latest-category clearfix\">\n<h2 class=\"title\">More Stories From Ceasul rau<\/h2>\n<div class=\"stories-container\">\n<article id=\"related-195972\" class=\"story post-195972 post type-post status-publish format-standard has-post-thumbnail hentry category-ceasul-rau category-headlines category-politie category-social tag-accident tag-ghinion tag-masina-politie tag-serviciul-rutier\">\n<div class=\"photo\"><img decoding=\"async\" width=\"735\" height=\"440\" src=\"https:\/\/analyse.optim.biz\/wp-content\/uploads\/2026\/01\/accident-raureni-e1768549775867-15.jpeg\" class=\"attachment-giornalismo-single size-giornalismo-single wp-post-image\" loading=\"lazy\" title=\"accident-raureni-e1768549775867-15\"><\/div>\n<p class=\"headline\"><a href=\"https:\/\/www.curierul.ro\/culmea-ghinionului-sa-faci-accident-cu-o-masina-de-politie-la-poarta-serviciului-rutier\/\">Culmea ghinionului\u2026s\u0103 faci accident cu o ma\u0219in\u0103 de poli\u021bie, la poarta Serviciului Rutier<\/a><\/p>\n<\/article>\n<article id=\"related-195925\" class=\"story post-195925 post type-post status-publish format-standard has-post-thumbnail hentry category-ceasul-rau category-politie category-social tag-catuse tag-politisti-2 tag-pumni tag-tineri\">\n<div class=\"photo\"><img decoding=\"async\" width=\"735\" height=\"440\" src=\"https:\/\/analyse.optim.biz\/wp-content\/uploads\/2026\/01\/politie-1-10.jpeg\" class=\"attachment-giornalismo-single size-giornalismo-single wp-post-image\" loading=\"lazy\" title=\"politie-1-10\"><\/div>\n<p class=\"headline\"><a href=\"https:\/\/www.curierul.ro\/patru-tineri-au-impartit-pumni-si-picioare-politistii-catuse\/\">Patru tineri au \u00eemp\u0103r\u021bit pumni \u0219i picioare, poli\u021bi\u0219tii c\u0103tu\u0219e\u2026<\/a><\/p>\n<\/article>\n<article id=\"related-195871\" class=\"story post-195871 post type-post status-publish format-standard has-post-thumbnail hentry category-ceasul-rau category-jandarmerie category-social tag-artificii tag-dragasani-2 tag-ilegal tag-petarde tag-vandute\">\n<div class=\"photo\"><img decoding=\"async\" width=\"735\" height=\"440\" src=\"https:\/\/analyse.optim.biz\/wp-content\/uploads\/2026\/01\/poza-tomberon-3.jpeg\" class=\"attachment-giornalismo-single size-giornalismo-single wp-post-image\" loading=\"lazy\" title=\"poza-tomberon-3\"><\/div>\n<p class=\"headline\"><a href=\"https:\/\/www.curierul.ro\/artificii-la-tomberon-jandarmii-valceni-au-confiscat-mii-de-petarde-vandute-ilegal-in-dragasani\/\">Artificii\u2026 la tomberon. Jandarmii v\u00e2lceni au confiscat mii de petarde v\u00e2ndute ilegal \u00een Dr\u0103g\u0103\u0219ani<\/a><\/p>\n<\/article>\n<\/div>\n<\/section>\n<section class=\"author-bio clearfix\">\n<div class=\"mug-shot\"><img decoding=\"async\" src=\"https:\/\/analyse.optim.biz\/wp-content\/uploads\/2026\/01\/2a58d181c1d85262357d59db6fc29158130ca794fc45057783762a4c0eb9167f-59.jpg\" class=\"avatar avatar-96 photo\" height=\"96\" width=\"96\" loading=\"lazy\" title=\"2a58d181c1d85262357d59db6fc29158130ca794fc45057783762a4c0eb9167f-59\"><\/div>\n<div class=\"author-info\">\n<p class=\"title\">About Curierul de Valcea, <\/p>\n<div class=\"author-social-area\"><a href=\"mailto:curierul@curierul.ro\"><span class=\"fal fa-envelope\"><span class=\"screen-reader-text\">Email the Author<\/span><\/span><\/a><\/div>\n<\/div>\n<\/section>\n<\/footer>\n<\/article>\n<article id=\"latest-187943\" class=\"story post-187943 post type-post status-publish format-standard has-post-thumbnail hentry category-actualitate category-fraze tag-arme tag-idiotii tag-marius-carbunescu-2\">\n<div class=\"photo\"><img decoding=\"async\" width=\"530\" height=\"213\" src=\"https:\/\/analyse.optim.biz\/wp-content\/uploads\/2026\/01\/carbunescu-generic-19.jpg\" class=\"attachment-giornalismo-single size-giornalismo-single wp-post-image\" loading=\"lazy\" title=\"carbunescu-generic-19\"><\/div>\n<p class=\"headline\"><a href=\"https:\/\/www.curierul.ro\/cand-idiotii-au-arme\/\">C\u00e2nd idio\u021bii au arme<\/a><\/p>\n<\/article>\n<article id=\"latest-165861\" class=\"story post-165861 post type-post status-publish format-standard has-post-thumbnail hentry category-ceasul-rau category-impact category-justitie category-politie category-social tag-arme tag-braconaj tag-cartuse tag-parchetul-balcesti tag-perchezitii-2\">\n<div class=\"photo\"><img decoding=\"async\" width=\"735\" height=\"440\" src=\"https:\/\/analyse.optim.biz\/wp-content\/uploads\/2026\/01\/ipj-arme.jpeg\" class=\"attachment-giornalismo-single size-giornalismo-single wp-post-image\" loading=\"lazy\" title=\"ipj-arme\"><\/div>\n<p class=\"headline\"><a href=\"https:\/\/www.curierul.ro\/pistolarul-din-balcesti-a-ramas-fara-jucarii\/\">PISTOLARUL DIN B\u0102LCE\u0218TI a r\u0103mas f\u0103r\u0103 \u201ejuc\u0103rii\u201d<\/a><\/p>\n<\/article>\n<article id=\"latest-165353\" class=\"story post-165353 post type-post status-publish format-standard has-post-thumbnail hentry category-ceasul-rau category-comunicate category-impact category-politie category-social tag-amenda-2 tag-arme tag-comuna-pausesti tag-dosar-penal tag-vanator\">\n<div class=\"photo\"><img decoding=\"async\" width=\"640\" height=\"427\" src=\"https:\/\/analyse.optim.biz\/wp-content\/uploads\/2026\/01\/arme-1.jpg\" class=\"attachment-giornalismo-single size-giornalismo-single wp-post-image\" loading=\"lazy\" title=\"arme-1\"><\/div>\n<p class=\"headline\"><a href=\"https:\/\/www.curierul.ro\/spaima-animalelor-din-pausesti-s-a-ales-cu-dosar-penal\/\">SPAIMA ANIMALELOR din P\u0103u\u0219e\u0219ti s-a ales cu dosar penal<\/a><\/p>\n<\/article>\n<article id=\"related-195972\" class=\"story post-195972 post type-post status-publish format-standard has-post-thumbnail hentry category-ceasul-rau category-headlines category-politie category-social tag-accident tag-ghinion tag-masina-politie tag-serviciul-rutier\">\n<div class=\"photo\"><img decoding=\"async\" width=\"735\" height=\"440\" src=\"https:\/\/analyse.optim.biz\/wp-content\/uploads\/2026\/01\/accident-raureni-e1768549775867-15.jpeg\" class=\"attachment-giornalismo-single size-giornalismo-single wp-post-image\" loading=\"lazy\" title=\"accident-raureni-e1768549775867-15\"><\/div>\n<p class=\"headline\"><a href=\"https:\/\/www.curierul.ro\/culmea-ghinionului-sa-faci-accident-cu-o-masina-de-politie-la-poarta-serviciului-rutier\/\">Culmea ghinionului\u2026s\u0103 faci accident cu o ma\u0219in\u0103 de poli\u021bie, la poarta Serviciului Rutier<\/a><\/p>\n<\/article>\n<article id=\"related-195925\" class=\"story post-195925 post type-post status-publish format-standard has-post-thumbnail hentry category-ceasul-rau category-politie category-social tag-catuse tag-politisti-2 tag-pumni tag-tineri\">\n<div class=\"photo\"><img decoding=\"async\" width=\"735\" height=\"440\" src=\"https:\/\/analyse.optim.biz\/wp-content\/uploads\/2026\/01\/politie-1-10.jpeg\" class=\"attachment-giornalismo-single size-giornalismo-single wp-post-image\" loading=\"lazy\" title=\"politie-1-10\"><\/div>\n<p class=\"headline\"><a href=\"https:\/\/www.curierul.ro\/patru-tineri-au-impartit-pumni-si-picioare-politistii-catuse\/\">Patru tineri au \u00eemp\u0103r\u021bit pumni \u0219i picioare, poli\u021bi\u0219tii c\u0103tu\u0219e\u2026<\/a><\/p>\n<\/article>\n<article id=\"related-195871\" class=\"story post-195871 post type-post status-publish format-standard has-post-thumbnail hentry category-ceasul-rau category-jandarmerie category-social tag-artificii tag-dragasani-2 tag-ilegal tag-petarde tag-vandute\">\n<div class=\"photo\"><img decoding=\"async\" width=\"735\" height=\"440\" src=\"https:\/\/analyse.optim.biz\/wp-content\/uploads\/2026\/01\/poza-tomberon-3.jpeg\" class=\"attachment-giornalismo-single size-giornalismo-single wp-post-image\" loading=\"lazy\" title=\"poza-tomberon-3\"><\/div>\n<p class=\"headline\"><a href=\"https:\/\/www.curierul.ro\/artificii-la-tomberon-jandarmii-valceni-au-confiscat-mii-de-petarde-vandute-ilegal-in-dragasani\/\">Artificii\u2026 la tomberon. Jandarmii v\u00e2lceni au confiscat mii de petarde v\u00e2ndute ilegal \u00een Dr\u0103g\u0103\u0219ani<\/a><\/p>\n<\/article>\n<p> Source URL: https:\/\/www.curierul.ro\/perchezitii-la-madulari-doua-arme-si-peste-2000-de-proiectile-din-metal-si-plastic-au-fost-confiscate\/<\/p>\n","protected":false},"excerpt":{"rendered":"<p>Home Ceasul rau Perchezi\u021bii la M\u0103dulari. Dou\u0103 arme \u0219i peste 2000 de proiectile din metal \u0219i plastic au fost confiscate Perchezi\u021bii la M\u0103dulari. Dou\u0103 arme \u0219i peste 2000 de proiectile din metal \u0219i plastic au fost confiscate Scris deCurierul de Valcea, 10 ianuarie 2026 \u00cen diminea\u021ba zilei de 9 ianuarie 2026, poli\u021bi\u0219tii din cadrul Inspectoratului [&hellip;]<\/p>\n","protected":false},"author":1,"featured_media":1311497,"comment_status":"open","ping_status":"","sticky":false,"template":"","format":"standard","meta":{"footnotes":""},"categories":[89],"tags":[213],"class_list":["post-1311496","post","type-post","status-publish","format-standard","has-post-thumbnail","hentry","category-romania","tag-curierul-ro"],"_links":{"self":[{"href":"https:\/\/analyse.optim.biz\/index.php?rest_route=\/wp\/v2\/posts\/1311496","targetHints":{"allow":["GET"]}}],"collection":[{"href":"https:\/\/analyse.optim.biz\/index.php?rest_route=\/wp\/v2\/posts"}],"about":[{"href":"https:\/\/analyse.optim.biz\/index.php?rest_route=\/wp\/v2\/types\/post"}],"author":[{"embeddable":true,"href":"https:\/\/analyse.optim.biz\/index.php?rest_route=\/wp\/v2\/users\/1"}],"replies":[{"embeddable":true,"href":"https:\/\/analyse.optim.biz\/index.php?rest_route=%2Fwp%2Fv2%2Fcomments&post=1311496"}],"version-history":[{"count":0,"href":"https:\/\/analyse.optim.biz\/index.php?rest_route=\/wp\/v2\/posts\/1311496\/revisions"}],"wp:featuredmedia":[{"embeddable":true,"href":"https:\/\/analyse.optim.biz\/index.php?rest_route=\/wp\/v2\/media\/1311497"}],"wp:attachment":[{"href":"https:\/\/analyse.optim.biz\/index.php?rest_route=%2Fwp%2Fv2%2Fmedia&parent=1311496"}],"wp:term":[{"taxonomy":"category","embeddable":true,"href":"https:\/\/analyse.optim.biz\/index.php?rest_route=%2Fwp%2Fv2%2Fcategories&post=1311496"},{"taxonomy":"post_tag","embeddable":true,"href":"https:\/\/analyse.optim.biz\/index.php?rest_route=%2Fwp%2Fv2%2Ftags&post=1311496"}],"curies":[{"name":"wp","href":"https:\/\/api.w.org\/{rel}","templated":true}]}}