{"id":1311455,"date":"2026-01-12T05:30:00","date_gmt":"2026-01-12T02:30:00","guid":{"rendered":"https:\/\/analyse.optim.biz\/?p=1311455"},"modified":"2026-01-12T05:30:00","modified_gmt":"2026-01-12T02:30:00","slug":"cas-valcea-vrea-sa-ajunga-cu-plata-concediilor-medicale-la-zi","status":"publish","type":"post","link":"https:\/\/analyse.optim.biz\/?p=1311455","title":{"rendered":"CAS V\u00e2lcea vrea s\u0103 ajung\u0103 cu plata concediilor medicale la zi"},"content":{"rendered":"<article id=\"195923\" class=\"post-195923 post type-post status-publish format-standard has-post-thumbnail hentry category-headlines category-sanatate category-social tag-cas-valcea-2 tag-concedii-medicale tag-plata-2\">\n<header class=\"post-header\">\n<ul class=\"breadcrumbs\">\n<li><a href=\"https:\/\/www.curierul.ro\">Home<\/a><\/li>\n<li class=\"breadcrumbs-active .category-headlines\"><a href=\"https:\/\/www.curierul.ro\/index.php?cat=19\">Headlines<\/a><\/li>\n<li class=\"breadcrumbs-active .category-headlines\">CAS V\u00e2lcea vrea s\u0103 ajung\u0103 cu plata concediilor medicale la zi<\/li>\n<\/ul>\n<div class=\"featured-photo\"><img loading=\"lazy\" decoding=\"async\" width=\"1920\" height=\"1080\" src=\"https:\/\/analyse.optim.biz\/wp-content\/uploads\/2026\/01\/cas-valcea-1-10.jpg\" class=\"attachment-single size-single wp-post-image\" title=\"cas-valcea-1-10\"><\/div>\n<h1 class=\"headline\">CAS V\u00e2lcea vrea s\u0103 ajung\u0103 cu plata concediilor medicale la zi<\/h1>\n<p class=\"byline\">\n\t\tScris de<a href=\"https:\/\/www.curierul.ro\/author\/alin\/\">Alin Emilian Tudoroiu<\/a>, \t\t12 ianuarie 2026\t\t\t\t<\/p>\n<hr>\n<\/header>\n<div class=\"x14z9mp xat24cr x1lziwak x1vvkbs xtlvy1s x126k92a\">\n<div dir=\"auto\">\u00cen ultima decad\u0103 a lunii decembrie 2025, premierul Ilie Bolojan a alocat aproape 2 miliarde lei, din fondul de rezerv\u0103 bugetar\u0103, pentru Fondul Na\u021bional Unic de Asigur\u0103ri Sociale de S\u0103n\u0103tate (FNUASS). <span class=\"html-span xexx8yu xyri2b x18d9i69 x1c1uobl x1hl2dhg x16tdsg8 x1vvkbs x3nfvp2 x1j61x8r x1fcty0u xdj266r xat24cr xm2jcoa x1mpyi22 xxymvpz xlup9mm x1kky2od\"><span>Din aceast\u0103 sum\u0103, 964 milioane lei au fost direc\u021biona\u021bi c\u0103tre cheltuieli medicale \u2013 bunuri \u0219i servicii, ceea ce \u00eenseamn\u0103 un sprijin uria\u0219 pentru Casa Na\u021bional\u0103 de Asigur\u0103ri de S\u0103n\u0103tate (CNAS), pentru c\u0103 s-au putut pl\u0103ti toate medicamentele, cu \u0219i f\u0103r\u0103 contribu\u021bie personal\u0103 \u0219i toate serviciile medicale, la zi.<\/span><\/span><\/div>\n<\/div>\n<div class=\"x14z9mp xat24cr x1lziwak x1vvkbs xtlvy1s x126k92a\">\n<div dir=\"auto\">\u00cen acela\u0219i timp, cu 1 miliard lei a fost acoperit deficitul rezultat din aplicarea prevederilor legale referitoare la concediile medicale \u0219i indemniza\u021biile de asigur\u0103ri sociale de s\u0103n\u0103tate. Aceasta este garan\u021bia c\u0103 angajatorii care au pl\u0103tit concediile medicale din fonduri proprii \u00ee\u0219i primesc decontarea sumelor respective. <span>Interven\u021bia direct\u0103 din fondul de rezerv\u0103 bugetar\u0103 la dispozi\u021bia Guvernului a asigurat stabilitate \u00een func\u021bionarea sistemului public de s\u0103n\u0103tate, cu beneficii concrete at\u00e2t pentru pacien\u021bi, c\u00e2t \u0219i pentru personalul medical \u0219i spitale.<\/span><\/div>\n<\/div>\n<div class=\"x14z9mp xat24cr x1lziwak x1vvkbs xtlvy1s x126k92a\">\n<div dir=\"auto\"><span>\u00cen acest context, CAS V\u00e2lcea a reu\u0219it s\u0103 realizeze pl\u0103\u021bi ale concediilor medicale restante. \u00cen luna decembrie 2025, s-au f\u0103cut pl\u0103\u021bi pana la luna mai inclusiv, reduc\u00e2ndu-se \u00eent\u00e2rzierea de la aproape un an \u0219i jum\u0103tate, la 6-7 luni. Reprezentan\u021bii CAS V\u00e2lcea au f\u0103cut toate demersurile necesare pentru a se ajunge cu pl\u0103\u021bile la zi, adic\u0103 \u00een ianuarie sa se fac\u0103 plata inclusiv pentru decembrie 2025. Sper\u0103m ca ini\u021biativa lor s\u0103 se concretizeze. Cum avem nout\u0103\u021bi, le \u00eemp\u0103rt\u0103\u0219im imediat \u0219i cu dumneavoastr\u0103.<\/span><\/div>\n<\/div>\n<div class=\"sharedaddy sd-sharing-enabled\">\n<div class=\"robots-nocontent sd-block sd-social sd-social-official sd-sharing\">\n<h3 class=\"sd-title\">Distribuie pe:<\/h3>\n<div class=\"sd-content\">\n<ul>\n<li class=\"share-facebook\">\n<li class=\"share-twitter\"><a href=\"https:\/\/twitter.com\/share\" class=\"twitter-share-button\" data-url=\"https:\/\/www.curierul.ro\/cas-valcea-vrea-sa-ajunga-cu-plata-concediilor-medicale-la-zi\/\" data-text=\"CAS V\u00e2lcea vrea s\u0103 ajung\u0103 cu plata concediilor medicale la zi\" data-via=\"curierulvl\">Tweet<\/a><\/li>\n<li class=\"share-jetpack-whatsapp\"><a rel=\"nofollow noopener noreferrer\" data-shared=\"sharing-whatsapp-195923\" class=\"share-jetpack-whatsapp sd-button\" href=\"https:\/\/www.curierul.ro\/cas-valcea-vrea-sa-ajunga-cu-plata-concediilor-medicale-la-zi\/?share=jetpack-whatsapp\" target=\"_blank\" aria-labelledby=\"sharing-whatsapp-195923\"><span id=\"sharing-whatsapp-195923\" hidden>D\u0103 clic pentru partajare pe WhatsApp(Se deschide \u00eentr-o fereastr\u0103 nou\u0103)<\/span><span>WhatsApp<\/span><\/a><\/li>\n<li><a href=\"https:\/\/www.curierul.ro\/cas-valcea-vrea-sa-ajunga-cu-plata-concediilor-medicale-la-zi\/\" class=\"sharing-anchor sd-button share-more\"><span>Mai mult<\/span><\/a><\/li>\n<li class=\"share-end\"><\/ul>\n<div class=\"sharing-hidden\">\n<div class=\"inner\">\n<ul>\n<li class=\"share-email\"><a rel=\"nofollow noopener noreferrer\" data-shared=\"sharing-email-195923\" class=\"share-email sd-button\" href=\"mailto:?subject=%5BArticol%20partajat%5D%20CAS%20V%C3%A2lcea%20vrea%20s%C4%83%20ajung%C4%83%20cu%20plata%20concediilor%20medicale%20la%20zi&amp;body=https%3A%2F%2Fwww.curierul.ro%2Fcas-valcea-vrea-sa-ajunga-cu-plata-concediilor-medicale-la-zi%2F&amp;share=email\" target=\"_blank\" aria-labelledby=\"sharing-email-195923\" data-email-share-error-title=\"\u021ai-ai configurat emailul?\" data-email-share-error-text=\"Dac\u0103 ai probleme la partajarea prin email, probabil nu ai configurat emailul pentru navigator. Poate trebuie s\u0103 creezi singur un email nou.\" data-email-share-nonce=\"9b144aa3d6\" data-email-share-track-url=\"https:\/\/www.curierul.ro\/cas-valcea-vrea-sa-ajunga-cu-plata-concediilor-medicale-la-zi\/?share=email\"><span id=\"sharing-email-195923\" hidden>D\u0103 clic pentru a trimite o leg\u0103tur\u0103 prin email unui prieten(Se deschide \u00eentr-o fereastr\u0103 nou\u0103)<\/span><span>Email<\/span><\/a><\/li>\n<li class=\"share-print\"><a rel=\"nofollow noopener noreferrer\" data-shared=\"sharing-print-195923\" class=\"share-print sd-button\" href=\"https:\/\/www.curierul.ro\/cas-valcea-vrea-sa-ajunga-cu-plata-concediilor-medicale-la-zi\/#print?share=print\" target=\"_blank\" aria-labelledby=\"sharing-print-195923\"><span id=\"sharing-print-195923\" hidden>D\u0103 clic pentru a imprima(Se deschide \u00eentr-o fereastr\u0103 nou\u0103)<\/span><span>Imprimare<\/span><\/a><\/li>\n<li class=\"share-end\"><\/ul>\n<\/div>\n<\/div>\n<\/div>\n<\/div>\n<\/div>\n<div id=\"jp-relatedposts\" class=\"jp-relatedposts\">\n<h3 class=\"jp-relatedposts-headline\"><em>Similare<\/em><\/h3>\n<\/div>\n<footer class=\"post-footer\">\n<p class=\"tags\"><strong>Tags: <\/strong><a href=\"https:\/\/www.curierul.ro\/tag\/cas-valcea-2\/\" rel=\"tag\">CAS V\u00e2lcea<\/a>, <a href=\"https:\/\/www.curierul.ro\/tag\/concedii-medicale\/\" rel=\"tag\">concedii medicale<\/a>, <a href=\"https:\/\/www.curierul.ro\/tag\/plata-2\/\" rel=\"tag\">plat\u0103<\/a><\/p>\n<div class=\"post-navigation clearfix\">\n<div class=\"previous-post\">\n<div class=\"featured-photo\"><img loading=\"lazy\" decoding=\"async\" width=\"1105\" height=\"368\" src=\"https:\/\/analyse.optim.biz\/wp-content\/uploads\/2026\/01\/img-20260110-wa0004-4.jpg\" class=\"attachment-post-thumbnail size-post-thumbnail wp-post-image\" title=\"img-20260110-wa0004-4\"><\/div>\n<p class=\"paginate-title\">\u00ab\u00ab <a href=\"https:\/\/www.curierul.ro\/a-treia-victorie-consecutiva-pentru-cs-valcea-in-liga-nationala-96-69-la-galati\/\" rel=\"prev\">A TREIA VICTORIE CONSECUTIV\u0102 PENTRU CS V\u00c2LCEA \u00ceN LIGA NA\u021aIONAL\u0102: 96-69 LA GALA\u021aI<\/a><\/p>\n<\/div>\n<div class=\"next-post\">\n<div class=\"featured-photo\"><img decoding=\"async\" width=\"530\" height=\"213\" src=\"https:\/\/analyse.optim.biz\/wp-content\/uploads\/2026\/01\/marius-carbunescu-1-42.jpg\" class=\"attachment-post-thumbnail size-post-thumbnail wp-post-image\" loading=\"lazy\" title=\"marius-carbunescu-1-42\"><\/div>\n<p class=\"paginate-title\"><a href=\"https:\/\/www.curierul.ro\/arbitrariul-cheremului\/\" rel=\"next\">Arbitrariul cheremului<\/a> \u00bb\u00bb<\/p>\n<\/div>\n<\/div>\n<div id=\"comments\" class=\"comments-area\">\n<div id=\"respond\" class=\"comment-respond\">\n<h3 id=\"reply-title\" class=\"comment-reply-title\">Po\u021bi comenta aici<small><a rel=\"nofollow\" id=\"cancel-comment-reply-link\" href=\"https:\/\/www.curierul.ro\/cas-valcea-vrea-sa-ajunga-cu-plata-concediilor-medicale-la-zi\/#respond\">Anuleaz\u0103 r\u0103spunsul<\/a><\/small><\/h3>\n<\/div>\n<p class=\"akismet_comment_form_privacy_notice\">Acest site folose\u0219te Akismet pentru a reduce spamul. <a href=\"https:\/\/akismet.com\/privacy\/\" target=\"_blank\" rel=\"nofollow noopener\">Afl\u0103 cum sunt procesate datele comentariilor tale<\/a>.<\/p>\n<\/div>\n<section class=\"related-stories\">\n<h2>Related Stories<\/h2>\n<div class=\"stories-container\">\n<article id=\"latest-195979\" class=\"story post-195979 post type-post status-publish format-standard has-post-thumbnail hentry category-sanatate category-social tag-asistenta-nedicala tag-cas-valcea-2 tag-deconteaza tag-servicii\">\n<div class=\"photo\"><img decoding=\"async\" width=\"735\" height=\"440\" src=\"https:\/\/analyse.optim.biz\/wp-content\/uploads\/2026\/01\/cas-valcea-1-10.jpg\" class=\"attachment-giornalismo-single size-giornalismo-single wp-post-image\" loading=\"lazy\" title=\"cas-valcea-1-10\"><\/div>\n<p class=\"headline\"><a href=\"https:\/\/www.curierul.ro\/13-domenii-de-asistenta-medicala-pentru-care-cas-valcea-deconteaza-serviciile-%f0%9f%91%87%f0%9f%8f%bb%f0%9f%91%87%f0%9f%8f%bb%f0%9f%91%87%f0%9f%8f%bb\/\">13 domenii de asisten\u021b\u0103 medical\u0103 pentru care CAS V\u00e2lcea deconteaz\u0103 serviciile \ud83d\udc47\ud83c\udffb\ud83d\udc47\ud83c\udffb\ud83d\udc47\ud83c\udffb<\/a><\/p>\n<\/article>\n<article id=\"latest-195831\" class=\"story post-195831 post type-post status-publish format-standard has-post-thumbnail hentry category-headlines category-sanatate category-social tag-carduri-de-sanatate tag-cas-valcea-2\">\n<div class=\"photo\"><img decoding=\"async\" width=\"735\" height=\"440\" src=\"https:\/\/analyse.optim.biz\/wp-content\/uploads\/2026\/01\/cas_dec-2025-e1766494466786-3.jpeg\" class=\"attachment-giornalismo-single size-giornalismo-single wp-post-image\" loading=\"lazy\" title=\"cas_dec-2025-e1766494466786-3\"><\/div>\n<p class=\"headline\"><a href=\"https:\/\/www.curierul.ro\/peste-4000-de-carduri-de-sanatate-abandonate-la-cas-valcea\/\">Peste 4000 de carduri de s\u0103n\u0103tate \u00ababandonate\u00bb la CAS V\u00e2lcea<\/a><\/p>\n<\/article>\n<article id=\"latest-195767\" class=\"story post-195767 post type-post status-publish format-standard has-post-thumbnail hentry category-headlines category-sanatate category-social tag-cas-valcea-2 tag-concedii-medicale tag-plata\">\n<div class=\"photo\"><img decoding=\"async\" width=\"735\" height=\"440\" src=\"https:\/\/analyse.optim.biz\/wp-content\/uploads\/2026\/01\/cas_dec-2025-e1766494466786-3.jpeg\" class=\"attachment-giornalismo-single size-giornalismo-single wp-post-image\" loading=\"lazy\" title=\"cas_dec-2025-e1766494466786-3\"><\/div>\n<p class=\"headline\"><a href=\"https:\/\/www.curierul.ro\/cas-valcea-vrea-sa-ajunga-cu-plata-concediilor-medicale-la-luna-aprilie-2025\/\">CAS V\u00e2lcea vrea s\u0103 ajung\u0103 cu plata concediilor medicale la luna aprilie 2025<\/a><\/p>\n<\/article>\n<\/div>\n<\/section>\n<section class=\"latest-category clearfix\">\n<h2 class=\"title\">More Stories From Headlines<\/h2>\n<div class=\"stories-container\">\n<article id=\"related-195998\" class=\"story post-195998 post type-post status-publish format-standard has-post-thumbnail hentry category-actualitate category-headlines category-zidezi tag-36-de-ani tag-aniversare tag-curierul-de-valcea\">\n<div class=\"photo\"><img decoding=\"async\" width=\"735\" height=\"440\" src=\"https:\/\/analyse.optim.biz\/wp-content\/uploads\/2026\/01\/cvl36-scaled-1-23.jpg\" class=\"attachment-giornalismo-single size-giornalismo-single wp-post-image\" loading=\"lazy\" title=\"cvl36-scaled-1-23\"><\/div>\n<p class=\"headline\"><a href=\"https:\/\/www.curierul.ro\/36-de-ani\/\">36 de ani<\/a><\/p>\n<\/article>\n<article id=\"related-195993\" class=\"story post-195993 post type-post status-publish format-standard has-post-thumbnail hentry category-handbal category-headlines category-sport\">\n<div class=\"photo\"><img decoding=\"async\" width=\"735\" height=\"440\" src=\"https:\/\/analyse.optim.biz\/wp-content\/uploads\/2026\/01\/img-20260118-wa0001.jpg\" class=\"attachment-giornalismo-single size-giornalismo-single wp-post-image\" loading=\"lazy\" title=\"img-20260118-wa0001\"><\/div>\n<p class=\"headline\"><a href=\"https:\/\/www.curierul.ro\/liga-florilor-valcea-braila-29-28-victorie-importanta-in-lupta-pentru-europa\/\">LIGA FLORILOR. V\u00c2LCEA \u2013 BR\u0102ILA 29-28. VICTORIE IMPORTANT\u0102 \u00ceN LUPTA PENTRU EUROPA<\/a><\/p>\n<\/article>\n<article id=\"related-195976\" class=\"story post-195976 post type-post status-publish format-standard has-post-thumbnail hentry category-actualitate category-headlines category-politica tag-casierii tag-imposite-locale tag-incasare tag-nord tag-ostroveni\">\n<div class=\"photo\"><img decoding=\"async\" width=\"735\" height=\"440\" src=\"https:\/\/analyse.optim.biz\/wp-content\/uploads\/2026\/01\/casierie-ostroveni-e1768573418313-25.jpg\" class=\"attachment-giornalismo-single size-giornalismo-single wp-post-image\" loading=\"lazy\" title=\"casierie-ostroveni-e1768573418313-25\"><\/div>\n<p class=\"headline\"><a href=\"https:\/\/www.curierul.ro\/de-astazi-casieriile-din-ostroveni-si-nord-dau-drumul-la-incasarea-impozitelor-locale\/\">De ast\u0103zi, casieriile din Ostroveni \u0219i Nord dau drumul la \u00eencasarea impozitelor locale<\/a><\/p>\n<\/article>\n<\/div>\n<\/section>\n<section class=\"author-bio clearfix\">\n<div class=\"mug-shot\"><img decoding=\"async\" src=\"https:\/\/analyse.optim.biz\/wp-content\/uploads\/2026\/01\/ae634844e12be63a4f063a6c7bef885da670fd420e0dedd39ed80eacd6e6979c-12.jpg\" class=\"avatar avatar-96 photo\" height=\"96\" width=\"96\" loading=\"lazy\" title=\"ae634844e12be63a4f063a6c7bef885da670fd420e0dedd39ed80eacd6e6979c-12\"><\/div>\n<div class=\"author-info\">\n<p class=\"title\">About Alin Emilian Tudoroiu, <\/p>\n<div class=\"author-social-area\"><a href=\"mailto:alintudoroiu@curierul.ro\"><span class=\"fal fa-envelope\"><span class=\"screen-reader-text\">Email the Author<\/span><\/span><\/a><\/div>\n<\/div>\n<\/section>\n<\/footer>\n<\/article>\n<article id=\"latest-195979\" class=\"story post-195979 post type-post status-publish format-standard has-post-thumbnail hentry category-sanatate category-social tag-asistenta-nedicala tag-cas-valcea-2 tag-deconteaza tag-servicii\">\n<div class=\"photo\"><img decoding=\"async\" width=\"735\" height=\"440\" src=\"https:\/\/analyse.optim.biz\/wp-content\/uploads\/2026\/01\/cas-valcea-1-10.jpg\" class=\"attachment-giornalismo-single size-giornalismo-single wp-post-image\" loading=\"lazy\" title=\"cas-valcea-1-10\"><\/div>\n<p class=\"headline\"><a href=\"https:\/\/www.curierul.ro\/13-domenii-de-asistenta-medicala-pentru-care-cas-valcea-deconteaza-serviciile-%f0%9f%91%87%f0%9f%8f%bb%f0%9f%91%87%f0%9f%8f%bb%f0%9f%91%87%f0%9f%8f%bb\/\">13 domenii de asisten\u021b\u0103 medical\u0103 pentru care CAS V\u00e2lcea deconteaz\u0103 serviciile \ud83d\udc47\ud83c\udffb\ud83d\udc47\ud83c\udffb\ud83d\udc47\ud83c\udffb<\/a><\/p>\n<\/article>\n<article id=\"latest-195831\" class=\"story post-195831 post type-post status-publish format-standard has-post-thumbnail hentry category-headlines category-sanatate category-social tag-carduri-de-sanatate tag-cas-valcea-2\">\n<div class=\"photo\"><img decoding=\"async\" width=\"735\" height=\"440\" src=\"https:\/\/analyse.optim.biz\/wp-content\/uploads\/2026\/01\/cas_dec-2025-e1766494466786-3.jpeg\" class=\"attachment-giornalismo-single size-giornalismo-single wp-post-image\" loading=\"lazy\" title=\"cas_dec-2025-e1766494466786-3\"><\/div>\n<p class=\"headline\"><a href=\"https:\/\/www.curierul.ro\/peste-4000-de-carduri-de-sanatate-abandonate-la-cas-valcea\/\">Peste 4000 de carduri de s\u0103n\u0103tate \u00ababandonate\u00bb la CAS V\u00e2lcea<\/a><\/p>\n<\/article>\n<article id=\"latest-195767\" class=\"story post-195767 post type-post status-publish format-standard has-post-thumbnail hentry category-headlines category-sanatate category-social tag-cas-valcea-2 tag-concedii-medicale tag-plata\">\n<div class=\"photo\"><img decoding=\"async\" width=\"735\" height=\"440\" src=\"https:\/\/analyse.optim.biz\/wp-content\/uploads\/2026\/01\/cas_dec-2025-e1766494466786-3.jpeg\" class=\"attachment-giornalismo-single size-giornalismo-single wp-post-image\" loading=\"lazy\" title=\"cas_dec-2025-e1766494466786-3\"><\/div>\n<p class=\"headline\"><a href=\"https:\/\/www.curierul.ro\/cas-valcea-vrea-sa-ajunga-cu-plata-concediilor-medicale-la-luna-aprilie-2025\/\">CAS V\u00e2lcea vrea s\u0103 ajung\u0103 cu plata concediilor medicale la luna aprilie 2025<\/a><\/p>\n<\/article>\n<article id=\"related-195998\" class=\"story post-195998 post type-post status-publish format-standard has-post-thumbnail hentry category-actualitate category-headlines category-zidezi tag-36-de-ani tag-aniversare tag-curierul-de-valcea\">\n<div class=\"photo\"><img decoding=\"async\" width=\"735\" height=\"440\" src=\"https:\/\/analyse.optim.biz\/wp-content\/uploads\/2026\/01\/cvl36-scaled-1-23.jpg\" class=\"attachment-giornalismo-single size-giornalismo-single wp-post-image\" loading=\"lazy\" title=\"cvl36-scaled-1-23\"><\/div>\n<p class=\"headline\"><a href=\"https:\/\/www.curierul.ro\/36-de-ani\/\">36 de ani<\/a><\/p>\n<\/article>\n<article id=\"related-195993\" class=\"story post-195993 post type-post status-publish format-standard has-post-thumbnail hentry category-handbal category-headlines category-sport\">\n<div class=\"photo\"><img decoding=\"async\" width=\"735\" height=\"440\" src=\"https:\/\/analyse.optim.biz\/wp-content\/uploads\/2026\/01\/img-20260118-wa0001.jpg\" class=\"attachment-giornalismo-single size-giornalismo-single wp-post-image\" loading=\"lazy\" title=\"img-20260118-wa0001\"><\/div>\n<p class=\"headline\"><a href=\"https:\/\/www.curierul.ro\/liga-florilor-valcea-braila-29-28-victorie-importanta-in-lupta-pentru-europa\/\">LIGA FLORILOR. V\u00c2LCEA \u2013 BR\u0102ILA 29-28. VICTORIE IMPORTANT\u0102 \u00ceN LUPTA PENTRU EUROPA<\/a><\/p>\n<\/article>\n<article id=\"related-195976\" class=\"story post-195976 post type-post status-publish format-standard has-post-thumbnail hentry category-actualitate category-headlines category-politica tag-casierii tag-imposite-locale tag-incasare tag-nord tag-ostroveni\">\n<div class=\"photo\"><img decoding=\"async\" width=\"735\" height=\"440\" src=\"https:\/\/analyse.optim.biz\/wp-content\/uploads\/2026\/01\/casierie-ostroveni-e1768573418313-25.jpg\" class=\"attachment-giornalismo-single size-giornalismo-single wp-post-image\" loading=\"lazy\" title=\"casierie-ostroveni-e1768573418313-25\"><\/div>\n<p class=\"headline\"><a href=\"https:\/\/www.curierul.ro\/de-astazi-casieriile-din-ostroveni-si-nord-dau-drumul-la-incasarea-impozitelor-locale\/\">De ast\u0103zi, casieriile din Ostroveni \u0219i Nord dau drumul la \u00eencasarea impozitelor locale<\/a><\/p>\n<\/article>\n<p> Source URL: https:\/\/www.curierul.ro\/cas-valcea-vrea-sa-ajunga-cu-plata-concediilor-medicale-la-zi\/<\/p>\n","protected":false},"excerpt":{"rendered":"<p>Home Headlines CAS V\u00e2lcea vrea s\u0103 ajung\u0103 cu plata concediilor medicale la zi CAS V\u00e2lcea vrea s\u0103 ajung\u0103 cu plata concediilor medicale la zi Scris deAlin Emilian Tudoroiu, 12 ianuarie 2026 \u00cen ultima decad\u0103 a lunii decembrie 2025, premierul Ilie Bolojan a alocat aproape 2 miliarde lei, din fondul de rezerv\u0103 bugetar\u0103, pentru Fondul Na\u021bional [&hellip;]<\/p>\n","protected":false},"author":1,"featured_media":1311463,"comment_status":"open","ping_status":"","sticky":false,"template":"","format":"standard","meta":{"footnotes":""},"categories":[89],"tags":[213],"class_list":["post-1311455","post","type-post","status-publish","format-standard","has-post-thumbnail","hentry","category-romania","tag-curierul-ro"],"_links":{"self":[{"href":"https:\/\/analyse.optim.biz\/index.php?rest_route=\/wp\/v2\/posts\/1311455","targetHints":{"allow":["GET"]}}],"collection":[{"href":"https:\/\/analyse.optim.biz\/index.php?rest_route=\/wp\/v2\/posts"}],"about":[{"href":"https:\/\/analyse.optim.biz\/index.php?rest_route=\/wp\/v2\/types\/post"}],"author":[{"embeddable":true,"href":"https:\/\/analyse.optim.biz\/index.php?rest_route=\/wp\/v2\/users\/1"}],"replies":[{"embeddable":true,"href":"https:\/\/analyse.optim.biz\/index.php?rest_route=%2Fwp%2Fv2%2Fcomments&post=1311455"}],"version-history":[{"count":0,"href":"https:\/\/analyse.optim.biz\/index.php?rest_route=\/wp\/v2\/posts\/1311455\/revisions"}],"wp:featuredmedia":[{"embeddable":true,"href":"https:\/\/analyse.optim.biz\/index.php?rest_route=\/wp\/v2\/media\/1311463"}],"wp:attachment":[{"href":"https:\/\/analyse.optim.biz\/index.php?rest_route=%2Fwp%2Fv2%2Fmedia&parent=1311455"}],"wp:term":[{"taxonomy":"category","embeddable":true,"href":"https:\/\/analyse.optim.biz\/index.php?rest_route=%2Fwp%2Fv2%2Fcategories&post=1311455"},{"taxonomy":"post_tag","embeddable":true,"href":"https:\/\/analyse.optim.biz\/index.php?rest_route=%2Fwp%2Fv2%2Ftags&post=1311455"}],"curies":[{"name":"wp","href":"https:\/\/api.w.org\/{rel}","templated":true}]}}