{"id":1311422,"date":"2026-01-14T10:00:00","date_gmt":"2026-01-14T07:00:00","guid":{"rendered":"https:\/\/analyse.optim.biz\/?p=1311422"},"modified":"2026-01-14T10:00:00","modified_gmt":"2026-01-14T07:00:00","slug":"sorin-parcalab-aduce-stand-up-comedy-de-top-la-ramnicu-valcea-o-seara-plina-de-rasete-si-energie-buna","status":"publish","type":"post","link":"https:\/\/analyse.optim.biz\/?p=1311422","title":{"rendered":"Sorin P\u00e2rc\u0103lab aduce stand-up comedy de top la R\u00e2mnicu V\u00e2lcea \u2013 o sear\u0103 plin\u0103 de r\u00e2sete \u0219i energie bun\u0103"},"content":{"rendered":"<article id=\"195955\" class=\"post-195955 post type-post status-publish format-standard has-post-thumbnail hentry category-eveniment-social category-social tag-ramnicu-valcea tag-rasete tag-seara tag-sorin-parcalab tag-stand-up-comedy\">\n<header class=\"post-header\">\n<ul class=\"breadcrumbs\">\n<li><a href=\"https:\/\/www.curierul.ro\">Home<\/a><\/li>\n<li class=\"breadcrumbs-active .category-eveniment-social\"><a href=\"https:\/\/www.curierul.ro\/index.php?cat=928\">Eveniment<\/a><\/li>\n<li class=\"breadcrumbs-active .category-eveniment-social\">Sorin P\u00e2rc\u0103lab aduce stand-up comedy de top la R\u00e2mnicu V\u00e2lcea \u2013 o sear\u0103 plin\u0103 de r\u00e2sete \u0219i energie bun\u0103<\/li>\n<\/ul>\n<div class=\"featured-photo\"><img loading=\"lazy\" decoding=\"async\" width=\"1080\" height=\"1350\" src=\"https:\/\/analyse.optim.biz\/wp-content\/uploads\/2026\/01\/sorin-p-1.jpeg\" class=\"attachment-single size-single wp-post-image\" title=\"sorin-p-1\"><\/div>\n<h1 class=\"headline\">Sorin P\u00e2rc\u0103lab aduce stand-up comedy de top la R\u00e2mnicu V\u00e2lcea \u2013 o sear\u0103 plin\u0103 de r\u00e2sete \u0219i energie bun\u0103<\/h1>\n<p class=\"byline\">\n\t\tScris de<a href=\"https:\/\/www.curierul.ro\/author\/curierul\/\">Curierul de Valcea<\/a>, \t\t14 ianuarie 2026\t\t\t\t<\/p>\n<hr>\n<\/header>\n<p>R\u00e2mnicu V\u00e2lcea, preg\u0103te\u0219te-te pentru o doz\u0103 serioas\u0103 de bun\u0103 dispozi\u021bie!\u00a0 Sorin P\u00e2rc\u0103lab, unul dintre cei mai aprecia\u021bi comedian\u021bi ai momentului, ajunge \u00een ora\u0219 cu un show de stand-up comedy care reune\u0219te cele mai bune \u0219i mai reu\u0219ite materiale din 2024 \u0219i 2025.<\/p>\n<p>Spectacolul promite o experien\u021b\u0103 autentic\u0103 de stand-up, cu glume testate, rafinate \u0219i aplaudate pe marile scene din \u021bar\u0103. Cu un stil energic, observa\u021bii savuroase \u0219i poante care lovesc direct \u00een realitatea de zi cu zi, Sorin P\u00e2rc\u0103lab garanteaz\u0103 hohote de r\u00e2s \u0219i o sear\u0103 memorabil\u0103 pentru to\u021bi cei prezen\u021bi.\u00a0<\/p>\n<p>Evenimentul este dedicat tuturor celor care vor s\u0103 se relaxeze, s\u0103 lase grijile deoparte \u0219i s\u0103 se bucure de o atmosfer\u0103 prietenoas\u0103, al\u0103turi de prieteni \u0219i oameni cu acela\u0219i chef de distrac\u021bie.\u00a0<\/p>\n<p><strong>Show-ul de stand-up comedy cu Sorin P\u00e2rc\u0103lab la R\u00e2mnicu V\u00e2lcea se anun\u021b\u0103 a fi unul dintre cele mai a\u0219teptate evenimente de divertisment ale perioadei, o invita\u021bie deschis\u0103 la r\u00e2s sincer \u0219i voie bun\u0103. Pentru iubitorii de stand-up comedy, acesta este evenimentul care nu trebuie ratat!<\/strong><\/p>\n<p><strong>Ne vedem pe 22 ianuarie, de la ora 18:00 si ora 21:00, la Aby Stage Bar!<\/strong><\/p>\n<div class=\"sharedaddy sd-sharing-enabled\">\n<div class=\"robots-nocontent sd-block sd-social sd-social-official sd-sharing\">\n<h3 class=\"sd-title\">Distribuie pe:<\/h3>\n<div class=\"sd-content\">\n<ul>\n<li class=\"share-facebook\">\n<li class=\"share-twitter\"><a href=\"https:\/\/twitter.com\/share\" class=\"twitter-share-button\" data-url=\"https:\/\/www.curierul.ro\/sorin-parcalab-aduce-stand-up-comedy-de-top-la-ramnicu-valcea-o-seara-plina-de-rasete-si-energie-buna\/\" data-text=\"Sorin P\u00e2rc\u0103lab aduce stand-up comedy de top la R\u00e2mnicu V\u00e2lcea \u2013 o sear\u0103 plin\u0103 de r\u00e2sete \u0219i energie bun\u0103\" data-via=\"curierulvl\">Tweet<\/a><\/li>\n<li class=\"share-jetpack-whatsapp\"><a rel=\"nofollow noopener noreferrer\" data-shared=\"sharing-whatsapp-195955\" class=\"share-jetpack-whatsapp sd-button\" href=\"https:\/\/www.curierul.ro\/sorin-parcalab-aduce-stand-up-comedy-de-top-la-ramnicu-valcea-o-seara-plina-de-rasete-si-energie-buna\/?share=jetpack-whatsapp\" target=\"_blank\" aria-labelledby=\"sharing-whatsapp-195955\"><span id=\"sharing-whatsapp-195955\" hidden>D\u0103 clic pentru partajare pe WhatsApp(Se deschide \u00eentr-o fereastr\u0103 nou\u0103)<\/span><span>WhatsApp<\/span><\/a><\/li>\n<li><a href=\"https:\/\/www.curierul.ro\/sorin-parcalab-aduce-stand-up-comedy-de-top-la-ramnicu-valcea-o-seara-plina-de-rasete-si-energie-buna\/\" class=\"sharing-anchor sd-button share-more\"><span>Mai mult<\/span><\/a><\/li>\n<li class=\"share-end\"><\/ul>\n<div class=\"sharing-hidden\">\n<div class=\"inner\">\n<ul>\n<li class=\"share-email\"><a rel=\"nofollow noopener noreferrer\" data-shared=\"sharing-email-195955\" class=\"share-email sd-button\" href=\"mailto:?subject=%5BArticol%20partajat%5D%20Sorin%20P%C3%A2rc%C4%83lab%20aduce%20stand-up%20comedy%20de%20top%20la%20R%C3%A2mnicu%20V%C3%A2lcea%20%E2%80%93%20o%20sear%C4%83%20plin%C4%83%20de%20r%C3%A2sete%20%C8%99i%20energie%20bun%C4%83&amp;body=https%3A%2F%2Fwww.curierul.ro%2Fsorin-parcalab-aduce-stand-up-comedy-de-top-la-ramnicu-valcea-o-seara-plina-de-rasete-si-energie-buna%2F&amp;share=email\" target=\"_blank\" aria-labelledby=\"sharing-email-195955\" data-email-share-error-title=\"\u021ai-ai configurat emailul?\" data-email-share-error-text=\"Dac\u0103 ai probleme la partajarea prin email, probabil nu ai configurat emailul pentru navigator. Poate trebuie s\u0103 creezi singur un email nou.\" data-email-share-nonce=\"0f63452268\" data-email-share-track-url=\"https:\/\/www.curierul.ro\/sorin-parcalab-aduce-stand-up-comedy-de-top-la-ramnicu-valcea-o-seara-plina-de-rasete-si-energie-buna\/?share=email\"><span id=\"sharing-email-195955\" hidden>D\u0103 clic pentru a trimite o leg\u0103tur\u0103 prin email unui prieten(Se deschide \u00eentr-o fereastr\u0103 nou\u0103)<\/span><span>Email<\/span><\/a><\/li>\n<li class=\"share-print\"><a rel=\"nofollow noopener noreferrer\" data-shared=\"sharing-print-195955\" class=\"share-print sd-button\" href=\"https:\/\/www.curierul.ro\/sorin-parcalab-aduce-stand-up-comedy-de-top-la-ramnicu-valcea-o-seara-plina-de-rasete-si-energie-buna\/#print?share=print\" target=\"_blank\" aria-labelledby=\"sharing-print-195955\"><span id=\"sharing-print-195955\" hidden>D\u0103 clic pentru a imprima(Se deschide \u00eentr-o fereastr\u0103 nou\u0103)<\/span><span>Imprimare<\/span><\/a><\/li>\n<li class=\"share-end\"><\/ul>\n<\/div>\n<\/div>\n<\/div>\n<\/div>\n<\/div>\n<div id=\"jp-relatedposts\" class=\"jp-relatedposts\">\n<h3 class=\"jp-relatedposts-headline\"><em>Similare<\/em><\/h3>\n<\/div>\n<footer class=\"post-footer\">\n<p class=\"tags\"><strong>Tags: <\/strong><a href=\"https:\/\/www.curierul.ro\/tag\/ramnicu-valcea\/\" rel=\"tag\">R\u00e2mnicu V\u00e2lcea<\/a>, <a href=\"https:\/\/www.curierul.ro\/tag\/rasete\/\" rel=\"tag\">r\u00e2sete<\/a>, <a href=\"https:\/\/www.curierul.ro\/tag\/seara\/\" rel=\"tag\">sear\u0103<\/a>, <a href=\"https:\/\/www.curierul.ro\/tag\/sorin-parcalab\/\" rel=\"tag\">Sorin P\u00e2rc\u0103lab<\/a>, <a href=\"https:\/\/www.curierul.ro\/tag\/stand-up-comedy\/\" rel=\"tag\">stand-up comedy<\/a><\/p>\n<div class=\"post-navigation clearfix\">\n<div class=\"previous-post\">\n<div class=\"featured-photo\"><img loading=\"lazy\" decoding=\"async\" width=\"1397\" height=\"666\" src=\"https:\/\/analyse.optim.biz\/wp-content\/uploads\/2026\/01\/def1-e1768378302671-6-23.jpg\" class=\"attachment-post-thumbnail size-post-thumbnail wp-post-image\" title=\"def1-e1768378302671-6-23\"><\/div>\n<p class=\"paginate-title\">\u00ab\u00ab <a href=\"https:\/\/www.curierul.ro\/ramnicul-a-inceput-incasarea-impozitelor-si-taxelor-locale-pentru-anul-2026\/\" rel=\"prev\">R\u00e2mnicul a \u00eenceput \u00eencasarea impozitelor \u0219i taxelor locale, pentru anul 2026<\/a><\/p>\n<\/div>\n<div class=\"next-post\">\n<div class=\"featured-photo\"><img decoding=\"async\" width=\"952\" height=\"705\" src=\"https:\/\/analyse.optim.biz\/wp-content\/uploads\/2026\/01\/fcpo-9.jpg\" class=\"attachment-post-thumbnail size-post-thumbnail wp-post-image\" loading=\"lazy\" title=\"fcpo-9\"><\/div>\n<p class=\"paginate-title\"><a href=\"https:\/\/www.curierul.ro\/liga-3-retrospectiva-anului-trecut-si-proiectie-pentru-2026-fc-pausesti-otasau-revelatia-seriei-6-intre-confimari-fotbalistice-si-proiecte-de-infrastructura-si-organizare\/\" rel=\"next\">LIGA 3. RETROSPECTIVA ANULUI TRECUT \u0218I PROIEC\u021aIE PENTRU 2026. FC P\u0102U\u0218E\u0218TI-OT\u0102S\u0102U, REVELA\u021aIA SERIEI 6, \u00ceNTRE CONFIM\u0102RI FOTBALISTICE \u0218I PROIECTE DE INFRASTRUCTUR\u0102 \u0218I ORGANIZARE<\/a> \u00bb\u00bb<\/p>\n<\/div>\n<\/div>\n<div id=\"comments\" class=\"comments-area\">\n<div id=\"respond\" class=\"comment-respond\">\n<h3 id=\"reply-title\" class=\"comment-reply-title\">Po\u021bi comenta aici<small><a rel=\"nofollow\" id=\"cancel-comment-reply-link\" href=\"https:\/\/www.curierul.ro\/sorin-parcalab-aduce-stand-up-comedy-de-top-la-ramnicu-valcea-o-seara-plina-de-rasete-si-energie-buna\/#respond\">Anuleaz\u0103 r\u0103spunsul<\/a><\/small><\/h3>\n<\/div>\n<p class=\"akismet_comment_form_privacy_notice\">Acest site folose\u0219te Akismet pentru a reduce spamul. <a href=\"https:\/\/akismet.com\/privacy\/\" target=\"_blank\" rel=\"nofollow noopener\">Afl\u0103 cum sunt procesate datele comentariilor tale<\/a>.<\/p>\n<\/div>\n<section class=\"related-stories\">\n<h2>Related Stories<\/h2>\n<div class=\"stories-container\">\n<article id=\"latest-195541\" class=\"story post-195541 post type-post status-publish format-standard has-post-thumbnail hentry category-abecedar category-politica tag-carol-i tag-copacelu-2 tag-mircia-gutau-2 tag-ramnicu-valcea tag-reabilitare tag-scoala-5\">\n<div class=\"photo\"><img decoding=\"async\" width=\"735\" height=\"440\" src=\"https:\/\/analyse.optim.biz\/wp-content\/uploads\/2026\/01\/scoala-copacelu-e1764842020653-2.jpg\" class=\"attachment-giornalismo-single size-giornalismo-single wp-post-image\" loading=\"lazy\" title=\"scoala-copacelu-e1764842020653-2\"><\/div>\n<p class=\"headline\"><a href=\"https:\/\/www.curierul.ro\/o-scoala-din-ramnicu-valcea-fondata-de-regele-carol-i-va-intra-in-reabilitare-%f0%9f%91%87%f0%9f%8f%bb%f0%9f%91%87%f0%9f%8f%bb%f0%9f%91%87%f0%9f%8f%bb\/\">O \u0219coala din R\u00e2mnicu V\u00e2lcea, fondat\u0103 de regele Carol I, va intra \u00een reabilitare \ud83d\udc47\ud83c\udffb\ud83d\udc47\ud83c\udffb\ud83d\udc47\ud83c\udffb<\/a><\/p>\n<\/article>\n<article id=\"latest-193504\" class=\"story post-193504 post type-post status-publish format-standard has-post-thumbnail hentry category-actualitate category-in-memoriam tag-a-pierdut tag-acsinte-gaspar tag-prieten tag-ramnicu-valcea\">\n<div class=\"photo\"><img decoding=\"async\" width=\"735\" height=\"440\" src=\"https:\/\/analyse.optim.biz\/wp-content\/uploads\/2026\/01\/gaspar1-e1748955306336.jpg\" class=\"attachment-giornalismo-single size-giornalismo-single wp-post-image\" loading=\"lazy\" title=\"gaspar1-e1748955306336\"><\/div>\n<p class=\"headline\"><a href=\"https:\/\/www.curierul.ro\/ramnicu-valcea-a-pierdut-astazi-un-mare-prieten-acsinte-gaspar\/\">R\u00e2mnicu V\u00e2lcea a pierdut ast\u0103zi un mare prieten \u2013 Acsinte Gaspar<\/a><\/p>\n<\/article>\n<article id=\"latest-193374\" class=\"story post-193374 post type-post status-publish format-standard has-post-thumbnail hentry category-actualitate category-cultura category-eveniment-social tag-craiova tag-gala-uniter tag-premii tag-ramnicu-valcea tag-teatrul-anton-pann\">\n<div class=\"photo\"><img decoding=\"async\" width=\"735\" height=\"440\" src=\"https:\/\/analyse.optim.biz\/wp-content\/uploads\/2026\/01\/uniter-gala-2.jpg\" class=\"attachment-giornalismo-single size-giornalismo-single wp-post-image\" loading=\"lazy\" title=\"uniter-gala-2\"><\/div>\n<p class=\"headline\"><a href=\"https:\/\/www.curierul.ro\/teatrul-anton-pann-din-ramnicu-valcea-din-nou-pe-scena-galei-premiilor-uniter-craiova-2025\/\">Teatrul Anton Pann din R\u00e2mnicu V\u00e2lcea din nou pe scena Galei Premiilor UNITER, Craiova 2025<\/a><\/p>\n<\/article>\n<\/div>\n<\/section>\n<section class=\"latest-category clearfix\">\n<h2 class=\"title\">More Stories From Eveniment<\/h2>\n<\/section>\n<section class=\"author-bio clearfix\">\n<div class=\"mug-shot\"><img decoding=\"async\" src=\"https:\/\/analyse.optim.biz\/wp-content\/uploads\/2026\/01\/2a58d181c1d85262357d59db6fc29158130ca794fc45057783762a4c0eb9167f-58.jpg\" class=\"avatar avatar-96 photo\" height=\"96\" width=\"96\" loading=\"lazy\" title=\"2a58d181c1d85262357d59db6fc29158130ca794fc45057783762a4c0eb9167f-58\"><\/div>\n<div class=\"author-info\">\n<p class=\"title\">About Curierul de Valcea, <\/p>\n<div class=\"author-social-area\"><a href=\"mailto:curierul@curierul.ro\"><span class=\"fal fa-envelope\"><span class=\"screen-reader-text\">Email the Author<\/span><\/span><\/a><\/div>\n<\/div>\n<\/section>\n<\/footer>\n<\/article>\n<article id=\"latest-195541\" class=\"story post-195541 post type-post status-publish format-standard has-post-thumbnail hentry category-abecedar category-politica tag-carol-i tag-copacelu-2 tag-mircia-gutau-2 tag-ramnicu-valcea tag-reabilitare tag-scoala-5\">\n<div class=\"photo\"><img decoding=\"async\" width=\"735\" height=\"440\" src=\"https:\/\/analyse.optim.biz\/wp-content\/uploads\/2026\/01\/scoala-copacelu-e1764842020653-2.jpg\" class=\"attachment-giornalismo-single size-giornalismo-single wp-post-image\" loading=\"lazy\" title=\"scoala-copacelu-e1764842020653-2\"><\/div>\n<p class=\"headline\"><a href=\"https:\/\/www.curierul.ro\/o-scoala-din-ramnicu-valcea-fondata-de-regele-carol-i-va-intra-in-reabilitare-%f0%9f%91%87%f0%9f%8f%bb%f0%9f%91%87%f0%9f%8f%bb%f0%9f%91%87%f0%9f%8f%bb\/\">O \u0219coala din R\u00e2mnicu V\u00e2lcea, fondat\u0103 de regele Carol I, va intra \u00een reabilitare \ud83d\udc47\ud83c\udffb\ud83d\udc47\ud83c\udffb\ud83d\udc47\ud83c\udffb<\/a><\/p>\n<\/article>\n<article id=\"latest-193504\" class=\"story post-193504 post type-post status-publish format-standard has-post-thumbnail hentry category-actualitate category-in-memoriam tag-a-pierdut tag-acsinte-gaspar tag-prieten tag-ramnicu-valcea\">\n<div class=\"photo\"><img decoding=\"async\" width=\"735\" height=\"440\" src=\"https:\/\/analyse.optim.biz\/wp-content\/uploads\/2026\/01\/gaspar1-e1748955306336.jpg\" class=\"attachment-giornalismo-single size-giornalismo-single wp-post-image\" loading=\"lazy\" title=\"gaspar1-e1748955306336\"><\/div>\n<p class=\"headline\"><a href=\"https:\/\/www.curierul.ro\/ramnicu-valcea-a-pierdut-astazi-un-mare-prieten-acsinte-gaspar\/\">R\u00e2mnicu V\u00e2lcea a pierdut ast\u0103zi un mare prieten \u2013 Acsinte Gaspar<\/a><\/p>\n<\/article>\n<article id=\"latest-193374\" class=\"story post-193374 post type-post status-publish format-standard has-post-thumbnail hentry category-actualitate category-cultura category-eveniment-social tag-craiova tag-gala-uniter tag-premii tag-ramnicu-valcea tag-teatrul-anton-pann\">\n<div class=\"photo\"><img decoding=\"async\" width=\"735\" height=\"440\" src=\"https:\/\/analyse.optim.biz\/wp-content\/uploads\/2026\/01\/uniter-gala-2.jpg\" class=\"attachment-giornalismo-single size-giornalismo-single wp-post-image\" loading=\"lazy\" title=\"uniter-gala-2\"><\/div>\n<p class=\"headline\"><a href=\"https:\/\/www.curierul.ro\/teatrul-anton-pann-din-ramnicu-valcea-din-nou-pe-scena-galei-premiilor-uniter-craiova-2025\/\">Teatrul Anton Pann din R\u00e2mnicu V\u00e2lcea din nou pe scena Galei Premiilor UNITER, Craiova 2025<\/a><\/p>\n<\/article>\n<p> Source URL: https:\/\/www.curierul.ro\/sorin-parcalab-aduce-stand-up-comedy-de-top-la-ramnicu-valcea-o-seara-plina-de-rasete-si-energie-buna\/<\/p>\n","protected":false},"excerpt":{"rendered":"<p>Home Eveniment Sorin P\u00e2rc\u0103lab aduce stand-up comedy de top la R\u00e2mnicu V\u00e2lcea \u2013 o sear\u0103 plin\u0103 de r\u00e2sete \u0219i energie bun\u0103 Sorin P\u00e2rc\u0103lab aduce stand-up comedy de top la R\u00e2mnicu V\u00e2lcea \u2013 o sear\u0103 plin\u0103 de r\u00e2sete \u0219i energie bun\u0103 Scris deCurierul de Valcea, 14 ianuarie 2026 R\u00e2mnicu V\u00e2lcea, preg\u0103te\u0219te-te pentru o doz\u0103 serioas\u0103 de [&hellip;]<\/p>\n","protected":false},"author":1,"featured_media":1311427,"comment_status":"open","ping_status":"","sticky":false,"template":"","format":"standard","meta":{"footnotes":""},"categories":[89],"tags":[213],"class_list":["post-1311422","post","type-post","status-publish","format-standard","has-post-thumbnail","hentry","category-romania","tag-curierul-ro"],"_links":{"self":[{"href":"https:\/\/analyse.optim.biz\/index.php?rest_route=\/wp\/v2\/posts\/1311422","targetHints":{"allow":["GET"]}}],"collection":[{"href":"https:\/\/analyse.optim.biz\/index.php?rest_route=\/wp\/v2\/posts"}],"about":[{"href":"https:\/\/analyse.optim.biz\/index.php?rest_route=\/wp\/v2\/types\/post"}],"author":[{"embeddable":true,"href":"https:\/\/analyse.optim.biz\/index.php?rest_route=\/wp\/v2\/users\/1"}],"replies":[{"embeddable":true,"href":"https:\/\/analyse.optim.biz\/index.php?rest_route=%2Fwp%2Fv2%2Fcomments&post=1311422"}],"version-history":[{"count":0,"href":"https:\/\/analyse.optim.biz\/index.php?rest_route=\/wp\/v2\/posts\/1311422\/revisions"}],"wp:featuredmedia":[{"embeddable":true,"href":"https:\/\/analyse.optim.biz\/index.php?rest_route=\/wp\/v2\/media\/1311427"}],"wp:attachment":[{"href":"https:\/\/analyse.optim.biz\/index.php?rest_route=%2Fwp%2Fv2%2Fmedia&parent=1311422"}],"wp:term":[{"taxonomy":"category","embeddable":true,"href":"https:\/\/analyse.optim.biz\/index.php?rest_route=%2Fwp%2Fv2%2Fcategories&post=1311422"},{"taxonomy":"post_tag","embeddable":true,"href":"https:\/\/analyse.optim.biz\/index.php?rest_route=%2Fwp%2Fv2%2Ftags&post=1311422"}],"curies":[{"name":"wp","href":"https:\/\/api.w.org\/{rel}","templated":true}]}}