{"id":1311298,"date":"2025-12-23T07:25:22","date_gmt":"2025-12-23T04:25:22","guid":{"rendered":"https:\/\/analyse.optim.biz\/?p=1311298"},"modified":"2025-12-23T07:25:22","modified_gmt":"2025-12-23T04:25:22","slug":"dupa-craciun-pnl-organizeaza-cupa-i-g-duca-la-tenis-de-masa","status":"publish","type":"post","link":"https:\/\/analyse.optim.biz\/?p=1311298","title":{"rendered":"Dup\u0103 Cr\u0103ciun, PNL organizeaz\u0103 Cupa I.G. Duca, la tenis de mas\u0103"},"content":{"rendered":"<article id=\"195820\" class=\"post-195820 post type-post status-publish format-standard has-post-thumbnail hentry category-actualitate\">\n<header class=\"post-header\">\n<ul class=\"breadcrumbs\">\n<li><a href=\"https:\/\/www.curierul.ro\">Home<\/a><\/li>\n<li class=\"breadcrumbs-active .category-actualitate\"><a href=\"https:\/\/www.curierul.ro\/index.php?cat=1615\">Actualitate<\/a><\/li>\n<li class=\"breadcrumbs-active .category-actualitate\">Dup\u0103 Cr\u0103ciun, PNL organizeaz\u0103 Cupa I.G. Duca, la tenis de mas\u0103<\/li>\n<\/ul>\n<div class=\"featured-photo\"><img loading=\"lazy\" decoding=\"async\" width=\"1334\" height=\"346\" src=\"https:\/\/analyse.optim.biz\/wp-content\/uploads\/2026\/01\/tenis-1-e1766474522899-2.jpeg\" class=\"attachment-single size-single wp-post-image\" title=\"tenis-1-e1766474522899-2\"><\/div>\n<h1 class=\"headline\">Dup\u0103 Cr\u0103ciun, PNL organizeaz\u0103 Cupa I.G. Duca, la tenis de mas\u0103<\/h1>\n<p class=\"byline\">\n\t\tScris de<a href=\"https:\/\/www.curierul.ro\/author\/alin\/\">Alin Emilian Tudoroiu<\/a>, \t\t23 decembrie 2025\t\t\t\t<\/p>\n<hr>\n<\/header>\n<p>Filiala PNL Valcea informeaz\u0103 ca \u00een seria activit\u0103\u021bilor dedicate comemor\u0103rii a 92 ani de la asasinarea marelui om politic liberal, I.G. Duca, fost prim ministru al Romaniei, va organiza, si anul acesta, Cupa I.G. Duc\u0103 la tenis de masa. Ajunsa la editia a XV-a, traditionala competitie este programata a se desf\u0103\u0219ura Duminica, 28 Decembrie 2025, \u00eencep\u00e2nd cu ora 10:00, la sala de sport a Prim\u0103riei, din Ostroveni ( fostul punct termic de pe Aleea Panselutelor). Competi\u021bia cuprinde doua categorii: masculin 16-80 ani (peste 80 ani doar cu aviz medical) si copii 9-15 ani. Se acorda ca \u0219i la edi\u021biile precedente, premii \u00een natura \u0219i bani. \u00censcrierile in competitie se pot face la secretariatul PNL \u0219i\/sau la numarul 0746 018 990. Va a\u0219tept\u0103m!<\/p>\n<p><img loading=\"lazy\" decoding=\"async\" class=\"aligncenter wp-image-195822 size-full\" src=\"https:\/\/analyse.optim.biz\/wp-content\/uploads\/2026\/01\/tenis-bun.jpg\" width=\"1600\" height=\"1200\" title=\"tenis-bun\"><\/p>\n<div class=\"sharedaddy sd-sharing-enabled\">\n<div class=\"robots-nocontent sd-block sd-social sd-social-official sd-sharing\">\n<h3 class=\"sd-title\">Distribuie pe:<\/h3>\n<div class=\"sd-content\">\n<ul>\n<li class=\"share-facebook\">\n<li class=\"share-twitter\"><a href=\"https:\/\/twitter.com\/share\" class=\"twitter-share-button\" data-url=\"https:\/\/www.curierul.ro\/dupa-craciun-pnl-organizeaza-cupa-i-g-duca-la-tenis-de-masa\/\" data-text=\"Dup\u0103 Cr\u0103ciun, PNL organizeaz\u0103 Cupa I.G. Duca, la tenis de mas\u0103\" data-via=\"curierulvl\">Tweet<\/a><\/li>\n<li class=\"share-jetpack-whatsapp\"><a rel=\"nofollow noopener noreferrer\" data-shared=\"sharing-whatsapp-195820\" class=\"share-jetpack-whatsapp sd-button\" href=\"https:\/\/www.curierul.ro\/dupa-craciun-pnl-organizeaza-cupa-i-g-duca-la-tenis-de-masa\/?share=jetpack-whatsapp\" target=\"_blank\" aria-labelledby=\"sharing-whatsapp-195820\"><span id=\"sharing-whatsapp-195820\" hidden>D\u0103 clic pentru partajare pe WhatsApp(Se deschide \u00eentr-o fereastr\u0103 nou\u0103)<\/span><span>WhatsApp<\/span><\/a><\/li>\n<li><a href=\"https:\/\/www.curierul.ro\/dupa-craciun-pnl-organizeaza-cupa-i-g-duca-la-tenis-de-masa\/\" class=\"sharing-anchor sd-button share-more\"><span>Mai mult<\/span><\/a><\/li>\n<li class=\"share-end\"><\/ul>\n<div class=\"sharing-hidden\">\n<div class=\"inner\">\n<ul>\n<li class=\"share-email\"><a rel=\"nofollow noopener noreferrer\" data-shared=\"sharing-email-195820\" class=\"share-email sd-button\" href=\"mailto:?subject=%5BArticol%20partajat%5D%20Dup%C4%83%20Cr%C4%83ciun%2C%20PNL%20organizeaz%C4%83%20Cupa%20I.G.%20Duca%2C%20la%20tenis%20de%20mas%C4%83&amp;body=https%3A%2F%2Fwww.curierul.ro%2Fdupa-craciun-pnl-organizeaza-cupa-i-g-duca-la-tenis-de-masa%2F&amp;share=email\" target=\"_blank\" aria-labelledby=\"sharing-email-195820\" data-email-share-error-title=\"\u021ai-ai configurat emailul?\" data-email-share-error-text=\"Dac\u0103 ai probleme la partajarea prin email, probabil nu ai configurat emailul pentru navigator. Poate trebuie s\u0103 creezi singur un email nou.\" data-email-share-nonce=\"922c9c5a5e\" data-email-share-track-url=\"https:\/\/www.curierul.ro\/dupa-craciun-pnl-organizeaza-cupa-i-g-duca-la-tenis-de-masa\/?share=email\"><span id=\"sharing-email-195820\" hidden>D\u0103 clic pentru a trimite o leg\u0103tur\u0103 prin email unui prieten(Se deschide \u00eentr-o fereastr\u0103 nou\u0103)<\/span><span>Email<\/span><\/a><\/li>\n<li class=\"share-print\"><a rel=\"nofollow noopener noreferrer\" data-shared=\"sharing-print-195820\" class=\"share-print sd-button\" href=\"https:\/\/www.curierul.ro\/dupa-craciun-pnl-organizeaza-cupa-i-g-duca-la-tenis-de-masa\/#print?share=print\" target=\"_blank\" aria-labelledby=\"sharing-print-195820\"><span id=\"sharing-print-195820\" hidden>D\u0103 clic pentru a imprima(Se deschide \u00eentr-o fereastr\u0103 nou\u0103)<\/span><span>Imprimare<\/span><\/a><\/li>\n<li class=\"share-end\"><\/ul>\n<\/div>\n<\/div>\n<\/div>\n<\/div>\n<\/div>\n<div id=\"jp-relatedposts\" class=\"jp-relatedposts\">\n<h3 class=\"jp-relatedposts-headline\"><em>Similare<\/em><\/h3>\n<\/div>\n<footer class=\"post-footer\">\n<div class=\"post-navigation clearfix\">\n<div class=\"previous-post\">\n<div class=\"featured-photo\"><img decoding=\"async\" width=\"800\" height=\"445\" src=\"https:\/\/analyse.optim.biz\/wp-content\/uploads\/2026\/01\/ajofm-locuri-de-munca-10.jpg\" class=\"attachment-post-thumbnail size-post-thumbnail wp-post-image\" loading=\"lazy\" title=\"ajofm-locuri-de-munca-10\"><\/div>\n<p class=\"paginate-title\">\u00ab\u00ab <a href=\"https:\/\/www.curierul.ro\/483-locuri-de-munca-vacante-in-judetul-valcea\/\" rel=\"prev\">483 locuri de munc\u0103 vacante, \u00een jude\u021bul V\u00e2lcea<\/a><\/p>\n<\/div>\n<div class=\"next-post\">\n<div class=\"featured-photo\"><img decoding=\"async\" width=\"1428\" height=\"706\" src=\"https:\/\/analyse.optim.biz\/wp-content\/uploads\/2026\/01\/scoala-teodor-balasel-e1766488475200-4.jpg\" class=\"attachment-post-thumbnail size-post-thumbnail wp-post-image\" loading=\"lazy\" title=\"scoala-teodor-balasel-e1766488475200-4\"><\/div>\n<p class=\"paginate-title\"><a href=\"https:\/\/www.curierul.ro\/omv-sustine-invatamantul-din-stefanesti\/\" rel=\"next\">OMV sus\u021bine \u00eenv\u0103t\u0103m\u00e2ntul din \u0218tef\u0103ne\u0219ti<\/a> \u00bb\u00bb<\/p>\n<\/div>\n<\/div>\n<div id=\"comments\" class=\"comments-area\">\n<div id=\"respond\" class=\"comment-respond\">\n<h3 id=\"reply-title\" class=\"comment-reply-title\">Po\u021bi comenta aici<small><a rel=\"nofollow\" id=\"cancel-comment-reply-link\" href=\"https:\/\/www.curierul.ro\/dupa-craciun-pnl-organizeaza-cupa-i-g-duca-la-tenis-de-masa\/#respond\">Anuleaz\u0103 r\u0103spunsul<\/a><\/small><\/h3>\n<\/div>\n<p class=\"akismet_comment_form_privacy_notice\">Acest site folose\u0219te Akismet pentru a reduce spamul. <a href=\"https:\/\/akismet.com\/privacy\/\" target=\"_blank\" rel=\"nofollow noopener\">Afl\u0103 cum sunt procesate datele comentariilor tale<\/a>.<\/p>\n<\/div>\n<section class=\"latest-category clearfix\">\n<h2 class=\"title\">More Stories From Actualitate<\/h2>\n<div class=\"stories-container\">\n<article id=\"related-195998\" class=\"story post-195998 post type-post status-publish format-standard has-post-thumbnail hentry category-actualitate category-headlines category-zidezi tag-36-de-ani tag-aniversare tag-curierul-de-valcea\">\n<div class=\"photo\"><img decoding=\"async\" width=\"735\" height=\"440\" src=\"https:\/\/analyse.optim.biz\/wp-content\/uploads\/2026\/01\/cvl36-scaled-1-19.jpg\" class=\"attachment-giornalismo-single size-giornalismo-single wp-post-image\" loading=\"lazy\" title=\"cvl36-scaled-1-19\"><\/div>\n<p class=\"headline\"><a href=\"https:\/\/www.curierul.ro\/36-de-ani\/\">36 de ani<\/a><\/p>\n<\/article>\n<article id=\"related-195985\" class=\"story post-195985 post type-post status-publish format-standard has-post-thumbnail hentry category-actualitate category-cultura tag-europa tag-europe-direct-valcea tag-nou-mandat tag-valcea-2\">\n<div class=\"photo\"><img decoding=\"async\" width=\"735\" height=\"440\" src=\"https:\/\/analyse.optim.biz\/wp-content\/uploads\/2026\/01\/dana-1-36.jpeg\" class=\"attachment-giornalismo-single size-giornalismo-single wp-post-image\" loading=\"lazy\" title=\"dana-1-36\"><\/div>\n<p class=\"headline\"><a href=\"https:\/\/www.curierul.ro\/valcea-e-in-europa-europa-e-la-valcea-un-nou-mandat-europe-direct\/\">V\u00e2lcea e \u00een EuROpa. EUropa e la V\u00e2lcea.       Un nou mandat EUROPE DIRECT<\/a><\/p>\n<\/article>\n<article id=\"related-195983\" class=\"story post-195983 post type-post status-publish format-standard has-post-thumbnail hentry category-actualitate category-fraze tag-dilema tag-groenlandez tag-marius-carbunescu-2\">\n<div class=\"photo\"><img decoding=\"async\" width=\"530\" height=\"213\" src=\"https:\/\/analyse.optim.biz\/wp-content\/uploads\/2026\/01\/marius-carbunescu-1-38.jpg\" class=\"attachment-giornalismo-single size-giornalismo-single wp-post-image\" loading=\"lazy\" title=\"marius-carbunescu-1-38\"><\/div>\n<p class=\"headline\"><a href=\"https:\/\/www.curierul.ro\/dilema-groenlandezului\/\">Dilema groenlandezului<\/a><\/p>\n<\/article>\n<\/div>\n<\/section>\n<section class=\"author-bio clearfix\">\n<div class=\"mug-shot\"><img decoding=\"async\" src=\"https:\/\/analyse.optim.biz\/wp-content\/uploads\/2026\/01\/ae634844e12be63a4f063a6c7bef885da670fd420e0dedd39ed80eacd6e6979c-11.jpg\" class=\"avatar avatar-96 photo\" height=\"96\" width=\"96\" loading=\"lazy\" title=\"ae634844e12be63a4f063a6c7bef885da670fd420e0dedd39ed80eacd6e6979c-11\"><\/div>\n<div class=\"author-info\">\n<p class=\"title\">About Alin Emilian Tudoroiu, <\/p>\n<div class=\"author-social-area\"><a href=\"mailto:alintudoroiu@curierul.ro\"><span class=\"fal fa-envelope\"><span class=\"screen-reader-text\">Email the Author<\/span><\/span><\/a><\/div>\n<\/div>\n<\/section>\n<\/footer>\n<\/article>\n<article id=\"related-195998\" class=\"story post-195998 post type-post status-publish format-standard has-post-thumbnail hentry category-actualitate category-headlines category-zidezi tag-36-de-ani tag-aniversare tag-curierul-de-valcea\">\n<div class=\"photo\"><img decoding=\"async\" width=\"735\" height=\"440\" src=\"https:\/\/analyse.optim.biz\/wp-content\/uploads\/2026\/01\/cvl36-scaled-1-19.jpg\" class=\"attachment-giornalismo-single size-giornalismo-single wp-post-image\" loading=\"lazy\" title=\"cvl36-scaled-1-19\"><\/div>\n<p class=\"headline\"><a href=\"https:\/\/www.curierul.ro\/36-de-ani\/\">36 de ani<\/a><\/p>\n<\/article>\n<article id=\"related-195985\" class=\"story post-195985 post type-post status-publish format-standard has-post-thumbnail hentry category-actualitate category-cultura tag-europa tag-europe-direct-valcea tag-nou-mandat tag-valcea-2\">\n<div class=\"photo\"><img decoding=\"async\" width=\"735\" height=\"440\" src=\"https:\/\/analyse.optim.biz\/wp-content\/uploads\/2026\/01\/dana-1-36.jpeg\" class=\"attachment-giornalismo-single size-giornalismo-single wp-post-image\" loading=\"lazy\" title=\"dana-1-36\"><\/div>\n<p class=\"headline\"><a href=\"https:\/\/www.curierul.ro\/valcea-e-in-europa-europa-e-la-valcea-un-nou-mandat-europe-direct\/\">V\u00e2lcea e \u00een EuROpa. EUropa e la V\u00e2lcea.       Un nou mandat EUROPE DIRECT<\/a><\/p>\n<\/article>\n<article id=\"related-195983\" class=\"story post-195983 post type-post status-publish format-standard has-post-thumbnail hentry category-actualitate category-fraze tag-dilema tag-groenlandez tag-marius-carbunescu-2\">\n<div class=\"photo\"><img decoding=\"async\" width=\"530\" height=\"213\" src=\"https:\/\/analyse.optim.biz\/wp-content\/uploads\/2026\/01\/marius-carbunescu-1-38.jpg\" class=\"attachment-giornalismo-single size-giornalismo-single wp-post-image\" loading=\"lazy\" title=\"marius-carbunescu-1-38\"><\/div>\n<p class=\"headline\"><a href=\"https:\/\/www.curierul.ro\/dilema-groenlandezului\/\">Dilema groenlandezului<\/a><\/p>\n<\/article>\n<p> Source URL: https:\/\/www.curierul.ro\/dupa-craciun-pnl-organizeaza-cupa-i-g-duca-la-tenis-de-masa\/<\/p>\n","protected":false},"excerpt":{"rendered":"<p>Home Actualitate Dup\u0103 Cr\u0103ciun, PNL organizeaz\u0103 Cupa I.G. Duca, la tenis de mas\u0103 Dup\u0103 Cr\u0103ciun, PNL organizeaz\u0103 Cupa I.G. Duca, la tenis de mas\u0103 Scris deAlin Emilian Tudoroiu, 23 decembrie 2025 Filiala PNL Valcea informeaz\u0103 ca \u00een seria activit\u0103\u021bilor dedicate comemor\u0103rii a 92 ani de la asasinarea marelui om politic liberal, I.G. Duca, fost prim [&hellip;]<\/p>\n","protected":false},"author":1,"featured_media":1311302,"comment_status":"open","ping_status":"","sticky":false,"template":"","format":"standard","meta":{"footnotes":""},"categories":[89],"tags":[213],"class_list":["post-1311298","post","type-post","status-publish","format-standard","has-post-thumbnail","hentry","category-romania","tag-curierul-ro"],"_links":{"self":[{"href":"https:\/\/analyse.optim.biz\/index.php?rest_route=\/wp\/v2\/posts\/1311298","targetHints":{"allow":["GET"]}}],"collection":[{"href":"https:\/\/analyse.optim.biz\/index.php?rest_route=\/wp\/v2\/posts"}],"about":[{"href":"https:\/\/analyse.optim.biz\/index.php?rest_route=\/wp\/v2\/types\/post"}],"author":[{"embeddable":true,"href":"https:\/\/analyse.optim.biz\/index.php?rest_route=\/wp\/v2\/users\/1"}],"replies":[{"embeddable":true,"href":"https:\/\/analyse.optim.biz\/index.php?rest_route=%2Fwp%2Fv2%2Fcomments&post=1311298"}],"version-history":[{"count":0,"href":"https:\/\/analyse.optim.biz\/index.php?rest_route=\/wp\/v2\/posts\/1311298\/revisions"}],"wp:featuredmedia":[{"embeddable":true,"href":"https:\/\/analyse.optim.biz\/index.php?rest_route=\/wp\/v2\/media\/1311302"}],"wp:attachment":[{"href":"https:\/\/analyse.optim.biz\/index.php?rest_route=%2Fwp%2Fv2%2Fmedia&parent=1311298"}],"wp:term":[{"taxonomy":"category","embeddable":true,"href":"https:\/\/analyse.optim.biz\/index.php?rest_route=%2Fwp%2Fv2%2Fcategories&post=1311298"},{"taxonomy":"post_tag","embeddable":true,"href":"https:\/\/analyse.optim.biz\/index.php?rest_route=%2Fwp%2Fv2%2Ftags&post=1311298"}],"curies":[{"name":"wp","href":"https:\/\/api.w.org\/{rel}","templated":true}]}}