{"id":1311229,"date":"2025-12-29T07:18:06","date_gmt":"2025-12-29T04:18:06","guid":{"rendered":"https:\/\/analyse.optim.biz\/?p=1311229"},"modified":"2025-12-29T07:18:06","modified_gmt":"2025-12-29T04:18:06","slug":"2026-un-an-mai-bun","status":"publish","type":"post","link":"https:\/\/analyse.optim.biz\/?p=1311229","title":{"rendered":"2026, un an mai bun"},"content":{"rendered":"<article id=\"195861\" class=\"post-195861 post type-post status-publish format-standard has-post-thumbnail hentry category-actualitate category-fraze tag-20956 tag-un-an-mai-bun\">\n<header class=\"post-header\">\n<ul class=\"breadcrumbs\">\n<li><a href=\"https:\/\/www.curierul.ro\">Home<\/a><\/li>\n<li class=\"breadcrumbs-active .category-actualitate\"><a href=\"https:\/\/www.curierul.ro\/index.php?cat=1615\">Actualitate<\/a><\/li>\n<li class=\"breadcrumbs-active .category-actualitate\">2026, un an mai bun<\/li>\n<\/ul>\n<div class=\"featured-photo\"><img loading=\"lazy\" decoding=\"async\" width=\"530\" height=\"213\" src=\"https:\/\/analyse.optim.biz\/wp-content\/uploads\/2026\/01\/marius-carbunescu-2.jpg\" class=\"attachment-single size-single wp-post-image\" title=\"marius-carbunescu-2\"><\/div>\n<h1 class=\"headline\">2026, un an mai bun<\/h1>\n<p class=\"byline\">\n\t\tScris de<a href=\"https:\/\/www.curierul.ro\/author\/marius-carbunescu\/\">Carbunescu Marius<\/a>, \t\t29 decembrie 2025\t\t\t\t<\/p>\n<hr>\n<\/header>\n<p>La fiecare sf\u00e2r\u0219it de an o nou\u0103 rund\u0103 de speran\u021be renasc \u0219i \u00ee\u0219i iau zborul \u00een v\u0103zduh, pentru calendarul care vine. Le \u00eenlocuiesc pe cele vechi, ne\u00eemplinite \u00een leatul ce-a trecut. Duc\u0103-se pe pustii! A\u0219a suntem construi\u021bi, a\u0219tept\u0103rile ne men\u021bin proaspe\u021bi, ne dau m\u0103sura viitorului luminos pe care \u00eel proiect\u0103m \u00een prezent. \u0218i s\u0103rb\u0103torim \u00een avans, optimi\u0219ti, la cump\u0103na dintre ani. Ceea ce \u00een ultimii ani s-a dovedit oarecum \u00een\u021belept. Am avut de toate: realiz\u0103ri iluzorii, promisiuni nefondate, criz\u0103 economic\u0103, pandemie, r\u0103zboi \u00een proximitate etc. O scufundare \u00een izola\u021bionism am evitat-o la musta\u021b\u0103.<\/p>\n<p>Dar de-acum, gata. 2026 nu este lipsit de provoc\u0103ri, chiar dac\u0103 se \u00eentrev\u0103d germenii unui oarecare reviriment. Pe plan extern, r\u0103zboiul este pe cale de a se \u00eencheia. Mai multe elemente concur\u0103 \u00een acest sens. Conflictele deschise, ne\u00eenghe\u021bate, nu pot dura mai mult de patru-cinci ani. Cu toat\u0103 influen\u021ba politic\u0103, geostrategic\u0103, diplomatic\u0103, cu toate taton\u0103rile care se fac la masa negocierilor de pace, realitatea este una singur\u0103: armatele sunt epuizate, motiva\u021bia este zero \u00een r\u00e2ndul combatan\u021bilor. Conduc\u0103torii, \u00een special Putin, dac\u0103 nu con\u0219tientizeaz\u0103 asta, risc\u0103 s\u0103 piard\u0103 \u0219i avantajul fragil pe care \u00eel mai de\u021bine. S\u0103 nu uit\u0103m c\u0103 \u00een 1918 armata imperial\u0103 a fost la fel de epuizat\u0103 dup\u0103 un conflict prelungit \u0219i a urmat ce a urmat. \u00cen \u201943 se putea \u00eent\u00e2mpla la fel f\u0103r\u0103 sprijin american. Mizez pe pace, mizez pe discern\u0103m\u00e2ntul \u0219i clarviziunea negociatorilor care vor reu\u0219i s\u0103 impun\u0103 o \u00eencetare a focului durabil\u0103, nu doar un conflict \u00eenghe\u021bat.<\/p>\n<p>Pe urm\u0103, mizez pe o relansare economic\u0103. \u00cen istoria modern\u0103, orice conflagra\u021bie a fost urmat\u0103 de un boom. Reconstruc\u021bia de dup\u0103 r\u0103zboi solicit\u0103 ca motoarele economice s\u0103 fie turate din plin. Rom\u00e2nia se afl\u0103 \u00een proximitate \u0219i asta reprezint\u0103 un avantaj. R\u0103m\u00e2ne s\u0103 vedem abilitatea guverna\u021bilor de a-\u0219i face loc pe o pia\u021b\u0103 unde lupta este acerb\u0103, iar deciziile cruciale se iau la nivel statal. P\u00e2n\u0103 atunci trebuie s\u0103 ne preg\u0103tim. Nu \u00eenchide\u021bi Combinatul de la Gala\u021bi, c\u0103 va fi nevoie de o\u021bel ca la balamuc, nu b\u0103ga\u021bi \u00een faliment \u0218antierul Naval de la Mangalia, dac\u0103 ave\u021bi viziune, c\u0103 vor veni comenzi. Flota ucrainean\u0103 este \u00een mare parte distrus\u0103, iar ce a r\u0103mas pe linia de plutire necesit\u0103 repara\u021bii capitale. Unde crede\u021bi c\u0103 le vor face, \u00een Marea Baltic\u0103? Mai bine a\u021bi profita de dificult\u0103\u021bile financiare at\u00e2t de la Gala\u021bi, c\u00e2t \u0219i de la Mangalia sau Petrotel-Lukoil, \u0219i le-a\u021bi cump\u0103ra voi, stat rom\u00e2n, \u00een contul datoriilor la buget. Pe urm\u0103, c\u00e2nd va cre\u0219te cererea, vor fi lesne de v\u00e2ndut la pre\u021buri de c\u00e2tea ori mai mari. Asta \u00eenseamn\u0103 viziune \u00een accep\u021biunea mea, domnule premier, nu s\u0103 te \u021bii doar de t\u0103ieri. Vino \u0219i cu ceva productiv.<\/p>\n<p>\u0218i cred c\u0103 va veni. Mizez pe o reducere de taxe \u0219i impozite \u00een zona direct productiv\u0103 a \u00eentreprinderilor mici \u0219i mijlocii dup\u0103 ce va fi dep\u0103\u0219it pericolul de colaps economic \u0219i agen\u021biile de rating \u00ee\u0219i vor mai fi \u00eendulcit prognozele. Mizez pe cre\u0219tere economic\u0103.<\/p>\n<p>A\u0219 miza \u0219i pe o mai mare \u00een\u021belegere \u0219i comunicare \u00een zona politic\u0103, cel pu\u021bin pe partea arcului guvernamental, dar de asta mi-e cel mai fric\u0103. Ruperea alian\u021belor ne-ar arunca din nou \u00een incertitudine.<\/p>\n<div class=\"sharedaddy sd-sharing-enabled\">\n<div class=\"robots-nocontent sd-block sd-social sd-social-official sd-sharing\">\n<h3 class=\"sd-title\">Distribuie pe:<\/h3>\n<div class=\"sd-content\">\n<ul>\n<li class=\"share-facebook\">\n<li class=\"share-twitter\"><a href=\"https:\/\/twitter.com\/share\" class=\"twitter-share-button\" data-url=\"https:\/\/www.curierul.ro\/2026-un-an-mai-bun\/\" data-text=\"2026, un an mai bun\" data-via=\"curierulvl\">Tweet<\/a><\/li>\n<li class=\"share-jetpack-whatsapp\"><a rel=\"nofollow noopener noreferrer\" data-shared=\"sharing-whatsapp-195861\" class=\"share-jetpack-whatsapp sd-button\" href=\"https:\/\/www.curierul.ro\/2026-un-an-mai-bun\/?share=jetpack-whatsapp\" target=\"_blank\" aria-labelledby=\"sharing-whatsapp-195861\"><span id=\"sharing-whatsapp-195861\" hidden>D\u0103 clic pentru partajare pe WhatsApp(Se deschide \u00eentr-o fereastr\u0103 nou\u0103)<\/span><span>WhatsApp<\/span><\/a><\/li>\n<li><a href=\"https:\/\/www.curierul.ro\/2026-un-an-mai-bun\/\" class=\"sharing-anchor sd-button share-more\"><span>Mai mult<\/span><\/a><\/li>\n<li class=\"share-end\"><\/ul>\n<div class=\"sharing-hidden\">\n<div class=\"inner\">\n<ul>\n<li class=\"share-email\"><a rel=\"nofollow noopener noreferrer\" data-shared=\"sharing-email-195861\" class=\"share-email sd-button\" href=\"mailto:?subject=%5BArticol%20partajat%5D%202026%2C%20un%20an%20mai%20bun&amp;body=https%3A%2F%2Fwww.curierul.ro%2F2026-un-an-mai-bun%2F&amp;share=email\" target=\"_blank\" aria-labelledby=\"sharing-email-195861\" data-email-share-error-title=\"\u021ai-ai configurat emailul?\" data-email-share-error-text=\"Dac\u0103 ai probleme la partajarea prin email, probabil nu ai configurat emailul pentru navigator. Poate trebuie s\u0103 creezi singur un email nou.\" data-email-share-nonce=\"2e83000095\" data-email-share-track-url=\"https:\/\/www.curierul.ro\/2026-un-an-mai-bun\/?share=email\"><span id=\"sharing-email-195861\" hidden>D\u0103 clic pentru a trimite o leg\u0103tur\u0103 prin email unui prieten(Se deschide \u00eentr-o fereastr\u0103 nou\u0103)<\/span><span>Email<\/span><\/a><\/li>\n<li class=\"share-print\"><a rel=\"nofollow noopener noreferrer\" data-shared=\"sharing-print-195861\" class=\"share-print sd-button\" href=\"https:\/\/www.curierul.ro\/2026-un-an-mai-bun\/#print?share=print\" target=\"_blank\" aria-labelledby=\"sharing-print-195861\"><span id=\"sharing-print-195861\" hidden>D\u0103 clic pentru a imprima(Se deschide \u00eentr-o fereastr\u0103 nou\u0103)<\/span><span>Imprimare<\/span><\/a><\/li>\n<li class=\"share-end\"><\/ul>\n<\/div>\n<\/div>\n<\/div>\n<\/div>\n<\/div>\n<div id=\"jp-relatedposts\" class=\"jp-relatedposts\">\n<h3 class=\"jp-relatedposts-headline\"><em>Similare<\/em><\/h3>\n<\/div>\n<footer class=\"post-footer\">\n<p class=\"tags\"><strong>Tags: <\/strong><a href=\"https:\/\/www.curierul.ro\/tag\/2026\/\" rel=\"tag\">2026<\/a>, <a href=\"https:\/\/www.curierul.ro\/tag\/un-an-mai-bun\/\" rel=\"tag\">un an mai bun<\/a><\/p>\n<div class=\"post-navigation clearfix\">\n<div class=\"previous-post\">\n<div class=\"featured-photo\"><img loading=\"lazy\" decoding=\"async\" width=\"1219\" height=\"1198\" src=\"https:\/\/analyse.optim.biz\/wp-content\/uploads\/2026\/01\/img-20251229-wa0001-2.jpg\" class=\"attachment-post-thumbnail size-post-thumbnail wp-post-image\" title=\"img-20251229-wa0001-2\"><\/div>\n<p class=\"paginate-title\">\u00ab\u00ab <a href=\"https:\/\/www.curierul.ro\/baschet-masculin-liga-nationala-astazi-cs-valcea-1924-incearca-restartul-de-campionat-in-fata-stelei-bucuresti\/\" rel=\"prev\">BASCHET MASCULIN, LIGA NA\u021aIONAL\u0102. AST\u0102ZI, CS V\u00c2LCEA 1924 \u00ceNCEARC\u0102 RESTARTUL DE CAMPIONAT, \u00ceN FA\u021aA STELEI BUCURE\u0218TI<\/a><\/p>\n<\/div>\n<div class=\"next-post\">\n<div class=\"featured-photo\"><img decoding=\"async\" width=\"2040\" height=\"1530\" src=\"https:\/\/analyse.optim.biz\/wp-content\/uploads\/2026\/01\/img-20251229-wa0012.jpg\" class=\"attachment-post-thumbnail size-post-thumbnail wp-post-image\" loading=\"lazy\" title=\"img-20251229-wa0012\"><\/div>\n<p class=\"paginate-title\"><a href=\"https:\/\/www.curierul.ro\/baschet-masculin-cs-valcea-1924-bate-steaua-si-intrerupe-seria-negativa-83-76\/\" rel=\"next\">BASCHET MASCULIN. CS V\u00c2LCEA 1924 BATE STEAUA \u0218I \u00ceNTRERUPE SERIA NEGATIV\u0102, 83-76<\/a> \u00bb\u00bb<\/p>\n<\/div>\n<\/div>\n<div id=\"comments\" class=\"comments-area\">\n<div id=\"respond\" class=\"comment-respond\">\n<h3 id=\"reply-title\" class=\"comment-reply-title\">Po\u021bi comenta aici<small><a rel=\"nofollow\" id=\"cancel-comment-reply-link\" href=\"https:\/\/www.curierul.ro\/2026-un-an-mai-bun\/#respond\">Anuleaz\u0103 r\u0103spunsul<\/a><\/small><\/h3>\n<\/div>\n<p class=\"akismet_comment_form_privacy_notice\">Acest site folose\u0219te Akismet pentru a reduce spamul. <a href=\"https:\/\/akismet.com\/privacy\/\" target=\"_blank\" rel=\"nofollow noopener\">Afl\u0103 cum sunt procesate datele comentariilor tale<\/a>.<\/p>\n<\/div>\n<section class=\"related-stories\">\n<h2>Related Stories<\/h2>\n<div class=\"stories-container\">\n<article id=\"latest-195881\" class=\"story post-195881 post type-post status-publish format-standard has-post-thumbnail hentry category-actualitate category-economie category-headlines category-politica tag-20956 tag-ianuarie tag-impozite\">\n<div class=\"photo\"><img decoding=\"async\" width=\"735\" height=\"440\" src=\"https:\/\/analyse.optim.biz\/wp-content\/uploads\/2026\/01\/def-10.jpg\" class=\"attachment-giornalismo-single size-giornalismo-single wp-post-image\" loading=\"lazy\" title=\"def-10\"><\/div>\n<p class=\"headline\"><a href=\"https:\/\/www.curierul.ro\/impozitele-pe-2026-din-14-ianuarie\/\">Impozitele pe 2026, din 14 ianuarie<\/a><\/p>\n<\/article>\n<article id=\"latest-195489\" class=\"story post-195489 post type-post status-publish format-standard has-post-thumbnail hentry category-eveniment-social category-headlines category-invatamant category-social tag-20956 tag-golesti-2 tag-judetul-valcea tag-primeste tag-sat-european-de-tineret tag-titlu\">\n<div class=\"photo\"><img decoding=\"async\" width=\"735\" height=\"440\" src=\"https:\/\/analyse.optim.biz\/wp-content\/uploads\/2026\/01\/golesti-scaled-e1764232941249-3.jpg\" class=\"attachment-giornalismo-single size-giornalismo-single wp-post-image\" loading=\"lazy\" title=\"golesti-scaled-e1764232941249-3\"><\/div>\n<p class=\"headline\"><a href=\"https:\/\/www.curierul.ro\/golesti-prima-comuna-din-judetul-valcea-care-primeste-titlul-de-sat-european-de-tineret-2026\/\">Gole\u0219ti \u2013 prima comun\u0103 din jude\u021bul V\u00e2lcea care prime\u0219te titlul de \u00abSAT EUROPEAN DE TINERET 2026\u00bb<\/a><\/p>\n<\/article>\n<article id=\"latest-195300\" class=\"story post-195300 post type-post status-publish format-standard has-post-thumbnail hentry category-actualitate category-economie category-politica tag-20956 tag-consultare-publica tag-impozite tag-primaria-horezu tag-stabilire tag-taxe-locale\">\n<div class=\"photo\"><img decoding=\"async\" width=\"735\" height=\"440\" src=\"https:\/\/analyse.optim.biz\/wp-content\/uploads\/2026\/01\/primaria-horezu-e1762263364590-2.jpg\" class=\"attachment-giornalismo-single size-giornalismo-single wp-post-image\" loading=\"lazy\" title=\"primaria-horezu-e1762263364590-2\"><\/div>\n<p class=\"headline\"><a href=\"https:\/\/www.curierul.ro\/primaria-horezu-incepe-consultarea-publica-pentru-stabilirea-impozitelor-si-taxelor-locale-pentru-anul-2026\/\">Prim\u0103ria Horezu \u00eencepe consultarea public\u0103 pentru stabilirea impozitelor \u0219i taxelor locale pentru anul 2026<\/a><\/p>\n<\/article>\n<\/div>\n<\/section>\n<section class=\"latest-category clearfix\">\n<h2 class=\"title\">More Stories From Actualitate<\/h2>\n<div class=\"stories-container\">\n<article id=\"related-195998\" class=\"story post-195998 post type-post status-publish format-standard has-post-thumbnail hentry category-actualitate category-headlines category-zidezi tag-36-de-ani tag-aniversare tag-curierul-de-valcea\">\n<div class=\"photo\"><img decoding=\"async\" width=\"735\" height=\"440\" src=\"https:\/\/analyse.optim.biz\/wp-content\/uploads\/2026\/01\/cvl36-scaled-1-17.jpg\" class=\"attachment-giornalismo-single size-giornalismo-single wp-post-image\" loading=\"lazy\" title=\"cvl36-scaled-1-17\"><\/div>\n<p class=\"headline\"><a href=\"https:\/\/www.curierul.ro\/36-de-ani\/\">36 de ani<\/a><\/p>\n<\/article>\n<article id=\"related-195985\" class=\"story post-195985 post type-post status-publish format-standard has-post-thumbnail hentry category-actualitate category-cultura tag-europa tag-europe-direct-valcea tag-nou-mandat tag-valcea-2\">\n<div class=\"photo\"><img decoding=\"async\" width=\"735\" height=\"440\" src=\"https:\/\/analyse.optim.biz\/wp-content\/uploads\/2026\/01\/dana-1-34.jpeg\" class=\"attachment-giornalismo-single size-giornalismo-single wp-post-image\" loading=\"lazy\" title=\"dana-1-34\"><\/div>\n<p class=\"headline\"><a href=\"https:\/\/www.curierul.ro\/valcea-e-in-europa-europa-e-la-valcea-un-nou-mandat-europe-direct\/\">V\u00e2lcea e \u00een EuROpa. EUropa e la V\u00e2lcea.       Un nou mandat EUROPE DIRECT<\/a><\/p>\n<\/article>\n<article id=\"related-195983\" class=\"story post-195983 post type-post status-publish format-standard has-post-thumbnail hentry category-actualitate category-fraze tag-dilema tag-groenlandez tag-marius-carbunescu-2\">\n<div class=\"photo\"><img decoding=\"async\" width=\"530\" height=\"213\" src=\"https:\/\/analyse.optim.biz\/wp-content\/uploads\/2026\/01\/marius-carbunescu-2.jpg\" class=\"attachment-giornalismo-single size-giornalismo-single wp-post-image\" loading=\"lazy\" title=\"marius-carbunescu-2\"><\/div>\n<p class=\"headline\"><a href=\"https:\/\/www.curierul.ro\/dilema-groenlandezului\/\">Dilema groenlandezului<\/a><\/p>\n<\/article>\n<\/div>\n<\/section>\n<section class=\"author-bio clearfix\">\n<div class=\"mug-shot\"><img decoding=\"async\" src=\"https:\/\/analyse.optim.biz\/wp-content\/uploads\/2026\/01\/ba482057c6d1bda67708f17163429f2327c04ac56e0ade26a8da99f105efef18-6.jpg\" class=\"avatar avatar-96 photo\" height=\"96\" width=\"96\" loading=\"lazy\" title=\"ba482057c6d1bda67708f17163429f2327c04ac56e0ade26a8da99f105efef18-6\"><\/div>\n<div class=\"author-info\">\n<p class=\"title\">About Carbunescu Marius, <\/p>\n<div class=\"author-social-area\"><a href=\"mailto:marius.carbunescu@gmail.com\"><span class=\"fal fa-envelope\"><span class=\"screen-reader-text\">Email the Author<\/span><\/span><\/a><\/div>\n<\/div>\n<\/section>\n<\/footer>\n<\/article>\n<article id=\"latest-195881\" class=\"story post-195881 post type-post status-publish format-standard has-post-thumbnail hentry category-actualitate category-economie category-headlines category-politica tag-20956 tag-ianuarie tag-impozite\">\n<div class=\"photo\"><img decoding=\"async\" width=\"735\" height=\"440\" src=\"https:\/\/analyse.optim.biz\/wp-content\/uploads\/2026\/01\/def-10.jpg\" class=\"attachment-giornalismo-single size-giornalismo-single wp-post-image\" loading=\"lazy\" title=\"def-10\"><\/div>\n<p class=\"headline\"><a href=\"https:\/\/www.curierul.ro\/impozitele-pe-2026-din-14-ianuarie\/\">Impozitele pe 2026, din 14 ianuarie<\/a><\/p>\n<\/article>\n<article id=\"latest-195489\" class=\"story post-195489 post type-post status-publish format-standard has-post-thumbnail hentry category-eveniment-social category-headlines category-invatamant category-social tag-20956 tag-golesti-2 tag-judetul-valcea tag-primeste tag-sat-european-de-tineret tag-titlu\">\n<div class=\"photo\"><img decoding=\"async\" width=\"735\" height=\"440\" src=\"https:\/\/analyse.optim.biz\/wp-content\/uploads\/2026\/01\/golesti-scaled-e1764232941249-3.jpg\" class=\"attachment-giornalismo-single size-giornalismo-single wp-post-image\" loading=\"lazy\" title=\"golesti-scaled-e1764232941249-3\"><\/div>\n<p class=\"headline\"><a href=\"https:\/\/www.curierul.ro\/golesti-prima-comuna-din-judetul-valcea-care-primeste-titlul-de-sat-european-de-tineret-2026\/\">Gole\u0219ti \u2013 prima comun\u0103 din jude\u021bul V\u00e2lcea care prime\u0219te titlul de \u00abSAT EUROPEAN DE TINERET 2026\u00bb<\/a><\/p>\n<\/article>\n<article id=\"latest-195300\" class=\"story post-195300 post type-post status-publish format-standard has-post-thumbnail hentry category-actualitate category-economie category-politica tag-20956 tag-consultare-publica tag-impozite tag-primaria-horezu tag-stabilire tag-taxe-locale\">\n<div class=\"photo\"><img decoding=\"async\" width=\"735\" height=\"440\" src=\"https:\/\/analyse.optim.biz\/wp-content\/uploads\/2026\/01\/primaria-horezu-e1762263364590-2.jpg\" class=\"attachment-giornalismo-single size-giornalismo-single wp-post-image\" loading=\"lazy\" title=\"primaria-horezu-e1762263364590-2\"><\/div>\n<p class=\"headline\"><a href=\"https:\/\/www.curierul.ro\/primaria-horezu-incepe-consultarea-publica-pentru-stabilirea-impozitelor-si-taxelor-locale-pentru-anul-2026\/\">Prim\u0103ria Horezu \u00eencepe consultarea public\u0103 pentru stabilirea impozitelor \u0219i taxelor locale pentru anul 2026<\/a><\/p>\n<\/article>\n<article id=\"related-195998\" class=\"story post-195998 post type-post status-publish format-standard has-post-thumbnail hentry category-actualitate category-headlines category-zidezi tag-36-de-ani tag-aniversare tag-curierul-de-valcea\">\n<div class=\"photo\"><img decoding=\"async\" width=\"735\" height=\"440\" src=\"https:\/\/analyse.optim.biz\/wp-content\/uploads\/2026\/01\/cvl36-scaled-1-17.jpg\" class=\"attachment-giornalismo-single size-giornalismo-single wp-post-image\" loading=\"lazy\" title=\"cvl36-scaled-1-17\"><\/div>\n<p class=\"headline\"><a href=\"https:\/\/www.curierul.ro\/36-de-ani\/\">36 de ani<\/a><\/p>\n<\/article>\n<article id=\"related-195985\" class=\"story post-195985 post type-post status-publish format-standard has-post-thumbnail hentry category-actualitate category-cultura tag-europa tag-europe-direct-valcea tag-nou-mandat tag-valcea-2\">\n<div class=\"photo\"><img decoding=\"async\" width=\"735\" height=\"440\" src=\"https:\/\/analyse.optim.biz\/wp-content\/uploads\/2026\/01\/dana-1-34.jpeg\" class=\"attachment-giornalismo-single size-giornalismo-single wp-post-image\" loading=\"lazy\" title=\"dana-1-34\"><\/div>\n<p class=\"headline\"><a href=\"https:\/\/www.curierul.ro\/valcea-e-in-europa-europa-e-la-valcea-un-nou-mandat-europe-direct\/\">V\u00e2lcea e \u00een EuROpa. EUropa e la V\u00e2lcea.       Un nou mandat EUROPE DIRECT<\/a><\/p>\n<\/article>\n<article id=\"related-195983\" class=\"story post-195983 post type-post status-publish format-standard has-post-thumbnail hentry category-actualitate category-fraze tag-dilema tag-groenlandez tag-marius-carbunescu-2\">\n<div class=\"photo\"><img decoding=\"async\" width=\"530\" height=\"213\" src=\"https:\/\/analyse.optim.biz\/wp-content\/uploads\/2026\/01\/marius-carbunescu-2.jpg\" class=\"attachment-giornalismo-single size-giornalismo-single wp-post-image\" loading=\"lazy\" title=\"marius-carbunescu-2\"><\/div>\n<p class=\"headline\"><a href=\"https:\/\/www.curierul.ro\/dilema-groenlandezului\/\">Dilema groenlandezului<\/a><\/p>\n<\/article>\n<p> Source URL: https:\/\/www.curierul.ro\/2026-un-an-mai-bun\/<\/p>\n","protected":false},"excerpt":{"rendered":"<p>Home Actualitate 2026, un an mai bun 2026, un an mai bun Scris deCarbunescu Marius, 29 decembrie 2025 La fiecare sf\u00e2r\u0219it de an o nou\u0103 rund\u0103 de speran\u021be renasc \u0219i \u00ee\u0219i iau zborul \u00een v\u0103zduh, pentru calendarul care vine. Le \u00eenlocuiesc pe cele vechi, ne\u00eemplinite \u00een leatul ce-a trecut. Duc\u0103-se pe pustii! A\u0219a suntem construi\u021bi, [&hellip;]<\/p>\n","protected":false},"author":1,"featured_media":1311237,"comment_status":"open","ping_status":"","sticky":false,"template":"","format":"standard","meta":{"footnotes":""},"categories":[89],"tags":[213],"class_list":["post-1311229","post","type-post","status-publish","format-standard","has-post-thumbnail","hentry","category-romania","tag-curierul-ro"],"_links":{"self":[{"href":"https:\/\/analyse.optim.biz\/index.php?rest_route=\/wp\/v2\/posts\/1311229","targetHints":{"allow":["GET"]}}],"collection":[{"href":"https:\/\/analyse.optim.biz\/index.php?rest_route=\/wp\/v2\/posts"}],"about":[{"href":"https:\/\/analyse.optim.biz\/index.php?rest_route=\/wp\/v2\/types\/post"}],"author":[{"embeddable":true,"href":"https:\/\/analyse.optim.biz\/index.php?rest_route=\/wp\/v2\/users\/1"}],"replies":[{"embeddable":true,"href":"https:\/\/analyse.optim.biz\/index.php?rest_route=%2Fwp%2Fv2%2Fcomments&post=1311229"}],"version-history":[{"count":0,"href":"https:\/\/analyse.optim.biz\/index.php?rest_route=\/wp\/v2\/posts\/1311229\/revisions"}],"wp:featuredmedia":[{"embeddable":true,"href":"https:\/\/analyse.optim.biz\/index.php?rest_route=\/wp\/v2\/media\/1311237"}],"wp:attachment":[{"href":"https:\/\/analyse.optim.biz\/index.php?rest_route=%2Fwp%2Fv2%2Fmedia&parent=1311229"}],"wp:term":[{"taxonomy":"category","embeddable":true,"href":"https:\/\/analyse.optim.biz\/index.php?rest_route=%2Fwp%2Fv2%2Fcategories&post=1311229"},{"taxonomy":"post_tag","embeddable":true,"href":"https:\/\/analyse.optim.biz\/index.php?rest_route=%2Fwp%2Fv2%2Ftags&post=1311229"}],"curies":[{"name":"wp","href":"https:\/\/api.w.org\/{rel}","templated":true}]}}