{"id":1310303,"date":"2014-07-17T08:59:52","date_gmt":"2014-07-17T05:59:52","guid":{"rendered":"https:\/\/analyse.optim.biz\/?p=1310303"},"modified":"2014-07-17T08:59:52","modified_gmt":"2014-07-17T05:59:52","slug":"minor-de-4-ani-accidentat-de-o-autoutilitara-suceavalive","status":"publish","type":"post","link":"https:\/\/analyse.optim.biz\/?p=1310303","title":{"rendered":"Minor de 4 ani, accidentat de o autoutilitar\u0103 &#8211; SuceavaLIVE"},"content":{"rendered":"<article id=\"post-42107\" class=\"clearfix post-42107 post type-post status-publish format-standard has-post-thumbnail hentry category-comunicate tag-accident tag-bicicleta tag-etilotest tag-ingrijiri-medicale tag-minor tag-politisti tag-spital tag-suceava tag-suceavalive tag-vatamare-corporala\">\n<header id=\"cb-standard-featured\">\n<div id=\"cb-fis-wrap\" class=\"cb-entry-header cb-fis cb-style-standard\"><span class=\"cb-title-fi\"><\/p>\n<h1 class=\"entry-title cb-entry-title cb-single-title\">Minor de 4 ani, accidentat de o autoutilitar\u0103<\/h1>\n<div class=\"cb-byline cb-font-header\">\n<div class=\"cb-date cb-byline-element\"><time datetime=\"2014-07-17\">17 iulie 2014<\/time><\/div>\n<\/div>\n<p><\/span><\/div>\n<div class=\"cb-mask\"><img decoding=\"async\" width=\"255\" height=\"162\" src=\"https:\/\/analyse.optim.biz\/wp-content\/uploads\/2026\/01\/accident-bicicleta-e1466498714708-1.png\" class=\"attachment-cb-full-full size-cb-full-full wp-post-image\" loading=\"lazy\" title=\"accident-bicicleta-e1466498714708-1\"><\/div>\n<\/header>\n<p>La data de 16 iulie, ora 11.20, pe DC Probota-Heci, pe raza ora\u015fului Dolhasca, un b\u0103rbat de 40 de ani, din comuna Dolhe\u0219ti, \u00een timp ce conducea autoutilitara, a acro\u0219at un minor de 4 ani din localitate, care fiind nesupravegheat, se deplasa cu bicicleta din sens invers \u0219i a intrat pe contrasens.<\/p>\n<section class=\"cb-entry-content entry-content clearfix\">\n<p>\u00cen urma accidentului a rezultat v\u0103t\u0103marea corporal\u0103 a minorului, care a fost transportat la spital pentru acordarea de \u00eengrijiri medicale.<\/p>\n<p>Conduc\u0103torul auto a fost testat cu aparatul\u00a0etilotest, rezultatul fiind de 0,03 mg\/l alcool pur \u00een aerul expirat, dup\u0103 care i s-au recoltat probe biologice \u00een vederea stabilirii alcoolemiei.<\/p>\n<\/section>\n<footer class=\"article-footer\">\n<p class=\"cb-tags\"><a href=\"https:\/\/suceavalive.ro\/tag\/accident\/\" rel=\"tag\">accident<\/a><a href=\"https:\/\/suceavalive.ro\/tag\/bicicleta\/\" rel=\"tag\">bicicleta<\/a><a href=\"https:\/\/suceavalive.ro\/tag\/etilotest\/\" rel=\"tag\">etilotest<\/a><a href=\"https:\/\/suceavalive.ro\/tag\/ingrijiri-medicale\/\" rel=\"tag\">ingrijiri medicale<\/a><a href=\"https:\/\/suceavalive.ro\/tag\/minor\/\" rel=\"tag\">minor<\/a><a href=\"https:\/\/suceavalive.ro\/tag\/politisti\/\" rel=\"tag\">politisti<\/a><a href=\"https:\/\/suceavalive.ro\/tag\/spital\/\" rel=\"tag\">spital<\/a><a href=\"https:\/\/suceavalive.ro\/tag\/suceava\/\" rel=\"tag\">Suceava<\/a><a href=\"https:\/\/suceavalive.ro\/tag\/suceavalive\/\" rel=\"tag\">suceavalive<\/a><a href=\"https:\/\/suceavalive.ro\/tag\/vatamare-corporala\/\" rel=\"tag\">vatamare corporala<\/a><\/p>\n<div class=\"cb-social-sharing cb-post-footer-block cb-beside clearfix\">\n<div class=\"cb-title-subtle\">Share On:<\/div>\n<div class=\"cb-twitter\"><a href=\"https:\/\/twitter.com\/share\" class=\"twitter-share-button\" data-dnt=\"true\" data-count=\"horizontal\">Tweet<\/a><\/div>\n<\/div>\n<div id=\"cb-previous-next-links\" class=\"cb-post-footer-block clearfix\">\n<div id=\"cb-previous-link\"><a href=\"https:\/\/suceavalive.ro\/neatentia-l-trimis-la-spital\/\" rel=\"prev\">Neaten\u0163ia l-a trimis la spital<\/a><\/div>\n<div id=\"cb-next-link\"><a href=\"https:\/\/suceavalive.ro\/masuri-de-ordine-si-siguranta-publica-asigurate-de-ijj-suceava\/\" rel=\"next\">M\u0103suri de ordine \u015fi siguran\u0163\u0103 public\u0103 asigurate de IJJ Suceava<\/a><\/div>\n<\/div>\n<div id=\"cb-author-box\" class=\"clearfix\">\n<h3 class=\"cb-block-title\">Despre autor<\/h3>\n<div class=\"cb-mask\"><a href=\"https:\/\/suceavalive.ro\/author\/luiza-loghin\/\"><img decoding=\"async\" src=\"https:\/\/analyse.optim.biz\/wp-content\/uploads\/2026\/01\/21ec5a38ee016d23a9c9d50ce3b4e9e7ef5b09765e70997405f8f9e4b1856ee7-1.jpg\" class=\"avatar avatar-120 photo\" height=\"120\" width=\"120\" loading=\"lazy\" title=\"21ec5a38ee016d23a9c9d50ce3b4e9e7ef5b09765e70997405f8f9e4b1856ee7-1\"><\/a><\/div>\n<div class=\"cb-meta\">\n<div class=\"cb-info\">\n<div class=\"cb-author-title vcard\"><a href=\"https:\/\/suceavalive.ro\/author\/luiza-loghin\/\"><span class=\"fn\">Luiza Loghin<\/span><\/a><\/div>\n<\/div>\n<\/div>\n<\/div>\n<div id=\"cb-related-posts\" class=\"cb-related-posts-block cb-post-end-block clearfix\">\n<h3 class=\"cb-block-title\">Postari asemanatoare<\/h3>\n<ul>\n<li class=\"cb-style-overlay cb-grid-entry cb-related-post no-1\">\n<div class=\"cb-mask\"><a href=\"https:\/\/suceavalive.ro\/calendarul-zilei-de-19-ianuarie\/\"><img decoding=\"async\" width=\"360\" height=\"240\" src=\"https:\/\/analyse.optim.biz\/wp-content\/uploads\/2026\/01\/indiragandhi759-360x240-4.jpg\" class=\"attachment-cb-360-240 size-cb-360-240 wp-post-image\" loading=\"lazy\" title=\"indiragandhi759-360x240-4\"><\/a><\/div>\n<div class=\"cb-meta cb-article-meta\">\n<h4 class=\"h3 cb-post-title\"><a href=\"https:\/\/suceavalive.ro\/calendarul-zilei-de-19-ianuarie\/\">Calendarul zilei de 19 ianuarie<\/a><\/h4>\n<div class=\"cb-byline cb-font-header\">\n<div class=\"cb-date cb-byline-element\"><time datetime=\"2026-01-19\">19 ianuarie 2026<\/time><\/div>\n<\/div>\n<\/div>\n<\/li>\n<li class=\"cb-style-overlay cb-grid-entry cb-related-post no-2\">\n<div class=\"cb-mask\"><a href=\"https:\/\/suceavalive.ro\/calendarul-zilei-de-18-ianuarie\/\"><img decoding=\"async\" width=\"360\" height=\"240\" src=\"https:\/\/analyse.optim.biz\/wp-content\/uploads\/2026\/01\/grigore-vieru-360x240-10.jpg\" class=\"attachment-cb-360-240 size-cb-360-240 wp-post-image\" loading=\"lazy\" title=\"grigore-vieru-360x240-10\"><\/a><\/div>\n<div class=\"cb-meta cb-article-meta\">\n<h4 class=\"h3 cb-post-title\"><a href=\"https:\/\/suceavalive.ro\/calendarul-zilei-de-18-ianuarie\/\">Calendarul zilei de 18 ianuarie<\/a><\/h4>\n<div class=\"cb-byline cb-font-header\">\n<div class=\"cb-date cb-byline-element\"><time datetime=\"2026-01-18\">18 ianuarie 2026<\/time><\/div>\n<\/div>\n<\/div>\n<\/li>\n<\/ul>\n<\/div>\n<\/footer>\n<div id=\"respond\" class=\"comment-respond\">\n<h3 id=\"reply-title\" class=\"comment-reply-title\">Lasa un raspuns <small><a rel=\"nofollow\" id=\"cancel-comment-reply-link\" href=\"https:\/\/suceavalive.ro\/minor-de-4-ani-accidentat-de-o-autoutilitara\/#respond\">Anuleaza raspunsul<\/a><\/small><\/h3>\n<p class=\"comment-notes\">Adresa ta de email nu va fi publicat\u0103.<\/p>\n<\/div>\n<\/article>\n<p> Source URL: https:\/\/suceavalive.ro\/minor-de-4-ani-accidentat-de-o-autoutilitara\/<\/p>\n","protected":false},"excerpt":{"rendered":"<p>Minor de 4 ani, accidentat de o autoutilitar\u0103 17 iulie 2014 La data de 16 iulie, ora 11.20, pe DC Probota-Heci, pe raza ora\u015fului Dolhasca, un b\u0103rbat de 40 de ani, din comuna Dolhe\u0219ti, \u00een timp ce conducea autoutilitara, a acro\u0219at un minor de 4 ani din localitate, care fiind nesupravegheat, se deplasa cu bicicleta [&hellip;]<\/p>\n","protected":false},"author":1,"featured_media":1310304,"comment_status":"open","ping_status":"","sticky":false,"template":"","format":"standard","meta":{"footnotes":""},"categories":[89],"tags":[173],"class_list":["post-1310303","post","type-post","status-publish","format-standard","has-post-thumbnail","hentry","category-romania","tag-suceavalive-ro"],"_links":{"self":[{"href":"https:\/\/analyse.optim.biz\/index.php?rest_route=\/wp\/v2\/posts\/1310303","targetHints":{"allow":["GET"]}}],"collection":[{"href":"https:\/\/analyse.optim.biz\/index.php?rest_route=\/wp\/v2\/posts"}],"about":[{"href":"https:\/\/analyse.optim.biz\/index.php?rest_route=\/wp\/v2\/types\/post"}],"author":[{"embeddable":true,"href":"https:\/\/analyse.optim.biz\/index.php?rest_route=\/wp\/v2\/users\/1"}],"replies":[{"embeddable":true,"href":"https:\/\/analyse.optim.biz\/index.php?rest_route=%2Fwp%2Fv2%2Fcomments&post=1310303"}],"version-history":[{"count":0,"href":"https:\/\/analyse.optim.biz\/index.php?rest_route=\/wp\/v2\/posts\/1310303\/revisions"}],"wp:featuredmedia":[{"embeddable":true,"href":"https:\/\/analyse.optim.biz\/index.php?rest_route=\/wp\/v2\/media\/1310304"}],"wp:attachment":[{"href":"https:\/\/analyse.optim.biz\/index.php?rest_route=%2Fwp%2Fv2%2Fmedia&parent=1310303"}],"wp:term":[{"taxonomy":"category","embeddable":true,"href":"https:\/\/analyse.optim.biz\/index.php?rest_route=%2Fwp%2Fv2%2Fcategories&post=1310303"},{"taxonomy":"post_tag","embeddable":true,"href":"https:\/\/analyse.optim.biz\/index.php?rest_route=%2Fwp%2Fv2%2Ftags&post=1310303"}],"curies":[{"name":"wp","href":"https:\/\/api.w.org\/{rel}","templated":true}]}}