{"id":131030,"date":"2017-11-06T13:21:34","date_gmt":"2017-11-06T10:21:34","guid":{"rendered":"https:\/\/analyse.optim.biz\/?p=131030"},"modified":"2017-11-06T13:21:34","modified_gmt":"2017-11-06T10:21:34","slug":"revolutia-fiscala-contestata-de-gabriela-firea-ar-fi-o-lovitura","status":"publish","type":"post","link":"https:\/\/analyse.optim.biz\/?p=131030","title":{"rendered":"\u201eRevolu\u021bia fiscal\u0103\u201d, contestat\u0103 de Gabriela Firea: \u201eAr fi o lovitur\u0103\u201d"},"content":{"rendered":"<div class=\"entry data-app-meta data-app-meta-article\" data-embed-base-url-canonical=\"https:\/\/www.digi24.ro\/embed\/stiri\/actualitate\/politica\/revolutia-fiscala-contestata-de-gabriela-firea-ar-fi-o-lovitura-823732\">\n<p data-index=\"1\"><strong>M\u0103surile fiscale anun\u0163ate de Guvern sunt contestate chiar din interiorul PSD. Gabriela Firea, primarul Capitalei \u0219i vicepre\u0219edinte al partidului, spune c\u0103 acest pachet de modific\u0103ri fiscale nu va aduce lucruri bune, ci din contr\u0103.<\/strong><\/p>\n<p data-index=\"2\">\u201e<span lang=\"ro-RO\">Am transmis \u0219i \u00een cadrul \u0219edin\u021bei AMR faptul c\u0103 pentru toate prim\u0103riile de municipii, nu doar pentru Prim\u0103ria Municipiului Bucure\u0219ti, acest pachet de modific\u0103ri fiscale nu va aduce lucruri bune, ci din contr\u0103. Dimpotriv\u0103, pentru c\u0103 vor fi bani mai pu\u021bini la buget, pentru investi\u021bii, ar fi o lovitur\u0103 foarte mare pentru toate comunit\u0103\u021bile, de aceea am solicitat \u0219i m\u0103 bucur c\u0103 am primit un r\u0103spuns pozitiv \u0219i din partea premierului. O \u00eembun\u0103t\u0103\u021bire a acestui proiect sau, dac\u0103 va r\u0103m\u00e2ne \u00een varianta actual\u0103, stabilirea unui sistem de compens\u0103ri\u201d, a spus Gabriela Firea.<\/span><\/p>\n<p data-index=\"3\">\u201e<span lang=\"ro-RO\">Revolu\u021bia fiscal\u0103\u201d pe care vrea s\u0103 o fac\u0103 Guvernul, am\u00e2nat\u0103 vineri pe motiv c\u0103 nu s-au dat toate avizele necesare, ar fi trebuit s\u0103 se produc\u0103 luni. Mai precis, la o zi dup\u0103 ce zeci de mii de oameni au protestat \u00een toat\u0103 \u021bara nu numai ca s\u0103 combat\u0103 legile justi\u021biei, dar \u0219i pentru c\u0103 sunt deranja\u021bi de schimb\u0103rile preconizate de executiv \u00een privin\u021ba fiscalit\u0103\u021bii, ceea ce le-ar putea afecta salariile, locul de munc\u0103 \u0219i nivelul de trai. Numai c\u0103, \u00een cele din urm\u0103, <a href=\"https:\/\/www.digi24.ro\/stiri\/economie\/finante-economie\/revolutia-fiscala-pe-masa-guvernului-executivul-ar-urma-sa-se-reuneasca-in-sedinta-extraordinara-823503\" target=\"_blank\" rel=\"noopener\" data-skip-linkfix=\"1\">premierul a anun\u021bat c\u0103 nu va exista, luni, o \u0219edin\u021b\u0103 de guvern<\/a> \u0219i c\u0103 \u00een \u0219edin\u021ba de miercuri este posibil ca una dintre modific\u0103rile controversate din Codul fiscal, cea privind trecerea contribu\u021biilor de la angajator la angajat, s\u0103 nu fie introdus\u0103.<\/span><\/p>\n<\/div>\n<p> Source URL: https:\/\/www.digi24.ro\/stiri\/actualitate\/politica\/revolutia-fiscala-contestata-de-gabriela-firea-ar-fi-o-lovitura-823732<\/p>\n","protected":false},"excerpt":{"rendered":"<p>M\u0103surile fiscale anun\u0163ate de Guvern sunt contestate chiar din interiorul PSD. Gabriela Firea, primarul Capitalei \u0219i vicepre\u0219edinte al partidului, spune c\u0103 acest pachet de modific\u0103ri fiscale nu va aduce lucruri bune, ci din contr\u0103. \u201eAm transmis \u0219i \u00een cadrul \u0219edin\u021bei AMR faptul c\u0103 pentru toate prim\u0103riile de municipii, nu doar pentru Prim\u0103ria Municipiului Bucure\u0219ti, acest [&hellip;]<\/p>\n","protected":false},"author":1,"featured_media":131031,"comment_status":"open","ping_status":"","sticky":false,"template":"","format":"standard","meta":{"footnotes":""},"categories":[2],"tags":[11],"class_list":["post-131030","post","type-post","status-publish","format-standard","has-post-thumbnail","hentry","category-politics","tag-digi24"],"_links":{"self":[{"href":"https:\/\/analyse.optim.biz\/index.php?rest_route=\/wp\/v2\/posts\/131030","targetHints":{"allow":["GET"]}}],"collection":[{"href":"https:\/\/analyse.optim.biz\/index.php?rest_route=\/wp\/v2\/posts"}],"about":[{"href":"https:\/\/analyse.optim.biz\/index.php?rest_route=\/wp\/v2\/types\/post"}],"author":[{"embeddable":true,"href":"https:\/\/analyse.optim.biz\/index.php?rest_route=\/wp\/v2\/users\/1"}],"replies":[{"embeddable":true,"href":"https:\/\/analyse.optim.biz\/index.php?rest_route=%2Fwp%2Fv2%2Fcomments&post=131030"}],"version-history":[{"count":0,"href":"https:\/\/analyse.optim.biz\/index.php?rest_route=\/wp\/v2\/posts\/131030\/revisions"}],"wp:featuredmedia":[{"embeddable":true,"href":"https:\/\/analyse.optim.biz\/index.php?rest_route=\/wp\/v2\/media\/131031"}],"wp:attachment":[{"href":"https:\/\/analyse.optim.biz\/index.php?rest_route=%2Fwp%2Fv2%2Fmedia&parent=131030"}],"wp:term":[{"taxonomy":"category","embeddable":true,"href":"https:\/\/analyse.optim.biz\/index.php?rest_route=%2Fwp%2Fv2%2Fcategories&post=131030"},{"taxonomy":"post_tag","embeddable":true,"href":"https:\/\/analyse.optim.biz\/index.php?rest_route=%2Fwp%2Fv2%2Ftags&post=131030"}],"curies":[{"name":"wp","href":"https:\/\/api.w.org\/{rel}","templated":true}]}}