{"id":131019,"date":"2017-11-06T14:10:30","date_gmt":"2017-11-06T11:10:30","guid":{"rendered":"https:\/\/analyse.optim.biz\/?p=131019"},"modified":"2017-11-06T14:10:30","modified_gmt":"2017-11-06T11:10:30","slug":"sedinta-de-urgenta-a-coalitiei-pentru-masurile-fiscale-tariceanu-rapiditatea-nu-este-factorul-cheie","status":"publish","type":"post","link":"https:\/\/analyse.optim.biz\/?p=131019","title":{"rendered":"\u0218edin\u021b\u0103 de urgen\u021b\u0103 a coali\u021biei pentru m\u0103surile fiscale. T\u0103riceanu: Rapiditatea nu este factorul-cheie"},"content":{"rendered":"<div class=\"entry data-app-meta data-app-meta-article\" data-embed-base-url-canonical=\"https:\/\/www.digi24.ro\/embed\/stiri\/actualitate\/politica\/sedinta-de-urgenta-a-coalitiei-pentru-masurile-fiscale-tariceanu-rapiditatea-nu-este-factorul-cheie-823742\">\n<p data-index=\"1\"><strong>O \u015fedin\u0163\u0103 de urgen\u021b\u0103 a coali\u0163iei PSD &#8211; ALDE, la care particip\u0103 Liviu Dragnea, C\u0103lin Popescu-T\u0103riceanu \u0219i premierul Mihai Tudose, ar urma s\u0103 aib\u0103 loc luni, la o or\u0103 care \u00eenc\u0103 nu este cunoscut\u0103, la Vila Lac, departe de ochii presei, potrivit surselor Digi24.<\/strong><\/p>\n<p data-index=\"2\">Liderii coali\u021biei\u00a0 ar urma s\u0103 vorbeasc\u0103 despre m\u0103surile din \u201erevolu\u021bia fiscal\u0103\u201d, dar \u015fi despre modul \u00een care acestea vor fi promovate \u0219i comunicate, scrie, la r\u00e2ndul s\u0103u, News.ro.<\/p>\n<p data-index=\"3\">Potrivit surselor Digi24, <strong>Guvernul ar putea am\u00e2na noile m\u0103suri fiscale \u0219i ar putea renun\u021ba la modificarea Codului fiscal prin ordonan\u021b\u0103 de urgen\u021b<\/strong>\u0103, a\u0219a cum era preconizat. \u00cen schimb, pachetul de m\u0103suri ar putea ajunge \u00een Parlament, pentru a fi adoptat ca o ini\u021biativ\u0103 legislativ\u0103. La fel s-a \u00eent\u00e2mplat cu legea salariz\u0103rii \u0219i la fel \u0219i cu legile justi\u021biei.<\/p>\n<p data-index=\"4\">\u00cen orice caz, Liviu Dragnea a anulat \u00eent\u00e2lnirea pe care o avea prev\u0103zut\u0103 la 14:30 cu grupul parlamentar al PSD pe motiv c\u0103 are o \u0219edin\u021b\u0103 la nivel de coali\u021bie.\u00a0<\/p>\n<p data-index=\"5\">\u00centrebat de jurnali\u0219ti, luni, la pr\u00e2nz, dac\u0103 va fi o \u0219edin\u021b\u0103 a coali\u021biei, liderul ALDE, C\u0103lin Popescu T\u0103riceanu a fost evaziv: \u201eN-am stabilit \u00eenc\u0103 nimica, dar nu \u0219tiu, realmente v\u0103 v\u0103d extrem de agita\u021bi&#8230;.Dac\u0103 este o \u0219edin\u021b\u0103 de coali\u021bie la care nu sunt, deodat\u0103 ai spus ceva care nu se poate, dac\u0103-i o \u0219edin\u021b\u0103 de coali\u021bie, a\u0219 fi prezent. S-ar putea s\u0103 fie o \u0219edin\u021b\u0103 a celor din PSD, dar asta nu \u00eenseamn\u0103 c\u0103 este o \u0219edin\u021b\u0103 de coali\u021bie\u201d, a declarat C\u0103lin Popescu-T\u0103riceanu.<\/p>\n<p data-index=\"6\">\u00centrebat dac\u0103 este bine c\u0103 s-au am\u00e2nat m\u0103surile fiscale, \u0219eful Senatului a punctat: \u201e<em><strong>S\u0103 v\u0103 explic ceva: eu cred c\u0103 atunci c\u00e2nd este vorba\u00a0despre adoptarea \u00een Guvern a unui pachet de m\u0103suri at\u00e2t importante, rapiditatea nu este factorul-cheie. Cred c\u0103, din contr\u0103, necesitatea de a analiza a\u015fezat toate aspectele \u015fi toate consecin\u0163ele pe care le comport\u0103 o astfel de decizie este un act normal p\u00e2n\u0103 la urm\u0103, de minim\u0103 \u00een\u0163elepciune\u201d<\/strong><\/em>.<\/p>\n<p data-index=\"7\">\u00centrebat despre modalitatea \u00een care vor fi adoptate p\u00e2n\u0103 la urm\u0103 m\u0103surile, T\u0103riceanu a spus: \u201eNu m\u0103 \u00eentreba\u021bi pe mine ce face Guvernul. <strong>Dac\u0103 prim-ministrul va sim\u021bi nevoia s\u0103 se consulte cu Parlamentul, f\u0103r\u0103 \u00eendoial\u0103 o vom face\u201d<\/strong>.<\/p>\n<p data-index=\"8\">Prezent, luni, la un eveniment public, premierul Mihai Tudose anun\u021bat c\u0103 miercuri este \u015fedin\u0163a de Guvern, \u00eens\u0103 a exclus discutarea \u00een aceast\u0103 \u0219edin\u021b\u0103 a transferului contribu\u0163iilor c\u0103tre angaja\u0163i. \u201eCred c\u0103 nu va intra \u00een \u015fedin\u0163\u0103 trecerea contribu\u0163iilor de la angajat la angajator&#8221;, a spus premierul.<\/p>\n<p data-index=\"9\">Citi\u021bi \u0219i:\u00a0 <a href=\"https:\/\/www.digi24.ro\/stiri\/economie\/finante-economie\/revolutia-fiscala-pe-masa-guvernului-executivul-ar-urma-sa-se-reuneasca-in-sedinta-extraordinara-823503\" target=\"_blank\" rel=\"noopener\" data-skip-linkfix=\"1\"><strong>\u201eRevolu\u021bia fiscal\u0103\u201d se am\u00e2n\u0103 din nou. Contesta\u021bii \u00een interiorul PSD<\/strong><\/a><\/p>\n<p class=\"card-title\" data-index=\"10\"><a title=\"title\" href=\"https:\/\/www.digi24.ro\/stiri\/actualitate\/politica\/sirul-lung-de-razgandiri-din-guvernarea-psd-alde-823229\" data-skip-linkfix=\"1\">\u0218irul lung <strong>de<\/strong> r\u0103zg\u00e2ndiri din guvernarea PSD-ALDE<\/a><\/p>\n<p data-index=\"11\">\u00a0<\/p>\n<\/div>\n<p> Source URL: https:\/\/www.digi24.ro\/stiri\/actualitate\/politica\/sedinta-de-urgenta-a-coalitiei-pentru-masurile-fiscale-tariceanu-rapiditatea-nu-este-factorul-cheie-823742<\/p>\n","protected":false},"excerpt":{"rendered":"<p>O \u015fedin\u0163\u0103 de urgen\u021b\u0103 a coali\u0163iei PSD &#8211; ALDE, la care particip\u0103 Liviu Dragnea, C\u0103lin Popescu-T\u0103riceanu \u0219i premierul Mihai Tudose, ar urma s\u0103 aib\u0103 loc luni, la o or\u0103 care \u00eenc\u0103 nu este cunoscut\u0103, la Vila Lac, departe de ochii presei, potrivit surselor Digi24. Liderii coali\u021biei\u00a0 ar urma s\u0103 vorbeasc\u0103 despre m\u0103surile din \u201erevolu\u021bia fiscal\u0103\u201d, [&hellip;]<\/p>\n","protected":false},"author":1,"featured_media":131020,"comment_status":"open","ping_status":"","sticky":false,"template":"","format":"standard","meta":{"footnotes":""},"categories":[2],"tags":[11],"class_list":["post-131019","post","type-post","status-publish","format-standard","has-post-thumbnail","hentry","category-politics","tag-digi24"],"_links":{"self":[{"href":"https:\/\/analyse.optim.biz\/index.php?rest_route=\/wp\/v2\/posts\/131019","targetHints":{"allow":["GET"]}}],"collection":[{"href":"https:\/\/analyse.optim.biz\/index.php?rest_route=\/wp\/v2\/posts"}],"about":[{"href":"https:\/\/analyse.optim.biz\/index.php?rest_route=\/wp\/v2\/types\/post"}],"author":[{"embeddable":true,"href":"https:\/\/analyse.optim.biz\/index.php?rest_route=\/wp\/v2\/users\/1"}],"replies":[{"embeddable":true,"href":"https:\/\/analyse.optim.biz\/index.php?rest_route=%2Fwp%2Fv2%2Fcomments&post=131019"}],"version-history":[{"count":0,"href":"https:\/\/analyse.optim.biz\/index.php?rest_route=\/wp\/v2\/posts\/131019\/revisions"}],"wp:featuredmedia":[{"embeddable":true,"href":"https:\/\/analyse.optim.biz\/index.php?rest_route=\/wp\/v2\/media\/131020"}],"wp:attachment":[{"href":"https:\/\/analyse.optim.biz\/index.php?rest_route=%2Fwp%2Fv2%2Fmedia&parent=131019"}],"wp:term":[{"taxonomy":"category","embeddable":true,"href":"https:\/\/analyse.optim.biz\/index.php?rest_route=%2Fwp%2Fv2%2Fcategories&post=131019"},{"taxonomy":"post_tag","embeddable":true,"href":"https:\/\/analyse.optim.biz\/index.php?rest_route=%2Fwp%2Fv2%2Ftags&post=131019"}],"curies":[{"name":"wp","href":"https:\/\/api.w.org\/{rel}","templated":true}]}}