{"id":131005,"date":"2017-11-06T14:49:06","date_gmt":"2017-11-06T11:49:06","guid":{"rendered":"https:\/\/analyse.optim.biz\/?p=131005"},"modified":"2017-11-06T14:49:06","modified_gmt":"2017-11-06T11:49:06","slug":"liberalii-cer-psd-sa-retraga-legile-justitiei","status":"publish","type":"post","link":"https:\/\/analyse.optim.biz\/?p=131005","title":{"rendered":"Liberalii cer PSD s\u0103 retrag\u0103 legile justi\u021biei"},"content":{"rendered":"<div class=\"entry data-app-meta data-app-meta-article\" data-embed-base-url-canonical=\"https:\/\/www.digi24.ro\/embed\/stiri\/actualitate\/politica\/liberalii-cer-psd-sa-retraga-legile-justitiei-823788\">\n<p data-index=\"1\"><strong><span lang=\"ro-RO\">Pre\u0219edintele PNL, Ludovic Orban, a cerut social-democra\u021bilor s\u0103 nu sus\u021bin\u0103 proiectul de modificare a legilor justi\u021biei care, \u00een opinia sa, ar \u00eentoarce Rom\u00e2nia 20 de ani \u00een timp.<\/span><\/strong><\/p>\n<p data-index=\"2\">\u201e<span lang=\"ro-RO\">Proiectul de modificare a legilor justi\u021biei este crea\u021bia tripletei toxice pentru justi\u021bie Florin Iordache &#8211; \u0218erban Nicolae \u2013 Eugen Nicolicea, care exprim\u0103 un punct de vedere conservator, care ne-ar \u00eentoarce 20 de ani \u00een timp\u201d, a spus Ludovic Orban.<\/span><\/p>\n<p data-index=\"3\"><span lang=\"ro-RO\"><a href=\"https:\/\/www.digi24.ro\/stiri\/actualitate\/justitie\/informatii-digi24-schimbari-majore-in-proiectul-legilor-justitiei-820232\" target=\"_blank\" rel=\"noopener\" data-skip-linkfix=\"1\">Proiectul de modificare a legilor justi\u0163iei <\/a>trece prin schimb\u0103ri majore \u00een Parlament, \u00een condi\u021biile \u00eeb care parlamentarii PSD &#8211; ALDE nu au fost mul\u0163umi\u0163i de propunerile f\u0103cute de ministrul Justi\u0163iei, Tudorel Toader.<\/span><\/p>\n<p data-index=\"4\"><span lang=\"ro-RO\">Astfel, pre\u0219edintele r\u0103m\u00e2ne implicat \u00een procesul de numire a procurorilor \u0219efi, chiar dac\u0103 pre\u0219edintele ALDE, C\u0103lin Popescu T\u0103riceanu, spunea c\u0103 varianta lui Tudorel Toader era mai bun\u0103 \u0219i c\u0103 pre\u0219edintele trebuie eliminat din procesul numirile, astfel \u00eenc\u00e2t s\u0103 fie eliminat factorul politic.<\/span><\/p>\n<p data-index=\"5\"><span lang=\"ro-RO\">\u00cen ceea ce prive\u0219te Inspec\u021bia judiciar\u0103, aceasta va fi un organ independent, controlat de o comisie din care vor face parte mai multe institu\u021bii, inclusiv CSM.<\/span><\/p>\n<p data-index=\"6\"><span lang=\"ro-RO\">\u00centr-una dintre legi se introduce o sec\u021biune nou\u0103, Direc\u021bia pentru investigarea infrac\u021biunilor s\u0103v\u00e2r\u0219ite de judec\u0103tori \u0219i procurori. Aici se detaliaz\u0103 cum anume, \u00een cadrul Parchetului de pe l\u00e2ng\u0103 \u00cenalta Curte de Casa\u021bie \u0219i Justi\u021bie, se va \u00eenfiin\u021ba \u0219i va func\u021biona aceast\u0103 direc\u021bie care va avea drept competen\u021be efectuarea urm\u0103ririi penale pentru infrac\u021biunile comise de magistra\u021bi, inclusiv cei care au calitatea de membri CSM \u0219i judec\u0103tori sau procurori militari.<\/span><\/p>\n<p data-index=\"7\"><span lang=\"ro-RO\">Mai mul\u021bi judec\u0103tori au criticat acest proiect.<a href=\"https:\/\/www.digi24.ro\/stiri\/actualitate\/politica\/iohannis-despre-legile-justitiei-voi-fi-foarte-activ-si-voi-face-uz-de-toate-atributiile-821709\" target=\"_blank\" rel=\"noopener\" data-skip-linkfix=\"1\"> Un avertisment a venit \u0219i din partea pre\u0219edintelui Klaus Iohannis<\/a>, care a spus c\u0103 unele dintre prevederile cuprinse \u00een a\u0219a-numitul pachet al legilor justi\u021biei \u201esunt bune, oportune \u0219i necesare\u201d, dar c\u0103 este vorba \u0219i de \u201eo ciop\u00e2r\u021bire\u201d.<\/span><\/p>\n<p data-index=\"8\">\u201e<span lang=\"ro-RO\">De la a corecta legisla\u021bia &#8211; ceea ce, \u00een esen\u021b\u0103, ar fi fost un lucru bun &#8211; p\u00e2n\u0103 la o ciop\u00e2r\u021bi, ceea ce se \u00eent\u00e2mpl\u0103 se pare acum, este cale lung\u0103 \u0219i nu ar trebui s\u0103 o parcurgem\u201d, a spus pre\u0219edintele.<\/span><\/p>\n<p data-index=\"9\">\u201e<span lang=\"ro-RO\">Sunt dispus s\u0103 folosesc absolut toate p\u00e2rghiile \u0219i prerogativele preziden\u021biale pentru a interveni \u00een aces proces, \u00een sensul p\u0103str\u0103rii independen\u021bei justi\u021biei\u201d, a ad\u0103ugat el.<\/span><\/p>\n<\/div>\n<p> Source URL: https:\/\/www.digi24.ro\/stiri\/actualitate\/politica\/liberalii-cer-psd-sa-retraga-legile-justitiei-823788<\/p>\n","protected":false},"excerpt":{"rendered":"<p>Pre\u0219edintele PNL, Ludovic Orban, a cerut social-democra\u021bilor s\u0103 nu sus\u021bin\u0103 proiectul de modificare a legilor justi\u021biei care, \u00een opinia sa, ar \u00eentoarce Rom\u00e2nia 20 de ani \u00een timp. \u201eProiectul de modificare a legilor justi\u021biei este crea\u021bia tripletei toxice pentru justi\u021bie Florin Iordache &#8211; \u0218erban Nicolae \u2013 Eugen Nicolicea, care exprim\u0103 un punct de vedere conservator, [&hellip;]<\/p>\n","protected":false},"author":1,"featured_media":131006,"comment_status":"open","ping_status":"","sticky":false,"template":"","format":"standard","meta":{"footnotes":""},"categories":[2],"tags":[11],"class_list":["post-131005","post","type-post","status-publish","format-standard","has-post-thumbnail","hentry","category-politics","tag-digi24"],"_links":{"self":[{"href":"https:\/\/analyse.optim.biz\/index.php?rest_route=\/wp\/v2\/posts\/131005","targetHints":{"allow":["GET"]}}],"collection":[{"href":"https:\/\/analyse.optim.biz\/index.php?rest_route=\/wp\/v2\/posts"}],"about":[{"href":"https:\/\/analyse.optim.biz\/index.php?rest_route=\/wp\/v2\/types\/post"}],"author":[{"embeddable":true,"href":"https:\/\/analyse.optim.biz\/index.php?rest_route=\/wp\/v2\/users\/1"}],"replies":[{"embeddable":true,"href":"https:\/\/analyse.optim.biz\/index.php?rest_route=%2Fwp%2Fv2%2Fcomments&post=131005"}],"version-history":[{"count":0,"href":"https:\/\/analyse.optim.biz\/index.php?rest_route=\/wp\/v2\/posts\/131005\/revisions"}],"wp:featuredmedia":[{"embeddable":true,"href":"https:\/\/analyse.optim.biz\/index.php?rest_route=\/wp\/v2\/media\/131006"}],"wp:attachment":[{"href":"https:\/\/analyse.optim.biz\/index.php?rest_route=%2Fwp%2Fv2%2Fmedia&parent=131005"}],"wp:term":[{"taxonomy":"category","embeddable":true,"href":"https:\/\/analyse.optim.biz\/index.php?rest_route=%2Fwp%2Fv2%2Fcategories&post=131005"},{"taxonomy":"post_tag","embeddable":true,"href":"https:\/\/analyse.optim.biz\/index.php?rest_route=%2Fwp%2Fv2%2Ftags&post=131005"}],"curies":[{"name":"wp","href":"https:\/\/api.w.org\/{rel}","templated":true}]}}