{"id":1309302,"date":"2022-06-06T10:04:46","date_gmt":"2022-06-06T07:04:46","guid":{"rendered":"https:\/\/analyse.optim.biz\/?p=1309302"},"modified":"2022-06-06T10:04:46","modified_gmt":"2022-06-06T07:04:46","slug":"start-bac-examenul-maturitatii-a-inceput-cu-proba-orala-la-limba-romana-care-va-fi-sustinuta-intre-6-si-8-iunie","status":"publish","type":"post","link":"https:\/\/analyse.optim.biz\/?p=1309302","title":{"rendered":"Start Bac! Examenul maturit\u0103\u0163ii a \u00eenceput cu proba oral\u0103 la Limba Rom\u00e2n\u0103, care va fi sus\u021binut\u0103 \u00eentre 6 \u0219i 8 iunie"},"content":{"rendered":"<article id=\"template-id-172790\" class=\"post-172790 tdb_templates type-tdb_templates status-publish post\">\n<div id=\"tdi_52\" class=\"tdc-zone\">\n<div class=\"tdc_zone tdi_53  wpb_row td-pb-row\">\n<div id=\"tdi_54\" class=\"tdc-row stretch_row_1400 td-stretch-content\">\n<div class=\"vc_row tdi_55  wpb_row td-pb-row tdc-element-style\">\n<div class=\"vc_column tdi_57  wpb_column vc_column_container tdc-column td-pb-span8\">\n<div class=\"wpb_wrapper\">\n<div class=\"td_block_wrap tdb_single_categories tdi_58 td-pb-border-top td_block_template_1 \" data-td-block-uid=\"tdi_58\">\n<div class=\"tdb-category td-fix-index\"><a class=\"tdb-entry-category\" href=\"https:\/\/voceatimisului.ro\/stiri-din-timisoara-si-timis\/\">\u0218tiri<\/a><a class=\"tdb-entry-category\" href=\"https:\/\/voceatimisului.ro\/stiri-din-timisoara-si-timis\/educatie\/\">Educa\u021bie<\/a><\/div>\n<\/div>\n<div class=\"td_block_wrap tdb_title tdi_59 tdb-single-title td-pb-border-top td_block_template_1\" data-td-block-uid=\"tdi_59\">\n<div class=\"tdb-block-inner td-fix-index\">\n<h1 class=\"tdb-title-text\">Start Bac! Examenul maturit\u0103\u0163ii a \u00eenceput cu proba oral\u0103 la Limba Rom\u00e2n\u0103, care va fi sus\u021binut\u0103 \u00eentre 6 \u0219i 8 iunie<\/h1>\n<\/div>\n<\/div>\n<div class=\"vc_row_inner tdi_62  vc_row vc_inner wpb_row td-pb-row\">\n<div class=\"vc_column_inner tdi_64  wpb_column vc_column_container tdc-inner-column td-pb-span6\">\n<div class=\"vc_column-inner\">\n<div class=\"wpb_wrapper\">\n<div class=\"td_block_wrap tdb_single_author tdi_65 td-pb-border-top td_block_template_1 tdb-post-meta\" data-td-block-uid=\"tdi_65\">\n<div class=\"tdb-block-inner td-fix-index\">\n<div class=\"tdb-author-name-wrap\"><span class=\"tdb-author-by\">Autor-<\/span><a class=\"tdb-author-name\" href=\"https:\/\/voceatimisului.ro\/author\/ioana\/\">Ioana Danciu<\/a><\/div>\n<\/div>\n<\/div>\n<div class=\"td_block_wrap tdb_single_date tdi_66 td-pb-border-top td_block_template_1 tdb-post-meta\" data-td-block-uid=\"tdi_66\">\n<div class=\"tdb-block-inner td-fix-index\"><time class=\"entry-date updated td-module-date\" datetime=\"2022-06-06T13:04:46+03:00\">6 iunie 2022<\/time><\/div>\n<\/div>\n<div class=\"td_block_wrap tdb_single_comments_count tdi_67 td-pb-border-top td_block_template_1 tdb-post-meta\" data-td-block-uid=\"tdi_67\">\n<div class=\"tdb-block-inner td-fix-index\"><a href=\"https:\/\/voceatimisului.ro\/start-bac-examenul-maturitatii-a-inceput-cu-proba-orala-la-limba-romana-care-va-fi-sustinuta-intre-6-si-8-iunie\/#respond\"><span>0<\/span><\/a><\/div>\n<\/div>\n<div class=\"td_block_wrap tdb_single_post_views tdi_68 td-pb-border-top td_block_template_1 tdb-post-meta\" data-td-block-uid=\"tdi_68\">\n<div class=\"tdb-block-inner td-fix-index\"><span class=\"tdb-add-text\">1<\/span><span class=\"td-nr-views-152000\">506<\/span><\/div>\n<\/div>\n<\/div>\n<\/div>\n<\/div>\n<div class=\"vc_column_inner tdi_70  wpb_column vc_column_container tdc-inner-column td-pb-span6\">\n<div class=\"vc_column-inner\">\n<div class=\"wpb_wrapper\">\n<div class=\"td_block_wrap tdb_single_post_share tdi_71  td-pb-border-top td_block_template_1\" data-td-block-uid=\"tdi_71\">\n<div id=\"tdi_71\" class=\"td-post-sharing tdb-block td-ps-bg td-ps-notext td-post-sharing-style1 \">\n<div class=\"td-post-sharing-visible\"><a class=\"td-social-sharing-button td-social-sharing-button-js td-social-network td-social-facebook\" href=\"https:\/\/www.facebook.com\/sharer.php?u=https%3A%2F%2Fvoceatimisului.ro%2Fstart-bac-examenul-maturitatii-a-inceput-cu-proba-orala-la-limba-romana-care-va-fi-sustinuta-intre-6-si-8-iunie%2F\" title=\"Facebook\" rel=\"noopener\"><\/p>\n<div class=\"td-social-but-text\">Facebook<\/div>\n<p><\/a><a class=\"td-social-sharing-button td-social-sharing-button-js td-social-network td-social-twitter\" href=\"https:\/\/twitter.com\/intent\/tweet?text=Start+Bac%21+Examenul+maturit%C4%83%C5%A3ii+a+%C3%AEnceput+cu+proba+oral%C4%83+la+Limba+Rom%C3%A2n%C4%83%2C+care+va+fi+sus%C8%9Binut%C4%83+%C3%AEntre+6+%C8%99i+8+iunie&amp;url=https%3A%2F%2Fvoceatimisului.ro%2Fstart-bac-examenul-maturitatii-a-inceput-cu-proba-orala-la-limba-romana-care-va-fi-sustinuta-intre-6-si-8-iunie%2F&amp;via=Vocea+Timisului\" title=\"Twitter\" rel=\"noopener\"><\/p>\n<div class=\"td-social-but-text\">Twitter<\/div>\n<p><\/a><a class=\"td-social-sharing-button td-social-sharing-button-js td-social-network td-social-pinterest\" href=\"https:\/\/pinterest.com\/pin\/create\/button\/?url=https:\/\/voceatimisului.ro\/start-bac-examenul-maturitatii-a-inceput-cu-proba-orala-la-limba-romana-care-va-fi-sustinuta-intre-6-si-8-iunie\/&amp;media=https:\/\/analyse.optim.biz\/wp-content\/uploads\/2026\/01\/bac-jpg.webp&amp;description=Start+Bac%21+Examenul+maturit%C4%83%C5%A3ii+a+%C3%AEnceput+cu+proba+oral%C4%83+la+Limba+Rom%C3%A2n%C4%83%2C+care+va+fi+sus%C8%9Binut%C4%83+%C3%AEntre+6+%C8%99i+8+iunie\" title=\"Pinterest\" rel=\"noopener\"><\/p>\n<div class=\"td-social-but-text\">Pinterest<\/div>\n<p><\/a><a class=\"td-social-sharing-button td-social-sharing-button-js td-social-network td-social-whatsapp\" href=\"https:\/\/api.whatsapp.com\/send?text=Start+Bac%21+Examenul+maturit%C4%83%C5%A3ii+a+%C3%AEnceput+cu+proba+oral%C4%83+la+Limba+Rom%C3%A2n%C4%83%2C+care+va+fi+sus%C8%9Binut%C4%83+%C3%AEntre+6+%C8%99i+8+iunie%20%0A%0A%20https:\/\/voceatimisului.ro\/start-bac-examenul-maturitatii-a-inceput-cu-proba-orala-la-limba-romana-care-va-fi-sustinuta-intre-6-si-8-iunie\/\" title=\"WhatsApp\" rel=\"noopener\"><\/p>\n<div class=\"td-social-but-text\">WhatsApp<\/div>\n<p><\/a><a class=\"td-social-sharing-button td-social-sharing-button-js td-social-network td-social-linkedin\" href=\"https:\/\/www.linkedin.com\/shareArticle?mini=true&amp;url=https:\/\/voceatimisului.ro\/start-bac-examenul-maturitatii-a-inceput-cu-proba-orala-la-limba-romana-care-va-fi-sustinuta-intre-6-si-8-iunie\/&amp;title=Start+Bac%21+Examenul+maturit%C4%83%C5%A3ii+a+%C3%AEnceput+cu+proba+oral%C4%83+la+Limba+Rom%C3%A2n%C4%83%2C+care+va+fi+sus%C8%9Binut%C4%83+%C3%AEntre+6+%C8%99i+8+iunie\" title=\"Linkedin\" rel=\"noopener\"><\/p>\n<div class=\"td-social-but-text\">Linkedin<\/div>\n<p><\/a><a class=\"td-social-sharing-button td-social-sharing-button-js td-social-network td-social-copy_url\" href=\"https:\/\/voceatimisului.ro\/start-bac-examenul-maturitatii-a-inceput-cu-proba-orala-la-limba-romana-care-va-fi-sustinuta-intre-6-si-8-iunie\/\" title=\"Copy URL\" rel=\"noopener\"><\/p>\n<div class=\"td-social-but-text\">Copy URL<\/div>\n<p><\/a><\/div>\n<\/div>\n<\/div>\n<\/div>\n<\/div>\n<\/div>\n<\/div>\n<div class=\"td_block_wrap tdb_single_featured_image tdi_72 tdb-content-horiz-left td-pb-border-top td_block_template_1\" data-td-block-uid=\"tdi_72\">\n<div class=\"tdb-block-inner td-fix-index\">\n<figure><img fetchpriority=\"high\" decoding=\"async\" width=\"696\" height=\"393\" class=\"entry-thumb\" src=\"https:\/\/analyse.optim.biz\/wp-content\/uploads\/2026\/01\/bac-jpg-696x393-1.webp\" alt=\"bac jpg\" title=\"bac jpg\" loading=\"eager\"><figcaption class=\"tdb-caption-text\">bac jpg<\/figcaption><\/figure>\n<\/div>\n<\/div>\n<div class=\"vc_row_inner tdi_74  vc_row vc_inner wpb_row td-pb-row\">\n<div class=\"vc_column_inner tdi_76  wpb_column vc_column_container tdc-inner-column td-pb-span4 td-is-sticky\">\n<div class=\"vc_column-inner\">\n<div class=\"wpb_wrapper\" data-sticky-enabled-on=\"W3RydWUsdHJ1ZSx0cnVlLHRydWVd\" data-sticky-offset=\"20\" data-sticky-is-width-auto=\"W2ZhbHNlLGZhbHNlLGZhbHNlLGZhbHNlXQ==\">\n<div class=\"td_block_wrap td_flex_block_1 tdi_77 td-pb-border-top td_block_template_1 td_ajax_preloading_preload td_flex_block\" data-td-block-uid=\"tdi_77\">\n<div id=\"tdi_77\" class=\"td_block_inner td-mc1-wrap\">\n<div class=\"td_module_flex td_module_flex_1 td_module_wrap td-animation-stack td-meta-info-hide td-cpt-post\">\n<div class=\"td-module-container td-category-pos-image\">\n<div class=\"td-module-meta-info\">\n<h3 class=\"entry-title td-module-title\"><a href=\"https:\/\/voceatimisului.ro\/a-sunat-clopotelul-pentru-elevii-din-timis-peste-100-000-de-copii-din-judet-incep-astazi-scoala\/\" rel=\"bookmark\" title=\"A sunat clopo\u021belul pentru elevii din Timi\u015f! Peste 100.000 de copii din jude\u0163, \u00eencep ast\u0103zi \u015fcoala!\">A sunat clopo\u021belul pentru elevii din Timi\u015f! Peste 100.000 de copii din jude\u0163, \u00eencep ast\u0103zi \u015fcoala!<\/a><\/h3>\n<\/div>\n<\/div>\n<\/div>\n<div class=\"td_module_flex td_module_flex_1 td_module_wrap td-animation-stack td-meta-info-hide td-cpt-post\">\n<div class=\"td-module-container td-category-pos-image\">\n<div class=\"td-module-meta-info\">\n<h3 class=\"entry-title td-module-title\"><a href=\"https:\/\/voceatimisului.ro\/simulari-de-bacalureat-in-timis-partea-a-doua-calendarul-examenelor\/\" rel=\"bookmark\" title=\"Simulari de Bacalureat in Timis, partea a doua. Calendarul examenelor\">Simulari de Bacalureat in Timis, partea a doua. Calendarul examenelor<\/a><\/h3>\n<\/div>\n<\/div>\n<\/div>\n<div class=\"td_module_flex td_module_flex_1 td_module_wrap td-animation-stack td-meta-info-hide td-cpt-post\">\n<div class=\"td-module-container td-category-pos-image\">\n<div class=\"td-module-meta-info\">\n<h3 class=\"entry-title td-module-title\"><a href=\"https:\/\/voceatimisului.ro\/toamna-se-numara-restantierii-elevii-din-timis-dau-din-nou-bacalaureatul\/\" rel=\"bookmark\" title=\"Toamna se num\u0103r\u0103\u2026restan\u0163ierii.  Elevii din Timi\u015f dau din nou Bacalaureatul\">Toamna se num\u0103r\u0103\u2026restan\u0163ierii.  Elevii din Timi\u015f dau din nou Bacalaureatul<\/a><\/h3>\n<\/div>\n<\/div>\n<\/div>\n<div class=\"td_module_flex td_module_flex_1 td_module_wrap td-animation-stack td-meta-info-hide td-cpt-post\">\n<div class=\"td-module-container td-category-pos-image\">\n<div class=\"td-module-meta-info\">\n<h3 class=\"entry-title td-module-title\"><a href=\"https:\/\/voceatimisului.ro\/zi-de-foc-pentru-liceenii-din-timis-cati-elevi-au-fost-eliminati-de-la-ultima-proba-examenului-de-bacalaureat\/\" rel=\"bookmark\" title=\"Zi de foc pentru liceenii din Timi\u015f. C\u00e2\u021bi elevi au fost elimina\u021bi de la ultima prob\u0103 a examenului de Bacalaureat\">Zi de foc pentru liceenii din Timi\u015f. C\u00e2\u021bi elevi au fost elimina\u021bi de la ultima prob\u0103 a examenului de Bacalaureat<\/a><\/h3>\n<\/div>\n<\/div>\n<\/div>\n<\/div>\n<\/div>\n<div class=\"tdb-author-box td_block_wrap tdb_single_author_box tdi_82 tdb-content-vert-top td-pb-border-top td_block_template_1\" data-td-block-uid=\"tdi_82\">\n<div class=\"tdb-block-inner td-fix-index\">\n<div class=\"tdb-author-info\"><a href=\"https:\/\/voceatimisului.ro\/author\/ioana\/\" class=\"tdb-author-name\">Ioana Danciu<\/a><\/p>\n<div class=\"tdb-author-descr\">\u00centreaga responsabilitate a comentariilor l\u0103sate de dumneavoastr\u0103 v\u0103 apar\u021bine!<br \/>\nClick <a href=\"https:\/\/voceatimisului.ro\/termeni-si-conditii\/\">aici<\/a>-citeste condi\u0163iile de utilizare ale site-ului www.voceatimisului.ro<\/div>\n<\/div>\n<\/div>\n<\/div>\n<\/div>\n<\/div>\n<\/div>\n<div class=\"vc_column_inner tdi_84  wpb_column vc_column_container tdc-inner-column td-pb-span8\">\n<div class=\"vc_column-inner\">\n<div class=\"wpb_wrapper\">\n<div class=\"td_block_wrap tdb_single_content tdi_85 td-pb-border-top td_block_template_1 td-post-content tagdiv-type\" data-td-block-uid=\"tdi_85\">\n<div class=\"tdb-block-inner td-fix-index\">\n<p>Au \u00eenceput emo\u0163iile pentru absolven\u0163ii de liceu! Ast\u0103zi a \u00eenceput examenul de Bacalaureat cu prima prob\u0103 de evaluare a competen\u0163elor lingvistice la Limba Rom\u00e2n\u0103, ce are loc p\u00e2n\u0103 miercuri.<\/p>\n<p>Va urma apoi proba oral\u0103 la Limba matern\u0103, \u00een perioada 8-9 iunie, \u015fi cea de evaluare a competen\u021belor digitale, \u00een perioada 9-10 iunie, iar probele orale \u00een limbile de circula\u0163ie interna\u0163ional\u0103 vor fi sus\u0163inute \u00een perioada 13 \u2013 15 iunie.<\/p>\n<p>Probele scrise vor \u00eencepe \u00een data de 20 iunie cu Limba \u0219i literatura rom\u00e2n\u0103. Proba obligatorie a profilului este programat\u0103 pe 21 iunie, fiind urmat\u0103 pe 22 iunie de proba la alegere a profilului \u0219i specializ\u0103rii. Proba la Limba si literatura matern\u0103 se va desf\u0103\u0219ura pe 23 iunie.<\/p>\n<p>Primele rezultate vor fi afi\u0219ate \u00een data de 27 iunie p\u00e2n\u0103 la ora 12.00, iar pentru depunerea contesta\u021biilor a fost alocat intervalul orar 12-18 \u00een aceea\u0219i zi. Rezultatele finale, \u00een urma solu\u0163ion\u0103rii eventualelor contesta\u0163ii, vor fi afi\u015fate \u00een data de 1 iulie.<\/p>\n<p>\u00cen jude\u0163ul Timi\u015f sunt a\u015ftepta\u0163i 4.159 de absolven\u0163i s\u0103 sus\u0163in\u0103 examenul de bacalaureat, \u00een acest\u0103 sesiune.<\/p>\n<\/div>\n<\/div>\n<div class=\"td_block_wrap tdb_single_tags tdi_88 td-pb-border-top td_block_template_1\" data-td-block-uid=\"tdi_88\">\n<div class=\"tdb-block-inner td-fix-index\">\n<ul class=\"tdb-tags\">\n<li><span>Tags<\/span><\/li>\n<li><a href=\"https:\/\/voceatimisului.ro\/tag\/bacalaureat\/\">bacalaureat<\/a><\/li>\n<li><a href=\"https:\/\/voceatimisului.ro\/tag\/judetul-timis-5\/\">jude\u0163ul timi\u015f<\/a><\/li>\n<\/ul>\n<\/div>\n<\/div>\n<div class=\"td_block_wrap tdb_single_post_share tdi_89  td-pb-border-top td_block_template_1\" data-td-block-uid=\"tdi_89\">\n<div id=\"tdi_89\" class=\"td-post-sharing tdb-block td-ps-bg td-ps-notext td-post-sharing-style1 \">\n<div class=\"td-post-sharing-visible\"><a class=\"td-social-sharing-button td-social-sharing-button-js td-social-network td-social-facebook\" href=\"https:\/\/www.facebook.com\/sharer.php?u=https%3A%2F%2Fvoceatimisului.ro%2Fstart-bac-examenul-maturitatii-a-inceput-cu-proba-orala-la-limba-romana-care-va-fi-sustinuta-intre-6-si-8-iunie%2F\" title=\"Facebook\" rel=\"noopener\"><\/p>\n<div class=\"td-social-but-text\">Facebook<\/div>\n<p><\/a><a class=\"td-social-sharing-button td-social-sharing-button-js td-social-network td-social-twitter\" href=\"https:\/\/twitter.com\/intent\/tweet?text=Start+Bac%21+Examenul+maturit%C4%83%C5%A3ii+a+%C3%AEnceput+cu+proba+oral%C4%83+la+Limba+Rom%C3%A2n%C4%83%2C+care+va+fi+sus%C8%9Binut%C4%83+%C3%AEntre+6+%C8%99i+8+iunie&amp;url=https%3A%2F%2Fvoceatimisului.ro%2Fstart-bac-examenul-maturitatii-a-inceput-cu-proba-orala-la-limba-romana-care-va-fi-sustinuta-intre-6-si-8-iunie%2F&amp;via=Vocea+Timisului\" title=\"Twitter\" rel=\"noopener\"><\/p>\n<div class=\"td-social-but-text\">Twitter<\/div>\n<p><\/a><a class=\"td-social-sharing-button td-social-sharing-button-js td-social-network td-social-pinterest\" href=\"https:\/\/pinterest.com\/pin\/create\/button\/?url=https:\/\/voceatimisului.ro\/start-bac-examenul-maturitatii-a-inceput-cu-proba-orala-la-limba-romana-care-va-fi-sustinuta-intre-6-si-8-iunie\/&amp;media=https:\/\/analyse.optim.biz\/wp-content\/uploads\/2026\/01\/bac-jpg.webp&amp;description=Start+Bac%21+Examenul+maturit%C4%83%C5%A3ii+a+%C3%AEnceput+cu+proba+oral%C4%83+la+Limba+Rom%C3%A2n%C4%83%2C+care+va+fi+sus%C8%9Binut%C4%83+%C3%AEntre+6+%C8%99i+8+iunie\" title=\"Pinterest\" rel=\"noopener\"><\/p>\n<div class=\"td-social-but-text\">Pinterest<\/div>\n<p><\/a><a class=\"td-social-sharing-button td-social-sharing-button-js td-social-network td-social-whatsapp\" href=\"https:\/\/api.whatsapp.com\/send?text=Start+Bac%21+Examenul+maturit%C4%83%C5%A3ii+a+%C3%AEnceput+cu+proba+oral%C4%83+la+Limba+Rom%C3%A2n%C4%83%2C+care+va+fi+sus%C8%9Binut%C4%83+%C3%AEntre+6+%C8%99i+8+iunie%20%0A%0A%20https:\/\/voceatimisului.ro\/start-bac-examenul-maturitatii-a-inceput-cu-proba-orala-la-limba-romana-care-va-fi-sustinuta-intre-6-si-8-iunie\/\" title=\"WhatsApp\" rel=\"noopener\"><\/p>\n<div class=\"td-social-but-text\">WhatsApp<\/div>\n<p><\/a><a class=\"td-social-sharing-button td-social-sharing-button-js td-social-network td-social-linkedin\" href=\"https:\/\/www.linkedin.com\/shareArticle?mini=true&amp;url=https:\/\/voceatimisului.ro\/start-bac-examenul-maturitatii-a-inceput-cu-proba-orala-la-limba-romana-care-va-fi-sustinuta-intre-6-si-8-iunie\/&amp;title=Start+Bac%21+Examenul+maturit%C4%83%C5%A3ii+a+%C3%AEnceput+cu+proba+oral%C4%83+la+Limba+Rom%C3%A2n%C4%83%2C+care+va+fi+sus%C8%9Binut%C4%83+%C3%AEntre+6+%C8%99i+8+iunie\" title=\"Linkedin\" rel=\"noopener\"><\/p>\n<div class=\"td-social-but-text\">Linkedin<\/div>\n<p><\/a><a class=\"td-social-sharing-button td-social-sharing-button-js td-social-network td-social-copy_url\" href=\"https:\/\/voceatimisului.ro\/start-bac-examenul-maturitatii-a-inceput-cu-proba-orala-la-limba-romana-care-va-fi-sustinuta-intre-6-si-8-iunie\/\" title=\"Copy URL\" rel=\"noopener\"><\/p>\n<div class=\"td-social-but-text\">Copy URL<\/div>\n<p><\/a><\/div>\n<\/div>\n<\/div>\n<div class=\"td_block_wrap tdb_single_next_prev tdi_90 td-animation-stack td-next-prev-img-on td-pb-border-top td_block_template_1\" data-td-block-uid=\"tdi_90\">\n<div class=\"tdb-block-inner td-fix-index\">\n<div class=\"tdb-next-post tdb-next-post-bg tdb-post-prev\"><span>Articolul precedent<\/span><\/p>\n<div class=\"td-module-container\">\n<div class=\"td-image-container\"><a class=\"td-image-wrap\" href=\"https:\/\/voceatimisului.ro\/proba-video-iordanianul-al-shawish-ma-doare-n-nici-in-pua-de-tot-ce-se-scrie-in-ziare-pentru-ca-eu-pe-picioarele-mele-m-am-dus-la-toti-si-le-am-spus-controlati-ma-ca-nu-o-sa-g\/\"><img loading=\"lazy\" decoding=\"async\" class=\"td-next-prev-image td-fix-index td-lazy-img\" title=\"Prob\u0103 video! Iordanianul Al Shawish \u2013 \u201dM\u0103 doare nici \u00een pu\u2026\u0103 de tot ce se scrie \u00een ziare pentru c\u0103 eu, pe picioarele mele, m-am dus la to\u021bi \u0219i le-am spus: controla\u021bi-m\u0103! C\u0103 nu o s\u0103 g\u0103si\u021bi numai pu\u2026a s\u0103 lua\u021bi\u201d\" width=\"696\" height=\"392\" src=\"https:\/\/analyse.optim.biz\/wp-content\/uploads\/2026\/01\/mueen-al-shawish-mimo-jpg-696x392-1.webp\"><\/a><\/div>\n<div class=\"next-prev-title\"><a href=\"https:\/\/voceatimisului.ro\/proba-video-iordanianul-al-shawish-ma-doare-n-nici-in-pua-de-tot-ce-se-scrie-in-ziare-pentru-ca-eu-pe-picioarele-mele-m-am-dus-la-toti-si-le-am-spus-controlati-ma-ca-nu-o-sa-g\/\">Prob\u0103 video! Iordanianul Al Shawish \u2013 \u201dM\u0103 doare nici \u00een pu\u2026\u0103 de tot ce se scrie \u00een ziare pentru c\u0103 eu, pe picioarele mele, m-am dus la to\u021bi \u0219i le-am spus: controla\u021bi-m\u0103! C\u0103 nu o s\u0103 g\u0103si\u021bi numai pu\u2026a s\u0103 lua\u021bi\u201d<\/a><\/div>\n<\/div>\n<\/div>\n<div class=\"tdb-next-post tdb-next-post-bg tdb-post-next\"><span>Articolul urm\u0103tor<\/span><\/p>\n<div class=\"td-module-container\">\n<div class=\"td-image-container\"><a class=\"td-image-wrap\" href=\"https:\/\/voceatimisului.ro\/ca-n-administratie-din-fruntea-directiei-de-sanatate-publica-timis-a-plecat-un-doctor-si-a-aterizat-un-jurist-sanctionat-pe-linie-profesionala\/\"><img loading=\"lazy\" decoding=\"async\" class=\"td-next-prev-image td-fix-index td-lazy-img\" title=\"Ca-n administra\u021bie! Din fruntea Direc\u021biei de S\u0103n\u0103tate Public\u0103 Timi\u0219 a plecat un doctor \u0219i a aterizat un jurist\u2026 sanc\u021bionat pe linie profesional\u0103\" width=\"696\" height=\"696\" src=\"https:\/\/analyse.optim.biz\/wp-content\/uploads\/2026\/01\/flavius-cioca-si-alexandru-rafila-jpg-696x696-1.webp\"><\/a><\/div>\n<div class=\"next-prev-title\"><a href=\"https:\/\/voceatimisului.ro\/ca-n-administratie-din-fruntea-directiei-de-sanatate-publica-timis-a-plecat-un-doctor-si-a-aterizat-un-jurist-sanctionat-pe-linie-profesionala\/\">Ca-n administra\u021bie! Din fruntea Direc\u021biei de S\u0103n\u0103tate Public\u0103 Timi\u0219 a plecat un doctor \u0219i a aterizat un jurist\u2026 sanc\u021bionat pe linie profesional\u0103<\/a><\/div>\n<\/div>\n<\/div>\n<\/div>\n<\/div>\n<\/div>\n<\/div>\n<\/div>\n<\/div>\n<div class=\"vc_row_inner tdi_100  vc_row vc_inner wpb_row td-pb-row\">\n<div class=\"vc_column_inner tdi_102  wpb_column vc_column_container tdc-inner-column td-pb-span4 td-is-sticky\">\n<div class=\"vc_column-inner\">\n<div class=\"wpb_wrapper\" data-sticky-enabled-on=\"W3RydWUsdHJ1ZSx0cnVlLHRydWVd\" data-sticky-offset=\"20\" data-sticky-is-width-auto=\"W2ZhbHNlLGZhbHNlLGZhbHNlLGZhbHNlXQ==\">\n<div class=\"td_block_wrap tdb_single_related tdi_103 td_with_ajax_pagination td-pb-border-top td_block_template_1 tdb-single-related-posts\" data-td-block-uid=\"tdi_103\">\n<div id=\"tdi_103\" class=\"td_block_inner tdb-block-inner td-fix-index\">\n<div class=\"tdb_module_related td_module_wrap td-animation-stack td-meta-info-hide\">\n<div class=\"td-module-container td-category-pos-image\">\n<div class=\"td-module-meta-info\">\n<h3 class=\"entry-title td-module-title\"><a href=\"https:\/\/voceatimisului.ro\/emotii-pentru-peste-3-500-de-elevi-din-timis-inceput-bacalaureatul\/\" rel=\"bookmark\" title=\"Emo\u0163ii pentru peste 3.500 de elevi din Timi\u015f. A \u00eenceput Bacalaureatul! UPDATE 5 elevi elimina\u0163i din examen\">Emo\u0163ii pentru peste 3.500 de elevi din Timi\u015f. A \u00eenceput Bacalaureatul! UPDATE 5 elevi elimina\u0163i din examen<\/a><\/h3>\n<\/div>\n<\/div>\n<\/div>\n<div class=\"tdb_module_related td_module_wrap td-animation-stack td-meta-info-hide\">\n<div class=\"td-module-container td-category-pos-image\">\n<div class=\"td-module-meta-info\">\n<h3 class=\"entry-title td-module-title\"><a href=\"https:\/\/voceatimisului.ro\/au-inceput-simularile-la-evaluarea-nationala-si-bacalaureat-cati-elevi-sunt-testati-timis\/\" rel=\"bookmark\" title=\"Au \u00eenceput simul\u0103rile la Evaluarea Na\u0163ional\u0103 \u015fi Bacalaureat. C\u00e2\u0163i elevi sunt testa\u0163i \u00een Timi\u015f\">Au \u00eenceput simul\u0103rile la Evaluarea Na\u0163ional\u0103 \u015fi Bacalaureat. C\u00e2\u0163i elevi sunt testa\u0163i \u00een Timi\u015f<\/a><\/h3>\n<\/div>\n<\/div>\n<\/div>\n<div class=\"tdb_module_related td_module_wrap td-animation-stack td-meta-info-hide\">\n<div class=\"td-module-container td-category-pos-image\">\n<div class=\"td-module-meta-info\">\n<h3 class=\"entry-title td-module-title\"><a href=\"https:\/\/voceatimisului.ro\/rezultate-bacalaureat-2016-6325-dintre-elevii-timiseni-au-promovat\/\" rel=\"bookmark\" title=\"Rezultate Bacalaureat 2016: 63,25% dintre elevii timi\u0219eni au promovat. Topul liceelor\">Rezultate Bacalaureat 2016: 63,25% dintre elevii timi\u0219eni au promovat. Topul liceelor<\/a><\/h3>\n<\/div>\n<\/div>\n<\/div>\n<\/div>\n<\/div>\n<\/div>\n<\/div>\n<\/div>\n<div class=\"vc_column_inner tdi_105  wpb_column vc_column_container tdc-inner-column td-pb-span8\">\n<div class=\"vc_column-inner\">\n<div class=\"wpb_wrapper\">\n<div class=\"td_block_wrap tdb_single_comments tdi_106 tdb-comm-layout2 td-pb-border-top td_block_template_2\" data-td-block-uid=\"tdi_106\">\n<div class=\"tdb-block-inner td-fix-index\">\n<div class=\"comments\" id=\"comments\">\n<div id=\"respond\" class=\"comment-respond\">\n<h3 id=\"reply-title\" class=\"comment-reply-title\">L\u0102SA\u021aI UN MESAJ <small><a rel=\"nofollow\" id=\"cancel-comment-reply-link\" href=\"https:\/\/voceatimisului.ro\/start-bac-examenul-maturitatii-a-inceput-cu-proba-orala-la-limba-romana-care-va-fi-sustinuta-intre-6-si-8-iunie\/#respond\">Renun\u021ba\u021bi la r\u0103spuns<\/a><\/small><\/h3>\n<div class=\"comment-form-input-wrap td-form-comment\">\n<div class=\"td-warning-comment\">V\u0103 rug\u0103m s\u0103 introduce\u021bi comentariul dvs.!<\/div>\n<\/div>\n<div class=\"comment-form-input-wrap td-form-author\">\n<div class=\"td-warning-author\">Introduce\u021bi aici numele dvs.<\/div>\n<\/div>\n<div class=\"comment-form-input-wrap td-form-email\">\n<div class=\"td-warning-email-error\">A\u021bi introdus o adres\u0103 de e-mail incorect\u0103!<\/div>\n<div class=\"td-warning-email\">V\u0103 rug\u0103m s\u0103 introduce\u021bi adresa dvs. de e-mail aici<\/div>\n<\/div>\n<\/div>\n<\/div>\n<\/div>\n<\/div>\n<\/div>\n<\/div>\n<\/div>\n<\/div>\n<\/div>\n<\/div>\n<div class=\"vc_column tdi_108  wpb_column vc_column_container tdc-column td-pb-span4 td-is-sticky\">\n<div class=\"wpb_wrapper\" data-sticky-enabled-on=\"W3RydWUsdHJ1ZSx0cnVlLHRydWVd\" data-sticky-offset=\"20\" data-sticky-is-width-auto=\"W2ZhbHNlLGZhbHNlLGZhbHNlLGZhbHNlXQ==\">\n<div class=\"vc_row_inner tdi_110  vc_row vc_inner wpb_row td-pb-row\">\n<div class=\"vc_column_inner tdi_112  wpb_column vc_column_container tdc-inner-column td-pb-span12\">\n<div class=\"vc_column-inner\">\n<div class=\"wpb_wrapper\">\n<div class=\"td_block_wrap td_block_title tdi_113 td-pb-border-top td_block_template_11 td-fix-index\" data-td-block-uid=\"tdi_113\">\n<div class=\"td-block-title-wrap\">\n<h4 class=\"td-block-title\"><span class=\"td-pulldown-size\">ANUN\u021aURI \u0218I PUBLICITATE<\/span><\/h4>\n<\/div>\n<\/div>\n<\/div>\n<\/div>\n<\/div>\n<\/div>\n<div class=\"wpb_wrapper td_block_wrap vc_widget_sidebar tdi_115 \">\n<aside id=\"block-10\" class=\"td_block_template_1 widget block-10 widget_block widget_media_image\">\n<figure class=\"wp-block-image size-full\"><a href=\"https:\/\/adpghiroda.ro\/index.html\" target=\"_blank\" rel=\" noreferrer noopener\"><img decoding=\"async\" loading=\"eager\" width=\"960\" height=\"960\" src=\"https:\/\/analyse.optim.biz\/wp-content\/uploads\/2026\/01\/adp-ghiroda2-119.jpg\" class=\"wp-image-171492\" title=\"adp-ghiroda2-119\"><\/a><\/figure>\n<\/aside>\n<aside id=\"block-11\" class=\"td_block_template_1 widget block-11 widget_block widget_media_image\">\n<figure class=\"wp-block-image size-full\"><a href=\"https:\/\/adpghiroda.ro\/index.html\" target=\"_blank\" rel=\" noreferrer noopener\"><img decoding=\"async\" loading=\"lazy\" width=\"960\" height=\"960\" src=\"https:\/\/analyse.optim.biz\/wp-content\/uploads\/2026\/01\/adp-ghiroda1-119.jpg\" class=\"wp-image-171491\" title=\"adp-ghiroda1-119\"><\/a><\/figure>\n<\/aside>\n<aside id=\"block-17\" class=\"td_block_template_1 widget block-17 widget_block widget_media_image\">\n<figure class=\"wp-block-image size-large is-resized\"><a href=\"https:\/\/verde.events\/\" target=\"_blank\" rel=\" noreferrer noopener\"><img decoding=\"async\" loading=\"lazy\" width=\"1024\" height=\"683\" src=\"https:\/\/analyse.optim.biz\/wp-content\/uploads\/2026\/01\/verde-events-24-1024x683-1-104.jpg\" alt=\"Verde Events\" class=\"wp-image-174395\" title=\"verde-events-24-1024x683-1-104\"><\/a><figcaption class=\"wp-element-caption\"><strong><em>O experien\u021b\u0103 unic\u0103 pentru orice tip de eveniment<\/em><\/strong><\/figcaption><\/figure>\n<\/aside>\n<\/div>\n<div class=\"td_block_wrap td_flex_block_1 tdi_121 td-pb-border-top td_block_template_1 td_ajax_preloading_preload td_flex_block\" data-td-block-uid=\"tdi_121\">\n<div id=\"tdi_121\" class=\"td_block_inner td-mc1-wrap\">\n<div class=\"td_module_flex td_module_flex_1 td_module_wrap td-animation-stack td-meta-info-hide td-cpt-post\">\n<div class=\"td-module-container td-category-pos-image\">\n<div class=\"td-module-meta-info\">\n<h3 class=\"entry-title td-module-title\"><a href=\"https:\/\/voceatimisului.ro\/politistii-timiseni-la-datorie-in-apropierea-scolilor-pe-perioada-examenului-de-bacalaureat\/\" rel=\"bookmark\" title=\"Poli\u021bi\u0219tii timi\u0219eni, la datorie \u00een apropierea \u0219colilor, pe perioada examenului de Bacalaureat\">Poli\u021bi\u0219tii timi\u0219eni, la datorie \u00een apropierea \u0219colilor, pe perioada examenului de Bacalaureat<\/a><\/h3>\n<\/div>\n<\/div>\n<\/div>\n<div class=\"td_module_flex td_module_flex_1 td_module_wrap td-animation-stack td-meta-info-hide td-cpt-post\">\n<div class=\"td-module-container td-category-pos-image\">\n<div class=\"td-module-meta-info\">\n<h3 class=\"entry-title td-module-title\"><a href=\"https:\/\/voceatimisului.ro\/elevi-timiseni-prinsi-in-timp-ce-copiau-la-simularea-bacalaureatului\/\" rel=\"bookmark\" title=\"Elevi timi\u0219eni, prin\u0219i \u00een timp ce copiau la simularea Bacalaureatului\">Elevi timi\u0219eni, prin\u0219i \u00een timp ce copiau la simularea Bacalaureatului<\/a><\/h3>\n<\/div>\n<\/div>\n<\/div>\n<div class=\"td_module_flex td_module_flex_1 td_module_wrap td-animation-stack td-meta-info-hide td-cpt-post\">\n<div class=\"td-module-container td-category-pos-image\">\n<div class=\"td-module-meta-info\">\n<h3 class=\"entry-title td-module-title\"><a href=\"https:\/\/voceatimisului.ro\/universitatea-politehnica-din-timisoara-ofera-cursuri-de-matematica-gratuite\/\" rel=\"bookmark\" title=\"Universitatea Politehnic\u0103 din Timi\u0219oara, cursuri GRATUITE de Matematic\u0103 pentru elevii care dau BAC-ul\">Universitatea Politehnic\u0103 din Timi\u0219oara, cursuri GRATUITE de Matematic\u0103 pentru elevii care dau BAC-ul<\/a><\/h3>\n<\/div>\n<\/div>\n<\/div>\n<div class=\"td_module_flex td_module_flex_1 td_module_wrap td-animation-stack td-meta-info-hide td-cpt-post\">\n<div class=\"td-module-container td-category-pos-image\">\n<div class=\"td-module-meta-info\">\n<h3 class=\"entry-title td-module-title\"><a href=\"https:\/\/voceatimisului.ro\/2567-rata-finala-de-promovare-in-sesiunea-a-ii-a-de-bac\/\" rel=\"bookmark\" title=\"25,67%: rata final\u0103 de promovare \u00een sesiunea a II-a de BAC\">25,67%: rata final\u0103 de promovare \u00een sesiunea a II-a de BAC<\/a><\/h3>\n<\/div>\n<\/div>\n<\/div>\n<div class=\"td_module_flex td_module_flex_1 td_module_wrap td-animation-stack td-meta-info-hide td-cpt-post\">\n<div class=\"td-module-container td-category-pos-image\">\n<div class=\"td-module-meta-info\">\n<h3 class=\"entry-title td-module-title\"><a href=\"https:\/\/voceatimisului.ro\/simulare-online-pentru-elevii-care-vor-sa-isi-testeze-cunostintele-inainte-de-examenul-de-bacalaureat\/\" rel=\"bookmark\" title=\"Simulare online pentru elevii care vor s\u0103 \u00ee\u0219i testeze cuno\u0219tin\u021bele \u00eenainte de examenul de Bacalaureat\">Simulare online pentru elevii care vor s\u0103 \u00ee\u0219i testeze cuno\u0219tin\u021bele \u00eenainte de examenul de Bacalaureat<\/a><\/h3>\n<\/div>\n<\/div>\n<\/div>\n<\/div>\n<\/div>\n<\/div>\n<\/div>\n<\/div>\n<\/div>\n<\/div>\n<\/div>\n<p><span class=\"td-page-meta\"><\/span><span class=\"td-page-meta\"><span class=\"td-page-meta\"><\/span><\/span><span class=\"td-page-meta\"><\/span><\/article>\n<p> Source URL: https:\/\/voceatimisului.ro\/start-bac-examenul-maturitatii-a-inceput-cu-proba-orala-la-limba-romana-care-va-fi-sustinuta-intre-6-si-8-iunie\/<\/p>\n","protected":false},"excerpt":{"rendered":"<p>\u0218tiriEduca\u021bie Start Bac! Examenul maturit\u0103\u0163ii a \u00eenceput cu proba oral\u0103 la Limba Rom\u00e2n\u0103, care va fi sus\u021binut\u0103 \u00eentre 6 \u0219i 8 iunie Autor-Ioana Danciu 6 iunie 2022 0 1506 Facebook Twitter Pinterest WhatsApp Linkedin Copy URL bac jpg A sunat clopo\u021belul pentru elevii din Timi\u015f! Peste 100.000 de copii din jude\u0163, \u00eencep ast\u0103zi \u015fcoala! Simulari [&hellip;]<\/p>\n","protected":false},"author":1,"featured_media":1309303,"comment_status":"open","ping_status":"","sticky":false,"template":"","format":"standard","meta":{"footnotes":""},"categories":[89],"tags":[199],"class_list":["post-1309302","post","type-post","status-publish","format-standard","has-post-thumbnail","hentry","category-romania","tag-voceatimisului-ro"],"_links":{"self":[{"href":"https:\/\/analyse.optim.biz\/index.php?rest_route=\/wp\/v2\/posts\/1309302","targetHints":{"allow":["GET"]}}],"collection":[{"href":"https:\/\/analyse.optim.biz\/index.php?rest_route=\/wp\/v2\/posts"}],"about":[{"href":"https:\/\/analyse.optim.biz\/index.php?rest_route=\/wp\/v2\/types\/post"}],"author":[{"embeddable":true,"href":"https:\/\/analyse.optim.biz\/index.php?rest_route=\/wp\/v2\/users\/1"}],"replies":[{"embeddable":true,"href":"https:\/\/analyse.optim.biz\/index.php?rest_route=%2Fwp%2Fv2%2Fcomments&post=1309302"}],"version-history":[{"count":0,"href":"https:\/\/analyse.optim.biz\/index.php?rest_route=\/wp\/v2\/posts\/1309302\/revisions"}],"wp:featuredmedia":[{"embeddable":true,"href":"https:\/\/analyse.optim.biz\/index.php?rest_route=\/wp\/v2\/media\/1309303"}],"wp:attachment":[{"href":"https:\/\/analyse.optim.biz\/index.php?rest_route=%2Fwp%2Fv2%2Fmedia&parent=1309302"}],"wp:term":[{"taxonomy":"category","embeddable":true,"href":"https:\/\/analyse.optim.biz\/index.php?rest_route=%2Fwp%2Fv2%2Fcategories&post=1309302"},{"taxonomy":"post_tag","embeddable":true,"href":"https:\/\/analyse.optim.biz\/index.php?rest_route=%2Fwp%2Fv2%2Ftags&post=1309302"}],"curies":[{"name":"wp","href":"https:\/\/api.w.org\/{rel}","templated":true}]}}