{"id":1309290,"date":"2024-04-07T05:55:08","date_gmt":"2024-04-07T02:55:08","guid":{"rendered":"https:\/\/analyse.optim.biz\/?p=1309290"},"modified":"2024-04-07T05:55:08","modified_gmt":"2024-04-07T02:55:08","slug":"gradinita-domi-academy-ia-nastere-in-comuna-dumbravita-un-paradis-educational-adaptat-la-nevoile-fiecarui-copil","status":"publish","type":"post","link":"https:\/\/analyse.optim.biz\/?p=1309290","title":{"rendered":"Gr\u0103dini\u021ba Domi Academy ia na\u0219tere \u00een comuna Dumbr\u0103vi\u021ba: Un paradis educa\u021bional adaptat la nevoile fiec\u0103rui copil"},"content":{"rendered":"<article id=\"template-id-172790\" class=\"post-172790 tdb_templates type-tdb_templates status-publish post\">\n<div id=\"tdi_52\" class=\"tdc-zone\">\n<div class=\"tdc_zone tdi_53  wpb_row td-pb-row\">\n<div id=\"tdi_54\" class=\"tdc-row stretch_row_1400 td-stretch-content\">\n<div class=\"vc_row tdi_55  wpb_row td-pb-row tdc-element-style\">\n<div class=\"vc_column tdi_57  wpb_column vc_column_container tdc-column td-pb-span8\">\n<div class=\"wpb_wrapper\">\n<div class=\"td_block_wrap tdb_single_categories tdi_58 td-pb-border-top td_block_template_1 \" data-td-block-uid=\"tdi_58\">\n<div class=\"tdb-category td-fix-index\"><a class=\"tdb-entry-category\" href=\"https:\/\/voceatimisului.ro\/stiri-din-timisoara-si-timis\/\">\u0218tiri<\/a><a class=\"tdb-entry-category\" href=\"https:\/\/voceatimisului.ro\/stiri-din-timisoara-si-timis\/educatie\/\">Educa\u021bie<\/a><\/div>\n<\/div>\n<div class=\"td_block_wrap tdb_title tdi_59 tdb-single-title td-pb-border-top td_block_template_1\" data-td-block-uid=\"tdi_59\">\n<div class=\"tdb-block-inner td-fix-index\">\n<h1 class=\"tdb-title-text\">Gr\u0103dini\u021ba Domi Academy ia na\u0219tere \u00een comuna Dumbr\u0103vi\u021ba: Un paradis educa\u021bional adaptat la nevoile fiec\u0103rui copil<\/h1>\n<\/div>\n<\/div>\n<div class=\"vc_row_inner tdi_62  vc_row vc_inner wpb_row td-pb-row\">\n<div class=\"vc_column_inner tdi_64  wpb_column vc_column_container tdc-inner-column td-pb-span6\">\n<div class=\"vc_column-inner\">\n<div class=\"wpb_wrapper\">\n<div class=\"td_block_wrap tdb_single_author tdi_65 td-pb-border-top td_block_template_1 tdb-post-meta\" data-td-block-uid=\"tdi_65\">\n<div class=\"tdb-block-inner td-fix-index\">\n<div class=\"tdb-author-name-wrap\"><span class=\"tdb-author-by\">Autor-<\/span><a class=\"tdb-author-name\" href=\"https:\/\/voceatimisului.ro\/author\/ioana\/\">Ioana Danciu<\/a><\/div>\n<\/div>\n<\/div>\n<div class=\"td_block_wrap tdb_single_date tdi_66 td-pb-border-top td_block_template_1 tdb-post-meta\" data-td-block-uid=\"tdi_66\">\n<div class=\"tdb-block-inner td-fix-index\"><time class=\"entry-date updated td-module-date\" datetime=\"2024-04-07T08:55:08+03:00\">7 aprilie 2024<\/time><\/div>\n<\/div>\n<div class=\"td_block_wrap tdb_single_comments_count tdi_67 td-pb-border-top td_block_template_1 tdb-post-meta\" data-td-block-uid=\"tdi_67\">\n<div class=\"tdb-block-inner td-fix-index\"><a href=\"https:\/\/voceatimisului.ro\/gradinita-domi-academy-ia-nastere-in-comuna-dumbravita-un-paradis-educational-adaptat-la-nevoile-fiecarui-copil\/#respond\"><span>0<\/span><\/a><\/div>\n<\/div>\n<div class=\"td_block_wrap tdb_single_post_views tdi_68 td-pb-border-top td_block_template_1 tdb-post-meta\" data-td-block-uid=\"tdi_68\">\n<div class=\"tdb-block-inner td-fix-index\"><span class=\"tdb-add-text\">1<\/span><span class=\"td-nr-views-161742\">944<\/span><\/div>\n<\/div>\n<\/div>\n<\/div>\n<\/div>\n<div class=\"vc_column_inner tdi_70  wpb_column vc_column_container tdc-inner-column td-pb-span6\">\n<div class=\"vc_column-inner\">\n<div class=\"wpb_wrapper\">\n<div class=\"td_block_wrap tdb_single_post_share tdi_71  td-pb-border-top td_block_template_1\" data-td-block-uid=\"tdi_71\">\n<div id=\"tdi_71\" class=\"td-post-sharing tdb-block td-ps-bg td-ps-notext td-post-sharing-style1 \">\n<div class=\"td-post-sharing-visible\"><a class=\"td-social-sharing-button td-social-sharing-button-js td-social-network td-social-facebook\" href=\"https:\/\/www.facebook.com\/sharer.php?u=https%3A%2F%2Fvoceatimisului.ro%2Fgradinita-domi-academy-ia-nastere-in-comuna-dumbravita-un-paradis-educational-adaptat-la-nevoile-fiecarui-copil%2F\" title=\"Facebook\" rel=\"noopener\"><\/p>\n<div class=\"td-social-but-text\">Facebook<\/div>\n<p><\/a><a class=\"td-social-sharing-button td-social-sharing-button-js td-social-network td-social-twitter\" href=\"https:\/\/twitter.com\/intent\/tweet?text=Gr%C4%83dini%C8%9Ba+Domi+Academy+ia+na%C8%99tere+%C3%AEn+comuna+Dumbr%C4%83vi%C8%9Ba%3A+Un+paradis+educa%C8%9Bional+adaptat+la+nevoile+fiec%C4%83rui+copil&amp;url=https%3A%2F%2Fvoceatimisului.ro%2Fgradinita-domi-academy-ia-nastere-in-comuna-dumbravita-un-paradis-educational-adaptat-la-nevoile-fiecarui-copil%2F&amp;via=Vocea+Timisului\" title=\"Twitter\" rel=\"noopener\"><\/p>\n<div class=\"td-social-but-text\">Twitter<\/div>\n<p><\/a><a class=\"td-social-sharing-button td-social-sharing-button-js td-social-network td-social-pinterest\" href=\"https:\/\/pinterest.com\/pin\/create\/button\/?url=https:\/\/voceatimisului.ro\/gradinita-domi-academy-ia-nastere-in-comuna-dumbravita-un-paradis-educational-adaptat-la-nevoile-fiecarui-copil\/&amp;media=https:\/\/analyse.optim.biz\/wp-content\/uploads\/2026\/01\/gradinita-domi-academy4.jpg&amp;description=Gr%C4%83dini%C8%9Ba+Domi+Academy+ia+na%C8%99tere+%C3%AEn+comuna+Dumbr%C4%83vi%C8%9Ba%3A+Un+paradis+educa%C8%9Bional+adaptat+la+nevoile+fiec%C4%83rui+copil\" title=\"Pinterest\" rel=\"noopener\"><\/p>\n<div class=\"td-social-but-text\">Pinterest<\/div>\n<p><\/a><a class=\"td-social-sharing-button td-social-sharing-button-js td-social-network td-social-whatsapp\" href=\"https:\/\/api.whatsapp.com\/send?text=Gr%C4%83dini%C8%9Ba+Domi+Academy+ia+na%C8%99tere+%C3%AEn+comuna+Dumbr%C4%83vi%C8%9Ba%3A+Un+paradis+educa%C8%9Bional+adaptat+la+nevoile+fiec%C4%83rui+copil%20%0A%0A%20https:\/\/voceatimisului.ro\/gradinita-domi-academy-ia-nastere-in-comuna-dumbravita-un-paradis-educational-adaptat-la-nevoile-fiecarui-copil\/\" title=\"WhatsApp\" rel=\"noopener\"><\/p>\n<div class=\"td-social-but-text\">WhatsApp<\/div>\n<p><\/a><a class=\"td-social-sharing-button td-social-sharing-button-js td-social-network td-social-linkedin\" href=\"https:\/\/www.linkedin.com\/shareArticle?mini=true&amp;url=https:\/\/voceatimisului.ro\/gradinita-domi-academy-ia-nastere-in-comuna-dumbravita-un-paradis-educational-adaptat-la-nevoile-fiecarui-copil\/&amp;title=Gr%C4%83dini%C8%9Ba+Domi+Academy+ia+na%C8%99tere+%C3%AEn+comuna+Dumbr%C4%83vi%C8%9Ba%3A+Un+paradis+educa%C8%9Bional+adaptat+la+nevoile+fiec%C4%83rui+copil\" title=\"Linkedin\" rel=\"noopener\"><\/p>\n<div class=\"td-social-but-text\">Linkedin<\/div>\n<p><\/a><a class=\"td-social-sharing-button td-social-sharing-button-js td-social-network td-social-copy_url\" href=\"https:\/\/voceatimisului.ro\/gradinita-domi-academy-ia-nastere-in-comuna-dumbravita-un-paradis-educational-adaptat-la-nevoile-fiecarui-copil\/\" title=\"Copy URL\" rel=\"noopener\"><\/p>\n<div class=\"td-social-but-text\">Copy URL<\/div>\n<p><\/a><\/div>\n<\/div>\n<\/div>\n<\/div>\n<\/div>\n<\/div>\n<\/div>\n<div class=\"td_block_wrap tdb_single_featured_image tdi_72 tdb-content-horiz-left td-pb-border-top td_block_template_1\" data-td-block-uid=\"tdi_72\">\n<div class=\"tdb-block-inner td-fix-index\">\n<figure><img fetchpriority=\"high\" decoding=\"async\" width=\"696\" height=\"460\" class=\"entry-thumb\" src=\"https:\/\/analyse.optim.biz\/wp-content\/uploads\/2026\/01\/gradinita-domi-academy4-696x460-1.jpg\" alt=\"Gradinita Domi Academy4\" title=\"Gradinita Domi Academy4\" loading=\"eager\"><figcaption class=\"tdb-caption-text\">Gradinita Domi Academy4<\/figcaption><\/figure>\n<\/div>\n<\/div>\n<div class=\"vc_row_inner tdi_74  vc_row vc_inner wpb_row td-pb-row\">\n<div class=\"vc_column_inner tdi_76  wpb_column vc_column_container tdc-inner-column td-pb-span4 td-is-sticky\">\n<div class=\"vc_column-inner\">\n<div class=\"wpb_wrapper\" data-sticky-enabled-on=\"W3RydWUsdHJ1ZSx0cnVlLHRydWVd\" data-sticky-offset=\"20\" data-sticky-is-width-auto=\"W2ZhbHNlLGZhbHNlLGZhbHNlLGZhbHNlXQ==\">\n<div class=\"td_block_wrap td_flex_block_1 tdi_77 td-pb-border-top td_block_template_1 td_ajax_preloading_preload td_flex_block\" data-td-block-uid=\"tdi_77\">\n<div id=\"tdi_77\" class=\"td_block_inner td-mc1-wrap\">\n<div class=\"td_module_flex td_module_flex_1 td_module_wrap td-animation-stack td-meta-info-hide td-cpt-post\">\n<div class=\"td-module-container td-category-pos-image\">\n<div class=\"td-module-meta-info\">\n<h3 class=\"entry-title td-module-title\"><a href=\"https:\/\/voceatimisului.ro\/politist-local-din-comuna-dumbravita-retinut-pentru-falsificarea-a-zeci-de-procese-verbale-de-contraventie\/\" rel=\"bookmark\" title=\"Poli\u021bist local din comuna Dumbr\u0103vi\u021ba, re\u021binut pentru falsificarea a zeci de procese-verbale de contraven\u021bie\">Poli\u021bist local din comuna Dumbr\u0103vi\u021ba, re\u021binut pentru falsificarea a zeci de procese-verbale de contraven\u021bie<\/a><\/h3>\n<\/div>\n<\/div>\n<\/div>\n<div class=\"td_module_flex td_module_flex_1 td_module_wrap td-animation-stack td-meta-info-hide td-cpt-post\">\n<div class=\"td-module-container td-category-pos-image\">\n<div class=\"td-module-meta-info\">\n<h3 class=\"entry-title td-module-title\"><a href=\"https:\/\/voceatimisului.ro\/transport-agabaritic-pe-ruta-moravita-dumbravita-in-judetul-timis\/\" rel=\"bookmark\" title=\"Transport agabaritic pe ruta Moravita \u2013 Dumbravita, in judetul Timis\">Transport agabaritic pe ruta Moravita \u2013 Dumbravita, in judetul Timis<\/a><\/h3>\n<\/div>\n<\/div>\n<\/div>\n<div class=\"td_module_flex td_module_flex_1 td_module_wrap td-animation-stack td-meta-info-hide td-cpt-post\">\n<div class=\"td-module-container td-category-pos-image\">\n<div class=\"td-module-meta-info\">\n<h3 class=\"entry-title td-module-title\"><a href=\"https:\/\/voceatimisului.ro\/o-strada-din-dumbravita-inchisa-complet-se-sapa-pentru-montarea-unei-tevi-de-apa\/\" rel=\"bookmark\" title=\"O strada din Dumbravita, INCHISA complet! Se sapa pentru montarea unei tevi de apa\">O strada din Dumbravita, INCHISA complet! Se sapa pentru montarea unei tevi de apa<\/a><\/h3>\n<\/div>\n<\/div>\n<\/div>\n<div class=\"td_module_flex td_module_flex_1 td_module_wrap td-animation-stack td-meta-info-hide td-cpt-post\">\n<div class=\"td-module-container td-category-pos-image\">\n<div class=\"td-module-meta-info\">\n<h3 class=\"entry-title td-module-title\"><a href=\"https:\/\/voceatimisului.ro\/foto-video-trafic-redesenat-pe-soseaua-care-desparte-timisoara-de-dumbravita\/\" rel=\"bookmark\" title=\"Trafic \u201dredesenat\u201d pe \u0219oseaua care desparte Timi\u0219oara de Dumbr\u0103vi\u021ba\">Trafic \u201dredesenat\u201d pe \u0219oseaua care desparte Timi\u0219oara de Dumbr\u0103vi\u021ba<\/a><\/h3>\n<\/div>\n<\/div>\n<\/div>\n<\/div>\n<\/div>\n<div class=\"tdb-author-box td_block_wrap tdb_single_author_box tdi_82 tdb-content-vert-top td-pb-border-top td_block_template_1\" data-td-block-uid=\"tdi_82\">\n<div class=\"tdb-block-inner td-fix-index\">\n<div class=\"tdb-author-info\"><a href=\"https:\/\/voceatimisului.ro\/author\/ioana\/\" class=\"tdb-author-name\">Ioana Danciu<\/a><\/p>\n<div class=\"tdb-author-descr\">\u00centreaga responsabilitate a comentariilor l\u0103sate de dumneavoastr\u0103 v\u0103 apar\u021bine!<br \/>\nClick <a href=\"https:\/\/voceatimisului.ro\/termeni-si-conditii\/\">aici<\/a>-citeste condi\u0163iile de utilizare ale site-ului www.voceatimisului.ro<\/div>\n<\/div>\n<\/div>\n<\/div>\n<\/div>\n<\/div>\n<\/div>\n<div class=\"vc_column_inner tdi_84  wpb_column vc_column_container tdc-inner-column td-pb-span8\">\n<div class=\"vc_column-inner\">\n<div class=\"wpb_wrapper\">\n<div class=\"td_block_wrap tdb_single_content tdi_85 td-pb-border-top td_block_template_1 td-post-content tagdiv-type\" data-td-block-uid=\"tdi_85\">\n<div class=\"tdb-block-inner td-fix-index\">\n<h5 class=\"wp-block-heading\">\u00centr-un demers \u00eendr\u0103zne\u021b de a revolu\u021biona educa\u021bia timpurie \u00een comuna Dumbr\u0103vi\u021ba, jude\u021bul Timi\u0219, a luat na\u0219tere un proiect inovator ce promite s\u0103 redefineasc\u0103 standardele gr\u0103dini\u021belor. Domi Academy se va ridica ca un far de lumin\u0103, adapt\u00e2nd cele mai bune practici din sistemul de \u00eenv\u0103\u021b\u0103m\u00e2nt din Londra \u0219i aduc\u00e2ndu-le mai aproape de inimile copiilor \u0219i p\u0103rin\u021bilor din comunitatea noastr\u0103.<\/h5>\n<p>Cu o abordare personalizat\u0103 \u0219i orientat\u0103 spre nevoile individuale ale fiec\u0103rui mic elev, <a href=\"https:\/\/www.facebook.com\/profile.php?id=61557551894714\" target=\"_blank\" rel=\"noopener\">Gr\u0103dini\u021ba Domi Academy<\/a> se angajeaz\u0103 s\u0103 ofere o experien\u021b\u0103 educa\u021bional\u0103 de excep\u021bie. Una dintre inova\u021biile remarcabile ale acestei institu\u021bii este posibilitatea pe care o au p\u0103rin\u021bii de a-\u0219i alege singuri programul copiilor, oferindu-le astfel flexibilitate \u0219i confort \u00een gestionarea timpului lor.<\/p>\n<p>Dar inova\u021bia nu se opre\u0219te aici. P\u0103rin\u021bii vor fi implica\u021bi activ \u00een selec\u021bia meniurilor pentru copiii lor, av\u00e2nd ocazia s\u0103 \u201evoteze\u201d pentru preparatele pe care le consider\u0103 potrivite pentru micu\u021bii lor. Aceast\u0103 transparen\u021b\u0103 \u0219i implicare direct\u0103 \u00een via\u021ba \u0219colar\u0103 a copiilor reprezint\u0103 un pas major spre o colaborare mai str\u00e2ns\u0103 \u00eentre familie \u0219i institu\u021bie.<\/p>\n<p>Mai mult dec\u00e2t at\u00e2t, Domi Academy va implementa o aplica\u021bie inovatoare, prin intermediul c\u0103reia p\u0103rin\u021bii vor putea monitoriza \u00een timp real evolu\u021bia copiilor lor la gr\u0103dini\u021b\u0103. De la orele de somn \u0219i comportamentul la consumul de alimente \u0219i progresul academic, fiecare detaliu va fi la \u00eendem\u00e2na p\u0103rin\u021bilor, oferindu-le o imagine complet\u0103 \u0219i detaliat\u0103 asupra zilelor copiilor lor.<\/p>\n<p>Cu un corp didactic extrem de calificat, echipat cu toate atestatele necesare, Gr\u0103dini\u021ba Domi Academy se angajeaz\u0103 s\u0103 ofere nu doar cuno\u0219tin\u021be academice, ci \u0219i dezvoltare personal\u0103 \u0219i emo\u021bional\u0103. Cadrele didactice vor fi supuse lunar unor teste psihologice pentru a asigura un mediu de \u00eenv\u0103\u021bare s\u0103n\u0103tos \u0219i stimulant pentru fiecare copil.<\/p>\n<p>Prin ateliere creative, activit\u0103\u021bi variate \u0219i un plan de dezvoltare bine structurat, misiunea Gr\u0103dini\u021bei Domi Academy este de a ghida copiii pe drumul descoperirii, orient\u0103rii, motiva\u021biei \u0219i inspira\u021biei. \u00cen fiecare zi, ace\u0219ti mici exploratori vor fi \u00eencuraja\u021bi s\u0103-\u0219i exploreze poten\u021bialul \u0219i s\u0103-\u0219i descopere pasiunile.<\/p>\n<p>Alimenta\u021bia s\u0103n\u0103toas\u0103 reprezint\u0103 o prioritate pentru Gr\u0103dini\u021ba Domi Academy, iar fiecare preparat va fi g\u0103tit sub supravegherea atent\u0103 a unui nutri\u021bionist, asigur\u00e2ndu-se astfel c\u0103 fiecare copil prime\u0219te nutrien\u021bii de care are nevoie pentru a cre\u0219te \u0219i a se dezvolta \u00een mod armonios.<\/p>\n<p>Administratorii Gradini\u021bei Domi Academy sunt angaja\u021bi \u00eentr-o munc\u0103 continu\u0103 \u0219i dedicat\u0103 pentru a dezvolta acest proiect \u00eendr\u0103zne\u021b. Cu fiecare detaliu luat \u00een considerare \u0219i cu fiecare aspect finisat cu aten\u021bie, echipa din spatele acestei ini\u021biative se asigur\u0103 c\u0103 fiecare aspect al gradini\u021bei este la standarde \u00eenalte de excelen\u021b\u0103.<\/p>\n<p>De\u0219i \u00eenc\u0103 mai este nevoie de pu\u021bin timp pentru finalizarea tuturor preg\u0103tirilor, r\u0103m\u00e2ne\u021bi al\u0103turi de noi pentru a afla vestea momentului \u2013 data deschiderii oficiale a Gradini\u021bei Domi Academy. Odat\u0103 ce totul va fi preg\u0103tit, v\u0103 vom invita s\u0103 v\u0103 al\u0103tura\u021bi nou\u0103 \u00een acest moment de bucurie \u0219i \u00eemplinire pentru \u00eentreaga comunitate.<\/p>\n<p>P\u00e2n\u0103 atunci, stai conectat pentru mai multe actualiz\u0103ri \u0219i preg\u0103te\u0219te-te s\u0103 te al\u0103turi unei c\u0103l\u0103torii educa\u021bionale \u0219i transformative \u00een cadrul Gradini\u021bei Domi Academy.<\/p>\n<p>Cu o echip\u0103 dedicat\u0103 \u0219i o viziune \u00eendr\u0103znea\u021b\u0103, aceast\u0103 gr\u0103dini\u021b\u0103 promite s\u0103 devin\u0103 un model de excelen\u021b\u0103 \u00een educa\u021bia timpurie din Rom\u00e2nia.<\/p>\n<figure class=\"wp-block-gallery has-nested-images columns-default is-cropped wp-block-gallery-1 is-layout-flex wp-block-gallery-is-layout-flex\">\n<figure class=\"wp-block-image size-large\"><img decoding=\"async\" width=\"1024\" height=\"677\" data-id=\"161747\" src=\"https:\/\/analyse.optim.biz\/wp-content\/uploads\/2026\/01\/gradinita-domi-academy4-1024x677-1.jpg\" alt=\"Gr\u0103dini\u021ba Domi Academy ia na\u0219tere \u00een comuna Dumbr\u0103vi\u021ba: Un paradis educa\u021bional adaptat la nevoile fiec\u0103rui copil\" class=\"wp-image-161747\" loading=\"lazy\" title=\"gradinita-domi-academy4-1024x677-1\"><\/figure>\n<figure class=\"wp-block-image size-large\"><img decoding=\"async\" width=\"1024\" height=\"681\" data-id=\"161746\" src=\"https:\/\/analyse.optim.biz\/wp-content\/uploads\/2026\/01\/gradinita-domi-academy1-1024x681-1.jpg\" alt=\"Gr\u0103dini\u021ba Domi Academy ia na\u0219tere \u00een comuna Dumbr\u0103vi\u021ba: Un paradis educa\u021bional adaptat la nevoile fiec\u0103rui copil\" class=\"wp-image-161746\" loading=\"lazy\" title=\"gradinita-domi-academy1-1024x681-1\"><\/figure>\n<figure class=\"wp-block-image size-large\"><img decoding=\"async\" width=\"1024\" height=\"674\" data-id=\"161745\" src=\"https:\/\/analyse.optim.biz\/wp-content\/uploads\/2026\/01\/gradinita-domi-academy2-1024x674-1.jpg\" alt=\"Gr\u0103dini\u021ba Domi Academy ia na\u0219tere \u00een comuna Dumbr\u0103vi\u021ba: Un paradis educa\u021bional adaptat la nevoile fiec\u0103rui copil\" class=\"wp-image-161745\" loading=\"lazy\" title=\"gradinita-domi-academy2-1024x674-1\"><\/figure>\n<figure class=\"wp-block-image size-large\"><img decoding=\"async\" loading=\"lazy\" width=\"1024\" height=\"681\" data-id=\"161744\" src=\"https:\/\/analyse.optim.biz\/wp-content\/uploads\/2026\/01\/gradinita-domi-academy3-1024x681-1.jpg\" alt=\"Gr\u0103dini\u021ba Domi Academy ia na\u0219tere \u00een comuna Dumbr\u0103vi\u021ba: Un paradis educa\u021bional adaptat la nevoile fiec\u0103rui copil\" class=\"wp-image-161744\" title=\"gradinita-domi-academy3-1024x681-1\"><\/figure>\n<\/figure>\n<\/div>\n<\/div>\n<div class=\"td_block_wrap tdb_single_tags tdi_88 td-pb-border-top td_block_template_1\" data-td-block-uid=\"tdi_88\">\n<div class=\"tdb-block-inner td-fix-index\">\n<ul class=\"tdb-tags\">\n<li><span>Tags<\/span><\/li>\n<li><a href=\"https:\/\/voceatimisului.ro\/tag\/domi-academy\/\">Domi Academy<\/a><\/li>\n<li><a href=\"https:\/\/voceatimisului.ro\/tag\/dumbravita\/\">dumbravita<\/a><\/li>\n<li><a href=\"https:\/\/voceatimisului.ro\/tag\/gradinita\/\">gradinita<\/a><\/li>\n<li><a href=\"https:\/\/voceatimisului.ro\/tag\/gradinita-domi-academy\/\">Gr\u0103dini\u021ba Domi Academy<\/a><\/li>\n<\/ul>\n<\/div>\n<\/div>\n<div class=\"td_block_wrap tdb_single_post_share tdi_89  td-pb-border-top td_block_template_1\" data-td-block-uid=\"tdi_89\">\n<div id=\"tdi_89\" class=\"td-post-sharing tdb-block td-ps-bg td-ps-notext td-post-sharing-style1 \">\n<div class=\"td-post-sharing-visible\"><a class=\"td-social-sharing-button td-social-sharing-button-js td-social-network td-social-facebook\" href=\"https:\/\/www.facebook.com\/sharer.php?u=https%3A%2F%2Fvoceatimisului.ro%2Fgradinita-domi-academy-ia-nastere-in-comuna-dumbravita-un-paradis-educational-adaptat-la-nevoile-fiecarui-copil%2F\" title=\"Facebook\" rel=\"noopener\"><\/p>\n<div class=\"td-social-but-text\">Facebook<\/div>\n<p><\/a><a class=\"td-social-sharing-button td-social-sharing-button-js td-social-network td-social-twitter\" href=\"https:\/\/twitter.com\/intent\/tweet?text=Gr%C4%83dini%C8%9Ba+Domi+Academy+ia+na%C8%99tere+%C3%AEn+comuna+Dumbr%C4%83vi%C8%9Ba%3A+Un+paradis+educa%C8%9Bional+adaptat+la+nevoile+fiec%C4%83rui+copil&amp;url=https%3A%2F%2Fvoceatimisului.ro%2Fgradinita-domi-academy-ia-nastere-in-comuna-dumbravita-un-paradis-educational-adaptat-la-nevoile-fiecarui-copil%2F&amp;via=Vocea+Timisului\" title=\"Twitter\" rel=\"noopener\"><\/p>\n<div class=\"td-social-but-text\">Twitter<\/div>\n<p><\/a><a class=\"td-social-sharing-button td-social-sharing-button-js td-social-network td-social-pinterest\" href=\"https:\/\/pinterest.com\/pin\/create\/button\/?url=https:\/\/voceatimisului.ro\/gradinita-domi-academy-ia-nastere-in-comuna-dumbravita-un-paradis-educational-adaptat-la-nevoile-fiecarui-copil\/&amp;media=https:\/\/analyse.optim.biz\/wp-content\/uploads\/2026\/01\/gradinita-domi-academy4.jpg&amp;description=Gr%C4%83dini%C8%9Ba+Domi+Academy+ia+na%C8%99tere+%C3%AEn+comuna+Dumbr%C4%83vi%C8%9Ba%3A+Un+paradis+educa%C8%9Bional+adaptat+la+nevoile+fiec%C4%83rui+copil\" title=\"Pinterest\" rel=\"noopener\"><\/p>\n<div class=\"td-social-but-text\">Pinterest<\/div>\n<p><\/a><a class=\"td-social-sharing-button td-social-sharing-button-js td-social-network td-social-whatsapp\" href=\"https:\/\/api.whatsapp.com\/send?text=Gr%C4%83dini%C8%9Ba+Domi+Academy+ia+na%C8%99tere+%C3%AEn+comuna+Dumbr%C4%83vi%C8%9Ba%3A+Un+paradis+educa%C8%9Bional+adaptat+la+nevoile+fiec%C4%83rui+copil%20%0A%0A%20https:\/\/voceatimisului.ro\/gradinita-domi-academy-ia-nastere-in-comuna-dumbravita-un-paradis-educational-adaptat-la-nevoile-fiecarui-copil\/\" title=\"WhatsApp\" rel=\"noopener\"><\/p>\n<div class=\"td-social-but-text\">WhatsApp<\/div>\n<p><\/a><a class=\"td-social-sharing-button td-social-sharing-button-js td-social-network td-social-linkedin\" href=\"https:\/\/www.linkedin.com\/shareArticle?mini=true&amp;url=https:\/\/voceatimisului.ro\/gradinita-domi-academy-ia-nastere-in-comuna-dumbravita-un-paradis-educational-adaptat-la-nevoile-fiecarui-copil\/&amp;title=Gr%C4%83dini%C8%9Ba+Domi+Academy+ia+na%C8%99tere+%C3%AEn+comuna+Dumbr%C4%83vi%C8%9Ba%3A+Un+paradis+educa%C8%9Bional+adaptat+la+nevoile+fiec%C4%83rui+copil\" title=\"Linkedin\" rel=\"noopener\"><\/p>\n<div class=\"td-social-but-text\">Linkedin<\/div>\n<p><\/a><a class=\"td-social-sharing-button td-social-sharing-button-js td-social-network td-social-copy_url\" href=\"https:\/\/voceatimisului.ro\/gradinita-domi-academy-ia-nastere-in-comuna-dumbravita-un-paradis-educational-adaptat-la-nevoile-fiecarui-copil\/\" title=\"Copy URL\" rel=\"noopener\"><\/p>\n<div class=\"td-social-but-text\">Copy URL<\/div>\n<p><\/a><\/div>\n<\/div>\n<\/div>\n<div class=\"td_block_wrap tdb_single_next_prev tdi_90 td-animation-stack td-next-prev-img-on td-pb-border-top td_block_template_1\" data-td-block-uid=\"tdi_90\">\n<div class=\"tdb-block-inner td-fix-index\">\n<div class=\"tdb-next-post tdb-next-post-bg tdb-post-prev\"><span>Articolul precedent<\/span><\/p>\n<div class=\"td-module-container\">\n<div class=\"td-image-container\"><a class=\"td-image-wrap\" href=\"https:\/\/voceatimisului.ro\/liberalii-cosmin-sandru-si-nicolae-bitea-achitati-de-judecatori-la-acuzatiile-de-coruptie-aduse-de-procurorii-dna\/\"><img loading=\"lazy\" decoding=\"async\" class=\"td-next-prev-image td-fix-index td-lazy-img\" title=\"Liberalii Cosmin \u0218andru \u0219i Nicolae Bitea, achita\u021bi de judec\u0103tori, la acuza\u021biile de corup\u021bie aduse de procurorii DNA\" width=\"696\" height=\"522\" src=\"https:\/\/analyse.optim.biz\/wp-content\/uploads\/2026\/01\/bitea-jpg-696x522-1.webp\"><\/a><\/div>\n<div class=\"next-prev-title\"><a href=\"https:\/\/voceatimisului.ro\/liberalii-cosmin-sandru-si-nicolae-bitea-achitati-de-judecatori-la-acuzatiile-de-coruptie-aduse-de-procurorii-dna\/\">Liberalii Cosmin \u0218andru \u0219i Nicolae Bitea, achita\u021bi de judec\u0103tori, la acuza\u021biile de corup\u021bie aduse de procurorii DNA<\/a><\/div>\n<\/div>\n<\/div>\n<div class=\"tdb-next-post tdb-next-post-bg tdb-post-next\"><span>Articolul urm\u0103tor<\/span><\/p>\n<div class=\"td-module-container\">\n<div class=\"td-image-container\"><a class=\"td-image-wrap\" href=\"https:\/\/voceatimisului.ro\/mafia-imaginara-de-pe-mal-se-uita-la-canotorii-de-pe-mal\/\"><img loading=\"lazy\" decoding=\"async\" class=\"td-next-prev-image td-fix-index td-lazy-img\" title=\"Mafia imaginar\u0103 de pe mal se uit\u0103 la canotorii\u2026 de pe mal\" width=\"696\" height=\"522\" src=\"https:\/\/analyse.optim.biz\/wp-content\/uploads\/2026\/01\/mafia-imaginara-de-pe-mal2-696x522-1.jpg\"><\/a><\/div>\n<div class=\"next-prev-title\"><a href=\"https:\/\/voceatimisului.ro\/mafia-imaginara-de-pe-mal-se-uita-la-canotorii-de-pe-mal\/\">Mafia imaginar\u0103 de pe mal se uit\u0103 la canotorii\u2026 de pe mal<\/a><\/div>\n<\/div>\n<\/div>\n<\/div>\n<\/div>\n<\/div>\n<\/div>\n<\/div>\n<\/div>\n<div class=\"vc_row_inner tdi_100  vc_row vc_inner wpb_row td-pb-row\">\n<div class=\"vc_column_inner tdi_102  wpb_column vc_column_container tdc-inner-column td-pb-span4 td-is-sticky\">\n<div class=\"vc_column-inner\">\n<div class=\"wpb_wrapper\" data-sticky-enabled-on=\"W3RydWUsdHJ1ZSx0cnVlLHRydWVd\" data-sticky-offset=\"20\" data-sticky-is-width-auto=\"W2ZhbHNlLGZhbHNlLGZhbHNlLGZhbHNlXQ==\">\n<div class=\"td_block_wrap tdb_single_related tdi_103 td_with_ajax_pagination td-pb-border-top td_block_template_1 tdb-single-related-posts\" data-td-block-uid=\"tdi_103\">\n<div id=\"tdi_103\" class=\"td_block_inner tdb-block-inner td-fix-index\">\n<div class=\"tdb_module_related td_module_wrap td-animation-stack td-meta-info-hide\">\n<div class=\"td-module-container td-category-pos-image\">\n<div class=\"td-module-meta-info\">\n<h3 class=\"entry-title td-module-title\"><a href=\"https:\/\/voceatimisului.ro\/aproape-60-de-milioane-de-lei-pentru-largirea-la-patru-benzi-a-drumului-care-traverseaza-dumbravita-spre-a1\/\" rel=\"bookmark\" title=\"Aproape 60 de milioane de lei pentru largirea la patru benzi a drumului care traverseaz\u0103 Dumbravita, spre A1\">Aproape 60 de milioane de lei pentru largirea la patru benzi a drumului care traverseaz\u0103 Dumbravita, spre A1<\/a><\/h3>\n<\/div>\n<\/div>\n<\/div>\n<div class=\"tdb_module_related td_module_wrap td-animation-stack td-meta-info-hide\">\n<div class=\"td-module-container td-category-pos-image\">\n<div class=\"td-module-meta-info\">\n<h3 class=\"entry-title td-module-title\"><a href=\"https:\/\/voceatimisului.ro\/cj-timis-demareaza-licitatia-pentru-largirea-la-patru-benzi-a-drumului-dj-691-care-leaga-timisoara-de-a1\/\" rel=\"bookmark\" title=\"CJ Timis demareaza licitatia pentru largirea la patru benzi a drumului DJ 691, care leaga Timisoara de A1\">CJ Timis demareaza licitatia pentru largirea la patru benzi a drumului DJ 691, care leaga Timisoara de A1<\/a><\/h3>\n<\/div>\n<\/div>\n<\/div>\n<div class=\"tdb_module_related td_module_wrap td-animation-stack td-meta-info-hide\">\n<div class=\"td-module-container td-category-pos-image\">\n<div class=\"td-module-meta-info\">\n<h3 class=\"entry-title td-module-title\"><a href=\"https:\/\/voceatimisului.ro\/drumul-din-dumbravita-spre-a1-se-va-largi-la-patru-benzi-cu-bani-de-la-ue-proiectul-va-dura-4-ani\/\" rel=\"bookmark\" title=\"Drumul din Dumbravita spre A1 se va largi la patru benzi cu bani de la UE. Proiectul va dura 4 ani!\">Drumul din Dumbravita spre A1 se va largi la patru benzi cu bani de la UE. Proiectul va dura 4 ani!<\/a><\/h3>\n<\/div>\n<\/div>\n<\/div>\n<\/div>\n<\/div>\n<\/div>\n<\/div>\n<\/div>\n<div class=\"vc_column_inner tdi_105  wpb_column vc_column_container tdc-inner-column td-pb-span8\">\n<div class=\"vc_column-inner\">\n<div class=\"wpb_wrapper\">\n<div class=\"td_block_wrap tdb_single_comments tdi_106 tdb-comm-layout2 td-pb-border-top td_block_template_2\" data-td-block-uid=\"tdi_106\">\n<div class=\"tdb-block-inner td-fix-index\">\n<div class=\"comments\" id=\"comments\">\n<div id=\"respond\" class=\"comment-respond\">\n<h3 id=\"reply-title\" class=\"comment-reply-title\">L\u0102SA\u021aI UN MESAJ <small><a rel=\"nofollow\" id=\"cancel-comment-reply-link\" href=\"https:\/\/voceatimisului.ro\/gradinita-domi-academy-ia-nastere-in-comuna-dumbravita-un-paradis-educational-adaptat-la-nevoile-fiecarui-copil\/#respond\">Renun\u021ba\u021bi la r\u0103spuns<\/a><\/small><\/h3>\n<div class=\"comment-form-input-wrap td-form-comment\">\n<div class=\"td-warning-comment\">V\u0103 rug\u0103m s\u0103 introduce\u021bi comentariul dvs.!<\/div>\n<\/div>\n<div class=\"comment-form-input-wrap td-form-author\">\n<div class=\"td-warning-author\">Introduce\u021bi aici numele dvs.<\/div>\n<\/div>\n<div class=\"comment-form-input-wrap td-form-email\">\n<div class=\"td-warning-email-error\">A\u021bi introdus o adres\u0103 de e-mail incorect\u0103!<\/div>\n<div class=\"td-warning-email\">V\u0103 rug\u0103m s\u0103 introduce\u021bi adresa dvs. de e-mail aici<\/div>\n<\/div>\n<\/div>\n<\/div>\n<\/div>\n<\/div>\n<\/div>\n<\/div>\n<\/div>\n<\/div>\n<\/div>\n<\/div>\n<div class=\"vc_column tdi_108  wpb_column vc_column_container tdc-column td-pb-span4 td-is-sticky\">\n<div class=\"wpb_wrapper\" data-sticky-enabled-on=\"W3RydWUsdHJ1ZSx0cnVlLHRydWVd\" data-sticky-offset=\"20\" data-sticky-is-width-auto=\"W2ZhbHNlLGZhbHNlLGZhbHNlLGZhbHNlXQ==\">\n<div class=\"vc_row_inner tdi_110  vc_row vc_inner wpb_row td-pb-row\">\n<div class=\"vc_column_inner tdi_112  wpb_column vc_column_container tdc-inner-column td-pb-span12\">\n<div class=\"vc_column-inner\">\n<div class=\"wpb_wrapper\">\n<div class=\"td_block_wrap td_block_title tdi_113 td-pb-border-top td_block_template_11 td-fix-index\" data-td-block-uid=\"tdi_113\">\n<div class=\"td-block-title-wrap\">\n<h4 class=\"td-block-title\"><span class=\"td-pulldown-size\">ANUN\u021aURI \u0218I PUBLICITATE<\/span><\/h4>\n<\/div>\n<\/div>\n<\/div>\n<\/div>\n<\/div>\n<\/div>\n<div class=\"wpb_wrapper td_block_wrap vc_widget_sidebar tdi_115 \">\n<aside id=\"block-10\" class=\"td_block_template_1 widget block-10 widget_block widget_media_image\">\n<figure class=\"wp-block-image size-full\"><a href=\"https:\/\/adpghiroda.ro\/index.html\" target=\"_blank\" rel=\" noreferrer noopener\"><img decoding=\"async\" loading=\"eager\" width=\"960\" height=\"960\" src=\"https:\/\/analyse.optim.biz\/wp-content\/uploads\/2026\/01\/adp-ghiroda2-118.jpg\" class=\"wp-image-171492\" title=\"adp-ghiroda2-118\"><\/a><\/figure>\n<\/aside>\n<aside id=\"block-11\" class=\"td_block_template_1 widget block-11 widget_block widget_media_image\">\n<figure class=\"wp-block-image size-full\"><a href=\"https:\/\/adpghiroda.ro\/index.html\" target=\"_blank\" rel=\" noreferrer noopener\"><img decoding=\"async\" loading=\"lazy\" width=\"960\" height=\"960\" src=\"https:\/\/analyse.optim.biz\/wp-content\/uploads\/2026\/01\/adp-ghiroda1-118.jpg\" class=\"wp-image-171491\" title=\"adp-ghiroda1-118\"><\/a><\/figure>\n<\/aside>\n<aside id=\"block-17\" class=\"td_block_template_1 widget block-17 widget_block widget_media_image\">\n<figure class=\"wp-block-image size-large is-resized\"><a href=\"https:\/\/verde.events\/\" target=\"_blank\" rel=\" noreferrer noopener\"><img decoding=\"async\" loading=\"lazy\" width=\"1024\" height=\"683\" src=\"https:\/\/analyse.optim.biz\/wp-content\/uploads\/2026\/01\/verde-events-24-1024x683-1-103.jpg\" alt=\"Verde Events\" class=\"wp-image-174395\" title=\"verde-events-24-1024x683-1-103\"><\/a><figcaption class=\"wp-element-caption\"><strong><em>O experien\u021b\u0103 unic\u0103 pentru orice tip de eveniment<\/em><\/strong><\/figcaption><\/figure>\n<\/aside>\n<\/div>\n<div class=\"td_block_wrap td_flex_block_1 tdi_121 td-pb-border-top td_block_template_1 td_ajax_preloading_preload td_flex_block\" data-td-block-uid=\"tdi_121\">\n<div id=\"tdi_121\" class=\"td_block_inner td-mc1-wrap\">\n<div class=\"td_module_flex td_module_flex_1 td_module_wrap td-animation-stack td-meta-info-hide td-cpt-post\">\n<div class=\"td-module-container td-category-pos-image\">\n<div class=\"td-module-meta-info\">\n<h3 class=\"entry-title td-module-title\"><a href=\"https:\/\/voceatimisului.ro\/zeci-de-persoane-evacuate-la-dumbravita-dupa-ce-o-teava-de-gaz-s-fisurat\/\" rel=\"bookmark\" title=\"Zeci de persoane evacuate la Dumbravita, dupa ce o teava de gaz s-a fisurat\">Zeci de persoane evacuate la Dumbravita, dupa ce o teava de gaz s-a fisurat<\/a><\/h3>\n<\/div>\n<\/div>\n<\/div>\n<div class=\"td_module_flex td_module_flex_1 td_module_wrap td-animation-stack td-meta-info-hide td-cpt-post\">\n<div class=\"td-module-container td-category-pos-image\">\n<div class=\"td-module-meta-info\">\n<h3 class=\"entry-title td-module-title\"><a href=\"https:\/\/voceatimisului.ro\/robu-il-acuza-pe-dobra-de-politicianism-pe-tema-largirii-drumului-de-la-dumbravita\/\" rel=\"bookmark\" title=\"Robu il acuza pe Dobra de politicianism pe tema largirii drumului de la Dumbravita\">Robu il acuza pe Dobra de politicianism pe tema largirii drumului de la Dumbravita<\/a><\/h3>\n<\/div>\n<\/div>\n<\/div>\n<div class=\"td_module_flex td_module_flex_1 td_module_wrap td-animation-stack td-meta-info-hide td-cpt-post\">\n<div class=\"td-module-container td-category-pos-image\">\n<div class=\"td-module-meta-info\">\n<h3 class=\"entry-title td-module-title\"><a href=\"https:\/\/voceatimisului.ro\/dobra-acuza-robu-blocheaza-largirea-la-patru-benzi-drumului-din-dumbravita-spre-autostrada\/\" rel=\"bookmark\" title=\"Dobra acuza: Robu blocheaza largirea la patru benzi a drumului din Dumbravita spre autostrada\">Dobra acuza: Robu blocheaza largirea la patru benzi a drumului din Dumbravita spre autostrada<\/a><\/h3>\n<\/div>\n<\/div>\n<\/div>\n<div class=\"td_module_flex td_module_flex_1 td_module_wrap td-animation-stack td-meta-info-hide td-cpt-post\">\n<div class=\"td-module-container td-category-pos-image\">\n<div class=\"td-module-meta-info\">\n<h3 class=\"entry-title td-module-title\"><a href=\"https:\/\/voceatimisului.ro\/rasplatiti-cu-pixuri-de-150-de-lei-pentru-ca-au-luat-parte-la-deschiderea-serviciului-de-evidenta-populatiei-dumbravita\/\" rel=\"bookmark\" title=\"R\u0103spl\u0103ti\u0163i cu pixuri de 150 de lei, pentru c\u0103 au luat parte la deschiderea Serviciului de Eviden\u021b\u0103 a Popula\u021biei Dumbr\u0103vi\u021ba\">R\u0103spl\u0103ti\u0163i cu pixuri de 150 de lei, pentru c\u0103 au luat parte la deschiderea Serviciului de Eviden\u021b\u0103 a Popula\u021biei Dumbr\u0103vi\u021ba<\/a><\/h3>\n<\/div>\n<\/div>\n<\/div>\n<div class=\"td_module_flex td_module_flex_1 td_module_wrap td-animation-stack td-meta-info-hide td-cpt-post\">\n<div class=\"td-module-container td-category-pos-image\">\n<div class=\"td-module-meta-info\">\n<h3 class=\"entry-title td-module-title\"><a href=\"https:\/\/voceatimisului.ro\/stalp-de-iluminat-doborat-dupa-ce-un-bmw-si-o-skoda-s-au-ciocnit-la-dumbravita\/\" rel=\"bookmark\" title=\"Stalp de iluminat, dobor\u00e2t dup\u0103 ce un BMW \u0219i o Skoda s-au ciocnit, la Dumbr\u0103vi\u021ba\">Stalp de iluminat, dobor\u00e2t dup\u0103 ce un BMW \u0219i o Skoda s-au ciocnit, la Dumbr\u0103vi\u021ba<\/a><\/h3>\n<\/div>\n<\/div>\n<\/div>\n<\/div>\n<\/div>\n<\/div>\n<\/div>\n<\/div>\n<\/div>\n<\/div>\n<\/div>\n<p><span class=\"td-page-meta\"><\/span><span class=\"td-page-meta\"><span class=\"td-page-meta\"><\/span><\/span><span class=\"td-page-meta\"><\/span><\/article>\n<p> Source URL: https:\/\/voceatimisului.ro\/gradinita-domi-academy-ia-nastere-in-comuna-dumbravita-un-paradis-educational-adaptat-la-nevoile-fiecarui-copil\/<\/p>\n","protected":false},"excerpt":{"rendered":"<p>\u0218tiriEduca\u021bie Gr\u0103dini\u021ba Domi Academy ia na\u0219tere \u00een comuna Dumbr\u0103vi\u021ba: Un paradis educa\u021bional adaptat la nevoile fiec\u0103rui copil Autor-Ioana Danciu 7 aprilie 2024 0 1944 Facebook Twitter Pinterest WhatsApp Linkedin Copy URL Gradinita Domi Academy4 Poli\u021bist local din comuna Dumbr\u0103vi\u021ba, re\u021binut pentru falsificarea a zeci de procese-verbale de contraven\u021bie Transport agabaritic pe ruta Moravita \u2013 Dumbravita, [&hellip;]<\/p>\n","protected":false},"author":1,"featured_media":1309291,"comment_status":"open","ping_status":"","sticky":false,"template":"","format":"standard","meta":{"footnotes":""},"categories":[89],"tags":[199],"class_list":["post-1309290","post","type-post","status-publish","format-standard","has-post-thumbnail","hentry","category-romania","tag-voceatimisului-ro"],"_links":{"self":[{"href":"https:\/\/analyse.optim.biz\/index.php?rest_route=\/wp\/v2\/posts\/1309290","targetHints":{"allow":["GET"]}}],"collection":[{"href":"https:\/\/analyse.optim.biz\/index.php?rest_route=\/wp\/v2\/posts"}],"about":[{"href":"https:\/\/analyse.optim.biz\/index.php?rest_route=\/wp\/v2\/types\/post"}],"author":[{"embeddable":true,"href":"https:\/\/analyse.optim.biz\/index.php?rest_route=\/wp\/v2\/users\/1"}],"replies":[{"embeddable":true,"href":"https:\/\/analyse.optim.biz\/index.php?rest_route=%2Fwp%2Fv2%2Fcomments&post=1309290"}],"version-history":[{"count":0,"href":"https:\/\/analyse.optim.biz\/index.php?rest_route=\/wp\/v2\/posts\/1309290\/revisions"}],"wp:featuredmedia":[{"embeddable":true,"href":"https:\/\/analyse.optim.biz\/index.php?rest_route=\/wp\/v2\/media\/1309291"}],"wp:attachment":[{"href":"https:\/\/analyse.optim.biz\/index.php?rest_route=%2Fwp%2Fv2%2Fmedia&parent=1309290"}],"wp:term":[{"taxonomy":"category","embeddable":true,"href":"https:\/\/analyse.optim.biz\/index.php?rest_route=%2Fwp%2Fv2%2Fcategories&post=1309290"},{"taxonomy":"post_tag","embeddable":true,"href":"https:\/\/analyse.optim.biz\/index.php?rest_route=%2Fwp%2Fv2%2Ftags&post=1309290"}],"curies":[{"name":"wp","href":"https:\/\/api.w.org\/{rel}","templated":true}]}}