{"id":1308645,"date":"2026-01-13T13:00:00","date_gmt":"2026-01-13T10:00:00","guid":{"rendered":"https:\/\/analyse.optim.biz\/?p=1308645"},"modified":"2026-01-13T13:00:00","modified_gmt":"2026-01-13T10:00:00","slug":"patinoarul-din-centru-s-a-inchis-dar-a-bucurat-cateva-mii-de-ramniceni","status":"publish","type":"post","link":"https:\/\/analyse.optim.biz\/?p=1308645","title":{"rendered":"Patinoarul din \u00abCentru\u00bb s-a \u00eenchis, dar a bucurat c\u00e2teva mii de r\u00e2mniceni"},"content":{"rendered":"<article id=\"195937\" class=\"post-195937 post type-post status-publish format-standard has-post-thumbnail hentry category-actualitate category-headlines category-politica tag-a-bucurat tag-centru tag-patinoar tag-ramniceni-2\">\n<header class=\"post-header\">\n<ul class=\"breadcrumbs\">\n<li><a href=\"https:\/\/www.curierul.ro\">Home<\/a><\/li>\n<li class=\"breadcrumbs-active .category-actualitate\"><a href=\"https:\/\/www.curierul.ro\/index.php?cat=1615\">Actualitate<\/a><\/li>\n<li class=\"breadcrumbs-active .category-actualitate\">Patinoarul din \u00abCentru\u00bb s-a \u00eenchis, dar a bucurat c\u00e2teva mii de r\u00e2mniceni<\/li>\n<\/ul>\n<div class=\"featured-photo\"><img loading=\"lazy\" decoding=\"async\" width=\"1600\" height=\"1067\" src=\"https:\/\/analyse.optim.biz\/wp-content\/uploads\/2026\/01\/patinoar-4.jpg\" class=\"attachment-single size-single wp-post-image\" title=\"patinoar-4\"><\/div>\n<h1 class=\"headline\">Patinoarul din \u00abCentru\u00bb s-a \u00eenchis, dar a bucurat c\u00e2teva mii de r\u00e2mniceni<\/h1>\n<p class=\"byline\">\n\t\tScris de<a href=\"https:\/\/www.curierul.ro\/author\/curierul\/\">Curierul de Valcea<\/a>, \t\t13 ianuarie 2026\t\t\t\t<\/p>\n<hr>\n<\/header>\n<p>Deschis odat\u0103 cu inaugurarea T\u00e2rgului \u201eDecembrie Magic\u201d, pe 29 noiembrie 2025, \u0219i func\u021bion\u00e2nd p\u00e2n\u0103 \u00een week-end-ul recent \u00eencheiat, patinoarul artificial din centrul R\u00e2mnicului a adus mult\u0103 bucurie pentru mii de r\u00e2mniceni pasiona\u021bi de alunecarea lin\u0103 pe patine. Aproape 2.000 de adul\u021bi \u0219i peste 1.900 de copii, elevi sau studen\u021bi s-au distrat pe structura de agrement din Scuarul Mircea cel B\u0103tr\u00e2n, a c\u0103rei \u00eentre\u021binere \u0219i exploatare a necesitat prezen\u021ba \u00een permanen\u021b\u0103 a unei echipe de 6 salaria\u021bi ai Direc\u021biei Administrarea Domeniului Public din cadrul Prim\u0103riei Municipiului. De men\u021bionat faptul c\u0103 patinoarul din T\u00e2rgul \u201eDecembrie Magic\u201d a func\u021bionat dup\u0103 acela\u0219i program \u0219i \u00een toate zilele libere ale s\u0103rb\u0103torilor de iarn\u0103, respectiv pe 30 noiembrie (Praznicul Sf\u00e2ntului Apostol Andrei), 1 decembrie (Ziua Na\u021bional\u0103), 25 \u0219i 26 decembrie (prima \u0219i a doua zi de Cr\u0103ciun), 31 decembrie (ajunul Anului Nou), 1 \u0219i 2 ianuarie (primele zile ale lui 2026), 6 \u0219i 7 ianuarie 2026 (Boboteaza \u0219i Praznicul Sf\u00e2ntului Ioan Botez\u0103torul), oferind astfel o alternativ\u0103 atractiv\u0103 \u0219i s\u0103n\u0103toas\u0103 de petrecere a timpului liber.<\/p>\n<div class=\"sharedaddy sd-sharing-enabled\">\n<div class=\"robots-nocontent sd-block sd-social sd-social-official sd-sharing\">\n<h3 class=\"sd-title\">Distribuie pe:<\/h3>\n<div class=\"sd-content\">\n<ul>\n<li class=\"share-facebook\">\n<li class=\"share-twitter\"><a href=\"https:\/\/twitter.com\/share\" class=\"twitter-share-button\" data-url=\"https:\/\/www.curierul.ro\/patinoarul-din-centru-s-a-inchis-dar-a-bucurat-cateva-mii-de-ramniceni\/\" data-text=\"Patinoarul din \u00abCentru\u00bb s-a \u00eenchis, dar a bucurat c\u00e2teva mii de r\u00e2mniceni\" data-via=\"curierulvl\">Tweet<\/a><\/li>\n<li class=\"share-jetpack-whatsapp\"><a rel=\"nofollow noopener noreferrer\" data-shared=\"sharing-whatsapp-195937\" class=\"share-jetpack-whatsapp sd-button\" href=\"https:\/\/www.curierul.ro\/patinoarul-din-centru-s-a-inchis-dar-a-bucurat-cateva-mii-de-ramniceni\/?share=jetpack-whatsapp\" target=\"_blank\" aria-labelledby=\"sharing-whatsapp-195937\"><span id=\"sharing-whatsapp-195937\" hidden>D\u0103 clic pentru partajare pe WhatsApp(Se deschide \u00eentr-o fereastr\u0103 nou\u0103)<\/span><span>WhatsApp<\/span><\/a><\/li>\n<li><a href=\"https:\/\/www.curierul.ro\/patinoarul-din-centru-s-a-inchis-dar-a-bucurat-cateva-mii-de-ramniceni\/\" class=\"sharing-anchor sd-button share-more\"><span>Mai mult<\/span><\/a><\/li>\n<li class=\"share-end\"><\/ul>\n<div class=\"sharing-hidden\">\n<div class=\"inner\">\n<ul>\n<li class=\"share-email\"><a rel=\"nofollow noopener noreferrer\" data-shared=\"sharing-email-195937\" class=\"share-email sd-button\" href=\"mailto:?subject=%5BArticol%20partajat%5D%20Patinoarul%20din%20%C2%ABCentru%C2%BB%20s-a%20%C3%AEnchis%2C%20dar%20a%20bucurat%20c%C3%A2teva%20mii%20de%20r%C3%A2mniceni&amp;body=https%3A%2F%2Fwww.curierul.ro%2Fpatinoarul-din-centru-s-a-inchis-dar-a-bucurat-cateva-mii-de-ramniceni%2F&amp;share=email\" target=\"_blank\" aria-labelledby=\"sharing-email-195937\" data-email-share-error-title=\"\u021ai-ai configurat emailul?\" data-email-share-error-text=\"Dac\u0103 ai probleme la partajarea prin email, probabil nu ai configurat emailul pentru navigator. Poate trebuie s\u0103 creezi singur un email nou.\" data-email-share-nonce=\"72a50115ef\" data-email-share-track-url=\"https:\/\/www.curierul.ro\/patinoarul-din-centru-s-a-inchis-dar-a-bucurat-cateva-mii-de-ramniceni\/?share=email\"><span id=\"sharing-email-195937\" hidden>D\u0103 clic pentru a trimite o leg\u0103tur\u0103 prin email unui prieten(Se deschide \u00eentr-o fereastr\u0103 nou\u0103)<\/span><span>Email<\/span><\/a><\/li>\n<li class=\"share-print\"><a rel=\"nofollow noopener noreferrer\" data-shared=\"sharing-print-195937\" class=\"share-print sd-button\" href=\"https:\/\/www.curierul.ro\/patinoarul-din-centru-s-a-inchis-dar-a-bucurat-cateva-mii-de-ramniceni\/#print?share=print\" target=\"_blank\" aria-labelledby=\"sharing-print-195937\"><span id=\"sharing-print-195937\" hidden>D\u0103 clic pentru a imprima(Se deschide \u00eentr-o fereastr\u0103 nou\u0103)<\/span><span>Imprimare<\/span><\/a><\/li>\n<li class=\"share-end\"><\/ul>\n<\/div>\n<\/div>\n<\/div>\n<\/div>\n<\/div>\n<div id=\"jp-relatedposts\" class=\"jp-relatedposts\">\n<h3 class=\"jp-relatedposts-headline\"><em>Similare<\/em><\/h3>\n<\/div>\n<footer class=\"post-footer\">\n<p class=\"tags\"><strong>Tags: <\/strong><a href=\"https:\/\/www.curierul.ro\/tag\/a-bucurat\/\" rel=\"tag\">a bucurat<\/a>, <a href=\"https:\/\/www.curierul.ro\/tag\/centru\/\" rel=\"tag\">CENTRU<\/a>, <a href=\"https:\/\/www.curierul.ro\/tag\/patinoar\/\" rel=\"tag\">patinoar<\/a>, <a href=\"https:\/\/www.curierul.ro\/tag\/ramniceni-2\/\" rel=\"tag\">r\u00e2mniceni<\/a><\/p>\n<div class=\"post-navigation clearfix\">\n<div class=\"previous-post\">\n<div class=\"featured-photo\"><img loading=\"lazy\" decoding=\"async\" width=\"833\" height=\"693\" src=\"https:\/\/analyse.optim.biz\/wp-content\/uploads\/2026\/01\/apavil-2019-12.jpg\" class=\"attachment-post-thumbnail size-post-thumbnail wp-post-image\" title=\"apavil-2019-12\"><\/div>\n<p class=\"paginate-title\">\u00ab\u00ab <a href=\"https:\/\/www.curierul.ro\/apavil-recomanda-protejati-apometrele-de-inghet\/\" rel=\"prev\">APAVIL recomand\u0103: Proteja\u021bi apometrele de \u00eenghe\u021b!<\/a><\/p>\n<\/div>\n<div class=\"next-post\">\n<div class=\"featured-photo\"><img decoding=\"async\" width=\"1080\" height=\"625\" src=\"https:\/\/analyse.optim.biz\/wp-content\/uploads\/2026\/01\/se-opreste-apa-640x400-1-36.png\" class=\"attachment-post-thumbnail size-post-thumbnail wp-post-image\" loading=\"lazy\" title=\"se-opreste-apa-640x400-1-36\"><\/div>\n<p class=\"paginate-title\"><a href=\"https:\/\/www.curierul.ro\/apavil-anunta-avarie-pe-doua-strazi-din-ramnic-locuitorii-din-zona-sase-ore-fara-apa-rece-unde-cand-%f0%9f%91%87%f0%9f%8f%bb%f0%9f%91%87%f0%9f%8f%bb%f0%9f%91%87%f0%9f%8f%bb\/\" rel=\"next\">Apavil anun\u021b\u0103 avarie pe dou\u0103 str\u0103zi din R\u00e2mnic. Locuitorii din zon\u0103, \u0219ase ore f\u0103r\u0103 ap\u0103 rece. Unde, c\u00e2nd? \ud83d\udc47\ud83c\udffb\ud83d\udc47\ud83c\udffb\ud83d\udc47\ud83c\udffb<\/a> \u00bb\u00bb<\/p>\n<\/div>\n<\/div>\n<div id=\"comments\" class=\"comments-area\">\n<div id=\"respond\" class=\"comment-respond\">\n<h3 id=\"reply-title\" class=\"comment-reply-title\">Po\u021bi comenta aici<small><a rel=\"nofollow\" id=\"cancel-comment-reply-link\" href=\"https:\/\/www.curierul.ro\/patinoarul-din-centru-s-a-inchis-dar-a-bucurat-cateva-mii-de-ramniceni\/#respond\">Anuleaz\u0103 r\u0103spunsul<\/a><\/small><\/h3>\n<\/div>\n<p class=\"akismet_comment_form_privacy_notice\">Acest site folose\u0219te Akismet pentru a reduce spamul. <a href=\"https:\/\/akismet.com\/privacy\/\" target=\"_blank\" rel=\"nofollow noopener\">Afl\u0103 cum sunt procesate datele comentariilor tale<\/a>.<\/p>\n<\/div>\n<section class=\"latest-category clearfix\">\n<h2 class=\"title\">More Stories From Actualitate<\/h2>\n<div class=\"stories-container\">\n<article id=\"related-195998\" class=\"story post-195998 post type-post status-publish format-standard has-post-thumbnail hentry category-actualitate category-headlines category-zidezi tag-36-de-ani tag-aniversare tag-curierul-de-valcea\">\n<div class=\"photo\"><img decoding=\"async\" width=\"735\" height=\"440\" src=\"https:\/\/analyse.optim.biz\/wp-content\/uploads\/2026\/01\/cvl36-scaled-1-10.jpg\" class=\"attachment-giornalismo-single size-giornalismo-single wp-post-image\" loading=\"lazy\" title=\"cvl36-scaled-1-10\"><\/div>\n<p class=\"headline\"><a href=\"https:\/\/www.curierul.ro\/36-de-ani\/\">36 de ani<\/a><\/p>\n<\/article>\n<article id=\"related-195985\" class=\"story post-195985 post type-post status-publish format-standard has-post-thumbnail hentry category-actualitate category-cultura tag-europa tag-europe-direct-valcea tag-nou-mandat tag-valcea-2\">\n<div class=\"photo\"><img decoding=\"async\" width=\"735\" height=\"440\" src=\"https:\/\/analyse.optim.biz\/wp-content\/uploads\/2026\/01\/dana-1-27.jpeg\" class=\"attachment-giornalismo-single size-giornalismo-single wp-post-image\" loading=\"lazy\" title=\"dana-1-27\"><\/div>\n<p class=\"headline\"><a href=\"https:\/\/www.curierul.ro\/valcea-e-in-europa-europa-e-la-valcea-un-nou-mandat-europe-direct\/\">V\u00e2lcea e \u00een EuROpa. EUropa e la V\u00e2lcea.       Un nou mandat EUROPE DIRECT<\/a><\/p>\n<\/article>\n<article id=\"related-195983\" class=\"story post-195983 post type-post status-publish format-standard has-post-thumbnail hentry category-actualitate category-fraze tag-dilema tag-groenlandez tag-marius-carbunescu-2\">\n<div class=\"photo\"><img decoding=\"async\" width=\"530\" height=\"213\" src=\"https:\/\/analyse.optim.biz\/wp-content\/uploads\/2026\/01\/marius-carbunescu-1-29.jpg\" class=\"attachment-giornalismo-single size-giornalismo-single wp-post-image\" loading=\"lazy\" title=\"marius-carbunescu-1-29\"><\/div>\n<p class=\"headline\"><a href=\"https:\/\/www.curierul.ro\/dilema-groenlandezului\/\">Dilema groenlandezului<\/a><\/p>\n<\/article>\n<\/div>\n<\/section>\n<section class=\"author-bio clearfix\">\n<div class=\"mug-shot\"><img decoding=\"async\" src=\"https:\/\/analyse.optim.biz\/wp-content\/uploads\/2026\/01\/2a58d181c1d85262357d59db6fc29158130ca794fc45057783762a4c0eb9167f-53.jpg\" class=\"avatar avatar-96 photo\" height=\"96\" width=\"96\" loading=\"lazy\" title=\"2a58d181c1d85262357d59db6fc29158130ca794fc45057783762a4c0eb9167f-53\"><\/div>\n<div class=\"author-info\">\n<p class=\"title\">About Curierul de Valcea, <\/p>\n<div class=\"author-social-area\"><a href=\"mailto:curierul@curierul.ro\"><span class=\"fal fa-envelope\"><span class=\"screen-reader-text\">Email the Author<\/span><\/span><\/a><\/div>\n<\/div>\n<\/section>\n<\/footer>\n<\/article>\n<article id=\"related-195998\" class=\"story post-195998 post type-post status-publish format-standard has-post-thumbnail hentry category-actualitate category-headlines category-zidezi tag-36-de-ani tag-aniversare tag-curierul-de-valcea\">\n<div class=\"photo\"><img decoding=\"async\" width=\"735\" height=\"440\" src=\"https:\/\/analyse.optim.biz\/wp-content\/uploads\/2026\/01\/cvl36-scaled-1-10.jpg\" class=\"attachment-giornalismo-single size-giornalismo-single wp-post-image\" loading=\"lazy\" title=\"cvl36-scaled-1-10\"><\/div>\n<p class=\"headline\"><a href=\"https:\/\/www.curierul.ro\/36-de-ani\/\">36 de ani<\/a><\/p>\n<\/article>\n<article id=\"related-195985\" class=\"story post-195985 post type-post status-publish format-standard has-post-thumbnail hentry category-actualitate category-cultura tag-europa tag-europe-direct-valcea tag-nou-mandat tag-valcea-2\">\n<div class=\"photo\"><img decoding=\"async\" width=\"735\" height=\"440\" src=\"https:\/\/analyse.optim.biz\/wp-content\/uploads\/2026\/01\/dana-1-27.jpeg\" class=\"attachment-giornalismo-single size-giornalismo-single wp-post-image\" loading=\"lazy\" title=\"dana-1-27\"><\/div>\n<p class=\"headline\"><a href=\"https:\/\/www.curierul.ro\/valcea-e-in-europa-europa-e-la-valcea-un-nou-mandat-europe-direct\/\">V\u00e2lcea e \u00een EuROpa. EUropa e la V\u00e2lcea.       Un nou mandat EUROPE DIRECT<\/a><\/p>\n<\/article>\n<article id=\"related-195983\" class=\"story post-195983 post type-post status-publish format-standard has-post-thumbnail hentry category-actualitate category-fraze tag-dilema tag-groenlandez tag-marius-carbunescu-2\">\n<div class=\"photo\"><img decoding=\"async\" width=\"530\" height=\"213\" src=\"https:\/\/analyse.optim.biz\/wp-content\/uploads\/2026\/01\/marius-carbunescu-1-29.jpg\" class=\"attachment-giornalismo-single size-giornalismo-single wp-post-image\" loading=\"lazy\" title=\"marius-carbunescu-1-29\"><\/div>\n<p class=\"headline\"><a href=\"https:\/\/www.curierul.ro\/dilema-groenlandezului\/\">Dilema groenlandezului<\/a><\/p>\n<\/article>\n<p> Source URL: https:\/\/www.curierul.ro\/patinoarul-din-centru-s-a-inchis-dar-a-bucurat-cateva-mii-de-ramniceni\/<\/p>\n","protected":false},"excerpt":{"rendered":"<p>Home Actualitate Patinoarul din \u00abCentru\u00bb s-a \u00eenchis, dar a bucurat c\u00e2teva mii de r\u00e2mniceni Patinoarul din \u00abCentru\u00bb s-a \u00eenchis, dar a bucurat c\u00e2teva mii de r\u00e2mniceni Scris deCurierul de Valcea, 13 ianuarie 2026 Deschis odat\u0103 cu inaugurarea T\u00e2rgului \u201eDecembrie Magic\u201d, pe 29 noiembrie 2025, \u0219i func\u021bion\u00e2nd p\u00e2n\u0103 \u00een week-end-ul recent \u00eencheiat, patinoarul artificial din centrul [&hellip;]<\/p>\n","protected":false},"author":1,"featured_media":1308652,"comment_status":"open","ping_status":"","sticky":false,"template":"","format":"standard","meta":{"footnotes":""},"categories":[89],"tags":[213],"class_list":["post-1308645","post","type-post","status-publish","format-standard","has-post-thumbnail","hentry","category-romania","tag-curierul-ro"],"_links":{"self":[{"href":"https:\/\/analyse.optim.biz\/index.php?rest_route=\/wp\/v2\/posts\/1308645","targetHints":{"allow":["GET"]}}],"collection":[{"href":"https:\/\/analyse.optim.biz\/index.php?rest_route=\/wp\/v2\/posts"}],"about":[{"href":"https:\/\/analyse.optim.biz\/index.php?rest_route=\/wp\/v2\/types\/post"}],"author":[{"embeddable":true,"href":"https:\/\/analyse.optim.biz\/index.php?rest_route=\/wp\/v2\/users\/1"}],"replies":[{"embeddable":true,"href":"https:\/\/analyse.optim.biz\/index.php?rest_route=%2Fwp%2Fv2%2Fcomments&post=1308645"}],"version-history":[{"count":0,"href":"https:\/\/analyse.optim.biz\/index.php?rest_route=\/wp\/v2\/posts\/1308645\/revisions"}],"wp:featuredmedia":[{"embeddable":true,"href":"https:\/\/analyse.optim.biz\/index.php?rest_route=\/wp\/v2\/media\/1308652"}],"wp:attachment":[{"href":"https:\/\/analyse.optim.biz\/index.php?rest_route=%2Fwp%2Fv2%2Fmedia&parent=1308645"}],"wp:term":[{"taxonomy":"category","embeddable":true,"href":"https:\/\/analyse.optim.biz\/index.php?rest_route=%2Fwp%2Fv2%2Fcategories&post=1308645"},{"taxonomy":"post_tag","embeddable":true,"href":"https:\/\/analyse.optim.biz\/index.php?rest_route=%2Fwp%2Fv2%2Ftags&post=1308645"}],"curies":[{"name":"wp","href":"https:\/\/api.w.org\/{rel}","templated":true}]}}