{"id":1308608,"date":"2026-01-13T14:19:02","date_gmt":"2026-01-13T11:19:02","guid":{"rendered":"https:\/\/analyse.optim.biz\/?p=1308608"},"modified":"2026-01-13T14:19:02","modified_gmt":"2026-01-13T11:19:02","slug":"apavil-anunta-avarie-pe-doua-strazi-din-ramnic-locuitorii-din-zona-sase-ore-fara-apa-rece-unde-cand-%f0%9f%91%87%f0%9f%8f%bb%f0%9f%91%87%f0%9f%8f%bb%f0%9f%91%87%f0%9f%8f%bb","status":"publish","type":"post","link":"https:\/\/analyse.optim.biz\/?p=1308608","title":{"rendered":"Apavil anun\u021b\u0103 avarie pe dou\u0103 str\u0103zi din R\u00e2mnic. Locuitorii din zon\u0103, \u0219ase ore f\u0103r\u0103 ap\u0103 rece. Unde, c\u00e2nd? \ud83d\udc47\ud83c\udffb\ud83d\udc47\ud83c\udffb\ud83d\udc47\ud83c\udffb"},"content":{"rendered":"<article id=\"195949\" class=\"post-195949 post type-post status-publish format-standard has-post-thumbnail hentry category-actualitate category-impact category-politica tag-apavil tag-avarie tag-fara-apa-rece tag-ramnic-2 tag-strazi-2\">\n<header class=\"post-header\">\n<ul class=\"breadcrumbs\">\n<li><a href=\"https:\/\/www.curierul.ro\">Home<\/a><\/li>\n<li class=\"breadcrumbs-active .category-actualitate\"><a href=\"https:\/\/www.curierul.ro\/index.php?cat=1615\">Actualitate<\/a><\/li>\n<li class=\"breadcrumbs-active .category-actualitate\">Apavil anun\u021b\u0103 avarie pe dou\u0103 str\u0103zi din R\u00e2mnic. Locuitorii din zon\u0103, \u0219ase ore f\u0103r\u0103 ap\u0103 rece. Unde, c\u00e2nd? \ud83d\udc47\ud83c\udffb\ud83d\udc47\ud83c\udffb\ud83d\udc47\ud83c\udffb<\/li>\n<\/ul>\n<div class=\"featured-photo\"><img loading=\"lazy\" decoding=\"async\" width=\"1080\" height=\"625\" src=\"https:\/\/analyse.optim.biz\/wp-content\/uploads\/2026\/01\/se-opreste-apa-640x400-1-35.png\" class=\"attachment-single size-single wp-post-image\" title=\"se-opreste-apa-640x400-1-35\"><\/div>\n<h1 class=\"headline\">Apavil anun\u021b\u0103 avarie pe dou\u0103 str\u0103zi din R\u00e2mnic. Locuitorii din zon\u0103, \u0219ase ore f\u0103r\u0103 ap\u0103 rece. Unde, c\u00e2nd? \ud83d\udc47\ud83c\udffb\ud83d\udc47\ud83c\udffb\ud83d\udc47\ud83c\udffb<\/h1>\n<p class=\"byline\">\n\t\tScris de<a href=\"https:\/\/www.curierul.ro\/author\/curierul\/\">Curierul de Valcea<\/a>, \t\t13 ianuarie 2026\t\t\t\t<\/p>\n<hr>\n<\/header>\n<p>Av\u00e2nd \u00een vedere necesitatea execut\u0103rii lucr\u0103rilor de remediere a pierderii de ap\u0103 potabil\u0103 identificat\u0103 pe conducta din\u00a0 OL D114 mm (\u00een zona blocului I3) de pe strada strada Ion Referendaru\u00a0 din municipiul R\u00e2mnicu V\u00e2lcea, \u00een data <strong>de 14.01.2026,<\/strong>\u00a0 \u00een intervalul\u00a0 <strong>10<sup>00<\/sup> \u2013 16<sup>00<\/sup><\/strong>, se\u00a0 va\u00a0 \u00eentrerupe\u00a0 furnizarea\u00a0 apei potabile la consumatorii de pe <strong>strada Ion Referendaru<\/strong> (blocurile A13 \u0219i A14, fostul sediu Vam\u0103, Biserica Greco \u2013Catolic\u0103, blocurile I2, I3, A18\/1, A18 \u0219i imobile) \u0219i <strong>strada Eroilor<\/strong> (blocurile A16 \u0219i A17, bloc Percom, PT 25 Libert\u0103\u021bii \u0219i imobile).<\/p>\n<p>\u201e<em>Echipele de interven\u021bie ale APAVIL S.A. vor face eforturi sus\u021binute pentru scurtarea timpului necesar finaliz\u0103rii lucr\u0103rilor. Pentru asigurarea parametrilor de potabilitate a apei din re\u021bea, certifica\u021bi prin buletine de analiz\u0103 a apei \u00een sec\u021biunea de interven\u021bie (\u00eenainte \u0219i dup\u0103 sp\u0103larea re\u021belei), se vor efectua purj\u0103ri \u00een zona respectiv\u0103 \u0219i \u00een zonele adiacente \u00een care exist\u0103 posibilitatea modific\u0103rii parametrilor de potabilitate. Recomand\u0103m consumatorilor afecta\u021bi s\u0103 lase s\u0103 curg\u0103 cantitatea de ap\u0103 necesar\u0103 elimin\u0103rii apei cu impurit\u0103\u021bi produse ca urmare a \u00eentreruperii furniz\u0103rii.<\/em><\/p>\n<p><em>Cheltuielile ocazionate de cantitatea de ap\u0103 eliminat\u0103 vor fi suportate de c\u0103tre Apavil S.A. \u00een urma unor solicit\u0103ri scrise ale beneficiarilor sau telefonic, la dispeceratul societ\u0103\u021bii (telefon 0350 802 160) \u0219i confirmate de speciali\u0219tii societ\u0103\u021bii noastre, cu respectarea prevederilor art. 252 al Regulamentului Serviciului de alimentare cu ap\u0103 \u0219i de canalizare. V\u0103 mul\u021bumim pentru \u00een\u021belegere!\u201d<\/em>, se arat\u0103 \u00eentr-un comunicat transmis de operatorul regional de ap\u0103 \u0219i canal din V\u00e2lcea.<\/p>\n<div class=\"sharedaddy sd-sharing-enabled\">\n<div class=\"robots-nocontent sd-block sd-social sd-social-official sd-sharing\">\n<h3 class=\"sd-title\">Distribuie pe:<\/h3>\n<div class=\"sd-content\">\n<ul>\n<li class=\"share-facebook\">\n<li class=\"share-twitter\"><a href=\"https:\/\/twitter.com\/share\" class=\"twitter-share-button\" data-url=\"https:\/\/www.curierul.ro\/apavil-anunta-avarie-pe-doua-strazi-din-ramnic-locuitorii-din-zona-sase-ore-fara-apa-rece-unde-cand-%f0%9f%91%87%f0%9f%8f%bb%f0%9f%91%87%f0%9f%8f%bb%f0%9f%91%87%f0%9f%8f%bb\/\" data-text=\"Apavil anun\u021b\u0103 avarie pe dou\u0103 str\u0103zi din R\u00e2mnic. Locuitorii din zon\u0103, \u0219ase ore f\u0103r\u0103 ap\u0103 rece. Unde, c\u00e2nd? \ud83d\udc47\ud83c\udffb\ud83d\udc47\ud83c\udffb\ud83d\udc47\ud83c\udffb\" data-via=\"curierulvl\">Tweet<\/a><\/li>\n<li class=\"share-jetpack-whatsapp\"><a rel=\"nofollow noopener noreferrer\" data-shared=\"sharing-whatsapp-195949\" class=\"share-jetpack-whatsapp sd-button\" href=\"https:\/\/www.curierul.ro\/apavil-anunta-avarie-pe-doua-strazi-din-ramnic-locuitorii-din-zona-sase-ore-fara-apa-rece-unde-cand-%f0%9f%91%87%f0%9f%8f%bb%f0%9f%91%87%f0%9f%8f%bb%f0%9f%91%87%f0%9f%8f%bb\/?share=jetpack-whatsapp\" target=\"_blank\" aria-labelledby=\"sharing-whatsapp-195949\"><span id=\"sharing-whatsapp-195949\" hidden>D\u0103 clic pentru partajare pe WhatsApp(Se deschide \u00eentr-o fereastr\u0103 nou\u0103)<\/span><span>WhatsApp<\/span><\/a><\/li>\n<li><a href=\"https:\/\/www.curierul.ro\/apavil-anunta-avarie-pe-doua-strazi-din-ramnic-locuitorii-din-zona-sase-ore-fara-apa-rece-unde-cand-%f0%9f%91%87%f0%9f%8f%bb%f0%9f%91%87%f0%9f%8f%bb%f0%9f%91%87%f0%9f%8f%bb\/\" class=\"sharing-anchor sd-button share-more\"><span>Mai mult<\/span><\/a><\/li>\n<li class=\"share-end\"><\/ul>\n<div class=\"sharing-hidden\">\n<div class=\"inner\">\n<ul>\n<li class=\"share-email\"><a rel=\"nofollow noopener noreferrer\" data-shared=\"sharing-email-195949\" class=\"share-email sd-button\" href=\"mailto:?subject=%5BArticol%20partajat%5D%20Apavil%20anun%C8%9B%C4%83%20avarie%20pe%20dou%C4%83%20str%C4%83zi%20din%20R%C3%A2mnic.%20Locuitorii%20din%20zon%C4%83%2C%20%C8%99ase%20ore%20f%C4%83r%C4%83%20ap%C4%83%20rece.%20Unde%2C%20c%C3%A2nd%3F%20%F0%9F%91%87%F0%9F%8F%BB%F0%9F%91%87%F0%9F%8F%BB%F0%9F%91%87%F0%9F%8F%BB&amp;body=https%3A%2F%2Fwww.curierul.ro%2Fapavil-anunta-avarie-pe-doua-strazi-din-ramnic-locuitorii-din-zona-sase-ore-fara-apa-rece-unde-cand-%25f0%259f%2591%2587%25f0%259f%258f%25bb%25f0%259f%2591%2587%25f0%259f%258f%25bb%25f0%259f%2591%2587%25f0%259f%258f%25bb%2F&amp;share=email\" target=\"_blank\" aria-labelledby=\"sharing-email-195949\" data-email-share-error-title=\"\u021ai-ai configurat emailul?\" data-email-share-error-text=\"Dac\u0103 ai probleme la partajarea prin email, probabil nu ai configurat emailul pentru navigator. Poate trebuie s\u0103 creezi singur un email nou.\" data-email-share-nonce=\"30e659a82e\" data-email-share-track-url=\"https:\/\/www.curierul.ro\/apavil-anunta-avarie-pe-doua-strazi-din-ramnic-locuitorii-din-zona-sase-ore-fara-apa-rece-unde-cand-%f0%9f%91%87%f0%9f%8f%bb%f0%9f%91%87%f0%9f%8f%bb%f0%9f%91%87%f0%9f%8f%bb\/?share=email\"><span id=\"sharing-email-195949\" hidden>D\u0103 clic pentru a trimite o leg\u0103tur\u0103 prin email unui prieten(Se deschide \u00eentr-o fereastr\u0103 nou\u0103)<\/span><span>Email<\/span><\/a><\/li>\n<li class=\"share-print\"><a rel=\"nofollow noopener noreferrer\" data-shared=\"sharing-print-195949\" class=\"share-print sd-button\" href=\"https:\/\/www.curierul.ro\/apavil-anunta-avarie-pe-doua-strazi-din-ramnic-locuitorii-din-zona-sase-ore-fara-apa-rece-unde-cand-%f0%9f%91%87%f0%9f%8f%bb%f0%9f%91%87%f0%9f%8f%bb%f0%9f%91%87%f0%9f%8f%bb\/#print?share=print\" target=\"_blank\" aria-labelledby=\"sharing-print-195949\"><span id=\"sharing-print-195949\" hidden>D\u0103 clic pentru a imprima(Se deschide \u00eentr-o fereastr\u0103 nou\u0103)<\/span><span>Imprimare<\/span><\/a><\/li>\n<li class=\"share-end\"><\/ul>\n<\/div>\n<\/div>\n<\/div>\n<\/div>\n<\/div>\n<div id=\"jp-relatedposts\" class=\"jp-relatedposts\">\n<h3 class=\"jp-relatedposts-headline\"><em>Similare<\/em><\/h3>\n<\/div>\n<footer class=\"post-footer\">\n<p class=\"tags\"><strong>Tags: <\/strong><a href=\"https:\/\/www.curierul.ro\/tag\/apavil\/\" rel=\"tag\">Apavil<\/a>, <a href=\"https:\/\/www.curierul.ro\/tag\/avarie\/\" rel=\"tag\">avarie<\/a>, <a href=\"https:\/\/www.curierul.ro\/tag\/fara-apa-rece\/\" rel=\"tag\">f\u0103r\u0103 ap\u0103 rece<\/a>, <a href=\"https:\/\/www.curierul.ro\/tag\/ramnic-2\/\" rel=\"tag\">R\u00e2mnic<\/a>, <a href=\"https:\/\/www.curierul.ro\/tag\/strazi-2\/\" rel=\"tag\">str\u0103zi<\/a><\/p>\n<div class=\"post-navigation clearfix\">\n<div class=\"previous-post\">\n<div class=\"featured-photo\"><img loading=\"lazy\" decoding=\"async\" width=\"1600\" height=\"1067\" src=\"https:\/\/analyse.optim.biz\/wp-content\/uploads\/2026\/01\/patinoar-2.jpg\" class=\"attachment-post-thumbnail size-post-thumbnail wp-post-image\" title=\"patinoar-2\"><\/div>\n<p class=\"paginate-title\">\u00ab\u00ab <a href=\"https:\/\/www.curierul.ro\/patinoarul-din-centru-s-a-inchis-dar-a-bucurat-cateva-mii-de-ramniceni\/\" rel=\"prev\">Patinoarul din \u00abCentru\u00bb s-a \u00eenchis, dar a bucurat c\u00e2teva mii de r\u00e2mniceni<\/a><\/p>\n<\/div>\n<div class=\"next-post\">\n<div class=\"featured-photo\"><img decoding=\"async\" width=\"1397\" height=\"666\" src=\"https:\/\/analyse.optim.biz\/wp-content\/uploads\/2026\/01\/def1-e1768378302671-6-22.jpg\" class=\"attachment-post-thumbnail size-post-thumbnail wp-post-image\" loading=\"lazy\" title=\"def1-e1768378302671-6-22\"><\/div>\n<p class=\"paginate-title\"><a href=\"https:\/\/www.curierul.ro\/ramnicul-a-inceput-incasarea-impozitelor-si-taxelor-locale-pentru-anul-2026\/\" rel=\"next\">R\u00e2mnicul a \u00eenceput \u00eencasarea impozitelor \u0219i taxelor locale, pentru anul 2026<\/a> \u00bb\u00bb<\/p>\n<\/div>\n<\/div>\n<div id=\"comments\" class=\"comments-area\">\n<div id=\"respond\" class=\"comment-respond\">\n<h3 id=\"reply-title\" class=\"comment-reply-title\">Po\u021bi comenta aici<small><a rel=\"nofollow\" id=\"cancel-comment-reply-link\" href=\"https:\/\/www.curierul.ro\/apavil-anunta-avarie-pe-doua-strazi-din-ramnic-locuitorii-din-zona-sase-ore-fara-apa-rece-unde-cand-%f0%9f%91%87%f0%9f%8f%bb%f0%9f%91%87%f0%9f%8f%bb%f0%9f%91%87%f0%9f%8f%bb\/#respond\">Anuleaz\u0103 r\u0103spunsul<\/a><\/small><\/h3>\n<\/div>\n<p class=\"akismet_comment_form_privacy_notice\">Acest site folose\u0219te Akismet pentru a reduce spamul. <a href=\"https:\/\/akismet.com\/privacy\/\" target=\"_blank\" rel=\"nofollow noopener\">Afl\u0103 cum sunt procesate datele comentariilor tale<\/a>.<\/p>\n<\/div>\n<section class=\"related-stories\">\n<h2>Related Stories<\/h2>\n<div class=\"stories-container\">\n<article id=\"latest-195944\" class=\"story post-195944 post type-post status-publish format-standard has-post-thumbnail hentry category-actualitate tag-apavil tag-apometre tag-inghet-2 tag-protejati\">\n<div class=\"photo\"><img decoding=\"async\" width=\"735\" height=\"440\" src=\"https:\/\/analyse.optim.biz\/wp-content\/uploads\/2026\/01\/apavil-2019-11.jpg\" class=\"attachment-giornalismo-single size-giornalismo-single wp-post-image\" loading=\"lazy\" title=\"apavil-2019-11\"><\/div>\n<p class=\"headline\"><a href=\"https:\/\/www.curierul.ro\/apavil-recomanda-protejati-apometrele-de-inghet\/\">APAVIL recomand\u0103: Proteja\u021bi apometrele de \u00eenghe\u021b!<\/a><\/p>\n<\/article>\n<article id=\"latest-195739\" class=\"story post-195739 post type-post status-publish format-standard has-post-thumbnail hentry category-anunturi category-publicitate tag-apavil tag-compartiment-juridic tag-concurs tag-consilier-juridic tag-resurse-umane tag-salarizare\">\n<div class=\"photo\"><img decoding=\"async\" width=\"560\" height=\"264\" src=\"https:\/\/analyse.optim.biz\/wp-content\/uploads\/2026\/01\/foto-angajare-6.jpg\" class=\"attachment-giornalismo-single size-giornalismo-single wp-post-image\" loading=\"lazy\" title=\"foto-angajare-6\"><\/div>\n<p class=\"headline\"><a href=\"https:\/\/www.curierul.ro\/apavil-sa-anunt-privind-scoaterea-la-concurs-a-trei-posturi-de-consilier-juridic-in-cadrul-serviciului-resurse-umane-salarizare-si-arhiva-compartimentul-juridic-2\/\">APAVIL SA \u2013 anun\u021b privind scoaterea la concurs a trei posturi de consilier juridic, \u00een cadrul Serviciului Resurse Umane Salarizare \u0219i Arhiv\u0103,\u00a0 Compartimentul Juridic<\/a><\/p>\n<\/article>\n<article id=\"latest-195737\" class=\"story post-195737 post type-post status-publish format-standard has-post-thumbnail hentry category-anunturi category-publicitate tag-apavil tag-brezoi tag-calimanesti-2 tag-concurs tag-lacatus-mecanic\">\n<div class=\"photo\"><img decoding=\"async\" width=\"680\" height=\"365\" src=\"https:\/\/analyse.optim.biz\/wp-content\/uploads\/2026\/01\/angajam-personal-4.png\" class=\"attachment-giornalismo-single size-giornalismo-single wp-post-image\" loading=\"lazy\" title=\"angajam-personal-4\"><\/div>\n<p class=\"headline\"><a href=\"https:\/\/www.curierul.ro\/apavil-sa-anunt-privind-scoaterea-la-concurs-a-unui-post-de-lacatus-mecanic-in-cadrul-sectorului-calimanesti-brezoi-3\/\">APAVIL SA \u2013 anun\u021b privind scoaterea la concurs a unui post de l\u0103c\u0103tu\u0219 mecanic\u00a0 \u00een cadrul Sectorului C\u0103lim\u0103ne\u0219ti-Brezoi<\/a><\/p>\n<\/article>\n<\/div>\n<\/section>\n<section class=\"latest-category clearfix\">\n<h2 class=\"title\">More Stories From Actualitate<\/h2>\n<div class=\"stories-container\">\n<article id=\"related-195998\" class=\"story post-195998 post type-post status-publish format-standard has-post-thumbnail hentry category-actualitate category-headlines category-zidezi tag-36-de-ani tag-aniversare tag-curierul-de-valcea\">\n<div class=\"photo\"><img decoding=\"async\" width=\"735\" height=\"440\" src=\"https:\/\/analyse.optim.biz\/wp-content\/uploads\/2026\/01\/cvl36-scaled-1-9.jpg\" class=\"attachment-giornalismo-single size-giornalismo-single wp-post-image\" loading=\"lazy\" title=\"cvl36-scaled-1-9\"><\/div>\n<p class=\"headline\"><a href=\"https:\/\/www.curierul.ro\/36-de-ani\/\">36 de ani<\/a><\/p>\n<\/article>\n<article id=\"related-195985\" class=\"story post-195985 post type-post status-publish format-standard has-post-thumbnail hentry category-actualitate category-cultura tag-europa tag-europe-direct-valcea tag-nou-mandat tag-valcea-2\">\n<div class=\"photo\"><img decoding=\"async\" width=\"735\" height=\"440\" src=\"https:\/\/analyse.optim.biz\/wp-content\/uploads\/2026\/01\/dana-1-26.jpeg\" class=\"attachment-giornalismo-single size-giornalismo-single wp-post-image\" loading=\"lazy\" title=\"dana-1-26\"><\/div>\n<p class=\"headline\"><a href=\"https:\/\/www.curierul.ro\/valcea-e-in-europa-europa-e-la-valcea-un-nou-mandat-europe-direct\/\">V\u00e2lcea e \u00een EuROpa. EUropa e la V\u00e2lcea.       Un nou mandat EUROPE DIRECT<\/a><\/p>\n<\/article>\n<article id=\"related-195983\" class=\"story post-195983 post type-post status-publish format-standard has-post-thumbnail hentry category-actualitate category-fraze tag-dilema tag-groenlandez tag-marius-carbunescu-2\">\n<div class=\"photo\"><img decoding=\"async\" width=\"530\" height=\"213\" src=\"https:\/\/analyse.optim.biz\/wp-content\/uploads\/2026\/01\/marius-carbunescu-1-28.jpg\" class=\"attachment-giornalismo-single size-giornalismo-single wp-post-image\" loading=\"lazy\" title=\"marius-carbunescu-1-28\"><\/div>\n<p class=\"headline\"><a href=\"https:\/\/www.curierul.ro\/dilema-groenlandezului\/\">Dilema groenlandezului<\/a><\/p>\n<\/article>\n<\/div>\n<\/section>\n<section class=\"author-bio clearfix\">\n<div class=\"mug-shot\"><img decoding=\"async\" src=\"https:\/\/analyse.optim.biz\/wp-content\/uploads\/2026\/01\/2a58d181c1d85262357d59db6fc29158130ca794fc45057783762a4c0eb9167f-52.jpg\" class=\"avatar avatar-96 photo\" height=\"96\" width=\"96\" loading=\"lazy\" title=\"2a58d181c1d85262357d59db6fc29158130ca794fc45057783762a4c0eb9167f-52\"><\/div>\n<div class=\"author-info\">\n<p class=\"title\">About Curierul de Valcea, <\/p>\n<div class=\"author-social-area\"><a href=\"mailto:curierul@curierul.ro\"><span class=\"fal fa-envelope\"><span class=\"screen-reader-text\">Email the Author<\/span><\/span><\/a><\/div>\n<\/div>\n<\/section>\n<\/footer>\n<\/article>\n<article id=\"latest-195944\" class=\"story post-195944 post type-post status-publish format-standard has-post-thumbnail hentry category-actualitate tag-apavil tag-apometre tag-inghet-2 tag-protejati\">\n<div class=\"photo\"><img decoding=\"async\" width=\"735\" height=\"440\" src=\"https:\/\/analyse.optim.biz\/wp-content\/uploads\/2026\/01\/apavil-2019-11.jpg\" class=\"attachment-giornalismo-single size-giornalismo-single wp-post-image\" loading=\"lazy\" title=\"apavil-2019-11\"><\/div>\n<p class=\"headline\"><a href=\"https:\/\/www.curierul.ro\/apavil-recomanda-protejati-apometrele-de-inghet\/\">APAVIL recomand\u0103: Proteja\u021bi apometrele de \u00eenghe\u021b!<\/a><\/p>\n<\/article>\n<article id=\"latest-195739\" class=\"story post-195739 post type-post status-publish format-standard has-post-thumbnail hentry category-anunturi category-publicitate tag-apavil tag-compartiment-juridic tag-concurs tag-consilier-juridic tag-resurse-umane tag-salarizare\">\n<div class=\"photo\"><img decoding=\"async\" width=\"560\" height=\"264\" src=\"https:\/\/analyse.optim.biz\/wp-content\/uploads\/2026\/01\/foto-angajare-6.jpg\" class=\"attachment-giornalismo-single size-giornalismo-single wp-post-image\" loading=\"lazy\" title=\"foto-angajare-6\"><\/div>\n<p class=\"headline\"><a href=\"https:\/\/www.curierul.ro\/apavil-sa-anunt-privind-scoaterea-la-concurs-a-trei-posturi-de-consilier-juridic-in-cadrul-serviciului-resurse-umane-salarizare-si-arhiva-compartimentul-juridic-2\/\">APAVIL SA \u2013 anun\u021b privind scoaterea la concurs a trei posturi de consilier juridic, \u00een cadrul Serviciului Resurse Umane Salarizare \u0219i Arhiv\u0103,\u00a0 Compartimentul Juridic<\/a><\/p>\n<\/article>\n<article id=\"latest-195737\" class=\"story post-195737 post type-post status-publish format-standard has-post-thumbnail hentry category-anunturi category-publicitate tag-apavil tag-brezoi tag-calimanesti-2 tag-concurs tag-lacatus-mecanic\">\n<div class=\"photo\"><img decoding=\"async\" width=\"680\" height=\"365\" src=\"https:\/\/analyse.optim.biz\/wp-content\/uploads\/2026\/01\/angajam-personal-4.png\" class=\"attachment-giornalismo-single size-giornalismo-single wp-post-image\" loading=\"lazy\" title=\"angajam-personal-4\"><\/div>\n<p class=\"headline\"><a href=\"https:\/\/www.curierul.ro\/apavil-sa-anunt-privind-scoaterea-la-concurs-a-unui-post-de-lacatus-mecanic-in-cadrul-sectorului-calimanesti-brezoi-3\/\">APAVIL SA \u2013 anun\u021b privind scoaterea la concurs a unui post de l\u0103c\u0103tu\u0219 mecanic\u00a0 \u00een cadrul Sectorului C\u0103lim\u0103ne\u0219ti-Brezoi<\/a><\/p>\n<\/article>\n<article id=\"related-195998\" class=\"story post-195998 post type-post status-publish format-standard has-post-thumbnail hentry category-actualitate category-headlines category-zidezi tag-36-de-ani tag-aniversare tag-curierul-de-valcea\">\n<div class=\"photo\"><img decoding=\"async\" width=\"735\" height=\"440\" src=\"https:\/\/analyse.optim.biz\/wp-content\/uploads\/2026\/01\/cvl36-scaled-1-9.jpg\" class=\"attachment-giornalismo-single size-giornalismo-single wp-post-image\" loading=\"lazy\" title=\"cvl36-scaled-1-9\"><\/div>\n<p class=\"headline\"><a href=\"https:\/\/www.curierul.ro\/36-de-ani\/\">36 de ani<\/a><\/p>\n<\/article>\n<article id=\"related-195985\" class=\"story post-195985 post type-post status-publish format-standard has-post-thumbnail hentry category-actualitate category-cultura tag-europa tag-europe-direct-valcea tag-nou-mandat tag-valcea-2\">\n<div class=\"photo\"><img decoding=\"async\" width=\"735\" height=\"440\" src=\"https:\/\/analyse.optim.biz\/wp-content\/uploads\/2026\/01\/dana-1-26.jpeg\" class=\"attachment-giornalismo-single size-giornalismo-single wp-post-image\" loading=\"lazy\" title=\"dana-1-26\"><\/div>\n<p class=\"headline\"><a href=\"https:\/\/www.curierul.ro\/valcea-e-in-europa-europa-e-la-valcea-un-nou-mandat-europe-direct\/\">V\u00e2lcea e \u00een EuROpa. EUropa e la V\u00e2lcea.       Un nou mandat EUROPE DIRECT<\/a><\/p>\n<\/article>\n<article id=\"related-195983\" class=\"story post-195983 post type-post status-publish format-standard has-post-thumbnail hentry category-actualitate category-fraze tag-dilema tag-groenlandez tag-marius-carbunescu-2\">\n<div class=\"photo\"><img decoding=\"async\" width=\"530\" height=\"213\" src=\"https:\/\/analyse.optim.biz\/wp-content\/uploads\/2026\/01\/marius-carbunescu-1-28.jpg\" class=\"attachment-giornalismo-single size-giornalismo-single wp-post-image\" loading=\"lazy\" title=\"marius-carbunescu-1-28\"><\/div>\n<p class=\"headline\"><a href=\"https:\/\/www.curierul.ro\/dilema-groenlandezului\/\">Dilema groenlandezului<\/a><\/p>\n<\/article>\n<p> Source URL: https:\/\/www.curierul.ro\/apavil-anunta-avarie-pe-doua-strazi-din-ramnic-locuitorii-din-zona-sase-ore-fara-apa-rece-unde-cand-%f0%9f%91%87%f0%9f%8f%bb%f0%9f%91%87%f0%9f%8f%bb%f0%9f%91%87%f0%9f%8f%bb\/<\/p>\n","protected":false},"excerpt":{"rendered":"<p>Home Actualitate Apavil anun\u021b\u0103 avarie pe dou\u0103 str\u0103zi din R\u00e2mnic. Locuitorii din zon\u0103, \u0219ase ore f\u0103r\u0103 ap\u0103 rece. Unde, c\u00e2nd? \ud83d\udc47\ud83c\udffb\ud83d\udc47\ud83c\udffb\ud83d\udc47\ud83c\udffb Apavil anun\u021b\u0103 avarie pe dou\u0103 str\u0103zi din R\u00e2mnic. Locuitorii din zon\u0103, \u0219ase ore f\u0103r\u0103 ap\u0103 rece. Unde, c\u00e2nd? \ud83d\udc47\ud83c\udffb\ud83d\udc47\ud83c\udffb\ud83d\udc47\ud83c\udffb Scris deCurierul de Valcea, 13 ianuarie 2026 Av\u00e2nd \u00een vedere necesitatea execut\u0103rii lucr\u0103rilor de remediere [&hellip;]<\/p>\n","protected":false},"author":1,"featured_media":1308610,"comment_status":"open","ping_status":"","sticky":false,"template":"","format":"standard","meta":{"footnotes":""},"categories":[89],"tags":[213],"class_list":["post-1308608","post","type-post","status-publish","format-standard","has-post-thumbnail","hentry","category-romania","tag-curierul-ro"],"_links":{"self":[{"href":"https:\/\/analyse.optim.biz\/index.php?rest_route=\/wp\/v2\/posts\/1308608","targetHints":{"allow":["GET"]}}],"collection":[{"href":"https:\/\/analyse.optim.biz\/index.php?rest_route=\/wp\/v2\/posts"}],"about":[{"href":"https:\/\/analyse.optim.biz\/index.php?rest_route=\/wp\/v2\/types\/post"}],"author":[{"embeddable":true,"href":"https:\/\/analyse.optim.biz\/index.php?rest_route=\/wp\/v2\/users\/1"}],"replies":[{"embeddable":true,"href":"https:\/\/analyse.optim.biz\/index.php?rest_route=%2Fwp%2Fv2%2Fcomments&post=1308608"}],"version-history":[{"count":0,"href":"https:\/\/analyse.optim.biz\/index.php?rest_route=\/wp\/v2\/posts\/1308608\/revisions"}],"wp:featuredmedia":[{"embeddable":true,"href":"https:\/\/analyse.optim.biz\/index.php?rest_route=\/wp\/v2\/media\/1308610"}],"wp:attachment":[{"href":"https:\/\/analyse.optim.biz\/index.php?rest_route=%2Fwp%2Fv2%2Fmedia&parent=1308608"}],"wp:term":[{"taxonomy":"category","embeddable":true,"href":"https:\/\/analyse.optim.biz\/index.php?rest_route=%2Fwp%2Fv2%2Fcategories&post=1308608"},{"taxonomy":"post_tag","embeddable":true,"href":"https:\/\/analyse.optim.biz\/index.php?rest_route=%2Fwp%2Fv2%2Ftags&post=1308608"}],"curies":[{"name":"wp","href":"https:\/\/api.w.org\/{rel}","templated":true}]}}