{"id":1308553,"date":"2026-01-14T08:13:41","date_gmt":"2026-01-14T05:13:41","guid":{"rendered":"https:\/\/analyse.optim.biz\/?p=1308553"},"modified":"2026-01-14T08:13:41","modified_gmt":"2026-01-14T05:13:41","slug":"ramnicul-a-inceput-incasarea-impozitelor-si-taxelor-locale-pentru-anul-2026","status":"publish","type":"post","link":"https:\/\/analyse.optim.biz\/?p=1308553","title":{"rendered":"R\u00e2mnicul a \u00eenceput \u00eencasarea impozitelor \u0219i taxelor locale, pentru anul 2026"},"content":{"rendered":"<article id=\"195951\" class=\"post-195951 post type-post status-publish format-standard has-post-thumbnail hentry category-actualitate category-headlines category-politica tag-a-inceput tag-impozite tag-incasarea tag-ramnic-2 tag-taxe-locale\">\n<header class=\"post-header\">\n<ul class=\"breadcrumbs\">\n<li><a href=\"https:\/\/www.curierul.ro\">Home<\/a><\/li>\n<li class=\"breadcrumbs-active .category-actualitate\"><a href=\"https:\/\/www.curierul.ro\/index.php?cat=1615\">Actualitate<\/a><\/li>\n<li class=\"breadcrumbs-active .category-actualitate\">R\u00e2mnicul a \u00eenceput \u00eencasarea impozitelor \u0219i taxelor locale, pentru anul 2026<\/li>\n<\/ul>\n<div class=\"featured-photo\"><img loading=\"lazy\" decoding=\"async\" width=\"1397\" height=\"666\" src=\"https:\/\/analyse.optim.biz\/wp-content\/uploads\/2026\/01\/def1-e1768378302671-7.jpg\" class=\"attachment-single size-single wp-post-image\" title=\"def1-e1768378302671-7\"><\/div>\n<h1 class=\"headline\">R\u00e2mnicul a \u00eenceput \u00eencasarea impozitelor \u0219i taxelor locale, pentru anul 2026<\/h1>\n<p class=\"byline\">\n\t\tScris de<a href=\"https:\/\/www.curierul.ro\/author\/curierul\/\">Curierul de Valcea<\/a>, \t\t14 ianuarie 2026\t\t\t\t<\/p>\n<hr>\n<\/header>\n<p><strong>\u2022 vor fi disponibile \u0219ase puncte de \u00eencasare \u0219i mai multe modalit\u0103\u021bi de plat\u0103 on-line<\/strong><\/p>\n<p>A\u0219a cum s-a anun\u021bat ini\u021bial, \u00eencasarea impozitelor \u0219i taxelor locale pentru anul \u00een curs a demarat la nivelul Municipiului R\u00e2mnicu V\u00e2lcea, miercuri, 14 ianuarie, fiind disponibile, \u00eentr-o prim\u0103 etap\u0103, patru puncte de \u00eencasare: sediul Direc\u021biei Economico-Financiare din bd. Nicolae B\u0103lcescu nr. 24 (Arenele \u201eTraian\u201d), sediul \u201eSocom\u201d din str. General Magheru nr. 25 (dou\u0103 casierii), Direc\u021bia de Eviden\u021b\u0103 a Persoanelor din River Plaza Mall \u2013 Calea lui Traian nr 121 \u0219i casieria de la Stadionul Z\u0103voi \u2013 splaiul Independen\u021bei. Acestora li se vor ad\u0103uga, \u00eencep\u00e2nd de luni, 19 ianuarie, casieriile din Ostroveni \u2013 str. I.C. Br\u0103tianu nr. 6, bl. A67, parter \u0219i din Nord \u2013 \u00een rotonda din Pia\u021ba Nord. Pentru cei ce doresc s\u0103 evite aglomera\u021biile de la ghi\u0219ee, plata on-line a obliga\u021biilor c\u0103tre bugetul local va fi disponibil\u0103 \u00eencep\u00e2nd cu data de 15 ianuarie, fie prin intermediul platformei \u201eServicii Electronice\u201d de pe site-ul Prim\u0103riei Municipiului R\u00e2mnicu V\u00e2lcea www.primariavl.ro (pe baz\u0103 de cont de utilizator), fie prin portalul www.ghi\u0219eul.ro. Ca \u0219i \u00een anii preceden\u021bi, persoanele fizice \u0219i juridice care \u00ee\u0219i pl\u0103tesc integral obliga\u021biile aferente rolului fiscal p\u00e2n\u0103 la data de 31 martie (inclusiv) primesc o bonifica\u021bie \u00een cuantum de 10% pentru categoriile de impozit pe cl\u0103diri, terenuri \u0219i mijloace de transport.<\/p>\n<p><strong>N.R. Chiar dac\u0103 au existat mai multe discu\u021bii legate de am\u00e2narea \u00eencas\u0103rii impozitelor locale, la nivelului municipiului Rm. V\u00e2lcea, din cauza bazelor de date auto, care ar fi con\u021binut erori legate de capacitate cilindric\u0103 sau de norma de poluare, se pare c\u0103 func\u021bionarii Prim\u0103riei, cot la cot cu cei care le-au furnizat aceste date, s-au \u00eencadrat \u00een termenul anun\u021bat ini\u021bial \u0219i totul este func\u021bional.\u00a0<\/strong><\/p>\n<div class=\"sharedaddy sd-sharing-enabled\">\n<div class=\"robots-nocontent sd-block sd-social sd-social-official sd-sharing\">\n<h3 class=\"sd-title\">Distribuie pe:<\/h3>\n<div class=\"sd-content\">\n<ul>\n<li class=\"share-facebook\">\n<li class=\"share-twitter\"><a href=\"https:\/\/twitter.com\/share\" class=\"twitter-share-button\" data-url=\"https:\/\/www.curierul.ro\/ramnicul-a-inceput-incasarea-impozitelor-si-taxelor-locale-pentru-anul-2026\/\" data-text=\"R\u00e2mnicul a \u00eenceput \u00eencasarea impozitelor \u0219i taxelor locale, pentru anul 2026\" data-via=\"curierulvl\">Tweet<\/a><\/li>\n<li class=\"share-jetpack-whatsapp\"><a rel=\"nofollow noopener noreferrer\" data-shared=\"sharing-whatsapp-195951\" class=\"share-jetpack-whatsapp sd-button\" href=\"https:\/\/www.curierul.ro\/ramnicul-a-inceput-incasarea-impozitelor-si-taxelor-locale-pentru-anul-2026\/?share=jetpack-whatsapp\" target=\"_blank\" aria-labelledby=\"sharing-whatsapp-195951\"><span id=\"sharing-whatsapp-195951\" hidden>D\u0103 clic pentru partajare pe WhatsApp(Se deschide \u00eentr-o fereastr\u0103 nou\u0103)<\/span><span>WhatsApp<\/span><\/a><\/li>\n<li><a href=\"https:\/\/www.curierul.ro\/ramnicul-a-inceput-incasarea-impozitelor-si-taxelor-locale-pentru-anul-2026\/\" class=\"sharing-anchor sd-button share-more\"><span>Mai mult<\/span><\/a><\/li>\n<li class=\"share-end\"><\/ul>\n<div class=\"sharing-hidden\">\n<div class=\"inner\">\n<ul>\n<li class=\"share-email\"><a rel=\"nofollow noopener noreferrer\" data-shared=\"sharing-email-195951\" class=\"share-email sd-button\" href=\"mailto:?subject=%5BArticol%20partajat%5D%20R%C3%A2mnicul%20a%20%C3%AEnceput%20%C3%AEncasarea%20impozitelor%20%C8%99i%20taxelor%20locale%2C%20pentru%20anul%202026&amp;body=https%3A%2F%2Fwww.curierul.ro%2Framnicul-a-inceput-incasarea-impozitelor-si-taxelor-locale-pentru-anul-2026%2F&amp;share=email\" target=\"_blank\" aria-labelledby=\"sharing-email-195951\" data-email-share-error-title=\"\u021ai-ai configurat emailul?\" data-email-share-error-text=\"Dac\u0103 ai probleme la partajarea prin email, probabil nu ai configurat emailul pentru navigator. Poate trebuie s\u0103 creezi singur un email nou.\" data-email-share-nonce=\"6b66f14d9b\" data-email-share-track-url=\"https:\/\/www.curierul.ro\/ramnicul-a-inceput-incasarea-impozitelor-si-taxelor-locale-pentru-anul-2026\/?share=email\"><span id=\"sharing-email-195951\" hidden>D\u0103 clic pentru a trimite o leg\u0103tur\u0103 prin email unui prieten(Se deschide \u00eentr-o fereastr\u0103 nou\u0103)<\/span><span>Email<\/span><\/a><\/li>\n<li class=\"share-print\"><a rel=\"nofollow noopener noreferrer\" data-shared=\"sharing-print-195951\" class=\"share-print sd-button\" href=\"https:\/\/www.curierul.ro\/ramnicul-a-inceput-incasarea-impozitelor-si-taxelor-locale-pentru-anul-2026\/#print?share=print\" target=\"_blank\" aria-labelledby=\"sharing-print-195951\"><span id=\"sharing-print-195951\" hidden>D\u0103 clic pentru a imprima(Se deschide \u00eentr-o fereastr\u0103 nou\u0103)<\/span><span>Imprimare<\/span><\/a><\/li>\n<li class=\"share-end\"><\/ul>\n<\/div>\n<\/div>\n<\/div>\n<\/div>\n<\/div>\n<div id=\"jp-relatedposts\" class=\"jp-relatedposts\">\n<h3 class=\"jp-relatedposts-headline\"><em>Similare<\/em><\/h3>\n<\/div>\n<footer class=\"post-footer\">\n<p class=\"tags\"><strong>Tags: <\/strong><a href=\"https:\/\/www.curierul.ro\/tag\/a-inceput\/\" rel=\"tag\">a \u00eenceput<\/a>, <a href=\"https:\/\/www.curierul.ro\/tag\/impozite\/\" rel=\"tag\">impozite<\/a>, <a href=\"https:\/\/www.curierul.ro\/tag\/incasarea\/\" rel=\"tag\">\u00eencasarea<\/a>, <a href=\"https:\/\/www.curierul.ro\/tag\/ramnic-2\/\" rel=\"tag\">R\u00e2mnic<\/a>, <a href=\"https:\/\/www.curierul.ro\/tag\/taxe-locale\/\" rel=\"tag\">taxe locale<\/a><\/p>\n<div class=\"post-navigation clearfix\">\n<div class=\"previous-post\">\n<div class=\"featured-photo\"><img loading=\"lazy\" decoding=\"async\" width=\"1080\" height=\"625\" src=\"https:\/\/analyse.optim.biz\/wp-content\/uploads\/2026\/01\/se-opreste-apa-640x400-1-33.png\" class=\"attachment-post-thumbnail size-post-thumbnail wp-post-image\" title=\"se-opreste-apa-640x400-1-33\"><\/div>\n<p class=\"paginate-title\">\u00ab\u00ab <a href=\"https:\/\/www.curierul.ro\/apavil-anunta-avarie-pe-doua-strazi-din-ramnic-locuitorii-din-zona-sase-ore-fara-apa-rece-unde-cand-%f0%9f%91%87%f0%9f%8f%bb%f0%9f%91%87%f0%9f%8f%bb%f0%9f%91%87%f0%9f%8f%bb\/\" rel=\"prev\">Apavil anun\u021b\u0103 avarie pe dou\u0103 str\u0103zi din R\u00e2mnic. Locuitorii din zon\u0103, \u0219ase ore f\u0103r\u0103 ap\u0103 rece. Unde, c\u00e2nd? \ud83d\udc47\ud83c\udffb\ud83d\udc47\ud83c\udffb\ud83d\udc47\ud83c\udffb<\/a><\/p>\n<\/div>\n<div class=\"next-post\">\n<div class=\"featured-photo\"><img decoding=\"async\" width=\"1080\" height=\"1350\" src=\"https:\/\/analyse.optim.biz\/wp-content\/uploads\/2026\/01\/sorin-p.jpeg\" class=\"attachment-post-thumbnail size-post-thumbnail wp-post-image\" loading=\"lazy\" title=\"sorin-p\"><\/div>\n<p class=\"paginate-title\"><a href=\"https:\/\/www.curierul.ro\/sorin-parcalab-aduce-stand-up-comedy-de-top-la-ramnicu-valcea-o-seara-plina-de-rasete-si-energie-buna\/\" rel=\"next\">Sorin P\u00e2rc\u0103lab aduce stand-up comedy de top la R\u00e2mnicu V\u00e2lcea \u2013 o sear\u0103 plin\u0103 de r\u00e2sete \u0219i energie bun\u0103<\/a> \u00bb\u00bb<\/p>\n<\/div>\n<\/div>\n<div id=\"comments\" class=\"comments-area\">\n<div id=\"respond\" class=\"comment-respond\">\n<h3 id=\"reply-title\" class=\"comment-reply-title\">Po\u021bi comenta aici<small><a rel=\"nofollow\" id=\"cancel-comment-reply-link\" href=\"https:\/\/www.curierul.ro\/ramnicul-a-inceput-incasarea-impozitelor-si-taxelor-locale-pentru-anul-2026\/#respond\">Anuleaz\u0103 r\u0103spunsul<\/a><\/small><\/h3>\n<\/div>\n<p class=\"akismet_comment_form_privacy_notice\">Acest site folose\u0219te Akismet pentru a reduce spamul. <a href=\"https:\/\/akismet.com\/privacy\/\" target=\"_blank\" rel=\"nofollow noopener\">Afl\u0103 cum sunt procesate datele comentariilor tale<\/a>.<\/p>\n<\/div>\n<section class=\"latest-category clearfix\">\n<h2 class=\"title\">More Stories From Actualitate<\/h2>\n<div class=\"stories-container\">\n<article id=\"related-195998\" class=\"story post-195998 post type-post status-publish format-standard has-post-thumbnail hentry category-actualitate category-headlines category-zidezi tag-36-de-ani tag-aniversare tag-curierul-de-valcea\">\n<div class=\"photo\"><img decoding=\"async\" width=\"735\" height=\"440\" src=\"https:\/\/analyse.optim.biz\/wp-content\/uploads\/2026\/01\/cvl36-scaled-1-8.jpg\" class=\"attachment-giornalismo-single size-giornalismo-single wp-post-image\" loading=\"lazy\" title=\"cvl36-scaled-1-8\"><\/div>\n<p class=\"headline\"><a href=\"https:\/\/www.curierul.ro\/36-de-ani\/\">36 de ani<\/a><\/p>\n<\/article>\n<article id=\"related-195985\" class=\"story post-195985 post type-post status-publish format-standard has-post-thumbnail hentry category-actualitate category-cultura tag-europa tag-europe-direct-valcea tag-nou-mandat tag-valcea-2\">\n<div class=\"photo\"><img decoding=\"async\" width=\"735\" height=\"440\" src=\"https:\/\/analyse.optim.biz\/wp-content\/uploads\/2026\/01\/dana-1-25.jpeg\" class=\"attachment-giornalismo-single size-giornalismo-single wp-post-image\" loading=\"lazy\" title=\"dana-1-25\"><\/div>\n<p class=\"headline\"><a href=\"https:\/\/www.curierul.ro\/valcea-e-in-europa-europa-e-la-valcea-un-nou-mandat-europe-direct\/\">V\u00e2lcea e \u00een EuROpa. EUropa e la V\u00e2lcea.       Un nou mandat EUROPE DIRECT<\/a><\/p>\n<\/article>\n<article id=\"related-195983\" class=\"story post-195983 post type-post status-publish format-standard has-post-thumbnail hentry category-actualitate category-fraze tag-dilema tag-groenlandez tag-marius-carbunescu-2\">\n<div class=\"photo\"><img decoding=\"async\" width=\"530\" height=\"213\" src=\"https:\/\/analyse.optim.biz\/wp-content\/uploads\/2026\/01\/marius-carbunescu-1-27.jpg\" class=\"attachment-giornalismo-single size-giornalismo-single wp-post-image\" loading=\"lazy\" title=\"marius-carbunescu-1-27\"><\/div>\n<p class=\"headline\"><a href=\"https:\/\/www.curierul.ro\/dilema-groenlandezului\/\">Dilema groenlandezului<\/a><\/p>\n<\/article>\n<\/div>\n<\/section>\n<section class=\"author-bio clearfix\">\n<div class=\"mug-shot\"><img decoding=\"async\" src=\"https:\/\/analyse.optim.biz\/wp-content\/uploads\/2026\/01\/2a58d181c1d85262357d59db6fc29158130ca794fc45057783762a4c0eb9167f-51.jpg\" class=\"avatar avatar-96 photo\" height=\"96\" width=\"96\" loading=\"lazy\" title=\"2a58d181c1d85262357d59db6fc29158130ca794fc45057783762a4c0eb9167f-51\"><\/div>\n<div class=\"author-info\">\n<p class=\"title\">About Curierul de Valcea, <\/p>\n<div class=\"author-social-area\"><a href=\"mailto:curierul@curierul.ro\"><span class=\"fal fa-envelope\"><span class=\"screen-reader-text\">Email the Author<\/span><\/span><\/a><\/div>\n<\/div>\n<\/section>\n<\/footer>\n<\/article>\n<article id=\"related-195998\" class=\"story post-195998 post type-post status-publish format-standard has-post-thumbnail hentry category-actualitate category-headlines category-zidezi tag-36-de-ani tag-aniversare tag-curierul-de-valcea\">\n<div class=\"photo\"><img decoding=\"async\" width=\"735\" height=\"440\" src=\"https:\/\/analyse.optim.biz\/wp-content\/uploads\/2026\/01\/cvl36-scaled-1-8.jpg\" class=\"attachment-giornalismo-single size-giornalismo-single wp-post-image\" loading=\"lazy\" title=\"cvl36-scaled-1-8\"><\/div>\n<p class=\"headline\"><a href=\"https:\/\/www.curierul.ro\/36-de-ani\/\">36 de ani<\/a><\/p>\n<\/article>\n<article id=\"related-195985\" class=\"story post-195985 post type-post status-publish format-standard has-post-thumbnail hentry category-actualitate category-cultura tag-europa tag-europe-direct-valcea tag-nou-mandat tag-valcea-2\">\n<div class=\"photo\"><img decoding=\"async\" width=\"735\" height=\"440\" src=\"https:\/\/analyse.optim.biz\/wp-content\/uploads\/2026\/01\/dana-1-25.jpeg\" class=\"attachment-giornalismo-single size-giornalismo-single wp-post-image\" loading=\"lazy\" title=\"dana-1-25\"><\/div>\n<p class=\"headline\"><a href=\"https:\/\/www.curierul.ro\/valcea-e-in-europa-europa-e-la-valcea-un-nou-mandat-europe-direct\/\">V\u00e2lcea e \u00een EuROpa. EUropa e la V\u00e2lcea.       Un nou mandat EUROPE DIRECT<\/a><\/p>\n<\/article>\n<article id=\"related-195983\" class=\"story post-195983 post type-post status-publish format-standard has-post-thumbnail hentry category-actualitate category-fraze tag-dilema tag-groenlandez tag-marius-carbunescu-2\">\n<div class=\"photo\"><img decoding=\"async\" width=\"530\" height=\"213\" src=\"https:\/\/analyse.optim.biz\/wp-content\/uploads\/2026\/01\/marius-carbunescu-1-27.jpg\" class=\"attachment-giornalismo-single size-giornalismo-single wp-post-image\" loading=\"lazy\" title=\"marius-carbunescu-1-27\"><\/div>\n<p class=\"headline\"><a href=\"https:\/\/www.curierul.ro\/dilema-groenlandezului\/\">Dilema groenlandezului<\/a><\/p>\n<\/article>\n<p> Source URL: https:\/\/www.curierul.ro\/ramnicul-a-inceput-incasarea-impozitelor-si-taxelor-locale-pentru-anul-2026\/<\/p>\n","protected":false},"excerpt":{"rendered":"<p>Home Actualitate R\u00e2mnicul a \u00eenceput \u00eencasarea impozitelor \u0219i taxelor locale, pentru anul 2026 R\u00e2mnicul a \u00eenceput \u00eencasarea impozitelor \u0219i taxelor locale, pentru anul 2026 Scris deCurierul de Valcea, 14 ianuarie 2026 \u2022 vor fi disponibile \u0219ase puncte de \u00eencasare \u0219i mai multe modalit\u0103\u021bi de plat\u0103 on-line A\u0219a cum s-a anun\u021bat ini\u021bial, \u00eencasarea impozitelor \u0219i taxelor [&hellip;]<\/p>\n","protected":false},"author":1,"featured_media":1308562,"comment_status":"open","ping_status":"","sticky":false,"template":"","format":"standard","meta":{"footnotes":""},"categories":[89],"tags":[213],"class_list":["post-1308553","post","type-post","status-publish","format-standard","has-post-thumbnail","hentry","category-romania","tag-curierul-ro"],"_links":{"self":[{"href":"https:\/\/analyse.optim.biz\/index.php?rest_route=\/wp\/v2\/posts\/1308553","targetHints":{"allow":["GET"]}}],"collection":[{"href":"https:\/\/analyse.optim.biz\/index.php?rest_route=\/wp\/v2\/posts"}],"about":[{"href":"https:\/\/analyse.optim.biz\/index.php?rest_route=\/wp\/v2\/types\/post"}],"author":[{"embeddable":true,"href":"https:\/\/analyse.optim.biz\/index.php?rest_route=\/wp\/v2\/users\/1"}],"replies":[{"embeddable":true,"href":"https:\/\/analyse.optim.biz\/index.php?rest_route=%2Fwp%2Fv2%2Fcomments&post=1308553"}],"version-history":[{"count":0,"href":"https:\/\/analyse.optim.biz\/index.php?rest_route=\/wp\/v2\/posts\/1308553\/revisions"}],"wp:featuredmedia":[{"embeddable":true,"href":"https:\/\/analyse.optim.biz\/index.php?rest_route=\/wp\/v2\/media\/1308562"}],"wp:attachment":[{"href":"https:\/\/analyse.optim.biz\/index.php?rest_route=%2Fwp%2Fv2%2Fmedia&parent=1308553"}],"wp:term":[{"taxonomy":"category","embeddable":true,"href":"https:\/\/analyse.optim.biz\/index.php?rest_route=%2Fwp%2Fv2%2Fcategories&post=1308553"},{"taxonomy":"post_tag","embeddable":true,"href":"https:\/\/analyse.optim.biz\/index.php?rest_route=%2Fwp%2Fv2%2Ftags&post=1308553"}],"curies":[{"name":"wp","href":"https:\/\/api.w.org\/{rel}","templated":true}]}}