{"id":1308518,"date":"2026-01-15T14:18:24","date_gmt":"2026-01-15T11:18:24","guid":{"rendered":"https:\/\/analyse.optim.biz\/?p=1308518"},"modified":"2026-01-15T14:18:24","modified_gmt":"2026-01-15T11:18:24","slug":"avarie-bigjumatate-din-centrul-ramnicului-fara-apa-calda-si-caldura-cand-cat-%f0%9f%91%87%f0%9f%8f%bb%f0%9f%91%87%f0%9f%8f%bb%f0%9f%91%87%f0%9f%8f%bb","status":"publish","type":"post","link":"https:\/\/analyse.optim.biz\/?p=1308518","title":{"rendered":"\u00abAvarie BIG\u00bb\u2026Jum\u0103tate din centrul R\u00e2mnicului, f\u0103r\u0103 ap\u0103 cald\u0103 \u0219i c\u0103ldur\u0103. C\u00e2nd, c\u00e2t? \ud83d\udc47\ud83c\udffb\ud83d\udc47\ud83c\udffb\ud83d\udc47\ud83c\udffb"},"content":{"rendered":"<article id=\"195969\" class=\"post-195969 post type-post status-publish format-standard has-post-thumbnail hentry category-actualitate category-headlines tag-caldura-2 tag-centrul-ramnicului-2 tag-fara-apa-calda\">\n<header class=\"post-header\">\n<ul class=\"breadcrumbs\">\n<li><a href=\"https:\/\/www.curierul.ro\">Home<\/a><\/li>\n<li class=\"breadcrumbs-active .category-actualitate\"><a href=\"https:\/\/www.curierul.ro\/index.php?cat=1615\">Actualitate<\/a><\/li>\n<li class=\"breadcrumbs-active .category-actualitate\">\u00abAvarie BIG\u00bb\u2026Jum\u0103tate din centrul R\u00e2mnicului, f\u0103r\u0103 ap\u0103 cald\u0103 \u0219i c\u0103ldur\u0103. C\u00e2nd, c\u00e2t? \ud83d\udc47\ud83c\udffb\ud83d\udc47\ud83c\udffb\ud83d\udc47\ud83c\udffb<\/li>\n<\/ul>\n<div class=\"featured-photo\"><img loading=\"lazy\" decoding=\"async\" width=\"749\" height=\"452\" src=\"https:\/\/analyse.optim.biz\/wp-content\/uploads\/2026\/01\/calorifer-1-1-1.jpg\" class=\"attachment-single size-single wp-post-image\" title=\"calorifer-1-1-1\"><\/div>\n<h1 class=\"headline\">\u00abAvarie BIG\u00bb\u2026Jum\u0103tate din centrul R\u00e2mnicului, f\u0103r\u0103 ap\u0103 cald\u0103 \u0219i c\u0103ldur\u0103. C\u00e2nd, c\u00e2t? \ud83d\udc47\ud83c\udffb\ud83d\udc47\ud83c\udffb\ud83d\udc47\ud83c\udffb<\/h1>\n<p class=\"byline\">\n\t\tScris de<a href=\"https:\/\/www.curierul.ro\/author\/curierul\/\">Curierul de Valcea<\/a>, \t\t15 ianuarie 2026\t\t\t\t<\/p>\n<hr>\n<\/header>\n<p>Societatea CET Govora SA anunta intreruperea furnizarii agentului termic sub forma de apa fierbinte, incalzire si apa calda de consum, <strong><em>in data de 16.01.2026,\u00a0 intre orele 10<\/em><\/strong><strong><em><sup>00<\/sup><\/em><\/strong><strong><em> \u00f7 18<sup>00<\/sup><\/em><\/strong>, pentru eliminare avarie aparuta la conducta pe circuit primar tur DN300 in spatele blocului H (BIG).<br \/><em>Co<\/em><em>nsumatorii racordati si afectati de aceasta oprire sunt:\u00a0 PT18 Cozia; PT19 Prefectur\u0103;<\/em><em>PT20 Bloc K<\/em>; <em>\u00a0PT21 Arge\u015f; PT22 Filipin<\/em>; <em>Tribunalul Valcea<\/em>; <em>Parchetul de pe langa Tribunalul Valcea; Judecatoria Valcea; Primaria Municipiului Rm.Valcea; Consiliul Judetean Valcea; Prefectura Rm.Valcea; Muzeul de Arta; Muzeul de Istorie; Biblioteca Judeteana Valcea; Scoala Gimnaziala Take Ionescu; Gradinita \u201eToti Sfintii\u201d; Hotel Castel; Hotel Ramada; Administratia Judeteana a Finantelor Publice; Casa de Sanatate; bloc Dancomar; Inspectoratul Judetean in Constructii; Banca Comerciala Romana; Trezoreria Valcea; strada Avram Iancu; strada Capitan Negoescu; strada Colonel Badescu.<\/em><\/p>\n<div class=\"sharedaddy sd-sharing-enabled\">\n<div class=\"robots-nocontent sd-block sd-social sd-social-official sd-sharing\">\n<h3 class=\"sd-title\">Distribuie pe:<\/h3>\n<div class=\"sd-content\">\n<ul>\n<li class=\"share-facebook\">\n<li class=\"share-twitter\"><a href=\"https:\/\/twitter.com\/share\" class=\"twitter-share-button\" data-url=\"https:\/\/www.curierul.ro\/avarie-big-jumatate-din-centrul-ramnicului-fara-apa-calda-si-caldura-cand-cat-%f0%9f%91%87%f0%9f%8f%bb%f0%9f%91%87%f0%9f%8f%bb%f0%9f%91%87%f0%9f%8f%bb\/\" data-text=\"\u00abAvarie BIG\u00bb...Jum\u0103tate din centrul R\u00e2mnicului, f\u0103r\u0103 ap\u0103 cald\u0103 \u0219i c\u0103ldur\u0103. C\u00e2nd, c\u00e2t? \ud83d\udc47\ud83c\udffb\ud83d\udc47\ud83c\udffb\ud83d\udc47\ud83c\udffb\" data-via=\"curierulvl\">Tweet<\/a><\/li>\n<li class=\"share-jetpack-whatsapp\"><a rel=\"nofollow noopener noreferrer\" data-shared=\"sharing-whatsapp-195969\" class=\"share-jetpack-whatsapp sd-button\" href=\"https:\/\/www.curierul.ro\/avarie-big-jumatate-din-centrul-ramnicului-fara-apa-calda-si-caldura-cand-cat-%f0%9f%91%87%f0%9f%8f%bb%f0%9f%91%87%f0%9f%8f%bb%f0%9f%91%87%f0%9f%8f%bb\/?share=jetpack-whatsapp\" target=\"_blank\" aria-labelledby=\"sharing-whatsapp-195969\"><span id=\"sharing-whatsapp-195969\" hidden>D\u0103 clic pentru partajare pe WhatsApp(Se deschide \u00eentr-o fereastr\u0103 nou\u0103)<\/span><span>WhatsApp<\/span><\/a><\/li>\n<li><a href=\"https:\/\/www.curierul.ro\/avarie-big-jumatate-din-centrul-ramnicului-fara-apa-calda-si-caldura-cand-cat-%f0%9f%91%87%f0%9f%8f%bb%f0%9f%91%87%f0%9f%8f%bb%f0%9f%91%87%f0%9f%8f%bb\/\" class=\"sharing-anchor sd-button share-more\"><span>Mai mult<\/span><\/a><\/li>\n<li class=\"share-end\"><\/ul>\n<div class=\"sharing-hidden\">\n<div class=\"inner\">\n<ul>\n<li class=\"share-email\"><a rel=\"nofollow noopener noreferrer\" data-shared=\"sharing-email-195969\" class=\"share-email sd-button\" href=\"mailto:?subject=%5BArticol%20partajat%5D%20%C2%ABAvarie%20BIG%C2%BB...Jum%C4%83tate%20din%20centrul%20R%C3%A2mnicului%2C%20f%C4%83r%C4%83%20ap%C4%83%20cald%C4%83%20%C8%99i%20c%C4%83ldur%C4%83.%20C%C3%A2nd%2C%20c%C3%A2t%3F%20%F0%9F%91%87%F0%9F%8F%BB%F0%9F%91%87%F0%9F%8F%BB%F0%9F%91%87%F0%9F%8F%BB&amp;body=https%3A%2F%2Fwww.curierul.ro%2Favarie-big-jumatate-din-centrul-ramnicului-fara-apa-calda-si-caldura-cand-cat-%25f0%259f%2591%2587%25f0%259f%258f%25bb%25f0%259f%2591%2587%25f0%259f%258f%25bb%25f0%259f%2591%2587%25f0%259f%258f%25bb%2F&amp;share=email\" target=\"_blank\" aria-labelledby=\"sharing-email-195969\" data-email-share-error-title=\"\u021ai-ai configurat emailul?\" data-email-share-error-text=\"Dac\u0103 ai probleme la partajarea prin email, probabil nu ai configurat emailul pentru navigator. Poate trebuie s\u0103 creezi singur un email nou.\" data-email-share-nonce=\"891c5235e6\" data-email-share-track-url=\"https:\/\/www.curierul.ro\/avarie-big-jumatate-din-centrul-ramnicului-fara-apa-calda-si-caldura-cand-cat-%f0%9f%91%87%f0%9f%8f%bb%f0%9f%91%87%f0%9f%8f%bb%f0%9f%91%87%f0%9f%8f%bb\/?share=email\"><span id=\"sharing-email-195969\" hidden>D\u0103 clic pentru a trimite o leg\u0103tur\u0103 prin email unui prieten(Se deschide \u00eentr-o fereastr\u0103 nou\u0103)<\/span><span>Email<\/span><\/a><\/li>\n<li class=\"share-print\"><a rel=\"nofollow noopener noreferrer\" data-shared=\"sharing-print-195969\" class=\"share-print sd-button\" href=\"https:\/\/www.curierul.ro\/avarie-big-jumatate-din-centrul-ramnicului-fara-apa-calda-si-caldura-cand-cat-%f0%9f%91%87%f0%9f%8f%bb%f0%9f%91%87%f0%9f%8f%bb%f0%9f%91%87%f0%9f%8f%bb\/#print?share=print\" target=\"_blank\" aria-labelledby=\"sharing-print-195969\"><span id=\"sharing-print-195969\" hidden>D\u0103 clic pentru a imprima(Se deschide \u00eentr-o fereastr\u0103 nou\u0103)<\/span><span>Imprimare<\/span><\/a><\/li>\n<li class=\"share-end\"><\/ul>\n<\/div>\n<\/div>\n<\/div>\n<\/div>\n<\/div>\n<div id=\"jp-relatedposts\" class=\"jp-relatedposts\">\n<h3 class=\"jp-relatedposts-headline\"><em>Similare<\/em><\/h3>\n<\/div>\n<footer class=\"post-footer\">\n<p class=\"tags\"><strong>Tags: <\/strong><a href=\"https:\/\/www.curierul.ro\/tag\/caldura-2\/\" rel=\"tag\">c\u0103ldur\u0103<\/a>, <a href=\"https:\/\/www.curierul.ro\/tag\/centrul-ramnicului-2\/\" rel=\"tag\">centrul R\u00e2mnicului<\/a>, <a href=\"https:\/\/www.curierul.ro\/tag\/fara-apa-calda\/\" rel=\"tag\">f\u0103r\u0103 ap\u0103 cald\u0103<\/a><\/p>\n<div class=\"post-navigation clearfix\">\n<div class=\"previous-post\">\n<div class=\"featured-photo\"><img loading=\"lazy\" decoding=\"async\" width=\"952\" height=\"705\" src=\"https:\/\/analyse.optim.biz\/wp-content\/uploads\/2026\/01\/fcpo-8.jpg\" class=\"attachment-post-thumbnail size-post-thumbnail wp-post-image\" title=\"fcpo-8\"><\/div>\n<p class=\"paginate-title\">\u00ab\u00ab <a href=\"https:\/\/www.curierul.ro\/liga-3-retrospectiva-anului-trecut-si-proiectie-pentru-2026-fc-pausesti-otasau-revelatia-seriei-6-intre-confimari-fotbalistice-si-proiecte-de-infrastructura-si-organizare\/\" rel=\"prev\">LIGA 3. RETROSPECTIVA ANULUI TRECUT \u0218I PROIEC\u021aIE PENTRU 2026. FC P\u0102U\u0218E\u0218TI-OT\u0102S\u0102U, REVELA\u021aIA SERIEI 6, \u00ceNTRE CONFIM\u0102RI FOTBALISTICE \u0218I PROIECTE DE INFRASTRUCTUR\u0102 \u0218I ORGANIZARE<\/a><\/p>\n<\/div>\n<div class=\"next-post\">\n<div class=\"featured-photo\"><img decoding=\"async\" width=\"1197\" height=\"723\" src=\"https:\/\/analyse.optim.biz\/wp-content\/uploads\/2026\/01\/accident-raureni-e1768549775867-14.jpeg\" class=\"attachment-post-thumbnail size-post-thumbnail wp-post-image\" loading=\"lazy\" title=\"accident-raureni-e1768549775867-14\"><\/div>\n<p class=\"paginate-title\"><a href=\"https:\/\/www.curierul.ro\/culmea-ghinionului-sa-faci-accident-cu-o-masina-de-politie-la-poarta-serviciului-rutier\/\" rel=\"next\">Culmea ghinionului\u2026s\u0103 faci accident cu o ma\u0219in\u0103 de poli\u021bie, la poarta Serviciului Rutier<\/a> \u00bb\u00bb<\/p>\n<\/div>\n<\/div>\n<div id=\"comments\" class=\"comments-area\">\n<div id=\"respond\" class=\"comment-respond\">\n<h3 id=\"reply-title\" class=\"comment-reply-title\">Po\u021bi comenta aici<small><a rel=\"nofollow\" id=\"cancel-comment-reply-link\" href=\"https:\/\/www.curierul.ro\/avarie-big-jumatate-din-centrul-ramnicului-fara-apa-calda-si-caldura-cand-cat-%f0%9f%91%87%f0%9f%8f%bb%f0%9f%91%87%f0%9f%8f%bb%f0%9f%91%87%f0%9f%8f%bb\/#respond\">Anuleaz\u0103 r\u0103spunsul<\/a><\/small><\/h3>\n<\/div>\n<p class=\"akismet_comment_form_privacy_notice\">Acest site folose\u0219te Akismet pentru a reduce spamul. <a href=\"https:\/\/akismet.com\/privacy\/\" target=\"_blank\" rel=\"nofollow noopener\">Afl\u0103 cum sunt procesate datele comentariilor tale<\/a>.<\/p>\n<\/div>\n<section class=\"related-stories\">\n<h2>Related Stories<\/h2>\n<div class=\"stories-container\">\n<article id=\"latest-195673\" class=\"story post-195673 post type-post status-publish format-standard has-post-thumbnail hentry category-actualitate category-headlines category-impact tag-caldura-2 tag-fara-apa-calda tag-hoteluri tag-institutii-2 tag-ramnic-2 tag-tcoli\">\n<div class=\"photo\"><img decoding=\"async\" width=\"735\" height=\"440\" src=\"https:\/\/analyse.optim.biz\/wp-content\/uploads\/2026\/01\/calorifer-5.jpg\" class=\"attachment-giornalismo-single size-giornalismo-single wp-post-image\" loading=\"lazy\" title=\"calorifer-5\"><\/div>\n<p class=\"headline\"><a href=\"https:\/\/www.curierul.ro\/tot-centrul-ramnicului-ramane-12-ore-fara-apa-calda-si-caldura-institutii-publice-scoli-hoteluri-cand-cat-%f0%9f%91%87%f0%9f%8f%bb%f0%9f%91%87%f0%9f%8f%bb%f0%9f%91%87%f0%9f%8f%bb\/\">Tot centrul R\u00e2mnicului r\u0103m\u00e2ne 12 ore f\u0103r\u0103 ap\u0103 cald\u0103 \u0219i c\u0103ldur\u0103 \u2013 institu\u021bii publice, \u0219coli, hoteluri. C\u00e2nd, c\u00e2t? \ud83d\udc47\ud83c\udffb\ud83d\udc47\ud83c\udffb\ud83d\udc47\ud83c\udffb<\/a><\/p>\n<\/article>\n<article id=\"latest-195204\" class=\"story post-195204 post type-post status-publish format-standard has-post-thumbnail hentry category-actualitate category-headlines tag-apa-calda tag-avarie tag-caldura-2 tag-conducte tag-cvet-govora\">\n<div class=\"photo\"><img decoding=\"async\" width=\"448\" height=\"349\" src=\"https:\/\/analyse.optim.biz\/wp-content\/uploads\/2026\/01\/cet-oprire-apa.jpeg\" class=\"attachment-giornalismo-single size-giornalismo-single wp-post-image\" loading=\"lazy\" title=\"cet-oprire-apa\"><\/div>\n<p class=\"headline\"><a href=\"https:\/\/www.curierul.ro\/avarie-la-conducta-cet-govora-de-la-gara-un-sfert-de-oras-fara-apa-calda-si-caldura-cand-cat%f0%9f%91%87%f0%9f%8f%bb%f0%9f%91%87%f0%9f%8f%bb%f0%9f%91%87%f0%9f%8f%bb\/\">Avarie la conducta CET Govora de la Gar\u0103.    Un sfert de ora\u0219 f\u0103r\u0103 ap\u0103 cald\u0103 \u0219i c\u0103ldur\u0103 C\u00e2nd, c\u00e2t?\ud83d\udc47\ud83c\udffb\ud83d\udc47\ud83c\udffb\ud83d\udc47\ud83c\udffb<\/a><\/p>\n<\/article>\n<article id=\"latest-195065\" class=\"story post-195065 post type-post status-publish format-standard has-post-thumbnail hentry category-actualitate category-headlines category-impact tag-apa-calda tag-caldura-2 tag-nord tag-scoli-2 tag-spital-judetean-2 tag-traian\">\n<div class=\"photo\"><img decoding=\"async\" width=\"735\" height=\"440\" src=\"https:\/\/analyse.optim.biz\/wp-content\/uploads\/2026\/01\/calorifer-1-1-1.jpg\" class=\"attachment-giornalismo-single size-giornalismo-single wp-post-image\" loading=\"lazy\" title=\"calorifer-1-1-1\"><\/div>\n<p class=\"headline\"><a href=\"https:\/\/www.curierul.ro\/spitalul-judetean-scolile-din-cartierele-traian-si-nord-raman-fara-caldura-si-apa-calda-cand-cat-%f0%9f%91%87%f0%9f%8f%bb%f0%9f%91%87%f0%9f%8f%bb%f0%9f%91%87%f0%9f%8f%bb\/\">Spitalul Jude\u021bean, \u0219colile din cartierele Traian \u0219i Nord r\u0103m\u00e2n f\u0103r\u0103 c\u0103ldur\u0103 \u0219i ap\u0103 cald\u0103.   C\u00e2nd, c\u00e2t\u2026  \ud83d\udc47\ud83c\udffb\ud83d\udc47\ud83c\udffb\ud83d\udc47\ud83c\udffb<\/a><\/p>\n<\/article>\n<\/div>\n<\/section>\n<section class=\"latest-category clearfix\">\n<h2 class=\"title\">More Stories From Actualitate<\/h2>\n<div class=\"stories-container\">\n<article id=\"related-195998\" class=\"story post-195998 post type-post status-publish format-standard has-post-thumbnail hentry category-actualitate category-headlines category-zidezi tag-36-de-ani tag-aniversare tag-curierul-de-valcea\">\n<div class=\"photo\"><img decoding=\"async\" width=\"735\" height=\"440\" src=\"https:\/\/analyse.optim.biz\/wp-content\/uploads\/2026\/01\/cvl36-scaled-1-7.jpg\" class=\"attachment-giornalismo-single size-giornalismo-single wp-post-image\" loading=\"lazy\" title=\"cvl36-scaled-1-7\"><\/div>\n<p class=\"headline\"><a href=\"https:\/\/www.curierul.ro\/36-de-ani\/\">36 de ani<\/a><\/p>\n<\/article>\n<article id=\"related-195985\" class=\"story post-195985 post type-post status-publish format-standard has-post-thumbnail hentry category-actualitate category-cultura tag-europa tag-europe-direct-valcea tag-nou-mandat tag-valcea-2\">\n<div class=\"photo\"><img decoding=\"async\" width=\"735\" height=\"440\" src=\"https:\/\/analyse.optim.biz\/wp-content\/uploads\/2026\/01\/dana-1-24.jpeg\" class=\"attachment-giornalismo-single size-giornalismo-single wp-post-image\" loading=\"lazy\" title=\"dana-1-24\"><\/div>\n<p class=\"headline\"><a href=\"https:\/\/www.curierul.ro\/valcea-e-in-europa-europa-e-la-valcea-un-nou-mandat-europe-direct\/\">V\u00e2lcea e \u00een EuROpa. EUropa e la V\u00e2lcea.       Un nou mandat EUROPE DIRECT<\/a><\/p>\n<\/article>\n<article id=\"related-195983\" class=\"story post-195983 post type-post status-publish format-standard has-post-thumbnail hentry category-actualitate category-fraze tag-dilema tag-groenlandez tag-marius-carbunescu-2\">\n<div class=\"photo\"><img decoding=\"async\" width=\"530\" height=\"213\" src=\"https:\/\/analyse.optim.biz\/wp-content\/uploads\/2026\/01\/marius-carbunescu-1-26.jpg\" class=\"attachment-giornalismo-single size-giornalismo-single wp-post-image\" loading=\"lazy\" title=\"marius-carbunescu-1-26\"><\/div>\n<p class=\"headline\"><a href=\"https:\/\/www.curierul.ro\/dilema-groenlandezului\/\">Dilema groenlandezului<\/a><\/p>\n<\/article>\n<\/div>\n<\/section>\n<section class=\"author-bio clearfix\">\n<div class=\"mug-shot\"><img decoding=\"async\" src=\"https:\/\/analyse.optim.biz\/wp-content\/uploads\/2026\/01\/2a58d181c1d85262357d59db6fc29158130ca794fc45057783762a4c0eb9167f-50.jpg\" class=\"avatar avatar-96 photo\" height=\"96\" width=\"96\" loading=\"lazy\" title=\"2a58d181c1d85262357d59db6fc29158130ca794fc45057783762a4c0eb9167f-50\"><\/div>\n<div class=\"author-info\">\n<p class=\"title\">About Curierul de Valcea, <\/p>\n<div class=\"author-social-area\"><a href=\"mailto:curierul@curierul.ro\"><span class=\"fal fa-envelope\"><span class=\"screen-reader-text\">Email the Author<\/span><\/span><\/a><\/div>\n<\/div>\n<\/section>\n<\/footer>\n<\/article>\n<article id=\"latest-195673\" class=\"story post-195673 post type-post status-publish format-standard has-post-thumbnail hentry category-actualitate category-headlines category-impact tag-caldura-2 tag-fara-apa-calda tag-hoteluri tag-institutii-2 tag-ramnic-2 tag-tcoli\">\n<div class=\"photo\"><img decoding=\"async\" width=\"735\" height=\"440\" src=\"https:\/\/analyse.optim.biz\/wp-content\/uploads\/2026\/01\/calorifer-5.jpg\" class=\"attachment-giornalismo-single size-giornalismo-single wp-post-image\" loading=\"lazy\" title=\"calorifer-5\"><\/div>\n<p class=\"headline\"><a href=\"https:\/\/www.curierul.ro\/tot-centrul-ramnicului-ramane-12-ore-fara-apa-calda-si-caldura-institutii-publice-scoli-hoteluri-cand-cat-%f0%9f%91%87%f0%9f%8f%bb%f0%9f%91%87%f0%9f%8f%bb%f0%9f%91%87%f0%9f%8f%bb\/\">Tot centrul R\u00e2mnicului r\u0103m\u00e2ne 12 ore f\u0103r\u0103 ap\u0103 cald\u0103 \u0219i c\u0103ldur\u0103 \u2013 institu\u021bii publice, \u0219coli, hoteluri. C\u00e2nd, c\u00e2t? \ud83d\udc47\ud83c\udffb\ud83d\udc47\ud83c\udffb\ud83d\udc47\ud83c\udffb<\/a><\/p>\n<\/article>\n<article id=\"latest-195204\" class=\"story post-195204 post type-post status-publish format-standard has-post-thumbnail hentry category-actualitate category-headlines tag-apa-calda tag-avarie tag-caldura-2 tag-conducte tag-cvet-govora\">\n<div class=\"photo\"><img decoding=\"async\" width=\"448\" height=\"349\" src=\"https:\/\/analyse.optim.biz\/wp-content\/uploads\/2026\/01\/cet-oprire-apa.jpeg\" class=\"attachment-giornalismo-single size-giornalismo-single wp-post-image\" loading=\"lazy\" title=\"cet-oprire-apa\"><\/div>\n<p class=\"headline\"><a href=\"https:\/\/www.curierul.ro\/avarie-la-conducta-cet-govora-de-la-gara-un-sfert-de-oras-fara-apa-calda-si-caldura-cand-cat%f0%9f%91%87%f0%9f%8f%bb%f0%9f%91%87%f0%9f%8f%bb%f0%9f%91%87%f0%9f%8f%bb\/\">Avarie la conducta CET Govora de la Gar\u0103.    Un sfert de ora\u0219 f\u0103r\u0103 ap\u0103 cald\u0103 \u0219i c\u0103ldur\u0103 C\u00e2nd, c\u00e2t?\ud83d\udc47\ud83c\udffb\ud83d\udc47\ud83c\udffb\ud83d\udc47\ud83c\udffb<\/a><\/p>\n<\/article>\n<article id=\"latest-195065\" class=\"story post-195065 post type-post status-publish format-standard has-post-thumbnail hentry category-actualitate category-headlines category-impact tag-apa-calda tag-caldura-2 tag-nord tag-scoli-2 tag-spital-judetean-2 tag-traian\">\n<div class=\"photo\"><img decoding=\"async\" width=\"735\" height=\"440\" src=\"https:\/\/analyse.optim.biz\/wp-content\/uploads\/2026\/01\/calorifer-1-1-1.jpg\" class=\"attachment-giornalismo-single size-giornalismo-single wp-post-image\" loading=\"lazy\" title=\"calorifer-1-1-1\"><\/div>\n<p class=\"headline\"><a href=\"https:\/\/www.curierul.ro\/spitalul-judetean-scolile-din-cartierele-traian-si-nord-raman-fara-caldura-si-apa-calda-cand-cat-%f0%9f%91%87%f0%9f%8f%bb%f0%9f%91%87%f0%9f%8f%bb%f0%9f%91%87%f0%9f%8f%bb\/\">Spitalul Jude\u021bean, \u0219colile din cartierele Traian \u0219i Nord r\u0103m\u00e2n f\u0103r\u0103 c\u0103ldur\u0103 \u0219i ap\u0103 cald\u0103.   C\u00e2nd, c\u00e2t\u2026  \ud83d\udc47\ud83c\udffb\ud83d\udc47\ud83c\udffb\ud83d\udc47\ud83c\udffb<\/a><\/p>\n<\/article>\n<article id=\"related-195998\" class=\"story post-195998 post type-post status-publish format-standard has-post-thumbnail hentry category-actualitate category-headlines category-zidezi tag-36-de-ani tag-aniversare tag-curierul-de-valcea\">\n<div class=\"photo\"><img decoding=\"async\" width=\"735\" height=\"440\" src=\"https:\/\/analyse.optim.biz\/wp-content\/uploads\/2026\/01\/cvl36-scaled-1-7.jpg\" class=\"attachment-giornalismo-single size-giornalismo-single wp-post-image\" loading=\"lazy\" title=\"cvl36-scaled-1-7\"><\/div>\n<p class=\"headline\"><a href=\"https:\/\/www.curierul.ro\/36-de-ani\/\">36 de ani<\/a><\/p>\n<\/article>\n<article id=\"related-195985\" class=\"story post-195985 post type-post status-publish format-standard has-post-thumbnail hentry category-actualitate category-cultura tag-europa tag-europe-direct-valcea tag-nou-mandat tag-valcea-2\">\n<div class=\"photo\"><img decoding=\"async\" width=\"735\" height=\"440\" src=\"https:\/\/analyse.optim.biz\/wp-content\/uploads\/2026\/01\/dana-1-24.jpeg\" class=\"attachment-giornalismo-single size-giornalismo-single wp-post-image\" loading=\"lazy\" title=\"dana-1-24\"><\/div>\n<p class=\"headline\"><a href=\"https:\/\/www.curierul.ro\/valcea-e-in-europa-europa-e-la-valcea-un-nou-mandat-europe-direct\/\">V\u00e2lcea e \u00een EuROpa. EUropa e la V\u00e2lcea.       Un nou mandat EUROPE DIRECT<\/a><\/p>\n<\/article>\n<article id=\"related-195983\" class=\"story post-195983 post type-post status-publish format-standard has-post-thumbnail hentry category-actualitate category-fraze tag-dilema tag-groenlandez tag-marius-carbunescu-2\">\n<div class=\"photo\"><img decoding=\"async\" width=\"530\" height=\"213\" src=\"https:\/\/analyse.optim.biz\/wp-content\/uploads\/2026\/01\/marius-carbunescu-1-26.jpg\" class=\"attachment-giornalismo-single size-giornalismo-single wp-post-image\" loading=\"lazy\" title=\"marius-carbunescu-1-26\"><\/div>\n<p class=\"headline\"><a href=\"https:\/\/www.curierul.ro\/dilema-groenlandezului\/\">Dilema groenlandezului<\/a><\/p>\n<\/article>\n<p> Source URL: https:\/\/www.curierul.ro\/avarie-big-jumatate-din-centrul-ramnicului-fara-apa-calda-si-caldura-cand-cat-%f0%9f%91%87%f0%9f%8f%bb%f0%9f%91%87%f0%9f%8f%bb%f0%9f%91%87%f0%9f%8f%bb\/<\/p>\n","protected":false},"excerpt":{"rendered":"<p>Home Actualitate \u00abAvarie BIG\u00bb\u2026Jum\u0103tate din centrul R\u00e2mnicului, f\u0103r\u0103 ap\u0103 cald\u0103 \u0219i c\u0103ldur\u0103. C\u00e2nd, c\u00e2t? \ud83d\udc47\ud83c\udffb\ud83d\udc47\ud83c\udffb\ud83d\udc47\ud83c\udffb \u00abAvarie BIG\u00bb\u2026Jum\u0103tate din centrul R\u00e2mnicului, f\u0103r\u0103 ap\u0103 cald\u0103 \u0219i c\u0103ldur\u0103. C\u00e2nd, c\u00e2t? \ud83d\udc47\ud83c\udffb\ud83d\udc47\ud83c\udffb\ud83d\udc47\ud83c\udffb Scris deCurierul de Valcea, 15 ianuarie 2026 Societatea CET Govora SA anunta intreruperea furnizarii agentului termic sub forma de apa fierbinte, incalzire si apa calda de consum, [&hellip;]<\/p>\n","protected":false},"author":1,"featured_media":1308526,"comment_status":"open","ping_status":"","sticky":false,"template":"","format":"standard","meta":{"footnotes":""},"categories":[89],"tags":[213],"class_list":["post-1308518","post","type-post","status-publish","format-standard","has-post-thumbnail","hentry","category-romania","tag-curierul-ro"],"_links":{"self":[{"href":"https:\/\/analyse.optim.biz\/index.php?rest_route=\/wp\/v2\/posts\/1308518","targetHints":{"allow":["GET"]}}],"collection":[{"href":"https:\/\/analyse.optim.biz\/index.php?rest_route=\/wp\/v2\/posts"}],"about":[{"href":"https:\/\/analyse.optim.biz\/index.php?rest_route=\/wp\/v2\/types\/post"}],"author":[{"embeddable":true,"href":"https:\/\/analyse.optim.biz\/index.php?rest_route=\/wp\/v2\/users\/1"}],"replies":[{"embeddable":true,"href":"https:\/\/analyse.optim.biz\/index.php?rest_route=%2Fwp%2Fv2%2Fcomments&post=1308518"}],"version-history":[{"count":0,"href":"https:\/\/analyse.optim.biz\/index.php?rest_route=\/wp\/v2\/posts\/1308518\/revisions"}],"wp:featuredmedia":[{"embeddable":true,"href":"https:\/\/analyse.optim.biz\/index.php?rest_route=\/wp\/v2\/media\/1308526"}],"wp:attachment":[{"href":"https:\/\/analyse.optim.biz\/index.php?rest_route=%2Fwp%2Fv2%2Fmedia&parent=1308518"}],"wp:term":[{"taxonomy":"category","embeddable":true,"href":"https:\/\/analyse.optim.biz\/index.php?rest_route=%2Fwp%2Fv2%2Fcategories&post=1308518"},{"taxonomy":"post_tag","embeddable":true,"href":"https:\/\/analyse.optim.biz\/index.php?rest_route=%2Fwp%2Fv2%2Ftags&post=1308518"}],"curies":[{"name":"wp","href":"https:\/\/api.w.org\/{rel}","templated":true}]}}