{"id":1308469,"date":"2026-01-05T11:00:49","date_gmt":"2026-01-05T08:00:49","guid":{"rendered":"https:\/\/analyse.optim.biz\/?p=1308469"},"modified":"2026-01-05T11:00:49","modified_gmt":"2026-01-05T08:00:49","slug":"comunicat-de-presa-dotarea-ader-srl-in-vederea-digitalizarii-activitatii","status":"publish","type":"post","link":"https:\/\/analyse.optim.biz\/?p=1308469","title":{"rendered":"Comunicat de pres\u0103 \u201eDOTAREA ADER SRL IN VEDEREA DIGITALIZARII ACTIVITATII\u201d"},"content":{"rendered":"<article id=\"195895\" class=\"post-195895 post type-post status-publish format-standard hentry category-anunturi category-publicitate tag-ader-srl tag-comunicat-incepere-proiect\">\n<header class=\"post-header\">\n<ul class=\"breadcrumbs\">\n<li><a href=\"https:\/\/www.curierul.ro\">Home<\/a><\/li>\n<li class=\"breadcrumbs-active .category-anunturi\"><a href=\"https:\/\/www.curierul.ro\/index.php?cat=6065\">Anunturi<\/a><\/li>\n<li class=\"breadcrumbs-active .category-anunturi\">Comunicat de pres\u0103 \u201eDOTAREA ADER SRL IN VEDEREA DIGITALIZARII ACTIVITATII\u201d<\/li>\n<\/ul>\n<h1 class=\"headline\">Comunicat de pres\u0103 \u201eDOTAREA ADER SRL IN VEDEREA DIGITALIZARII ACTIVITATII\u201d<\/h1>\n<p class=\"byline\">\n\t\tScris de<a href=\"https:\/\/www.curierul.ro\/author\/comunicat-de-presa\/\">Comunicat de pres\u0103<\/a>, \t\t5 ianuarie 2026\t\t\t\t<\/p>\n<hr>\n<\/header>\n<p><a href=\"https:\/\/www.curierul.ro\/wp-content\/uploads\/2026\/01\/Comunicat-de-presa-ADER.pdf\" class=\"pdfemb-viewer\" data-width=\"max\" data-height=\"max\" data-toolbar=\"bottom\" data-toolbar-fixed=\"off\">Comunicat-de-presa-ADER<\/a><\/p>\n<p>Numele proiectului de investi\u021bie: \u201c<strong><em>DOTAREA ADER SRL IN VEDEREA DIGITALIZARII ACTIVITATII\u201d<\/em><\/strong><\/p>\n<p>Numele beneficiarului:\u00a0<strong>ADERSRL<\/strong><\/p>\n<p>Contract de finan\u021bare:\u00a0<strong>5755.1\/i3\/c9 din 15.05.2025<\/strong><\/p>\n<p>Contract de finan\u021bare:<\/p>\n<p><strong>ADERSRL <\/strong><strong>anun\u0163\u0103 lansarea proiectului cu titlul \u201e<\/strong><strong><em>DOTAREA ADER SRL IN VEDEREA DIGITALIZARII ACTIVITATII<\/em><\/strong><strong>\u201d, finan\u0163at prin <\/strong><strong><em>Planul Na\u0163ional de Redresare \u015fi Rezilien\u0163\u0103<\/em><\/strong><strong>, <\/strong><strong><em>Componenta C9. <\/em><\/strong><strong><em>Suport pentru sectorul privat, cercetare, dezvoltare si inovare, Investi\u021bia I3. Scheme de ajutor pentru sectorul privat<\/em><\/strong><strong>, titlu apel: \u201e<\/strong><strong><em>Digitalizarea IMM-urilor \u2013 grant de p\u00e2n\u0103 la 100.000 euro pe \u00eentreprindere care s\u0103 sprijine IMM- urile \u00een adoptarea tehnologiilor digitale\u201d.<\/em><\/strong><\/p>\n<p><strong>Obiective <\/strong>ale proiectului:<\/p>\n<p>Obiective pe termen scurt:<\/p>\n<p>\u2013 Eficientizarea proceselor interne: Prin adoptarea tehnologiilor digitale, cum ar fi un aplicatie ERP si IoT, compania poate imbunatati eficienta proceselor sale interne, de la productie la gestionarea resurselor umane.<\/p>\n<p>\u2013 Imbunatatirea relatiilor cu clientii: Tehnologiile digitale pot oferi companiei instrumentele necesare pentru a imbunatati serviciul pentru clienti, cum ar fi plata online si interfata utilizator mai prietenoasa.<\/p>\n<p>Obiective pe termen mediu:<\/p>\n<p>\u2013 Dezvoltarea produselor si serviciilor: Pe masura ce tehnologiile digitale devin mai integrate in operatiunile de zi cu zi ale companiei, pot fi dezvoltate noi produse si servicii care sa raspunda nevoilor in continua schimbare ale clientilor.<\/p>\n<p>\u2013 Cresterea cotei de piata: Prin imbunatatirea eficientei si a serviciului pentru clienti, ADER SRL poate atrage mai multi clienti si poate creste cota de piata.<\/p>\n<p>Obiective pe termen lung:<\/p>\n<p>\u2013 Inovatie si lider in Industrie: In era digitala, companiile care adopta si inoveaza in mod constant prin tehnologie pot deveni lideri in domeniile lor. ADER SRL poate folosi tehnologia digitala pentru a se pozitiona ca un lider inovator in industria fabricarii de caroserii.<\/p>\n<p>\u2013 Sustenabilitate si responsabilitate sociala corporativa: Tehnologiile digitale pot ajuta la optimizarea utilizarii resurselor, reducand astfel impactul asupra mediului. Acest lucru nu doar ca imbunatateste sustenabilitatea operatiunilor ADER SRL, dar contribuie si la imaginea pozitiva a companiei in ochii publicului si ai partilor interesat.<\/p>\n<p><strong>Impactul investi\u021biei la nivelul localit\u0103\u021bii\/regiunii<\/strong>: Realizarea investitiilor propuse are ca rezultat digitalizarea intreprinderii solicitante, adaptarea modelului de afaceri la realit\u0103\u021bile digitale, contribuind la cre\u0219terea competitivit\u0103\u021bii, imbunatatirea indicatorilor financiari si performantelor de marketing, dar si dezvoltarea economica a zonei.<\/p>\n<p><strong>Valoarea total\u0103 a proiectului<\/strong>: 333.022,00 lei;<\/p>\n<p><strong>Asisten\u0163\u0103 financiar\u0103 nerambursabil\u0103<\/strong>: 191.016,00 lei;<\/p>\n<p><strong>Cofinan\u021bare beneficiar (aferent\u0103 cheltuielilor eligibile<\/strong>)<strong>: 21.225,00 lei<\/strong><\/p>\n<p><strong>Loc de implementare: <\/strong>Strada Raureni, nr. 24, cod postal 240475, Municipiul Ramnicu Valcea, Judet Valcea<\/p>\n<p><strong>Data \u00eenceperii proiectului<\/strong><strong>:<\/strong><strong>\u00a0<\/strong>16.05.2025<\/p>\n<p><strong>Data finaliz\u0103rii proiectului:\u00a0<\/strong>29.05.2026\u00a0<\/p>\n<p><strong>Date de contact:<\/strong><\/p>\n<p>ADER SRL<\/p>\n<p>Sediu: Strada Raureni, nr. 24, cod postal 240475, Municipiul Ramnicu Valcea, Judet Valcea<\/p>\n<p>Persoan\u0103 de contact: CHINDRIS DINU-CATALIN<\/p>\n<p>Num\u0103r de telefon: 0722268265<\/p>\n<p>E-mail:\u00a0 ader@ader.ro<\/p>\n<div class=\"sharedaddy sd-sharing-enabled\">\n<div class=\"robots-nocontent sd-block sd-social sd-social-official sd-sharing\">\n<h3 class=\"sd-title\">Distribuie pe:<\/h3>\n<div class=\"sd-content\">\n<ul>\n<li class=\"share-facebook\">\n<li class=\"share-twitter\"><a href=\"https:\/\/twitter.com\/share\" class=\"twitter-share-button\" data-url=\"https:\/\/www.curierul.ro\/comunicat-de-presa-dotarea-ader-srl-in-vederea-digitalizarii-activitatii\/\" data-text=\"Comunicat de pres\u0103 \u201eDOTAREA ADER SRL IN VEDEREA DIGITALIZARII ACTIVITATII\u201d\" data-via=\"curierulvl\">Tweet<\/a><\/li>\n<li class=\"share-jetpack-whatsapp\"><a rel=\"nofollow noopener noreferrer\" data-shared=\"sharing-whatsapp-195895\" class=\"share-jetpack-whatsapp sd-button\" href=\"https:\/\/www.curierul.ro\/comunicat-de-presa-dotarea-ader-srl-in-vederea-digitalizarii-activitatii\/?share=jetpack-whatsapp\" target=\"_blank\" aria-labelledby=\"sharing-whatsapp-195895\"><span id=\"sharing-whatsapp-195895\" hidden>D\u0103 clic pentru partajare pe WhatsApp(Se deschide \u00eentr-o fereastr\u0103 nou\u0103)<\/span><span>WhatsApp<\/span><\/a><\/li>\n<li><a href=\"https:\/\/www.curierul.ro\/comunicat-de-presa-dotarea-ader-srl-in-vederea-digitalizarii-activitatii\/\" class=\"sharing-anchor sd-button share-more\"><span>Mai mult<\/span><\/a><\/li>\n<li class=\"share-end\"><\/ul>\n<div class=\"sharing-hidden\">\n<div class=\"inner\">\n<ul>\n<li class=\"share-email\"><a rel=\"nofollow noopener noreferrer\" data-shared=\"sharing-email-195895\" class=\"share-email sd-button\" href=\"mailto:?subject=%5BArticol%20partajat%5D%20Comunicat%20de%20pres%C4%83%20%E2%80%9EDOTAREA%20ADER%20SRL%20IN%20VEDEREA%20DIGITALIZARII%20ACTIVITATII%E2%80%9D&amp;body=https%3A%2F%2Fwww.curierul.ro%2Fcomunicat-de-presa-dotarea-ader-srl-in-vederea-digitalizarii-activitatii%2F&amp;share=email\" target=\"_blank\" aria-labelledby=\"sharing-email-195895\" data-email-share-error-title=\"\u021ai-ai configurat emailul?\" data-email-share-error-text=\"Dac\u0103 ai probleme la partajarea prin email, probabil nu ai configurat emailul pentru navigator. Poate trebuie s\u0103 creezi singur un email nou.\" data-email-share-nonce=\"09cce83346\" data-email-share-track-url=\"https:\/\/www.curierul.ro\/comunicat-de-presa-dotarea-ader-srl-in-vederea-digitalizarii-activitatii\/?share=email\"><span id=\"sharing-email-195895\" hidden>D\u0103 clic pentru a trimite o leg\u0103tur\u0103 prin email unui prieten(Se deschide \u00eentr-o fereastr\u0103 nou\u0103)<\/span><span>Email<\/span><\/a><\/li>\n<li class=\"share-print\"><a rel=\"nofollow noopener noreferrer\" data-shared=\"sharing-print-195895\" class=\"share-print sd-button\" href=\"https:\/\/www.curierul.ro\/comunicat-de-presa-dotarea-ader-srl-in-vederea-digitalizarii-activitatii\/#print?share=print\" target=\"_blank\" aria-labelledby=\"sharing-print-195895\"><span id=\"sharing-print-195895\" hidden>D\u0103 clic pentru a imprima(Se deschide \u00eentr-o fereastr\u0103 nou\u0103)<\/span><span>Imprimare<\/span><\/a><\/li>\n<li class=\"share-end\"><\/ul>\n<\/div>\n<\/div>\n<\/div>\n<\/div>\n<\/div>\n<div id=\"jp-relatedposts\" class=\"jp-relatedposts\">\n<h3 class=\"jp-relatedposts-headline\"><em>Similare<\/em><\/h3>\n<\/div>\n<footer class=\"post-footer\">\n<p class=\"tags\"><strong>Tags: <\/strong><a href=\"https:\/\/www.curierul.ro\/tag\/ader-srl\/\" rel=\"tag\">ADER SRL<\/a>, <a href=\"https:\/\/www.curierul.ro\/tag\/comunicat-incepere-proiect\/\" rel=\"tag\">comunicat incepere proiect<\/a><\/p>\n<div class=\"post-navigation clearfix\">\n<div class=\"previous-post\">\n<p class=\"paginate-title\">\u00ab\u00ab <a href=\"https:\/\/www.curierul.ro\/comunicat-de-presa-dotarea-fabriand-srl-in-vederea-digitalizarii-activitatii\/\" rel=\"prev\">COMUNICAT DE PRES\u0102 \u201eDOTAREA FABRIAND SRL IN VEDEREA DIGITALIZARII ACTIVITATII\u201d<\/a><\/p>\n<\/div>\n<div class=\"next-post\">\n<p class=\"paginate-title\"><a href=\"https:\/\/www.curierul.ro\/comunicat-de-presa-dotarea-valtex-srl-in-vederea-digitalizarii-activitatii\/\" rel=\"next\">Comunicat de pres\u0103 \u201eDOTAREA VALTEX SRL IN VEDEREA DIGITALIZARII ACTIVITATII\u201d<\/a> \u00bb\u00bb<\/p>\n<\/div>\n<\/div>\n<div id=\"comments\" class=\"comments-area\">\n<div id=\"respond\" class=\"comment-respond\">\n<h3 id=\"reply-title\" class=\"comment-reply-title\">Po\u021bi comenta aici<small><a rel=\"nofollow\" id=\"cancel-comment-reply-link\" href=\"https:\/\/www.curierul.ro\/comunicat-de-presa-dotarea-ader-srl-in-vederea-digitalizarii-activitatii\/#respond\">Anuleaz\u0103 r\u0103spunsul<\/a><\/small><\/h3>\n<\/div>\n<p class=\"akismet_comment_form_privacy_notice\">Acest site folose\u0219te Akismet pentru a reduce spamul. <a href=\"https:\/\/akismet.com\/privacy\/\" target=\"_blank\" rel=\"nofollow noopener\">Afl\u0103 cum sunt procesate datele comentariilor tale<\/a>.<\/p>\n<\/div>\n<section class=\"related-stories\">\n<h2>Related Stories<\/h2>\n<div class=\"stories-container\">\n<article id=\"latest-191872\" class=\"story post-191872 post type-post status-publish format-standard hentry category-anunturi category-publicitate tag-ader-srl\">\n<p class=\"headline\"><a href=\"https:\/\/www.curierul.ro\/inceperea-proiectului-dotarea-ader-srl-cod-smis-324089\/\">\u00cenceperea proiectului \u201eDotarea ADER SRL\u201d, cod SMIS 324089<\/a><\/p>\n<\/article>\n<\/div>\n<\/section>\n<section class=\"latest-category clearfix\">\n<h2 class=\"title\">More Stories From Anunturi<\/h2>\n<div class=\"stories-container\">\n<article id=\"related-195901\" class=\"story post-195901 post type-post status-publish format-standard hentry category-anunturi category-publicitate tag-comunicat-incepere-proiect tag-nex-srl\">\n<p class=\"headline\"><a href=\"https:\/\/www.curierul.ro\/comunicat-de-presa-dotarea-nex-srl-in-vederea-digitalizarii-activitatii\/\">Comunicat de pres\u0103 \u201eDOTAREA NEX SRL IN VEDEREA DIGITALIZARII ACTIVITATII\u201d<\/a><\/p>\n<\/article>\n<article id=\"related-195898\" class=\"story post-195898 post type-post status-publish format-standard hentry category-anunturi category-publicitate tag-comunicat-incepere-proiect tag-valtex\">\n<p class=\"headline\"><a href=\"https:\/\/www.curierul.ro\/comunicat-de-presa-dotarea-valtex-srl-in-vederea-digitalizarii-activitatii\/\">Comunicat de pres\u0103 \u201eDOTAREA VALTEX SRL IN VEDEREA DIGITALIZARII ACTIVITATII\u201d<\/a><\/p>\n<\/article>\n<article id=\"related-195891\" class=\"story post-195891 post type-post status-publish format-standard hentry category-anunturi category-publicitate tag-comunicat-incepere-proiect tag-fabriand\">\n<p class=\"headline\"><a href=\"https:\/\/www.curierul.ro\/comunicat-de-presa-dotarea-fabriand-srl-in-vederea-digitalizarii-activitatii\/\">COMUNICAT DE PRES\u0102 \u201eDOTAREA FABRIAND SRL IN VEDEREA DIGITALIZARII ACTIVITATII\u201d<\/a><\/p>\n<\/article>\n<\/div>\n<\/section>\n<section class=\"author-bio clearfix\">\n<div class=\"mug-shot\"><img loading=\"lazy\" decoding=\"async\" src=\"https:\/\/analyse.optim.biz\/wp-content\/uploads\/2026\/01\/99cb5dc553c194226db8ff81883aeb68584791e67c78fb655bb3c37b83324715-35.jpg\" class=\"avatar avatar-96 photo\" height=\"96\" width=\"96\" title=\"99cb5dc553c194226db8ff81883aeb68584791e67c78fb655bb3c37b83324715-35\"><\/div>\n<div class=\"author-info\">\n<p class=\"title\">About Comunicat de pres\u0103, <\/p>\n<div class=\"author-social-area\"><a href=\"mailto:redactie@curierul.ro\"><span class=\"fal fa-envelope\"><span class=\"screen-reader-text\">Email the Author<\/span><\/span><\/a><\/div>\n<\/div>\n<\/section>\n<\/footer>\n<\/article>\n<article id=\"latest-191872\" class=\"story post-191872 post type-post status-publish format-standard hentry category-anunturi category-publicitate tag-ader-srl\">\n<p class=\"headline\"><a href=\"https:\/\/www.curierul.ro\/inceperea-proiectului-dotarea-ader-srl-cod-smis-324089\/\">\u00cenceperea proiectului \u201eDotarea ADER SRL\u201d, cod SMIS 324089<\/a><\/p>\n<\/article>\n<article id=\"related-195901\" class=\"story post-195901 post type-post status-publish format-standard hentry category-anunturi category-publicitate tag-comunicat-incepere-proiect tag-nex-srl\">\n<p class=\"headline\"><a href=\"https:\/\/www.curierul.ro\/comunicat-de-presa-dotarea-nex-srl-in-vederea-digitalizarii-activitatii\/\">Comunicat de pres\u0103 \u201eDOTAREA NEX SRL IN VEDEREA DIGITALIZARII ACTIVITATII\u201d<\/a><\/p>\n<\/article>\n<article id=\"related-195898\" class=\"story post-195898 post type-post status-publish format-standard hentry category-anunturi category-publicitate tag-comunicat-incepere-proiect tag-valtex\">\n<p class=\"headline\"><a href=\"https:\/\/www.curierul.ro\/comunicat-de-presa-dotarea-valtex-srl-in-vederea-digitalizarii-activitatii\/\">Comunicat de pres\u0103 \u201eDOTAREA VALTEX SRL IN VEDEREA DIGITALIZARII ACTIVITATII\u201d<\/a><\/p>\n<\/article>\n<article id=\"related-195891\" class=\"story post-195891 post type-post status-publish format-standard hentry category-anunturi category-publicitate tag-comunicat-incepere-proiect tag-fabriand\">\n<p class=\"headline\"><a href=\"https:\/\/www.curierul.ro\/comunicat-de-presa-dotarea-fabriand-srl-in-vederea-digitalizarii-activitatii\/\">COMUNICAT DE PRES\u0102 \u201eDOTAREA FABRIAND SRL IN VEDEREA DIGITALIZARII ACTIVITATII\u201d<\/a><\/p>\n<\/article>\n<p> Source URL: https:\/\/www.curierul.ro\/comunicat-de-presa-dotarea-ader-srl-in-vederea-digitalizarii-activitatii\/<\/p>\n","protected":false},"excerpt":{"rendered":"<p>Home Anunturi Comunicat de pres\u0103 \u201eDOTAREA ADER SRL IN VEDEREA DIGITALIZARII ACTIVITATII\u201d Comunicat de pres\u0103 \u201eDOTAREA ADER SRL IN VEDEREA DIGITALIZARII ACTIVITATII\u201d Scris deComunicat de pres\u0103, 5 ianuarie 2026 Comunicat-de-presa-ADER Numele proiectului de investi\u021bie: \u201cDOTAREA ADER SRL IN VEDEREA DIGITALIZARII ACTIVITATII\u201d Numele beneficiarului:\u00a0ADERSRL Contract de finan\u021bare:\u00a05755.1\/i3\/c9 din 15.05.2025 Contract de finan\u021bare: ADERSRL anun\u0163\u0103 lansarea proiectului [&hellip;]<\/p>\n","protected":false},"author":1,"featured_media":1308473,"comment_status":"open","ping_status":"","sticky":false,"template":"","format":"standard","meta":{"footnotes":""},"categories":[89],"tags":[213],"class_list":["post-1308469","post","type-post","status-publish","format-standard","has-post-thumbnail","hentry","category-romania","tag-curierul-ro"],"_links":{"self":[{"href":"https:\/\/analyse.optim.biz\/index.php?rest_route=\/wp\/v2\/posts\/1308469","targetHints":{"allow":["GET"]}}],"collection":[{"href":"https:\/\/analyse.optim.biz\/index.php?rest_route=\/wp\/v2\/posts"}],"about":[{"href":"https:\/\/analyse.optim.biz\/index.php?rest_route=\/wp\/v2\/types\/post"}],"author":[{"embeddable":true,"href":"https:\/\/analyse.optim.biz\/index.php?rest_route=\/wp\/v2\/users\/1"}],"replies":[{"embeddable":true,"href":"https:\/\/analyse.optim.biz\/index.php?rest_route=%2Fwp%2Fv2%2Fcomments&post=1308469"}],"version-history":[{"count":0,"href":"https:\/\/analyse.optim.biz\/index.php?rest_route=\/wp\/v2\/posts\/1308469\/revisions"}],"wp:featuredmedia":[{"embeddable":true,"href":"https:\/\/analyse.optim.biz\/index.php?rest_route=\/wp\/v2\/media\/1308473"}],"wp:attachment":[{"href":"https:\/\/analyse.optim.biz\/index.php?rest_route=%2Fwp%2Fv2%2Fmedia&parent=1308469"}],"wp:term":[{"taxonomy":"category","embeddable":true,"href":"https:\/\/analyse.optim.biz\/index.php?rest_route=%2Fwp%2Fv2%2Fcategories&post=1308469"},{"taxonomy":"post_tag","embeddable":true,"href":"https:\/\/analyse.optim.biz\/index.php?rest_route=%2Fwp%2Fv2%2Ftags&post=1308469"}],"curies":[{"name":"wp","href":"https:\/\/api.w.org\/{rel}","templated":true}]}}