{"id":1308431,"date":"2026-01-05T11:07:57","date_gmt":"2026-01-05T08:07:57","guid":{"rendered":"https:\/\/analyse.optim.biz\/?p=1308431"},"modified":"2026-01-05T11:07:57","modified_gmt":"2026-01-05T08:07:57","slug":"comunicat-de-presa-dotarea-nex-srl-in-vederea-digitalizarii-activitatii","status":"publish","type":"post","link":"https:\/\/analyse.optim.biz\/?p=1308431","title":{"rendered":"Comunicat de pres\u0103 \u201eDOTAREA NEX SRL IN VEDEREA DIGITALIZARII ACTIVITATII\u201d"},"content":{"rendered":"<article id=\"195901\" class=\"post-195901 post type-post status-publish format-standard hentry category-anunturi category-publicitate tag-comunicat-incepere-proiect tag-nex-srl\">\n<header class=\"post-header\">\n<ul class=\"breadcrumbs\">\n<li><a href=\"https:\/\/www.curierul.ro\">Home<\/a><\/li>\n<li class=\"breadcrumbs-active .category-anunturi\"><a href=\"https:\/\/www.curierul.ro\/index.php?cat=6065\">Anunturi<\/a><\/li>\n<li class=\"breadcrumbs-active .category-anunturi\">Comunicat de pres\u0103 \u201eDOTAREA NEX SRL IN VEDEREA DIGITALIZARII ACTIVITATII\u201d<\/li>\n<\/ul>\n<h1 class=\"headline\">Comunicat de pres\u0103 \u201eDOTAREA NEX SRL IN VEDEREA DIGITALIZARII ACTIVITATII\u201d<\/h1>\n<p class=\"byline\">\n\t\tScris de<a href=\"https:\/\/www.curierul.ro\/author\/comunicat-de-presa\/\">Comunicat de pres\u0103<\/a>, \t\t5 ianuarie 2026\t\t\t\t<\/p>\n<hr>\n<\/header>\n<p><a href=\"https:\/\/www.curierul.ro\/wp-content\/uploads\/2026\/01\/Comunicat-de-presa-NEX.pdf\" class=\"pdfemb-viewer\" data-width=\"max\" data-height=\"max\" data-toolbar=\"bottom\" data-toolbar-fixed=\"off\">Comunicat-de-presa-NEX<\/a><\/p>\n<p>Numele proiectului de investi\u021bie: \u201c<strong><em>DOTAREA NEX SRL IN VEDEREA DIGITALIZARII ACTIVITATII\u201d<\/em><\/strong><\/p>\n<p>Numele beneficiarului:\u00a0<strong>NEX SRL<\/strong><\/p>\n<p>Contract de finan\u021bare:\u00a0<strong>5944\/i3\/c9 \u00a0din 04.02.2025<\/strong><\/p>\n<p>Contract de finan\u021bare:<\/p>\n<p><strong>\u00a0<\/strong><strong>NEX SRL <\/strong><strong>anun\u0163\u0103 lansarea proiectului cu titlul \u201e<\/strong><strong><em>DOTAREA NEX SRL IN VEDEREA DIGITALIZARII ACTIVITATII<\/em><\/strong><strong>\u201d, finan\u0163at prin <\/strong><strong><em>Planul Na\u0163ional de Redresare \u015fi Rezilien\u0163\u0103<\/em><\/strong><strong>, <\/strong><strong><em>Componenta C9. <\/em><\/strong><strong><em>Suport pentru sectorul privat, cercetare, dezvoltare si inovare, Investi\u021bia I3. Scheme de ajutor pentru sectorul privat<\/em><\/strong><strong>, titlu apel: \u201e<\/strong><strong><em>Digitalizarea IMM-urilor \u2013 grant de p\u00e2n\u0103 la 100.000 euro pe \u00eentreprindere care s\u0103 sprijine IMM- urile \u00een adoptarea tehnologiilor digitale\u201d.<\/em><\/strong><\/p>\n<p><strong>Obiective <\/strong>ale proiectului:<\/p>\n<p>Obiective pe termen scurt:<\/p>\n<ul>\n<li>Cresterea numarului de clienti prin adoptarea tehnologiilor digitale.<\/li>\n<li>Cresterea gradului de satisfactie al clientilor prin imbunatatirea calitatii serviciilor.<\/li>\n<li>Investirea in tehnologie avansata pentru a imbunatati eficienta si calitatea serviciilor<\/li>\n<li>Implementarea de noi sisteme de gestionare a clientilor pentru a imbunatati experienta acestora<\/li>\n<li>Imbunatatirea proceselor interne pentru a creste eficienta si satisfactia clientilor.<\/li>\n<li>Extinderea ofertei de servicii pentru a acoperi o gama mai larga de nevoi in domeniul alimentatiei publice<\/li>\n<li>Cresterea vizibilitatii firmei prin campanii de marketing eficiente.<\/li>\n<\/ul>\n<p>Obiective pe termen mediu:<\/p>\n<ul>\n<li>Implementarea de noi produse in portofoliu in urmatorii 3-5 ani.<\/li>\n<li>Extinderea echipei cu personal specializat in domeniu<\/li>\n<li>Implementarea de noi tehnologii si proceduri pentru a mentine firma la standardele actuale.<\/li>\n<\/ul>\n<p>Obiective pe termen lung:<\/p>\n<ul>\n<li>Cresterea prezentei firmei pe plan regional prin deschiderea de noi locatii.<\/li>\n<li>Mentinerea pozitiei de lider in domeniu prin excelenta in prestarea serviciilor si inovatie continua.<\/li>\n<\/ul>\n<p><strong>Impactul investi\u021biei la nivelul localit\u0103\u021bii\/regiunii<\/strong>: Realizarea investitiilor propuse are ca rezultat digitalizarea intreprinderii solicitante, adaptarea modelului de afaceri la realit\u0103\u021bile digitale, contribuind la cre\u0219terea competitivit\u0103\u021bii, imbunatatirea indicatorilor financiari si performantelor de marketing, dar si dezvoltarea economica a zonei.<\/p>\n<p><strong>Valoarea total\u0103 a proiectului<\/strong>: 331.482,00 lei;<\/p>\n<p><strong>Asisten\u0163\u0103 financiar\u0103 nerambursabil\u0103<\/strong>: 245.943,00 lei;<\/p>\n<p><strong>Cofinan\u021bare beneficiar (aferent\u0103 cheltuielilor eligibile<\/strong>)<strong>: 27.328,00 lei<\/strong><\/p>\n<p><strong>Loc de implementare: <\/strong><strong>S<\/strong>trada Bailor, nr. 19, cod postal 245300, Oras Baile Olanesti, Judet Valcea<\/p>\n<p><strong>Data \u00eenceperii proiectului<\/strong><strong>:<\/strong><strong>\u00a0<\/strong>05.02.2025<\/p>\n<p><strong>Data finaliz\u0103rii proiectului:\u00a0<\/strong>29.05.2026\u00a0<\/p>\n<p><strong>\u00a0<\/strong><strong>Date de contact:<\/strong><\/p>\n<p>NEX SRL<\/p>\n<p>Sediu: Str. Parangului nr. 1 Oras Baile Olanesti, jud. Valcea<\/p>\n<p>Persoan\u0103 de contact: PREDESCU DANUT<\/p>\n<p>Num\u0103r de telefon: 0744592870<\/p>\n<p>E-mail:\u00a0 predescudanut@gmail.com<\/p>\n<div class=\"sharedaddy sd-sharing-enabled\">\n<div class=\"robots-nocontent sd-block sd-social sd-social-official sd-sharing\">\n<h3 class=\"sd-title\">Distribuie pe:<\/h3>\n<div class=\"sd-content\">\n<ul>\n<li class=\"share-facebook\">\n<li class=\"share-twitter\"><a href=\"https:\/\/twitter.com\/share\" class=\"twitter-share-button\" data-url=\"https:\/\/www.curierul.ro\/comunicat-de-presa-dotarea-nex-srl-in-vederea-digitalizarii-activitatii\/\" data-text=\"Comunicat de pres\u0103 \u201eDOTAREA NEX SRL IN VEDEREA DIGITALIZARII ACTIVITATII\u201d\" data-via=\"curierulvl\">Tweet<\/a><\/li>\n<li class=\"share-jetpack-whatsapp\"><a rel=\"nofollow noopener noreferrer\" data-shared=\"sharing-whatsapp-195901\" class=\"share-jetpack-whatsapp sd-button\" href=\"https:\/\/www.curierul.ro\/comunicat-de-presa-dotarea-nex-srl-in-vederea-digitalizarii-activitatii\/?share=jetpack-whatsapp\" target=\"_blank\" aria-labelledby=\"sharing-whatsapp-195901\"><span id=\"sharing-whatsapp-195901\" hidden>D\u0103 clic pentru partajare pe WhatsApp(Se deschide \u00eentr-o fereastr\u0103 nou\u0103)<\/span><span>WhatsApp<\/span><\/a><\/li>\n<li><a href=\"https:\/\/www.curierul.ro\/comunicat-de-presa-dotarea-nex-srl-in-vederea-digitalizarii-activitatii\/\" class=\"sharing-anchor sd-button share-more\"><span>Mai mult<\/span><\/a><\/li>\n<li class=\"share-end\"><\/ul>\n<div class=\"sharing-hidden\">\n<div class=\"inner\">\n<ul>\n<li class=\"share-email\"><a rel=\"nofollow noopener noreferrer\" data-shared=\"sharing-email-195901\" class=\"share-email sd-button\" href=\"mailto:?subject=%5BArticol%20partajat%5D%20Comunicat%20de%20pres%C4%83%20%E2%80%9EDOTAREA%20NEX%20SRL%20IN%20VEDEREA%20DIGITALIZARII%20ACTIVITATII%E2%80%9D&amp;body=https%3A%2F%2Fwww.curierul.ro%2Fcomunicat-de-presa-dotarea-nex-srl-in-vederea-digitalizarii-activitatii%2F&amp;share=email\" target=\"_blank\" aria-labelledby=\"sharing-email-195901\" data-email-share-error-title=\"\u021ai-ai configurat emailul?\" data-email-share-error-text=\"Dac\u0103 ai probleme la partajarea prin email, probabil nu ai configurat emailul pentru navigator. Poate trebuie s\u0103 creezi singur un email nou.\" data-email-share-nonce=\"f9739ce2cc\" data-email-share-track-url=\"https:\/\/www.curierul.ro\/comunicat-de-presa-dotarea-nex-srl-in-vederea-digitalizarii-activitatii\/?share=email\"><span id=\"sharing-email-195901\" hidden>D\u0103 clic pentru a trimite o leg\u0103tur\u0103 prin email unui prieten(Se deschide \u00eentr-o fereastr\u0103 nou\u0103)<\/span><span>Email<\/span><\/a><\/li>\n<li class=\"share-print\"><a rel=\"nofollow noopener noreferrer\" data-shared=\"sharing-print-195901\" class=\"share-print sd-button\" href=\"https:\/\/www.curierul.ro\/comunicat-de-presa-dotarea-nex-srl-in-vederea-digitalizarii-activitatii\/#print?share=print\" target=\"_blank\" aria-labelledby=\"sharing-print-195901\"><span id=\"sharing-print-195901\" hidden>D\u0103 clic pentru a imprima(Se deschide \u00eentr-o fereastr\u0103 nou\u0103)<\/span><span>Imprimare<\/span><\/a><\/li>\n<li class=\"share-end\"><\/ul>\n<\/div>\n<\/div>\n<\/div>\n<\/div>\n<\/div>\n<div id=\"jp-relatedposts\" class=\"jp-relatedposts\">\n<h3 class=\"jp-relatedposts-headline\"><em>Similare<\/em><\/h3>\n<\/div>\n<footer class=\"post-footer\">\n<p class=\"tags\"><strong>Tags: <\/strong><a href=\"https:\/\/www.curierul.ro\/tag\/comunicat-incepere-proiect\/\" rel=\"tag\">comunicat incepere proiect<\/a>, <a href=\"https:\/\/www.curierul.ro\/tag\/nex-srl\/\" rel=\"tag\">NEX SRL<\/a><\/p>\n<div class=\"post-navigation clearfix\">\n<div class=\"previous-post\">\n<p class=\"paginate-title\">\u00ab\u00ab <a href=\"https:\/\/www.curierul.ro\/comunicat-de-presa-dotarea-valtex-srl-in-vederea-digitalizarii-activitatii\/\" rel=\"prev\">Comunicat de pres\u0103 \u201eDOTAREA VALTEX SRL IN VEDEREA DIGITALIZARII ACTIVITATII\u201d<\/a><\/p>\n<\/div>\n<div class=\"next-post\">\n<div class=\"featured-photo\"><img loading=\"lazy\" decoding=\"async\" width=\"1219\" height=\"1205\" src=\"https:\/\/analyse.optim.biz\/wp-content\/uploads\/2026\/01\/img-20260105-wa0002-3.jpg\" class=\"attachment-post-thumbnail size-post-thumbnail wp-post-image\" title=\"img-20260105-wa0002-3\"><\/div>\n<p class=\"paginate-title\"><a href=\"https:\/\/www.curierul.ro\/baschet-masculin-liga-nationala-cs-valcea-1924-joaca-la-bucuresti-cu-dinamo\/\" rel=\"next\">BASCHET MASCULIN, LIGA NA\u021aIONAL\u0102. CS V\u00c2LCEA 1924 JOAC\u0102 LA BUCURE\u0218TI, CU DINAMO<\/a> \u00bb\u00bb<\/p>\n<\/div>\n<\/div>\n<div id=\"comments\" class=\"comments-area\">\n<div id=\"respond\" class=\"comment-respond\">\n<h3 id=\"reply-title\" class=\"comment-reply-title\">Po\u021bi comenta aici<small><a rel=\"nofollow\" id=\"cancel-comment-reply-link\" href=\"https:\/\/www.curierul.ro\/comunicat-de-presa-dotarea-nex-srl-in-vederea-digitalizarii-activitatii\/#respond\">Anuleaz\u0103 r\u0103spunsul<\/a><\/small><\/h3>\n<\/div>\n<p class=\"akismet_comment_form_privacy_notice\">Acest site folose\u0219te Akismet pentru a reduce spamul. <a href=\"https:\/\/akismet.com\/privacy\/\" target=\"_blank\" rel=\"nofollow noopener\">Afl\u0103 cum sunt procesate datele comentariilor tale<\/a>.<\/p>\n<\/div>\n<section class=\"related-stories\">\n<h2>Related Stories<\/h2>\n<div class=\"stories-container\">\n<article id=\"latest-195898\" class=\"story post-195898 post type-post status-publish format-standard hentry category-anunturi category-publicitate tag-comunicat-incepere-proiect tag-valtex\">\n<p class=\"headline\"><a href=\"https:\/\/www.curierul.ro\/comunicat-de-presa-dotarea-valtex-srl-in-vederea-digitalizarii-activitatii\/\">Comunicat de pres\u0103 \u201eDOTAREA VALTEX SRL IN VEDEREA DIGITALIZARII ACTIVITATII\u201d<\/a><\/p>\n<\/article>\n<article id=\"latest-195895\" class=\"story post-195895 post type-post status-publish format-standard hentry category-anunturi category-publicitate tag-ader-srl tag-comunicat-incepere-proiect\">\n<p class=\"headline\"><a href=\"https:\/\/www.curierul.ro\/comunicat-de-presa-dotarea-ader-srl-in-vederea-digitalizarii-activitatii\/\">Comunicat de pres\u0103 \u201eDOTAREA ADER SRL IN VEDEREA DIGITALIZARII ACTIVITATII\u201d<\/a><\/p>\n<\/article>\n<article id=\"latest-195891\" class=\"story post-195891 post type-post status-publish format-standard hentry category-anunturi category-publicitate tag-comunicat-incepere-proiect tag-fabriand\">\n<p class=\"headline\"><a href=\"https:\/\/www.curierul.ro\/comunicat-de-presa-dotarea-fabriand-srl-in-vederea-digitalizarii-activitatii\/\">COMUNICAT DE PRES\u0102 \u201eDOTAREA FABRIAND SRL IN VEDEREA DIGITALIZARII ACTIVITATII\u201d<\/a><\/p>\n<\/article>\n<\/div>\n<\/section>\n<section class=\"latest-category clearfix\">\n<h2 class=\"title\">More Stories From Anunturi<\/h2>\n<div class=\"stories-container\">\n<article id=\"related-195898\" class=\"story post-195898 post type-post status-publish format-standard hentry category-anunturi category-publicitate tag-comunicat-incepere-proiect tag-valtex\">\n<p class=\"headline\"><a href=\"https:\/\/www.curierul.ro\/comunicat-de-presa-dotarea-valtex-srl-in-vederea-digitalizarii-activitatii\/\">Comunicat de pres\u0103 \u201eDOTAREA VALTEX SRL IN VEDEREA DIGITALIZARII ACTIVITATII\u201d<\/a><\/p>\n<\/article>\n<article id=\"related-195895\" class=\"story post-195895 post type-post status-publish format-standard hentry category-anunturi category-publicitate tag-ader-srl tag-comunicat-incepere-proiect\">\n<p class=\"headline\"><a href=\"https:\/\/www.curierul.ro\/comunicat-de-presa-dotarea-ader-srl-in-vederea-digitalizarii-activitatii\/\">Comunicat de pres\u0103 \u201eDOTAREA ADER SRL IN VEDEREA DIGITALIZARII ACTIVITATII\u201d<\/a><\/p>\n<\/article>\n<article id=\"related-195891\" class=\"story post-195891 post type-post status-publish format-standard hentry category-anunturi category-publicitate tag-comunicat-incepere-proiect tag-fabriand\">\n<p class=\"headline\"><a href=\"https:\/\/www.curierul.ro\/comunicat-de-presa-dotarea-fabriand-srl-in-vederea-digitalizarii-activitatii\/\">COMUNICAT DE PRES\u0102 \u201eDOTAREA FABRIAND SRL IN VEDEREA DIGITALIZARII ACTIVITATII\u201d<\/a><\/p>\n<\/article>\n<\/div>\n<\/section>\n<section class=\"author-bio clearfix\">\n<div class=\"mug-shot\"><img decoding=\"async\" src=\"https:\/\/analyse.optim.biz\/wp-content\/uploads\/2026\/01\/99cb5dc553c194226db8ff81883aeb68584791e67c78fb655bb3c37b83324715-33.jpg\" class=\"avatar avatar-96 photo\" height=\"96\" width=\"96\" loading=\"lazy\" title=\"99cb5dc553c194226db8ff81883aeb68584791e67c78fb655bb3c37b83324715-33\"><\/div>\n<div class=\"author-info\">\n<p class=\"title\">About Comunicat de pres\u0103, <\/p>\n<div class=\"author-social-area\"><a href=\"mailto:redactie@curierul.ro\"><span class=\"fal fa-envelope\"><span class=\"screen-reader-text\">Email the Author<\/span><\/span><\/a><\/div>\n<\/div>\n<\/section>\n<\/footer>\n<\/article>\n<article id=\"latest-195898\" class=\"story post-195898 post type-post status-publish format-standard hentry category-anunturi category-publicitate tag-comunicat-incepere-proiect tag-valtex\">\n<p class=\"headline\"><a href=\"https:\/\/www.curierul.ro\/comunicat-de-presa-dotarea-valtex-srl-in-vederea-digitalizarii-activitatii\/\">Comunicat de pres\u0103 \u201eDOTAREA VALTEX SRL IN VEDEREA DIGITALIZARII ACTIVITATII\u201d<\/a><\/p>\n<\/article>\n<article id=\"latest-195895\" class=\"story post-195895 post type-post status-publish format-standard hentry category-anunturi category-publicitate tag-ader-srl tag-comunicat-incepere-proiect\">\n<p class=\"headline\"><a href=\"https:\/\/www.curierul.ro\/comunicat-de-presa-dotarea-ader-srl-in-vederea-digitalizarii-activitatii\/\">Comunicat de pres\u0103 \u201eDOTAREA ADER SRL IN VEDEREA DIGITALIZARII ACTIVITATII\u201d<\/a><\/p>\n<\/article>\n<article id=\"latest-195891\" class=\"story post-195891 post type-post status-publish format-standard hentry category-anunturi category-publicitate tag-comunicat-incepere-proiect tag-fabriand\">\n<p class=\"headline\"><a href=\"https:\/\/www.curierul.ro\/comunicat-de-presa-dotarea-fabriand-srl-in-vederea-digitalizarii-activitatii\/\">COMUNICAT DE PRES\u0102 \u201eDOTAREA FABRIAND SRL IN VEDEREA DIGITALIZARII ACTIVITATII\u201d<\/a><\/p>\n<\/article>\n<article id=\"related-195898\" class=\"story post-195898 post type-post status-publish format-standard hentry category-anunturi category-publicitate tag-comunicat-incepere-proiect tag-valtex\">\n<p class=\"headline\"><a href=\"https:\/\/www.curierul.ro\/comunicat-de-presa-dotarea-valtex-srl-in-vederea-digitalizarii-activitatii\/\">Comunicat de pres\u0103 \u201eDOTAREA VALTEX SRL IN VEDEREA DIGITALIZARII ACTIVITATII\u201d<\/a><\/p>\n<\/article>\n<article id=\"related-195895\" class=\"story post-195895 post type-post status-publish format-standard hentry category-anunturi category-publicitate tag-ader-srl tag-comunicat-incepere-proiect\">\n<p class=\"headline\"><a href=\"https:\/\/www.curierul.ro\/comunicat-de-presa-dotarea-ader-srl-in-vederea-digitalizarii-activitatii\/\">Comunicat de pres\u0103 \u201eDOTAREA ADER SRL IN VEDEREA DIGITALIZARII ACTIVITATII\u201d<\/a><\/p>\n<\/article>\n<article id=\"related-195891\" class=\"story post-195891 post type-post status-publish format-standard hentry category-anunturi category-publicitate tag-comunicat-incepere-proiect tag-fabriand\">\n<p class=\"headline\"><a href=\"https:\/\/www.curierul.ro\/comunicat-de-presa-dotarea-fabriand-srl-in-vederea-digitalizarii-activitatii\/\">COMUNICAT DE PRES\u0102 \u201eDOTAREA FABRIAND SRL IN VEDEREA DIGITALIZARII ACTIVITATII\u201d<\/a><\/p>\n<\/article>\n<p> Source URL: https:\/\/www.curierul.ro\/comunicat-de-presa-dotarea-nex-srl-in-vederea-digitalizarii-activitatii\/<\/p>\n","protected":false},"excerpt":{"rendered":"<p>Home Anunturi Comunicat de pres\u0103 \u201eDOTAREA NEX SRL IN VEDEREA DIGITALIZARII ACTIVITATII\u201d Comunicat de pres\u0103 \u201eDOTAREA NEX SRL IN VEDEREA DIGITALIZARII ACTIVITATII\u201d Scris deComunicat de pres\u0103, 5 ianuarie 2026 Comunicat-de-presa-NEX Numele proiectului de investi\u021bie: \u201cDOTAREA NEX SRL IN VEDEREA DIGITALIZARII ACTIVITATII\u201d Numele beneficiarului:\u00a0NEX SRL Contract de finan\u021bare:\u00a05944\/i3\/c9 \u00a0din 04.02.2025 Contract de finan\u021bare: \u00a0NEX SRL anun\u0163\u0103 [&hellip;]<\/p>\n","protected":false},"author":1,"featured_media":1308439,"comment_status":"open","ping_status":"","sticky":false,"template":"","format":"standard","meta":{"footnotes":""},"categories":[89],"tags":[213],"class_list":["post-1308431","post","type-post","status-publish","format-standard","has-post-thumbnail","hentry","category-romania","tag-curierul-ro"],"_links":{"self":[{"href":"https:\/\/analyse.optim.biz\/index.php?rest_route=\/wp\/v2\/posts\/1308431","targetHints":{"allow":["GET"]}}],"collection":[{"href":"https:\/\/analyse.optim.biz\/index.php?rest_route=\/wp\/v2\/posts"}],"about":[{"href":"https:\/\/analyse.optim.biz\/index.php?rest_route=\/wp\/v2\/types\/post"}],"author":[{"embeddable":true,"href":"https:\/\/analyse.optim.biz\/index.php?rest_route=\/wp\/v2\/users\/1"}],"replies":[{"embeddable":true,"href":"https:\/\/analyse.optim.biz\/index.php?rest_route=%2Fwp%2Fv2%2Fcomments&post=1308431"}],"version-history":[{"count":0,"href":"https:\/\/analyse.optim.biz\/index.php?rest_route=\/wp\/v2\/posts\/1308431\/revisions"}],"wp:featuredmedia":[{"embeddable":true,"href":"https:\/\/analyse.optim.biz\/index.php?rest_route=\/wp\/v2\/media\/1308439"}],"wp:attachment":[{"href":"https:\/\/analyse.optim.biz\/index.php?rest_route=%2Fwp%2Fv2%2Fmedia&parent=1308431"}],"wp:term":[{"taxonomy":"category","embeddable":true,"href":"https:\/\/analyse.optim.biz\/index.php?rest_route=%2Fwp%2Fv2%2Fcategories&post=1308431"},{"taxonomy":"post_tag","embeddable":true,"href":"https:\/\/analyse.optim.biz\/index.php?rest_route=%2Fwp%2Fv2%2Ftags&post=1308431"}],"curies":[{"name":"wp","href":"https:\/\/api.w.org\/{rel}","templated":true}]}}