{"id":1308362,"date":"2026-01-12T10:00:00","date_gmt":"2026-01-12T07:00:00","guid":{"rendered":"https:\/\/analyse.optim.biz\/?p=1308362"},"modified":"2026-01-12T10:00:00","modified_gmt":"2026-01-12T07:00:00","slug":"tema-pentru-2026-a-deputatului-eugen-neata-drumul-expres-spre-autostrada-sibiu-pitesti","status":"publish","type":"post","link":"https:\/\/analyse.optim.biz\/?p=1308362","title":{"rendered":"Tema pentru 2026 a deputatului Eugen Nea\u021b\u0103: Drumul Expres spre autostrada Sibiu-Pite\u0219ti"},"content":{"rendered":"<article id=\"195946\" class=\"post-195946 post type-post status-publish format-standard has-post-thumbnail hentry category-actualitate category-politica category-psd tag-autostrada-sibiu-pitesti-2 tag-deputat tag-drum-expres tag-eugen-neata\">\n<header class=\"post-header\">\n<ul class=\"breadcrumbs\">\n<li><a href=\"https:\/\/www.curierul.ro\">Home<\/a><\/li>\n<li class=\"breadcrumbs-active .category-actualitate\"><a href=\"https:\/\/www.curierul.ro\/index.php?cat=1615\">Actualitate<\/a><\/li>\n<li class=\"breadcrumbs-active .category-actualitate\">Tema pentru 2026 a deputatului Eugen Nea\u021b\u0103: Drumul Expres spre autostrada Sibiu-Pite\u0219ti<\/li>\n<\/ul>\n<div class=\"featured-photo\"><img loading=\"lazy\" decoding=\"async\" width=\"645\" height=\"630\" src=\"https:\/\/analyse.optim.biz\/wp-content\/uploads\/2026\/01\/neata-autostrada-e1768298477801-1.jpg\" class=\"attachment-single size-single wp-post-image\" title=\"neata-autostrada-e1768298477801-1\"><\/div>\n<h1 class=\"headline\">Tema pentru 2026 a deputatului Eugen Nea\u021b\u0103: Drumul Expres spre autostrada Sibiu-Pite\u0219ti<\/h1>\n<p class=\"byline\">\n\t\tScris de<a href=\"https:\/\/www.curierul.ro\/author\/alin\/\">Alin Emilian Tudoroiu<\/a>, \t\t12 ianuarie 2026\t\t\t\t<\/p>\n<hr>\n<\/header>\n<div dir=\"auto\">\u201e<em><strong>Via\u021ba oamenilor poate fi \u00eembun\u0103t\u0103\u021bit\u0103 prin ac\u021biune parlamentar\u0103. \u0218i ac\u021biunea parlamentar\u0103 \u00eencepe cu dialogul cu oameni, oricare ar fi ei, indiferent de ipostaza \u00een care i-ai \u00eent\u00e2lnit. Pe strad\u0103, la evenimente publice, la cump\u0103r\u0103turi, la slujba de duminic\u0103 ori la nunta vreunui nepot. La conferin\u021be de pres\u0103, \u00een prim\u0103riile v\u00e2lcene pe care le vizitez \u0219i \u00een biroul meu de parlamentar<\/strong><\/em>\u201d, preciza deputatul social democrat de V\u00e2lcea, Eugen Nea\u021b\u0103.<\/div>\n<div dir=\"auto\">Finalul lunii decembrie \u0219i \u00eentreaga lun\u0103 ianuarie sunt pentru parlamentarul v\u00e2lcean cele mai bogate \u00een astfel de \u00eent\u00e2lniri. Dup\u0103 evenimentele publice prilejuite de s\u0103rb\u0103torile de iarn\u0103, urmeaz\u0103 un \u0219ir lung de \u00eent\u00e2lniri cu primarii v\u00e2lceni, \u00een sediul prim\u0103riilor pe care ace\u0219tia de administreaz\u0103. Localit\u0103\u021bile v\u00e2lcene sunt principala sa surs\u0103\u00a0 de informare. \u00cei urmeaz\u0103 mediul de afaceri \u0219i mediile profesionale aflate \u00een plin\u0103 schimbare \u0219i modernizare. Apoi ziari\u0219tii, cu care acesta se \u00eent\u00e2lne\u0219te periodic \u0219i care sondeaz\u0103 pe teren \u0219i afl\u0103 \u00eentotdeauna ce\u00a0 merge \u00een via\u021ba cititorilor lor. <br \/>\u201e<em><strong>Anul 2026 \u00eencepe, pentru mine, cu tema major\u0103 a acestei perioade, pentru v\u00e2lceni. Pe ce cale vom merge \u0219i \u00een ce condi\u021bii, pentru a ne continua drumurile pe autostrada Sibiu-Pite\u0219ti? A\u0219a am \u00eenceput anul 2025 \u0219i a\u0219a voi \u00eencepe \u0219i anul parlamentar 2026.<\/strong><\/em><\/div>\n<div dir=\"auto\"><em><strong>Pun\u00e2nd aceast\u0103 \u00eentrebare tuturor, \u0219i celor care pot r\u0103spunde la ea prin decizii guvernamentale \u0219i celor care trebuie s\u0103 mi se al\u0103ture pentru a m\u0103ri presiunea asupra deciden\u021bilor na\u021bionali. Voi insista s\u0103 pun \u00een mod oficial aceast\u0103 \u00eentrebare, formul\u00e2nd interpel\u0103ri \u00een Parlamentul Rom\u00e2niei, cu riscul de a agasa \u0219i de a enerva. Noi, v\u00e2lcenii, avem o problem\u0103 din absen\u021ba acestui drum de mare vitez\u0103 \u0219i trebuie s\u0103 ne folosim toate puterile de care dispunem pentru a ob\u021bine ceea ce vrem. Subiectul nu este unul de dispute politice \u0219i de triste amintiri ale noilor \u0219i vechilor politicieni v\u00e2lceni, ci unul de maxim\u0103 necesitate, acum. Mul\u021bumesc de pe acum tuturor celor care mi se al\u0103tur\u0103 \u00een ac\u021biunea parlamentar\u0103 care va continua p\u00e2n\u0103 la atingerea obiectivului pe care l-am stabilit. Drumul expres care s\u0103 lege municipiul R\u00e2mnicu V\u00e2lcea de autostrada Sibiu-Pite\u0219ti!, declara deputatul v\u00e2lcean.<\/strong><\/em><\/div>\n<div class=\"sharedaddy sd-sharing-enabled\">\n<div class=\"robots-nocontent sd-block sd-social sd-social-official sd-sharing\">\n<h3 class=\"sd-title\">Distribuie pe:<\/h3>\n<div class=\"sd-content\">\n<ul>\n<li class=\"share-facebook\">\n<li class=\"share-twitter\"><a href=\"https:\/\/twitter.com\/share\" class=\"twitter-share-button\" data-url=\"https:\/\/www.curierul.ro\/tema-pentru-2026-a-deputatului-eugen-neata-drumul-expres-spre-autostrada-sibiu-pitesti\/\" data-text=\"Tema pentru 2026 a deputatului Eugen Nea\u021b\u0103: Drumul Expres spre autostrada Sibiu-Pite\u0219ti\" data-via=\"curierulvl\">Tweet<\/a><\/li>\n<li class=\"share-jetpack-whatsapp\"><a rel=\"nofollow noopener noreferrer\" data-shared=\"sharing-whatsapp-195946\" class=\"share-jetpack-whatsapp sd-button\" href=\"https:\/\/www.curierul.ro\/tema-pentru-2026-a-deputatului-eugen-neata-drumul-expres-spre-autostrada-sibiu-pitesti\/?share=jetpack-whatsapp\" target=\"_blank\" aria-labelledby=\"sharing-whatsapp-195946\"><span id=\"sharing-whatsapp-195946\" hidden>D\u0103 clic pentru partajare pe WhatsApp(Se deschide \u00eentr-o fereastr\u0103 nou\u0103)<\/span><span>WhatsApp<\/span><\/a><\/li>\n<li><a href=\"https:\/\/www.curierul.ro\/tema-pentru-2026-a-deputatului-eugen-neata-drumul-expres-spre-autostrada-sibiu-pitesti\/\" class=\"sharing-anchor sd-button share-more\"><span>Mai mult<\/span><\/a><\/li>\n<li class=\"share-end\"><\/ul>\n<div class=\"sharing-hidden\">\n<div class=\"inner\">\n<ul>\n<li class=\"share-email\"><a rel=\"nofollow noopener noreferrer\" data-shared=\"sharing-email-195946\" class=\"share-email sd-button\" href=\"mailto:?subject=%5BArticol%20partajat%5D%20Tema%20pentru%202026%20a%20deputatului%20Eugen%20Nea%C8%9B%C4%83%3A%20Drumul%20Expres%20spre%20autostrada%20Sibiu-Pite%C8%99ti&amp;body=https%3A%2F%2Fwww.curierul.ro%2Ftema-pentru-2026-a-deputatului-eugen-neata-drumul-expres-spre-autostrada-sibiu-pitesti%2F&amp;share=email\" target=\"_blank\" aria-labelledby=\"sharing-email-195946\" data-email-share-error-title=\"\u021ai-ai configurat emailul?\" data-email-share-error-text=\"Dac\u0103 ai probleme la partajarea prin email, probabil nu ai configurat emailul pentru navigator. Poate trebuie s\u0103 creezi singur un email nou.\" data-email-share-nonce=\"491c2200eb\" data-email-share-track-url=\"https:\/\/www.curierul.ro\/tema-pentru-2026-a-deputatului-eugen-neata-drumul-expres-spre-autostrada-sibiu-pitesti\/?share=email\"><span id=\"sharing-email-195946\" hidden>D\u0103 clic pentru a trimite o leg\u0103tur\u0103 prin email unui prieten(Se deschide \u00eentr-o fereastr\u0103 nou\u0103)<\/span><span>Email<\/span><\/a><\/li>\n<li class=\"share-print\"><a rel=\"nofollow noopener noreferrer\" data-shared=\"sharing-print-195946\" class=\"share-print sd-button\" href=\"https:\/\/www.curierul.ro\/tema-pentru-2026-a-deputatului-eugen-neata-drumul-expres-spre-autostrada-sibiu-pitesti\/#print?share=print\" target=\"_blank\" aria-labelledby=\"sharing-print-195946\"><span id=\"sharing-print-195946\" hidden>D\u0103 clic pentru a imprima(Se deschide \u00eentr-o fereastr\u0103 nou\u0103)<\/span><span>Imprimare<\/span><\/a><\/li>\n<li class=\"share-end\"><\/ul>\n<\/div>\n<\/div>\n<\/div>\n<\/div>\n<\/div>\n<div id=\"jp-relatedposts\" class=\"jp-relatedposts\">\n<h3 class=\"jp-relatedposts-headline\"><em>Similare<\/em><\/h3>\n<\/div>\n<footer class=\"post-footer\">\n<p class=\"tags\"><strong>Tags: <\/strong><a href=\"https:\/\/www.curierul.ro\/tag\/autostrada-sibiu-pitesti-2\/\" rel=\"tag\">Autostrada Sibiu \u2013 Pite\u0219ti<\/a>, <a href=\"https:\/\/www.curierul.ro\/tag\/deputat\/\" rel=\"tag\">deputat<\/a>, <a href=\"https:\/\/www.curierul.ro\/tag\/drum-expres\/\" rel=\"tag\">drum expres<\/a>, <a href=\"https:\/\/www.curierul.ro\/tag\/eugen-neata\/\" rel=\"tag\">Eugen Nea\u021b\u0103<\/a><\/p>\n<div class=\"post-navigation clearfix\">\n<div class=\"previous-post\">\n<div class=\"featured-photo\"><img loading=\"lazy\" decoding=\"async\" width=\"530\" height=\"213\" src=\"https:\/\/analyse.optim.biz\/wp-content\/uploads\/2026\/01\/marius-carbunescu-1-25.jpg\" class=\"attachment-post-thumbnail size-post-thumbnail wp-post-image\" title=\"marius-carbunescu-1-25\"><\/div>\n<p class=\"paginate-title\">\u00ab\u00ab <a href=\"https:\/\/www.curierul.ro\/arbitrariul-cheremului\/\" rel=\"prev\">Arbitrariul cheremului<\/a><\/p>\n<\/div>\n<div class=\"next-post\">\n<div class=\"featured-photo\"><img decoding=\"async\" width=\"833\" height=\"693\" src=\"https:\/\/analyse.optim.biz\/wp-content\/uploads\/2026\/01\/apavil-2019-10.jpg\" class=\"attachment-post-thumbnail size-post-thumbnail wp-post-image\" loading=\"lazy\" title=\"apavil-2019-10\"><\/div>\n<p class=\"paginate-title\"><a href=\"https:\/\/www.curierul.ro\/apavil-recomanda-protejati-apometrele-de-inghet\/\" rel=\"next\">APAVIL recomand\u0103: Proteja\u021bi apometrele de \u00eenghe\u021b!<\/a> \u00bb\u00bb<\/p>\n<\/div>\n<\/div>\n<div id=\"comments\" class=\"comments-area\">\n<div id=\"respond\" class=\"comment-respond\">\n<h3 id=\"reply-title\" class=\"comment-reply-title\">Po\u021bi comenta aici<small><a rel=\"nofollow\" id=\"cancel-comment-reply-link\" href=\"https:\/\/www.curierul.ro\/tema-pentru-2026-a-deputatului-eugen-neata-drumul-expres-spre-autostrada-sibiu-pitesti\/#respond\">Anuleaz\u0103 r\u0103spunsul<\/a><\/small><\/h3>\n<\/div>\n<p class=\"akismet_comment_form_privacy_notice\">Acest site folose\u0219te Akismet pentru a reduce spamul. <a href=\"https:\/\/akismet.com\/privacy\/\" target=\"_blank\" rel=\"nofollow noopener\">Afl\u0103 cum sunt procesate datele comentariilor tale<\/a>.<\/p>\n<\/div>\n<section class=\"related-stories\">\n<h2>Related Stories<\/h2>\n<div class=\"stories-container\">\n<article id=\"latest-130751\" class=\"story post-130751 post type-post status-publish format-standard has-post-thumbnail hentry category-actualitate category-economie category-headlines category-politica tag-autostrada-sibiu-pitesti-2 tag-autostrada-valcea tag-cnair tag-infrastructura-2 tag-licitatii-2\">\n<div class=\"photo\"><img decoding=\"async\" width=\"735\" height=\"440\" src=\"https:\/\/analyse.optim.biz\/wp-content\/uploads\/2026\/01\/autostrada-1.jpg\" class=\"attachment-giornalismo-single size-giornalismo-single wp-post-image\" loading=\"lazy\" title=\"autostrada-1\"><\/div>\n<p class=\"headline\"><a href=\"https:\/\/www.curierul.ro\/pretul-corect-al-celui-mai-mare-vis-de-infrastructura-rutiera-autostrada-sibiu-pitesti-va-costa-cat-nu-va-asteptati\/\">Pre\u021bul corect al celui mai mare vis de infrastructur\u0103 rutier\u0103: Autostrada Sibiu-Pite\u0219ti va costa\u2026 c\u00e2t nu v\u0103 a\u0219tepta\u021bi!<\/a><\/p>\n<\/article>\n<\/div>\n<\/section>\n<section class=\"latest-category clearfix\">\n<h2 class=\"title\">More Stories From Actualitate<\/h2>\n<div class=\"stories-container\">\n<article id=\"related-195998\" class=\"story post-195998 post type-post status-publish format-standard has-post-thumbnail hentry category-actualitate category-headlines category-zidezi tag-36-de-ani tag-aniversare tag-curierul-de-valcea\">\n<div class=\"photo\"><img decoding=\"async\" width=\"735\" height=\"440\" src=\"https:\/\/analyse.optim.biz\/wp-content\/uploads\/2026\/01\/cvl36-scaled-1-6.jpg\" class=\"attachment-giornalismo-single size-giornalismo-single wp-post-image\" loading=\"lazy\" title=\"cvl36-scaled-1-6\"><\/div>\n<p class=\"headline\"><a href=\"https:\/\/www.curierul.ro\/36-de-ani\/\">36 de ani<\/a><\/p>\n<\/article>\n<article id=\"related-195985\" class=\"story post-195985 post type-post status-publish format-standard has-post-thumbnail hentry category-actualitate category-cultura tag-europa tag-europe-direct-valcea tag-nou-mandat tag-valcea-2\">\n<div class=\"photo\"><img decoding=\"async\" width=\"735\" height=\"440\" src=\"https:\/\/analyse.optim.biz\/wp-content\/uploads\/2026\/01\/dana-1-23.jpeg\" class=\"attachment-giornalismo-single size-giornalismo-single wp-post-image\" loading=\"lazy\" title=\"dana-1-23\"><\/div>\n<p class=\"headline\"><a href=\"https:\/\/www.curierul.ro\/valcea-e-in-europa-europa-e-la-valcea-un-nou-mandat-europe-direct\/\">V\u00e2lcea e \u00een EuROpa. EUropa e la V\u00e2lcea.       Un nou mandat EUROPE DIRECT<\/a><\/p>\n<\/article>\n<article id=\"related-195983\" class=\"story post-195983 post type-post status-publish format-standard has-post-thumbnail hentry category-actualitate category-fraze tag-dilema tag-groenlandez tag-marius-carbunescu-2\">\n<div class=\"photo\"><img decoding=\"async\" width=\"530\" height=\"213\" src=\"https:\/\/analyse.optim.biz\/wp-content\/uploads\/2026\/01\/marius-carbunescu-1-25.jpg\" class=\"attachment-giornalismo-single size-giornalismo-single wp-post-image\" loading=\"lazy\" title=\"marius-carbunescu-1-25\"><\/div>\n<p class=\"headline\"><a href=\"https:\/\/www.curierul.ro\/dilema-groenlandezului\/\">Dilema groenlandezului<\/a><\/p>\n<\/article>\n<\/div>\n<\/section>\n<section class=\"author-bio clearfix\">\n<div class=\"mug-shot\"><img decoding=\"async\" src=\"https:\/\/analyse.optim.biz\/wp-content\/uploads\/2026\/01\/ae634844e12be63a4f063a6c7bef885da670fd420e0dedd39ed80eacd6e6979c-9.jpg\" class=\"avatar avatar-96 photo\" height=\"96\" width=\"96\" loading=\"lazy\" title=\"ae634844e12be63a4f063a6c7bef885da670fd420e0dedd39ed80eacd6e6979c-9\"><\/div>\n<div class=\"author-info\">\n<p class=\"title\">About Alin Emilian Tudoroiu, <\/p>\n<div class=\"author-social-area\"><a href=\"mailto:alintudoroiu@curierul.ro\"><span class=\"fal fa-envelope\"><span class=\"screen-reader-text\">Email the Author<\/span><\/span><\/a><\/div>\n<\/div>\n<\/section>\n<\/footer>\n<\/article>\n<article id=\"latest-130751\" class=\"story post-130751 post type-post status-publish format-standard has-post-thumbnail hentry category-actualitate category-economie category-headlines category-politica tag-autostrada-sibiu-pitesti-2 tag-autostrada-valcea tag-cnair tag-infrastructura-2 tag-licitatii-2\">\n<div class=\"photo\"><img decoding=\"async\" width=\"735\" height=\"440\" src=\"https:\/\/analyse.optim.biz\/wp-content\/uploads\/2026\/01\/autostrada-1.jpg\" class=\"attachment-giornalismo-single size-giornalismo-single wp-post-image\" loading=\"lazy\" title=\"autostrada-1\"><\/div>\n<p class=\"headline\"><a href=\"https:\/\/www.curierul.ro\/pretul-corect-al-celui-mai-mare-vis-de-infrastructura-rutiera-autostrada-sibiu-pitesti-va-costa-cat-nu-va-asteptati\/\">Pre\u021bul corect al celui mai mare vis de infrastructur\u0103 rutier\u0103: Autostrada Sibiu-Pite\u0219ti va costa\u2026 c\u00e2t nu v\u0103 a\u0219tepta\u021bi!<\/a><\/p>\n<\/article>\n<article id=\"related-195998\" class=\"story post-195998 post type-post status-publish format-standard has-post-thumbnail hentry category-actualitate category-headlines category-zidezi tag-36-de-ani tag-aniversare tag-curierul-de-valcea\">\n<div class=\"photo\"><img decoding=\"async\" width=\"735\" height=\"440\" src=\"https:\/\/analyse.optim.biz\/wp-content\/uploads\/2026\/01\/cvl36-scaled-1-6.jpg\" class=\"attachment-giornalismo-single size-giornalismo-single wp-post-image\" loading=\"lazy\" title=\"cvl36-scaled-1-6\"><\/div>\n<p class=\"headline\"><a href=\"https:\/\/www.curierul.ro\/36-de-ani\/\">36 de ani<\/a><\/p>\n<\/article>\n<article id=\"related-195985\" class=\"story post-195985 post type-post status-publish format-standard has-post-thumbnail hentry category-actualitate category-cultura tag-europa tag-europe-direct-valcea tag-nou-mandat tag-valcea-2\">\n<div class=\"photo\"><img decoding=\"async\" width=\"735\" height=\"440\" src=\"https:\/\/analyse.optim.biz\/wp-content\/uploads\/2026\/01\/dana-1-23.jpeg\" class=\"attachment-giornalismo-single size-giornalismo-single wp-post-image\" loading=\"lazy\" title=\"dana-1-23\"><\/div>\n<p class=\"headline\"><a href=\"https:\/\/www.curierul.ro\/valcea-e-in-europa-europa-e-la-valcea-un-nou-mandat-europe-direct\/\">V\u00e2lcea e \u00een EuROpa. EUropa e la V\u00e2lcea.       Un nou mandat EUROPE DIRECT<\/a><\/p>\n<\/article>\n<article id=\"related-195983\" class=\"story post-195983 post type-post status-publish format-standard has-post-thumbnail hentry category-actualitate category-fraze tag-dilema tag-groenlandez tag-marius-carbunescu-2\">\n<div class=\"photo\"><img decoding=\"async\" width=\"530\" height=\"213\" src=\"https:\/\/analyse.optim.biz\/wp-content\/uploads\/2026\/01\/marius-carbunescu-1-25.jpg\" class=\"attachment-giornalismo-single size-giornalismo-single wp-post-image\" loading=\"lazy\" title=\"marius-carbunescu-1-25\"><\/div>\n<p class=\"headline\"><a href=\"https:\/\/www.curierul.ro\/dilema-groenlandezului\/\">Dilema groenlandezului<\/a><\/p>\n<\/article>\n<p> Source URL: https:\/\/www.curierul.ro\/tema-pentru-2026-a-deputatului-eugen-neata-drumul-expres-spre-autostrada-sibiu-pitesti\/<\/p>\n","protected":false},"excerpt":{"rendered":"<p>Home Actualitate Tema pentru 2026 a deputatului Eugen Nea\u021b\u0103: Drumul Expres spre autostrada Sibiu-Pite\u0219ti Tema pentru 2026 a deputatului Eugen Nea\u021b\u0103: Drumul Expres spre autostrada Sibiu-Pite\u0219ti Scris deAlin Emilian Tudoroiu, 12 ianuarie 2026 \u201eVia\u021ba oamenilor poate fi \u00eembun\u0103t\u0103\u021bit\u0103 prin ac\u021biune parlamentar\u0103. \u0218i ac\u021biunea parlamentar\u0103 \u00eencepe cu dialogul cu oameni, oricare ar fi ei, indiferent de [&hellip;]<\/p>\n","protected":false},"author":1,"featured_media":1308369,"comment_status":"open","ping_status":"","sticky":false,"template":"","format":"standard","meta":{"footnotes":""},"categories":[89],"tags":[213],"class_list":["post-1308362","post","type-post","status-publish","format-standard","has-post-thumbnail","hentry","category-romania","tag-curierul-ro"],"_links":{"self":[{"href":"https:\/\/analyse.optim.biz\/index.php?rest_route=\/wp\/v2\/posts\/1308362","targetHints":{"allow":["GET"]}}],"collection":[{"href":"https:\/\/analyse.optim.biz\/index.php?rest_route=\/wp\/v2\/posts"}],"about":[{"href":"https:\/\/analyse.optim.biz\/index.php?rest_route=\/wp\/v2\/types\/post"}],"author":[{"embeddable":true,"href":"https:\/\/analyse.optim.biz\/index.php?rest_route=\/wp\/v2\/users\/1"}],"replies":[{"embeddable":true,"href":"https:\/\/analyse.optim.biz\/index.php?rest_route=%2Fwp%2Fv2%2Fcomments&post=1308362"}],"version-history":[{"count":0,"href":"https:\/\/analyse.optim.biz\/index.php?rest_route=\/wp\/v2\/posts\/1308362\/revisions"}],"wp:featuredmedia":[{"embeddable":true,"href":"https:\/\/analyse.optim.biz\/index.php?rest_route=\/wp\/v2\/media\/1308369"}],"wp:attachment":[{"href":"https:\/\/analyse.optim.biz\/index.php?rest_route=%2Fwp%2Fv2%2Fmedia&parent=1308362"}],"wp:term":[{"taxonomy":"category","embeddable":true,"href":"https:\/\/analyse.optim.biz\/index.php?rest_route=%2Fwp%2Fv2%2Fcategories&post=1308362"},{"taxonomy":"post_tag","embeddable":true,"href":"https:\/\/analyse.optim.biz\/index.php?rest_route=%2Fwp%2Fv2%2Ftags&post=1308362"}],"curies":[{"name":"wp","href":"https:\/\/api.w.org\/{rel}","templated":true}]}}