{"id":1306175,"date":"2026-01-19T00:00:00","date_gmt":"2026-01-18T21:00:00","guid":{"rendered":"https:\/\/analyse.optim.biz\/?p=1306175"},"modified":"2026-01-19T00:00:00","modified_gmt":"2026-01-18T21:00:00","slug":"o-cunoscuta-femeie-de-afaceri-din-suceava-s-a-stins-din-viata","status":"publish","type":"post","link":"https:\/\/analyse.optim.biz\/?p=1306175","title":{"rendered":"O cunoscut\u0103 femeie de afaceri din Suceava s-a stins din via\u021b\u0103"},"content":{"rendered":"<div class=\"entry-content\">\n<p data-hveid=\"CAEIAxAA\" data-processed=\"true\" data-complete=\"true\"><a href=\"https:\/\/www.botosaninews.ro\/wp-content\/uploads\/2026\/01\/Tusnelda-Piticariu.jpg\"><img decoding=\"async\" loading=\"lazy\" class=\"alignright size-medium wp-image-717637\" src=\"https:\/\/analyse.optim.biz\/wp-content\/uploads\/2026\/01\/tusnelda-piticariu-300x225-1.jpg\" width=\"300\" height=\"225\" title=\"tusnelda-piticariu-300x225-1\"><\/a>Jude\u021bul Suceava pierde una dintre cele mai emblematice figuri ale mediului de afaceri local. Tusnelda Piticariu, director \u0219i administrator al SC Intus Vatra Dornei, s-a stins din via\u021b\u0103, l\u0103s\u00e2nd \u00een urm\u0103 o mo\u0219tenire definit\u0103 prin profesionalism, curaj \u0219i, mai ales, o profund\u0103 omenie. Nenum\u0103ra\u021bi boto\u0219\u0103neni o cuno\u0219teau \u0219i mergeau s\u0103 petreceac\u0103 momente de relaxare \u00een hotelul administrat de aceasta.<\/p>\n<p data-hveid=\"CAEIAxAA\" data-processed=\"true\" data-complete=\"true\">Dup\u0103 Revolu\u021bia din 1990, \u00eentr-o perioad\u0103 marcat\u0103 de incertitudini economice, Tusnelda Piticariu a ales calea antreprenoriatului cu o viziune clar\u0103 \u0219i o demnitate rar \u00eent\u00e2lnit\u0103. Timp de peste\u00a035 de ani, domnia sa a transformat\u00a0Hotelul Intus\u00a0\u0219i baza sa de tratament \u00eentr-un punct de referin\u021b\u0103 pentru sta\u021biunea Vatra Dornei.<\/p>\n<p data-hveid=\"CAEIAxAA\" data-processed=\"true\" data-complete=\"true\">Sub managementul s\u0103u, unitatea nu a fost doar un simplu activ economic, ci un spa\u021biu al standardelor \u00eenalte, rezist\u00e2nd cu succes \u00een fa\u021ba crizelor financiare \u0219i a schimb\u0103rilor de paradigm\u0103 din turismul rom\u00e2nesc. Angaja\u021bii \u0219i partenerii de afaceri o descriu ca pe un \u201emanager autentic\u201d, o persoan\u0103 care a condus prin puterea exemplului, pun\u00e2nd pre\u021b pe corectitudine \u0219i respect reciproc.<\/p>\n<p data-hveid=\"CAEIAxAA\" data-processed=\"true\" data-complete=\"true\">Dincolo de succesul \u00een afaceri, Tusnelda Piticariu va r\u0103m\u00e2ne \u00een memoria comunit\u0103\u021bii ca un filantrop discret \u0219i dedicat. A fost un sprijin constant pentru cei vulnerabili, implic\u00e2ndu-se activ \u00een: organizarea de tabere pentru copii cu dizabilit\u0103\u021bi, sus\u021binerea persoanelor cu nevoi speciale \u0219i promovarea \u0219i finan\u021barea proiectelor comunitare cu impact social real.<\/p>\n<p data-hveid=\"CAEIAxAA\" data-processed=\"true\" data-complete=\"true\">Pentru mul\u021bi dintre cei afla\u021bi \u00een dificultate, gesturile sale de caritate au reprezentat nu doar un ajutor material, ci o redob\u00e2ndire a speran\u021bei \u0219i a demnit\u0103\u021bii umane. Cei care doresc s\u0103 \u00eei aduc\u0103 un ultim omagiu sunt informa\u021bi c\u0103 trupul ne\u00eensufle\u021bit a fost depus ast\u0103zi,\u00a019 ianuarie 2026, la\u00a0Capela Cimitirului Catolic din Vatra Dornei. Ceremonia de \u00eenmorm\u00e2ntare, un moment de reculegere pentru \u00eentreaga comunitate dornean\u0103, va avea loc\u00a0joi, 22 ianuarie, \u00eencep\u00e2nd cu ora 14:00.<\/p>\n<\/div>\n","protected":false},"excerpt":{"rendered":"<p>Jude\u021bul Suceava pierde una dintre cele mai emblematice figuri ale mediului de afaceri local. Tusnelda Piticariu, director \u0219i administrator al SC Intus Vatra Dornei, s-a stins din via\u021b\u0103, l\u0103s\u00e2nd \u00een urm\u0103 o mo\u0219tenire definit\u0103 prin profesionalism, curaj \u0219i, mai ales, o profund\u0103 omenie. Nenum\u0103ra\u021bi boto\u0219\u0103neni o cuno\u0219teau \u0219i mergeau s\u0103 petreceac\u0103 momente de relaxare \u00een [&hellip;]<\/p>\n","protected":false},"author":1,"featured_media":1306178,"comment_status":"open","ping_status":"","sticky":false,"template":"","format":"standard","meta":{"footnotes":""},"categories":[89],"tags":[174],"class_list":["post-1306175","post","type-post","status-publish","format-standard","has-post-thumbnail","hentry","category-romania","tag-suceavanews-ro"],"_links":{"self":[{"href":"https:\/\/analyse.optim.biz\/index.php?rest_route=\/wp\/v2\/posts\/1306175","targetHints":{"allow":["GET"]}}],"collection":[{"href":"https:\/\/analyse.optim.biz\/index.php?rest_route=\/wp\/v2\/posts"}],"about":[{"href":"https:\/\/analyse.optim.biz\/index.php?rest_route=\/wp\/v2\/types\/post"}],"author":[{"embeddable":true,"href":"https:\/\/analyse.optim.biz\/index.php?rest_route=\/wp\/v2\/users\/1"}],"replies":[{"embeddable":true,"href":"https:\/\/analyse.optim.biz\/index.php?rest_route=%2Fwp%2Fv2%2Fcomments&post=1306175"}],"version-history":[{"count":0,"href":"https:\/\/analyse.optim.biz\/index.php?rest_route=\/wp\/v2\/posts\/1306175\/revisions"}],"wp:featuredmedia":[{"embeddable":true,"href":"https:\/\/analyse.optim.biz\/index.php?rest_route=\/wp\/v2\/media\/1306178"}],"wp:attachment":[{"href":"https:\/\/analyse.optim.biz\/index.php?rest_route=%2Fwp%2Fv2%2Fmedia&parent=1306175"}],"wp:term":[{"taxonomy":"category","embeddable":true,"href":"https:\/\/analyse.optim.biz\/index.php?rest_route=%2Fwp%2Fv2%2Fcategories&post=1306175"},{"taxonomy":"post_tag","embeddable":true,"href":"https:\/\/analyse.optim.biz\/index.php?rest_route=%2Fwp%2Fv2%2Ftags&post=1306175"}],"curies":[{"name":"wp","href":"https:\/\/api.w.org\/{rel}","templated":true}]}}