{"id":1305157,"date":"2025-09-11T03:36:45","date_gmt":"2025-09-11T00:36:45","guid":{"rendered":"https:\/\/analyse.optim.biz\/?p=1305157"},"modified":"2025-09-11T03:36:45","modified_gmt":"2025-09-11T00:36:45","slug":"retim-ingroapa-saltele-si-moloz-la-ghizela-dar-arde-cetatenii-la-buzunar-cu-eticheta-rosie","status":"publish","type":"post","link":"https:\/\/analyse.optim.biz\/?p=1305157","title":{"rendered":"Retim \u00eengroap\u0103 saltele \u0219i moloz la Ghizela, dar arde cet\u0103\u021benii la buzunar cu ETICHETA RO\u0218IE"},"content":{"rendered":"<article id=\"template-id-172790\" class=\"post-172790 tdb_templates type-tdb_templates status-publish post\">\n<div id=\"tdi_52\" class=\"tdc-zone\">\n<div class=\"tdc_zone tdi_53  wpb_row td-pb-row\">\n<div id=\"tdi_54\" class=\"tdc-row stretch_row_1400 td-stretch-content\">\n<div class=\"vc_row tdi_55  wpb_row td-pb-row tdc-element-style\">\n<div class=\"vc_column tdi_57  wpb_column vc_column_container tdc-column td-pb-span8\">\n<div class=\"wpb_wrapper\">\n<div class=\"td_block_wrap tdb_single_categories tdi_58 td-pb-border-top td_block_template_1 \" data-td-block-uid=\"tdi_58\">\n<div class=\"tdb-category td-fix-index\"><a class=\"tdb-entry-category\" href=\"https:\/\/voceatimisului.ro\/investigatii-stiri\/\">Investiga\u021bii<\/a><a class=\"tdb-entry-category\" href=\"https:\/\/voceatimisului.ro\/stiri-din-timisoara-si-timis\/\">\u0218tiri<\/a><\/div>\n<\/div>\n<div class=\"td_block_wrap tdb_title tdi_59 tdb-single-title td-pb-border-top td_block_template_1\" data-td-block-uid=\"tdi_59\">\n<div class=\"tdb-block-inner td-fix-index\">\n<h1 class=\"tdb-title-text\">Retim \u00eengroap\u0103 saltele \u0219i moloz la Ghizela, dar arde cet\u0103\u021benii la buzunar cu ETICHETA RO\u0218IE<\/h1>\n<\/div>\n<\/div>\n<div class=\"td_block_wrap tdb_single_subtitle tdi_60 td-pb-border-top td_block_template_1\" data-td-block-uid=\"tdi_60\">\n<div class=\"tdb-block-inner td-fix-index\">\n<h2>Reciclarea e pe h\u00e2rtie, realitatea e cu buldozerul. Pascu jur\u0103 c\u0103 \u201cinstala\u021biile func\u021bioneaz\u0103 normal\u201d, \u00een timp ce film\u0103rile \u0219i amenzile de la Mediu arat\u0103 levigat, poluare \u0219i groapa clasic\u0103 din anii \u201990.<\/h2>\n<\/div>\n<\/div>\n<div class=\"vc_row_inner tdi_62  vc_row vc_inner wpb_row td-pb-row\">\n<div class=\"vc_column_inner tdi_64  wpb_column vc_column_container tdc-inner-column td-pb-span6\">\n<div class=\"vc_column-inner\">\n<div class=\"wpb_wrapper\">\n<div class=\"td_block_wrap tdb_single_author tdi_65 td-pb-border-top td_block_template_1 tdb-post-meta\" data-td-block-uid=\"tdi_65\">\n<div class=\"tdb-block-inner td-fix-index\">\n<div class=\"tdb-author-name-wrap\"><span class=\"tdb-author-by\">Autor-<\/span><a class=\"tdb-author-name\" href=\"https:\/\/voceatimisului.ro\/author\/cataadmin\/\">Radu Constantin<\/a><\/div>\n<\/div>\n<\/div>\n<div class=\"td_block_wrap tdb_single_date tdi_66 td-pb-border-top td_block_template_1 tdb-post-meta\" data-td-block-uid=\"tdi_66\">\n<div class=\"tdb-block-inner td-fix-index\"><time class=\"entry-date updated td-module-date\" datetime=\"2025-09-11T06:36:45+03:00\">11 septembrie 2025<\/time><\/div>\n<\/div>\n<div class=\"td_block_wrap tdb_single_comments_count tdi_67 td-pb-border-top td_block_template_1 tdb-post-meta\" data-td-block-uid=\"tdi_67\">\n<div class=\"tdb-block-inner td-fix-index\"><a href=\"https:\/\/voceatimisului.ro\/retim-ingroapa-saltele-si-moloz-la-ghizela-dar-arde-cetatenii-la-buzunar-cu-eticheta-rosie\/#comments\"><span>1<\/span><\/a><\/div>\n<\/div>\n<div class=\"td_block_wrap tdb_single_post_views tdi_68 td-pb-border-top td_block_template_1 tdb-post-meta\" data-td-block-uid=\"tdi_68\">\n<div class=\"tdb-block-inner td-fix-index\"><span class=\"tdb-add-text\">1<\/span><span class=\"td-nr-views-175030\">1735<\/span><\/div>\n<\/div>\n<\/div>\n<\/div>\n<\/div>\n<div class=\"vc_column_inner tdi_70  wpb_column vc_column_container tdc-inner-column td-pb-span6\">\n<div class=\"vc_column-inner\">\n<div class=\"wpb_wrapper\">\n<div class=\"td_block_wrap tdb_single_post_share tdi_71  td-pb-border-top td_block_template_1\" data-td-block-uid=\"tdi_71\">\n<div id=\"tdi_71\" class=\"td-post-sharing tdb-block td-ps-bg td-ps-notext td-post-sharing-style1 \">\n<div class=\"td-post-sharing-visible\"><a class=\"td-social-sharing-button td-social-sharing-button-js td-social-network td-social-facebook\" href=\"https:\/\/www.facebook.com\/sharer.php?u=https%3A%2F%2Fvoceatimisului.ro%2Fretim-ingroapa-saltele-si-moloz-la-ghizela-dar-arde-cetatenii-la-buzunar-cu-eticheta-rosie%2F\" title=\"Facebook\" rel=\"noopener\"><\/p>\n<div class=\"td-social-but-text\">Facebook<\/div>\n<p><\/a><a class=\"td-social-sharing-button td-social-sharing-button-js td-social-network td-social-twitter\" href=\"https:\/\/twitter.com\/intent\/tweet?text=Retim+%C3%AEngroap%C4%83+saltele+%C8%99i+moloz+la+Ghizela%2C+dar+arde+cet%C4%83%C8%9Benii+la+buzunar+cu+ETICHETA+RO%C8%98IE&amp;url=https%3A%2F%2Fvoceatimisului.ro%2Fretim-ingroapa-saltele-si-moloz-la-ghizela-dar-arde-cetatenii-la-buzunar-cu-eticheta-rosie%2F&amp;via=Vocea+Timisului\" title=\"Twitter\" rel=\"noopener\"><\/p>\n<div class=\"td-social-but-text\">Twitter<\/div>\n<p><\/a><a class=\"td-social-sharing-button td-social-sharing-button-js td-social-network td-social-pinterest\" href=\"https:\/\/pinterest.com\/pin\/create\/button\/?url=https:\/\/voceatimisului.ro\/retim-ingroapa-saltele-si-moloz-la-ghizela-dar-arde-cetatenii-la-buzunar-cu-eticheta-rosie\/&amp;media=https:\/\/analyse.optim.biz\/wp-content\/uploads\/2026\/01\/retim-ingroapa-saltele-si-moloz-la-ghizela-dar-arde-cetatenii-la-buzunar-cu-eticheta-rosie-scaled-2.webp&amp;description=Retim+%C3%AEngroap%C4%83+saltele+%C8%99i+moloz+la+Ghizela%2C+dar+arde+cet%C4%83%C8%9Benii+la+buzunar+cu+ETICHETA+RO%C8%98IE\" title=\"Pinterest\" rel=\"noopener\"><\/p>\n<div class=\"td-social-but-text\">Pinterest<\/div>\n<p><\/a><a class=\"td-social-sharing-button td-social-sharing-button-js td-social-network td-social-whatsapp\" href=\"https:\/\/api.whatsapp.com\/send?text=Retim+%C3%AEngroap%C4%83+saltele+%C8%99i+moloz+la+Ghizela%2C+dar+arde+cet%C4%83%C8%9Benii+la+buzunar+cu+ETICHETA+RO%C8%98IE%20%0A%0A%20https:\/\/voceatimisului.ro\/retim-ingroapa-saltele-si-moloz-la-ghizela-dar-arde-cetatenii-la-buzunar-cu-eticheta-rosie\/\" title=\"WhatsApp\" rel=\"noopener\"><\/p>\n<div class=\"td-social-but-text\">WhatsApp<\/div>\n<p><\/a><a class=\"td-social-sharing-button td-social-sharing-button-js td-social-network td-social-linkedin\" href=\"https:\/\/www.linkedin.com\/shareArticle?mini=true&amp;url=https:\/\/voceatimisului.ro\/retim-ingroapa-saltele-si-moloz-la-ghizela-dar-arde-cetatenii-la-buzunar-cu-eticheta-rosie\/&amp;title=Retim+%C3%AEngroap%C4%83+saltele+%C8%99i+moloz+la+Ghizela%2C+dar+arde+cet%C4%83%C8%9Benii+la+buzunar+cu+ETICHETA+RO%C8%98IE\" title=\"Linkedin\" rel=\"noopener\"><\/p>\n<div class=\"td-social-but-text\">Linkedin<\/div>\n<p><\/a><a class=\"td-social-sharing-button td-social-sharing-button-js td-social-network td-social-copy_url\" href=\"https:\/\/voceatimisului.ro\/retim-ingroapa-saltele-si-moloz-la-ghizela-dar-arde-cetatenii-la-buzunar-cu-eticheta-rosie\/\" title=\"Copy URL\" rel=\"noopener\"><\/p>\n<div class=\"td-social-but-text\">Copy URL<\/div>\n<p><\/a><\/div>\n<\/div>\n<\/div>\n<\/div>\n<\/div>\n<\/div>\n<\/div>\n<div class=\"td_block_wrap tdb_single_featured_image tdi_72 tdb-content-horiz-left td-pb-border-top td_block_template_1\" data-td-block-uid=\"tdi_72\">\n<div class=\"tdb-block-inner td-fix-index\">\n<figure><img fetchpriority=\"high\" decoding=\"async\" width=\"696\" height=\"486\" class=\"entry-thumb\" src=\"https:\/\/analyse.optim.biz\/wp-content\/uploads\/2026\/01\/retim-ingroapa-saltele-si-moloz-la-ghizela-dar-arde-cetatenii-la-buzunar-cu-eticheta-rosie-696x486-4.webp\" alt=\"Retim \u00eengroap\u0103 saltele \u0219i moloz la Ghizela, dar arde cet\u0103\u021benii la buzunar cu ETICHETA RO\u0218IE\" title=\"Retim \u00eengroap\u0103 saltele \u0219i moloz la Ghizela, dar arde cet\u0103\u021benii la buzunar cu ETICHETA RO\u0218IE\" loading=\"eager\"><figcaption class=\"tdb-caption-text\">Retim \u00eengroap\u0103 saltele \u0219i moloz la Ghizela, dar arde cet\u0103\u021benii la buzunar cu ETICHETA RO\u0218IE<\/figcaption><\/figure>\n<\/div>\n<\/div>\n<div class=\"vc_row_inner tdi_74  vc_row vc_inner wpb_row td-pb-row\">\n<div class=\"vc_column_inner tdi_76  wpb_column vc_column_container tdc-inner-column td-pb-span4 td-is-sticky\">\n<div class=\"vc_column-inner\">\n<div class=\"wpb_wrapper\" data-sticky-enabled-on=\"W3RydWUsdHJ1ZSx0cnVlLHRydWVd\" data-sticky-offset=\"20\" data-sticky-is-width-auto=\"W2ZhbHNlLGZhbHNlLGZhbHNlLGZhbHNlXQ==\">\n<div class=\"td_block_wrap td_flex_block_1 tdi_77 td-pb-border-top td_block_template_1 td_ajax_preloading_preload td_flex_block\" data-td-block-uid=\"tdi_77\">\n<div id=\"tdi_77\" class=\"td_block_inner td-mc1-wrap\">\n<div class=\"td_module_flex td_module_flex_1 td_module_wrap td-animation-stack td-meta-info-hide td-cpt-post\">\n<div class=\"td-module-container td-category-pos-image\">\n<div class=\"td-module-meta-info\">\n<h3 class=\"entry-title td-module-title\"><a href=\"https:\/\/voceatimisului.ro\/directorul-care-chema-presa-la-politie-a-plecat-dan-pascu-nu-mai-conduce-retim\/\" rel=\"bookmark\" title=\"Directorul care chema presa la poli\u021bie a plecat. Dan Pascu nu mai conduce RETIM\">Directorul care chema presa la poli\u021bie a plecat. Dan Pascu nu mai conduce RETIM<\/a><\/h3>\n<\/div>\n<\/div>\n<\/div>\n<div class=\"td_module_flex td_module_flex_1 td_module_wrap td-animation-stack td-meta-info-hide td-cpt-post\">\n<div class=\"td-module-container td-category-pos-image\">\n<div class=\"td-module-meta-info\">\n<h3 class=\"entry-title td-module-title\"><a href=\"https:\/\/voceatimisului.ro\/retim-sfideaza-timisoara-utilajele-cjt-raman-sechestrate-legea-ramane-la-misto\/\" rel=\"bookmark\" title=\"Retim sfideaz\u0103 Timi\u0219oara, utilajele CJT r\u0103m\u00e2n sechestrate, legea r\u0103m\u00e2ne la mi\u0219to\">Retim sfideaz\u0103 Timi\u0219oara, utilajele CJT r\u0103m\u00e2n sechestrate, legea r\u0103m\u00e2ne la mi\u0219to<\/a><\/h3>\n<\/div>\n<\/div>\n<\/div>\n<div class=\"td_module_flex td_module_flex_1 td_module_wrap td-animation-stack td-meta-info-hide td-cpt-post\">\n<div class=\"td-module-container td-category-pos-image\">\n<div class=\"td-module-meta-info\">\n<h3 class=\"entry-title td-module-title\"><a href=\"https:\/\/voceatimisului.ro\/retim-sfideaza-legea-si-institutiile-din-timis-foloseste-echipamente-publice-fara-drept-si-blocheaza-accesul-la-informatii\/\" rel=\"bookmark\" title=\"RETIM sfideaz\u0103 legea \u0219i institu\u021biile din Timi\u0219, folose\u0219te echipamente publice f\u0103r\u0103 drept \u0219i blocheaz\u0103 accesul la informa\u021bii\">RETIM sfideaz\u0103 legea \u0219i institu\u021biile din Timi\u0219, folose\u0219te echipamente publice f\u0103r\u0103 drept \u0219i blocheaz\u0103 accesul la informa\u021bii<\/a><\/h3>\n<\/div>\n<\/div>\n<\/div>\n<div class=\"td_module_flex td_module_flex_1 td_module_wrap td-animation-stack td-meta-info-hide td-cpt-post\">\n<div class=\"td-module-container td-category-pos-image\">\n<div class=\"td-module-meta-info\">\n<h3 class=\"entry-title td-module-title\"><a href=\"https:\/\/voceatimisului.ro\/retim-arunca-oamenii-la-gunoi-apoi-pretinde-ca-i-a-transferat\/\" rel=\"bookmark\" title=\"RETIM arunc\u0103 oamenii la gunoi, apoi pretinde c\u0103 i-a \u201etransferat\u201d\">RETIM arunc\u0103 oamenii la gunoi, apoi pretinde c\u0103 i-a \u201etransferat\u201d<\/a><\/h3>\n<\/div>\n<\/div>\n<\/div>\n<\/div>\n<\/div>\n<div class=\"tdb-author-box td_block_wrap tdb_single_author_box tdi_82 tdb-content-vert-top td-pb-border-top td_block_template_1\" data-td-block-uid=\"tdi_82\">\n<div class=\"tdb-block-inner td-fix-index\">\n<div class=\"tdb-author-info\"><a href=\"https:\/\/voceatimisului.ro\/author\/cataadmin\/\" class=\"tdb-author-name\">Radu Constantin<\/a><a href=\"http:\/\/www.voceatimisului.ro\" rel=\"nofollow\" class=\"tdb-author-url\">http:\/\/www.voceatimisului.ro<\/a><\/p>\n<div class=\"tdb-author-descr\">\u00centreaga responsabilitate a comentariilor l\u0103sate de dumneavoastr\u0103 v\u0103 apar\u021bine!<br \/>\nClick <a href=\"https:\/\/voceatimisului.ro\/termeni-si-conditii\/\">aici<\/a>-citeste condi\u0163iile de utilizare ale site-ului www.voceatimisului.ro<\/div>\n<\/div>\n<\/div>\n<\/div>\n<\/div>\n<\/div>\n<\/div>\n<div class=\"vc_column_inner tdi_84  wpb_column vc_column_container tdc-inner-column td-pb-span8\">\n<div class=\"vc_column-inner\">\n<div class=\"wpb_wrapper\">\n<div class=\"td_block_wrap tdb_single_content tdi_85 td-pb-border-top td_block_template_1 td-post-content tagdiv-type\" data-td-block-uid=\"tdi_85\">\n<div class=\"tdb-block-inner td-fix-index\">\n<h3 class=\"wp-block-heading\">Vocea Timi\u0219ului a intrat \u00een posesia unei film\u0103ri care pulverizeaz\u0103 propaganda servit\u0103 de Retim \u0219i amplificat\u0103 cu bannere pl\u0103tite \u00een presa local\u0103 de cas\u0103. \u00cen imagini se vede clar cum, la deponeul de la Ghizela, de\u0219eurile din construc\u021bii, saltelele, plasticul \u0219i alte voluminoase sunt aruncate de-a valma \u0219i apoi \u00eengropate sub un strat sub\u021bire de p\u0103m\u00e2nt. O practic\u0103 identic\u0103 gropilor comunale din anii \u201990, dar v\u00e2ndut\u0103 cet\u0103\u021benilor ca \u201cmanagement modern\u201d \u0219i \u201creciclare european\u0103\u201d.<\/h3>\n<p>\u00cen timp ce oamenii sunt v\u00e2na\u021bi cu <strong>ETICHETA RO\u0218IE<\/strong> pentru un PET murdar sau un sac p\u0103tat \u0219i obliga\u021bi s\u0103 pl\u0103teasc\u0103 tarife dublate, compania \u00ee\u0219i permite s\u0103 \u00eengroape mii de tone de moloz \u0219i saltele la gr\u0103mad\u0103. Ipocrizia e dublat\u0103 de pre\u021buri tot mai mari \u0219i de discursuri \u00een care vina este aruncat\u0103 la cet\u0103\u021beni, iar responsabilitatea real\u0103 dispare sub p\u0103m\u00e2nt, odat\u0103 cu gunoiul.<\/p>\n<p><a href=\"https:\/\/voceatimisului.ro\/retim-ne-face-prosti-cu-tupeu-pascu-ii-ataca-pe-simonis-si-nica-da-vina-pe-cetateni-si-scumpeste-tarifele-in-timp-ce-levigatul-se-varsa-in-timis\/\" target=\"_blank\" rel=\"noreferrer noopener\">Declara\u021biile lui Dan Pascu, directorul Retim, completeaz\u0103 tabloul grotesc.<\/a> \u00cen fa\u021ba presei prietenoase, el a spus senin: <strong><em>\u201eInstala\u021biile func\u021bioneaz\u0103 normal, nu exist\u0103 poluare la deponeul de la Ghizela\u201d.<\/em><\/strong> Garda de Mediu l-a contrazis cu o amend\u0103 de 100.000 de lei, documentat\u0103 cu rapoarte \u0219i fotografii ale levigatului scurs. Pascu a continuat: <strong><em>\u201eAmenda este abuziv\u0103 \u0219i nu reflect\u0103 realitatea\u201d. <\/em><\/strong>Realitatea, \u00eens\u0103, e surprins\u0103 \u00een film\u0103rile pe care vi le prezent\u0103m: buldozere care \u00eengroap\u0103 saltele, pungi, plastic \u0219i resturi din construc\u021bii.<\/p>\n<p>Mai mult, directorul a negat eviden\u021ba: <strong><em>\u201eNu exist\u0103 levigat care s\u0103 se verse \u00een p\u00e2nza freatic\u0103, totul este controlat\u201d. <\/em><\/strong>\u00cen paralel, Garda de Mediu a consemnat exact asta \u2013 scurgeri vizibile de levigat, cu impact direct asupra mediului. \u0218i, ca s\u0103 fie totul complet, Pascu a mutat vina pe cet\u0103\u021beni: <strong><em>\u201eProblemele de\u0219eurilor apar\u021bin \u0219i cet\u0103\u021benilor, care nu colecteaz\u0103 selectiv corect\u201d. <\/em><\/strong>Cu alte cuvinte, dac\u0103 \u00ee\u021bi scap\u0103 o cutie de conserve murdar\u0103 \u00een sacul galben, pl\u0103te\u0219ti dublu. Dac\u0103 Retim \u00eengroap\u0103 tone de moloz, asta e \u201cgestionare modern\u0103\u201d.<\/p>\n<p>Cirea\u0219a de pe tort a fost justificarea scumpirilor: <strong><em>\u201eMajorarea tarifelor este justificat\u0103, pentru c\u0103 reflect\u0103 costurile reale de colectare \u0219i gestionare a de\u0219eurilor\u201d. <\/em><\/strong>O explica\u021bie cinic\u0103, \u00een condi\u021biile \u00een care tarifele cresc, serviciul scade, poluarea se accentueaz\u0103 \u0219i cet\u0103\u021benii sunt l\u0103sa\u021bi s\u0103 cread\u0103 c\u0103 ei sunt de vin\u0103. Iar pentru ambalaj, Pascu a ambalat totul \u00een formula magic\u0103: <strong><em>\u201eDeponeul este gestionat \u00een conformitate cu standardele europene\u201d.<\/em><\/strong> Standardele se v\u0103d \u00een filmare: saltele, moloz, plastic \u0219i saci menajeri \u00eengropa\u021bi la gr\u0103mad\u0103 \u0219i acoperi\u021bi cu p\u0103m\u00e2nt.<\/p>\n<p>\u00cen tot acest timp, presa local\u0103 pl\u0103tit\u0103 cu bannere colorate \u0219i campanii de imagine se preface c\u0103 nu vede nimic. Articole cu titluri dulci, vizite cu casca pe cap \u0219i citate cosmetizate \u00eei asigur\u0103 lui Pascu lini\u0219tea. Cet\u0103\u021benii pl\u0103tesc tarife mai mari, iar banii lor se \u00eentorc sub form\u0103 de reclame care s\u0103 ung\u0103 presa \u0219i s\u0103 astupe adev\u0103rul.<\/p>\n<p>Concluzia e limpede ca levigatul care curge pe l\u00e2ng\u0103 celule: cet\u0103\u021benii sunt controla\u021bi, amenda\u021bi \u0219i trata\u021bi ca pro\u0219ti pentru gre\u0219eli minore, \u00een timp ce Retim \u00eengroap\u0103 mizeria sub p\u0103m\u00e2nt \u0219i minciuna sub cuvinte. Diferen\u021ba dintre realitate \u0219i discurs e mai groas\u0103 dec\u00e2t stratul de gunoi care se a\u0219az\u0103 zilnic la Ghizela.<\/p>\n<figure class=\"wp-block-embed is-type-video is-provider-youtube wp-block-embed-youtube wp-embed-aspect-16-9 \">\n<div class=\"wp-block-embed__wrapper\"><span class=\"flying-press-youtube\" data-src=\"https:\/\/www.youtube.com\/embed\/WITFQeGpqBU?feature=oembed&amp;autoplay=1\"><img decoding=\"async\" src=\"https:\/\/analyse.optim.biz\/wp-content\/uploads\/2026\/01\/e6a7da7063bb4053eef736d7c7b68f3a.jpg\" width=\"1280\" height=\"720\" alt=\"Retim \u00eengroap\u0103 saltele \u0219i moloz la Ghizela\" loading=\"lazy\" title=\"e6a7da7063bb4053eef736d7c7b68f3a\"><\/span><\/div>\n<\/figure>\n<figure class=\"wp-block-gallery has-nested-images columns-default is-cropped wp-block-gallery-1 is-layout-flex wp-block-gallery-is-layout-flex\">\n<div><a href=\"https:\/\/analyse.optim.biz\/wp-content\/uploads\/2026\/01\/retim-ingroapa-saltele-si-moloz-la-ghizela-05.webp\" class=\"td-modal-image\"><\/p>\n<figure class=\"wp-block-image size-large\"><img decoding=\"async\" width=\"464\" height=\"832\" data-id=\"175043\" src=\"https:\/\/analyse.optim.biz\/wp-content\/uploads\/2026\/01\/retim-ingroapa-saltele-si-moloz-la-ghizela-05.webp\" alt=\"Retim \u00eengroap\u0103 saltele \u0219i moloz la Ghizela-05\" class=\"wp-image-175043\" loading=\"lazy\" title=\"retim-ingroapa-saltele-si-moloz-la-ghizela-05\"><\/figure>\n<p><\/a><\/div>\n<div><a href=\"https:\/\/analyse.optim.biz\/wp-content\/uploads\/2026\/01\/retim-ingroapa-saltele-si-moloz-la-ghizela-04.webp\" class=\"td-modal-image\"><\/p>\n<figure class=\"wp-block-image size-large\"><img decoding=\"async\" width=\"464\" height=\"832\" data-id=\"175042\" src=\"https:\/\/analyse.optim.biz\/wp-content\/uploads\/2026\/01\/retim-ingroapa-saltele-si-moloz-la-ghizela-04.webp\" alt=\"Retim \u00eengroap\u0103 saltele \u0219i moloz la Ghizela-04\" class=\"wp-image-175042\" loading=\"lazy\" title=\"retim-ingroapa-saltele-si-moloz-la-ghizela-04\"><\/figure>\n<p><\/a><\/div>\n<div><a href=\"https:\/\/analyse.optim.biz\/wp-content\/uploads\/2026\/01\/retim-ingroapa-saltele-si-moloz-la-ghizela-03.webp\" class=\"td-modal-image\"><\/p>\n<figure class=\"wp-block-image size-large\"><img decoding=\"async\" loading=\"lazy\" width=\"464\" height=\"832\" data-id=\"175041\" src=\"https:\/\/analyse.optim.biz\/wp-content\/uploads\/2026\/01\/retim-ingroapa-saltele-si-moloz-la-ghizela-03.webp\" alt=\"Retim \u00eengroap\u0103 saltele \u0219i moloz la Ghizela-03\" class=\"wp-image-175041\" title=\"retim-ingroapa-saltele-si-moloz-la-ghizela-03\"><\/figure>\n<p><\/a><\/div>\n<div><a href=\"https:\/\/analyse.optim.biz\/wp-content\/uploads\/2026\/01\/retim-ingroapa-saltele-si-moloz-la-ghizela-02.webp\" class=\"td-modal-image\"><\/p>\n<figure class=\"wp-block-image size-large\"><img decoding=\"async\" loading=\"lazy\" width=\"464\" height=\"832\" data-id=\"175040\" src=\"https:\/\/analyse.optim.biz\/wp-content\/uploads\/2026\/01\/retim-ingroapa-saltele-si-moloz-la-ghizela-02.webp\" alt=\"Retim \u00eengroap\u0103 saltele \u0219i moloz la Ghizela-02\" class=\"wp-image-175040\" title=\"retim-ingroapa-saltele-si-moloz-la-ghizela-02\"><\/figure>\n<p><\/a><\/div>\n<div><a href=\"https:\/\/analyse.optim.biz\/wp-content\/uploads\/2026\/01\/retim-ingroapa-saltele-si-moloz-la-ghizela-01.webp\" class=\"td-modal-image\"><\/p>\n<figure class=\"wp-block-image size-large\"><img decoding=\"async\" loading=\"lazy\" width=\"464\" height=\"832\" data-id=\"175039\" src=\"https:\/\/analyse.optim.biz\/wp-content\/uploads\/2026\/01\/retim-ingroapa-saltele-si-moloz-la-ghizela-01.webp\" alt=\"Retim \u00eengroap\u0103 saltele \u0219i moloz la Ghizela-01\" class=\"wp-image-175039\" title=\"retim-ingroapa-saltele-si-moloz-la-ghizela-01\"><\/figure>\n<p><\/a><\/div>\n<div><a href=\"https:\/\/analyse.optim.biz\/wp-content\/uploads\/2026\/01\/retim-ingroapa-saltele-si-moloz-la-ghizela-10.webp\" class=\"td-modal-image\"><\/p>\n<figure class=\"wp-block-image size-large\"><img decoding=\"async\" loading=\"lazy\" width=\"464\" height=\"832\" data-id=\"175038\" src=\"https:\/\/analyse.optim.biz\/wp-content\/uploads\/2026\/01\/retim-ingroapa-saltele-si-moloz-la-ghizela-10.webp\" alt=\"Retim \u00eengroap\u0103 saltele \u0219i moloz la Ghizela-10\" class=\"wp-image-175038\" title=\"retim-ingroapa-saltele-si-moloz-la-ghizela-10\"><\/figure>\n<p><\/a><\/div>\n<div><a href=\"https:\/\/analyse.optim.biz\/wp-content\/uploads\/2026\/01\/retim-ingroapa-saltele-si-moloz-la-ghizela-09.webp\" class=\"td-modal-image\"><\/p>\n<figure class=\"wp-block-image size-large\"><img decoding=\"async\" loading=\"lazy\" width=\"464\" height=\"832\" data-id=\"175037\" src=\"https:\/\/analyse.optim.biz\/wp-content\/uploads\/2026\/01\/retim-ingroapa-saltele-si-moloz-la-ghizela-09.webp\" alt=\"Retim \u00eengroap\u0103 saltele \u0219i moloz la Ghizela-09\" class=\"wp-image-175037\" title=\"retim-ingroapa-saltele-si-moloz-la-ghizela-09\"><\/figure>\n<p><\/a><\/div>\n<div><a href=\"https:\/\/analyse.optim.biz\/wp-content\/uploads\/2026\/01\/retim-ingroapa-saltele-si-moloz-la-ghizela-08.webp\" class=\"td-modal-image\"><\/p>\n<figure class=\"wp-block-image size-large\"><img decoding=\"async\" loading=\"lazy\" width=\"464\" height=\"832\" data-id=\"175036\" src=\"https:\/\/analyse.optim.biz\/wp-content\/uploads\/2026\/01\/retim-ingroapa-saltele-si-moloz-la-ghizela-08.webp\" alt=\"Retim \u00eengroap\u0103 saltele \u0219i moloz la Ghizela-08\" class=\"wp-image-175036\" title=\"retim-ingroapa-saltele-si-moloz-la-ghizela-08\"><\/figure>\n<p><\/a><\/div>\n<div><a href=\"https:\/\/analyse.optim.biz\/wp-content\/uploads\/2026\/01\/retim-ingroapa-saltele-si-moloz-la-ghizela-07.webp\" class=\"td-modal-image\"><\/p>\n<figure class=\"wp-block-image size-large\"><img decoding=\"async\" loading=\"lazy\" width=\"464\" height=\"832\" data-id=\"175035\" src=\"https:\/\/analyse.optim.biz\/wp-content\/uploads\/2026\/01\/retim-ingroapa-saltele-si-moloz-la-ghizela-07.webp\" alt=\"Retim \u00eengroap\u0103 saltele \u0219i moloz la Ghizela-07\" class=\"wp-image-175035\" title=\"retim-ingroapa-saltele-si-moloz-la-ghizela-07\"><\/figure>\n<p><\/a><\/div>\n<div><a href=\"https:\/\/analyse.optim.biz\/wp-content\/uploads\/2026\/01\/retim-ingroapa-saltele-si-moloz-la-ghizela-06.webp\" class=\"td-modal-image\"><\/p>\n<figure class=\"wp-block-image size-large\"><img decoding=\"async\" loading=\"lazy\" width=\"464\" height=\"832\" data-id=\"175034\" src=\"https:\/\/analyse.optim.biz\/wp-content\/uploads\/2026\/01\/retim-ingroapa-saltele-si-moloz-la-ghizela-06.webp\" alt=\"Retim \u00eengroap\u0103 saltele \u0219i moloz la Ghizela-06\" class=\"wp-image-175034\" title=\"retim-ingroapa-saltele-si-moloz-la-ghizela-06\"><\/figure>\n<p><\/a><\/div>\n<\/figure>\n<\/div>\n<\/div>\n<div class=\"td_block_wrap tdb_single_tags tdi_88 td-pb-border-top td_block_template_1\" data-td-block-uid=\"tdi_88\">\n<div class=\"tdb-block-inner td-fix-index\">\n<ul class=\"tdb-tags\">\n<li><span>Tags<\/span><\/li>\n<li><a href=\"https:\/\/voceatimisului.ro\/tag\/dan-pascu\/\">Dan Pascu<\/a><\/li>\n<li><a href=\"https:\/\/voceatimisului.ro\/tag\/eticheta-rosie\/\">eticheta rosie<\/a><\/li>\n<li><a href=\"https:\/\/voceatimisului.ro\/tag\/ghizela\/\">ghizela<\/a><\/li>\n<li><a href=\"https:\/\/voceatimisului.ro\/tag\/groapa-de-gunoi\/\">groapa de gunoi<\/a><\/li>\n<li><a href=\"https:\/\/voceatimisului.ro\/tag\/retim\/\">retim<\/a><\/li>\n<\/ul>\n<\/div>\n<\/div>\n<div class=\"td_block_wrap tdb_single_post_share tdi_89  td-pb-border-top td_block_template_1\" data-td-block-uid=\"tdi_89\">\n<div id=\"tdi_89\" class=\"td-post-sharing tdb-block td-ps-bg td-ps-notext td-post-sharing-style1 \">\n<div class=\"td-post-sharing-visible\"><a class=\"td-social-sharing-button td-social-sharing-button-js td-social-network td-social-facebook\" href=\"https:\/\/www.facebook.com\/sharer.php?u=https%3A%2F%2Fvoceatimisului.ro%2Fretim-ingroapa-saltele-si-moloz-la-ghizela-dar-arde-cetatenii-la-buzunar-cu-eticheta-rosie%2F\" title=\"Facebook\" rel=\"noopener\"><\/p>\n<div class=\"td-social-but-text\">Facebook<\/div>\n<p><\/a><a class=\"td-social-sharing-button td-social-sharing-button-js td-social-network td-social-twitter\" href=\"https:\/\/twitter.com\/intent\/tweet?text=Retim+%C3%AEngroap%C4%83+saltele+%C8%99i+moloz+la+Ghizela%2C+dar+arde+cet%C4%83%C8%9Benii+la+buzunar+cu+ETICHETA+RO%C8%98IE&amp;url=https%3A%2F%2Fvoceatimisului.ro%2Fretim-ingroapa-saltele-si-moloz-la-ghizela-dar-arde-cetatenii-la-buzunar-cu-eticheta-rosie%2F&amp;via=Vocea+Timisului\" title=\"Twitter\" rel=\"noopener\"><\/p>\n<div class=\"td-social-but-text\">Twitter<\/div>\n<p><\/a><a class=\"td-social-sharing-button td-social-sharing-button-js td-social-network td-social-pinterest\" href=\"https:\/\/pinterest.com\/pin\/create\/button\/?url=https:\/\/voceatimisului.ro\/retim-ingroapa-saltele-si-moloz-la-ghizela-dar-arde-cetatenii-la-buzunar-cu-eticheta-rosie\/&amp;media=https:\/\/analyse.optim.biz\/wp-content\/uploads\/2026\/01\/retim-ingroapa-saltele-si-moloz-la-ghizela-dar-arde-cetatenii-la-buzunar-cu-eticheta-rosie-scaled-2.webp&amp;description=Retim+%C3%AEngroap%C4%83+saltele+%C8%99i+moloz+la+Ghizela%2C+dar+arde+cet%C4%83%C8%9Benii+la+buzunar+cu+ETICHETA+RO%C8%98IE\" title=\"Pinterest\" rel=\"noopener\"><\/p>\n<div class=\"td-social-but-text\">Pinterest<\/div>\n<p><\/a><a class=\"td-social-sharing-button td-social-sharing-button-js td-social-network td-social-whatsapp\" href=\"https:\/\/api.whatsapp.com\/send?text=Retim+%C3%AEngroap%C4%83+saltele+%C8%99i+moloz+la+Ghizela%2C+dar+arde+cet%C4%83%C8%9Benii+la+buzunar+cu+ETICHETA+RO%C8%98IE%20%0A%0A%20https:\/\/voceatimisului.ro\/retim-ingroapa-saltele-si-moloz-la-ghizela-dar-arde-cetatenii-la-buzunar-cu-eticheta-rosie\/\" title=\"WhatsApp\" rel=\"noopener\"><\/p>\n<div class=\"td-social-but-text\">WhatsApp<\/div>\n<p><\/a><a class=\"td-social-sharing-button td-social-sharing-button-js td-social-network td-social-linkedin\" href=\"https:\/\/www.linkedin.com\/shareArticle?mini=true&amp;url=https:\/\/voceatimisului.ro\/retim-ingroapa-saltele-si-moloz-la-ghizela-dar-arde-cetatenii-la-buzunar-cu-eticheta-rosie\/&amp;title=Retim+%C3%AEngroap%C4%83+saltele+%C8%99i+moloz+la+Ghizela%2C+dar+arde+cet%C4%83%C8%9Benii+la+buzunar+cu+ETICHETA+RO%C8%98IE\" title=\"Linkedin\" rel=\"noopener\"><\/p>\n<div class=\"td-social-but-text\">Linkedin<\/div>\n<p><\/a><a class=\"td-social-sharing-button td-social-sharing-button-js td-social-network td-social-copy_url\" href=\"https:\/\/voceatimisului.ro\/retim-ingroapa-saltele-si-moloz-la-ghizela-dar-arde-cetatenii-la-buzunar-cu-eticheta-rosie\/\" title=\"Copy URL\" rel=\"noopener\"><\/p>\n<div class=\"td-social-but-text\">Copy URL<\/div>\n<p><\/a><\/div>\n<\/div>\n<\/div>\n<div class=\"td_block_wrap tdb_single_next_prev tdi_90 td-animation-stack td-next-prev-img-on td-pb-border-top td_block_template_1\" data-td-block-uid=\"tdi_90\">\n<div class=\"tdb-block-inner td-fix-index\">\n<div class=\"tdb-next-post tdb-next-post-bg tdb-post-prev\"><span>Articolul precedent<\/span><\/p>\n<div class=\"td-module-container\">\n<div class=\"td-image-container\"><a class=\"td-image-wrap\" href=\"https:\/\/voceatimisului.ro\/concerte-gratuite-la-bastionul-theresia-berlin-division-si-van-der-cris-in-weekend\/\"><img loading=\"lazy\" decoding=\"async\" class=\"td-next-prev-image td-fix-index td-lazy-img\" title=\"Concerte gratuite la Bastionul Theresia: Berlin Division \u0219i Van der Cris \u00een weekend\" width=\"696\" height=\"411\" src=\"https:\/\/analyse.optim.biz\/wp-content\/uploads\/2026\/01\/concerte-gratuite-la-bastionul-theresia_-berlin-division-si-van-der-cris-in-weekend-696x411-1.webp\"><\/a><\/div>\n<div class=\"next-prev-title\"><a href=\"https:\/\/voceatimisului.ro\/concerte-gratuite-la-bastionul-theresia-berlin-division-si-van-der-cris-in-weekend\/\">Concerte gratuite la Bastionul Theresia: Berlin Division \u0219i Van der Cris \u00een weekend<\/a><\/div>\n<\/div>\n<\/div>\n<div class=\"tdb-next-post tdb-next-post-bg tdb-post-next\"><span>Articolul urm\u0103tor<\/span><\/p>\n<div class=\"td-module-container\">\n<div class=\"td-image-container\"><a class=\"td-image-wrap\" href=\"https:\/\/voceatimisului.ro\/paula-romocean-avocatul-retim-viceprimarita-loveste-in-adid-si-ii-lasa-pe-timisoreni-sa-plateasca-dublu-la-gunoaiele-verzi\/\"><img loading=\"lazy\" decoding=\"async\" class=\"td-next-prev-image td-fix-index td-lazy-img\" title=\"Paula Romocean, avocatul Retim: viceprim\u0103ri\u021ba love\u0219te \u00een ADID \u0219i \u00eei las\u0103 pe timi\u0219oreni s\u0103 pl\u0103teasc\u0103 dublu la gunoaiele verzi\" width=\"696\" height=\"522\" src=\"https:\/\/analyse.optim.biz\/wp-content\/uploads\/2026\/01\/paula-romocean-696x522-4.webp\"><\/a><\/div>\n<div class=\"next-prev-title\"><a href=\"https:\/\/voceatimisului.ro\/paula-romocean-avocatul-retim-viceprimarita-loveste-in-adid-si-ii-lasa-pe-timisoreni-sa-plateasca-dublu-la-gunoaiele-verzi\/\">Paula Romocean, avocatul Retim: viceprim\u0103ri\u021ba love\u0219te \u00een ADID \u0219i \u00eei las\u0103 pe timi\u0219oreni s\u0103 pl\u0103teasc\u0103 dublu la gunoaiele verzi<\/a><\/div>\n<\/div>\n<\/div>\n<\/div>\n<\/div>\n<\/div>\n<\/div>\n<\/div>\n<\/div>\n<div class=\"vc_row_inner tdi_100  vc_row vc_inner wpb_row td-pb-row\">\n<div class=\"vc_column_inner tdi_102  wpb_column vc_column_container tdc-inner-column td-pb-span4 td-is-sticky\">\n<div class=\"vc_column-inner\">\n<div class=\"wpb_wrapper\" data-sticky-enabled-on=\"W3RydWUsdHJ1ZSx0cnVlLHRydWVd\" data-sticky-offset=\"20\" data-sticky-is-width-auto=\"W2ZhbHNlLGZhbHNlLGZhbHNlLGZhbHNlXQ==\">\n<div class=\"td_block_wrap tdb_single_related tdi_103 td_with_ajax_pagination td-pb-border-top td_block_template_1 tdb-single-related-posts\" data-td-block-uid=\"tdi_103\">\n<div id=\"tdi_103\" class=\"td_block_inner tdb-block-inner td-fix-index\">\n<div class=\"tdb_module_related td_module_wrap td-animation-stack td-meta-info-hide\">\n<div class=\"td-module-container td-category-pos-image\">\n<div class=\"td-module-meta-info\">\n<h3 class=\"entry-title td-module-title\"><a href=\"https:\/\/voceatimisului.ro\/retim-si-polaris-acuzatii-directe-in-cj-timis-simonis-nu-ne-lasam-santajati-de-mafia-gunoaielor\/\" rel=\"bookmark\" title=\"RETIM \u0219i Polaris, acuza\u021bii directe \u00een CJ Timi\u0219. Simonis: nu ne l\u0103s\u0103m \u0219antaja\u021bi de \u201emafia gunoaielor\u201d\">RETIM \u0219i Polaris, acuza\u021bii directe \u00een CJ Timi\u0219. Simonis: nu ne l\u0103s\u0103m \u0219antaja\u021bi de \u201emafia gunoaielor\u201d<\/a><\/h3>\n<\/div>\n<\/div>\n<\/div>\n<div class=\"tdb_module_related td_module_wrap td-animation-stack td-meta-info-hide\">\n<div class=\"td-module-container td-category-pos-image\">\n<div class=\"td-module-meta-info\">\n<h3 class=\"entry-title td-module-title\"><a href=\"https:\/\/voceatimisului.ro\/retim-a-plecat-din-timisoara-sub-nasul-consiliului-local\/\" rel=\"bookmark\" title=\"RETIM a plecat din Timi\u0219oara sub nasul Consiliului Local\">RETIM a plecat din Timi\u0219oara sub nasul Consiliului Local<\/a><\/h3>\n<\/div>\n<\/div>\n<\/div>\n<div class=\"tdb_module_related td_module_wrap td-animation-stack td-meta-info-hide\">\n<div class=\"td-module-container td-category-pos-image\">\n<div class=\"td-module-meta-info\">\n<h3 class=\"entry-title td-module-title\"><a href=\"https:\/\/voceatimisului.ro\/retim-si-a-mutat-sediul-in-oradea-timisoara-pierde-taxe-administratia-fritz-tace\/\" rel=\"bookmark\" title=\"RETIM \u0219i-a mutat sediul \u00een Oradea. Timi\u0219oara pierde taxe, administra\u021bia Fritz tace\">RETIM \u0219i-a mutat sediul \u00een Oradea. Timi\u0219oara pierde taxe, administra\u021bia Fritz tace<\/a><\/h3>\n<\/div>\n<\/div>\n<\/div>\n<\/div>\n<\/div>\n<\/div>\n<\/div>\n<\/div>\n<div class=\"vc_column_inner tdi_105  wpb_column vc_column_container tdc-inner-column td-pb-span8\">\n<div class=\"vc_column-inner\">\n<div class=\"wpb_wrapper\">\n<div class=\"td_block_wrap tdb_single_comments tdi_106 tdb-comm-layout2 td-pb-border-top td_block_template_2\" data-td-block-uid=\"tdi_106\">\n<div class=\"tdb-block-inner td-fix-index\">\n<div class=\"comments\" id=\"comments\">\n<div class=\"td-comments-title-wrap td_block_template_2\">\n<h4 class=\"td-comments-title td-block-title\"><span>1 COMENTARIU<\/span><\/h4>\n<\/div>\n<ol class=\"comment-list\">\n<li class=\"comment pingback\" id=\"comment-29794\">\n<article>\n<footer><cite><a href=\"https:\/\/infotimisoara.ro\/revista-presei-cu-anton-kovacs-11-09-2025\/\" class=\"url\" rel=\"ugc external nofollow\">Revista presei cu Anton Kovacs \u2013 11.09.2025 \u2013 Info Timi\u0219oara<\/a><\/cite><a class=\"comment-link\" href=\"https:\/\/voceatimisului.ro\/retim-ingroapa-saltele-si-moloz-la-ghizela-dar-arde-cetatenii-la-buzunar-cu-eticheta-rosie\/#comment-29794\"><time><br \/>\n\t\t\t\t\t\t    11 septembrie 2025\t\t\t\t\t\t    La\t\t\t\t\t\t    8:33 AM<\/time><\/a><\/footer>\n<div class=\"comment-content\">\n<p>[\u2026] Retim \u00eengroap\u0103 saltele \u0219i moloz la Ghizela, dar arde cet\u0103\u021benii la buzunar cu ETICHETA RO\u0218IE [\u2026]<\/p>\n<\/div>\n<div class=\"comment-meta\" id=\"comment-29794\"><a rel=\"nofollow\" class=\"comment-reply-link\" href=\"https:\/\/voceatimisului.ro\/retim-ingroapa-saltele-si-moloz-la-ghizela-dar-arde-cetatenii-la-buzunar-cu-eticheta-rosie\/#comment-29794\" data-commentid=\"29794\" data-postid=\"175030\" data-belowelement=\"comment-29794\" data-respondelement=\"respond\" data-replyto=\"R\u0103spunde-i lui Revista presei cu Anton Kovacs \u2013 11.09.2025 \u2013 Info Timi\u0219oara\" aria-label=\"R\u0103spunde-i lui Revista presei cu Anton Kovacs \u2013 11.09.2025 \u2013 Info Timi\u0219oara\">R\u0103spunde\u021bi<\/a><\/div>\n<\/article>\n<\/li>\n<\/ol>\n<div id=\"respond\" class=\"comment-respond\">\n<h3 id=\"reply-title\" class=\"comment-reply-title\">L\u0102SA\u021aI UN MESAJ <small><a rel=\"nofollow\" id=\"cancel-comment-reply-link\" href=\"https:\/\/voceatimisului.ro\/retim-ingroapa-saltele-si-moloz-la-ghizela-dar-arde-cetatenii-la-buzunar-cu-eticheta-rosie\/#respond\">Renun\u021ba\u021bi la r\u0103spuns<\/a><\/small><\/h3>\n<div class=\"comment-form-input-wrap td-form-comment\">\n<div class=\"td-warning-comment\">V\u0103 rug\u0103m s\u0103 introduce\u021bi comentariul dvs.!<\/div>\n<\/div>\n<div class=\"comment-form-input-wrap td-form-author\">\n<div class=\"td-warning-author\">Introduce\u021bi aici numele dvs.<\/div>\n<\/div>\n<div class=\"comment-form-input-wrap td-form-email\">\n<div class=\"td-warning-email-error\">A\u021bi introdus o adres\u0103 de e-mail incorect\u0103!<\/div>\n<div class=\"td-warning-email\">V\u0103 rug\u0103m s\u0103 introduce\u021bi adresa dvs. de e-mail aici<\/div>\n<\/div>\n<\/div>\n<\/div>\n<\/div>\n<\/div>\n<\/div>\n<\/div>\n<\/div>\n<\/div>\n<\/div>\n<\/div>\n<div class=\"vc_column tdi_108  wpb_column vc_column_container tdc-column td-pb-span4 td-is-sticky\">\n<div class=\"wpb_wrapper\" data-sticky-enabled-on=\"W3RydWUsdHJ1ZSx0cnVlLHRydWVd\" data-sticky-offset=\"20\" data-sticky-is-width-auto=\"W2ZhbHNlLGZhbHNlLGZhbHNlLGZhbHNlXQ==\">\n<div class=\"vc_row_inner tdi_110  vc_row vc_inner wpb_row td-pb-row\">\n<div class=\"vc_column_inner tdi_112  wpb_column vc_column_container tdc-inner-column td-pb-span12\">\n<div class=\"vc_column-inner\">\n<div class=\"wpb_wrapper\">\n<div class=\"td_block_wrap td_block_title tdi_113 td-pb-border-top td_block_template_11 td-fix-index\" data-td-block-uid=\"tdi_113\">\n<div class=\"td-block-title-wrap\">\n<h4 class=\"td-block-title\"><span class=\"td-pulldown-size\">ANUN\u021aURI \u0218I PUBLICITATE<\/span><\/h4>\n<\/div>\n<\/div>\n<\/div>\n<\/div>\n<\/div>\n<\/div>\n<div class=\"wpb_wrapper td_block_wrap vc_widget_sidebar tdi_115 \">\n<aside id=\"block-10\" class=\"td_block_template_1 widget block-10 widget_block widget_media_image\">\n<figure class=\"wp-block-image size-full\"><a href=\"https:\/\/adpghiroda.ro\/index.html\" target=\"_blank\" rel=\" noreferrer noopener\"><img decoding=\"async\" loading=\"eager\" width=\"960\" height=\"960\" src=\"https:\/\/analyse.optim.biz\/wp-content\/uploads\/2026\/01\/adp-ghiroda2-108.jpg\" class=\"wp-image-171492\" title=\"adp-ghiroda2-108\"><\/a><\/figure>\n<\/aside>\n<aside id=\"block-11\" class=\"td_block_template_1 widget block-11 widget_block widget_media_image\">\n<figure class=\"wp-block-image size-full\"><a href=\"https:\/\/adpghiroda.ro\/index.html\" target=\"_blank\" rel=\" noreferrer noopener\"><img decoding=\"async\" loading=\"lazy\" width=\"960\" height=\"960\" src=\"https:\/\/analyse.optim.biz\/wp-content\/uploads\/2026\/01\/adp-ghiroda1-108.jpg\" class=\"wp-image-171491\" title=\"adp-ghiroda1-108\"><\/a><\/figure>\n<\/aside>\n<aside id=\"block-17\" class=\"td_block_template_1 widget block-17 widget_block widget_media_image\">\n<figure class=\"wp-block-image size-large is-resized\"><a href=\"https:\/\/verde.events\/\" target=\"_blank\" rel=\" noreferrer noopener\"><img decoding=\"async\" loading=\"lazy\" width=\"1024\" height=\"683\" src=\"https:\/\/analyse.optim.biz\/wp-content\/uploads\/2026\/01\/verde-events-24-1024x683-1-93.jpg\" alt=\"Verde Events\" class=\"wp-image-174395\" title=\"verde-events-24-1024x683-1-93\"><\/a><figcaption class=\"wp-element-caption\"><strong><em>O experien\u021b\u0103 unic\u0103 pentru orice tip de eveniment<\/em><\/strong><\/figcaption><\/figure>\n<\/aside>\n<\/div>\n<div class=\"td_block_wrap td_flex_block_1 tdi_121 td-pb-border-top td_block_template_1 td_ajax_preloading_preload td_flex_block\" data-td-block-uid=\"tdi_121\">\n<div id=\"tdi_121\" class=\"td_block_inner td-mc1-wrap\">\n<div class=\"td_module_flex td_module_flex_1 td_module_wrap td-animation-stack td-meta-info-hide td-cpt-post\">\n<div class=\"td-module-container td-category-pos-image\">\n<div class=\"td-module-meta-info\">\n<h3 class=\"entry-title td-module-title\"><a href=\"https:\/\/voceatimisului.ro\/retim-a-pierdut-ghizela-groapa-veche-inchisa-definitiv-interesele-afectate-au-declansat-reactii-in-presa\/\" rel=\"bookmark\" title=\"Retim a pierdut Ghizela. Groapa veche, \u00eenchis\u0103 definitiv. Interesele afectate au declan\u0219at reac\u021bii \u00een pres\u0103\">Retim a pierdut Ghizela. Groapa veche, \u00eenchis\u0103 definitiv. Interesele afectate au declan\u0219at reac\u021bii \u00een pres\u0103<\/a><\/h3>\n<\/div>\n<\/div>\n<\/div>\n<div class=\"td_module_flex td_module_flex_1 td_module_wrap td-animation-stack td-meta-info-hide td-cpt-post\">\n<div class=\"td-module-container td-category-pos-image\">\n<div class=\"td-module-meta-info\">\n<h3 class=\"entry-title td-module-title\"><a href=\"https:\/\/voceatimisului.ro\/usr-plange-de-mila-retim-cjt-ii-trimite-in-instanta\/\" rel=\"bookmark\" title=\"USR pl\u00e2nge de mila RETIM, CJT \u00eei trimite \u00een instan\u021b\u0103\">USR pl\u00e2nge de mila RETIM, CJT \u00eei trimite \u00een instan\u021b\u0103<\/a><\/h3>\n<\/div>\n<\/div>\n<\/div>\n<div class=\"td_module_flex td_module_flex_1 td_module_wrap td-animation-stack td-meta-info-hide td-cpt-post\">\n<div class=\"td-module-container td-category-pos-image\">\n<div class=\"td-module-meta-info\">\n<h3 class=\"entry-title td-module-title\"><a href=\"https:\/\/voceatimisului.ro\/retim-lectie-de-ipocrizie-intimideaza-presa-ignora-sindicatul-si-ajunge-in-instanta-cu-cj-timis\/\" rel=\"bookmark\" title=\"RETIM, lec\u021bie de ipocrizie: intimideaz\u0103 presa, ignor\u0103 sindicatul \u0219i ajunge \u00een instan\u021b\u0103 cu CJ Timi\u0219\">RETIM, lec\u021bie de ipocrizie: intimideaz\u0103 presa, ignor\u0103 sindicatul \u0219i ajunge \u00een instan\u021b\u0103 cu CJ Timi\u0219<\/a><\/h3>\n<\/div>\n<\/div>\n<\/div>\n<div class=\"td_module_flex td_module_flex_1 td_module_wrap td-animation-stack td-meta-info-hide td-cpt-post\">\n<div class=\"td-module-container td-category-pos-image\">\n<div class=\"td-module-meta-info\">\n<h3 class=\"entry-title td-module-title\"><a href=\"https:\/\/voceatimisului.ro\/alfred-simonis-facem-stadionul-dan-paltinisanu-construim-institutul-oncologic-si-punem-ordine-la-ghizela\/\" rel=\"bookmark\" title=\"Alfred Simonis: \u201eFacem stadionul Dan P\u0103ltini\u0219anu, construim Institutul Oncologic \u0219i punem ordine la Ghizela\u201d\">Alfred Simonis: \u201eFacem stadionul Dan P\u0103ltini\u0219anu, construim Institutul Oncologic \u0219i punem ordine la Ghizela\u201d<\/a><\/h3>\n<\/div>\n<\/div>\n<\/div>\n<div class=\"td_module_flex td_module_flex_1 td_module_wrap td-animation-stack td-meta-info-hide td-cpt-post\">\n<div class=\"td-module-container td-category-pos-image\">\n<div class=\"td-module-meta-info\">\n<h3 class=\"entry-title td-module-title\"><a href=\"https:\/\/voceatimisului.ro\/ruben-latcau-portavocea-gunoiului-ataca-fara-probe-pe-singurul-om-care-a-avut-curajul-sa-puna-stop-haosului-de-la-ghizela\/\" rel=\"bookmark\" title=\"Ruben La\u021bc\u0103u, portavocea gunoiului. Atac\u0103 f\u0103r\u0103 probe pe singurul om care a avut curajul s\u0103 pun\u0103 stop haosului de la Ghizela\">Ruben La\u021bc\u0103u, portavocea gunoiului. Atac\u0103 f\u0103r\u0103 probe pe singurul om care a avut curajul s\u0103 pun\u0103 stop haosului de la Ghizela<\/a><\/h3>\n<\/div>\n<\/div>\n<\/div>\n<\/div>\n<\/div>\n<\/div>\n<\/div>\n<\/div>\n<\/div>\n<\/div>\n<\/div>\n<p><span class=\"td-page-meta\"><\/span><span class=\"td-page-meta\"><span class=\"td-page-meta\"><\/span><\/span><span class=\"td-page-meta\"><\/span><\/article>\n<p> Source URL: https:\/\/voceatimisului.ro\/retim-ingroapa-saltele-si-moloz-la-ghizela-dar-arde-cetatenii-la-buzunar-cu-eticheta-rosie\/<\/p>\n","protected":false},"excerpt":{"rendered":"<p>Investiga\u021bii\u0218tiri Retim \u00eengroap\u0103 saltele \u0219i moloz la Ghizela, dar arde cet\u0103\u021benii la buzunar cu ETICHETA RO\u0218IE Reciclarea e pe h\u00e2rtie, realitatea e cu buldozerul. Pascu jur\u0103 c\u0103 \u201cinstala\u021biile func\u021bioneaz\u0103 normal\u201d, \u00een timp ce film\u0103rile \u0219i amenzile de la Mediu arat\u0103 levigat, poluare \u0219i groapa clasic\u0103 din anii \u201990. Autor-Radu Constantin 11 septembrie 2025 1 11735 [&hellip;]<\/p>\n","protected":false},"author":1,"featured_media":1305158,"comment_status":"open","ping_status":"","sticky":false,"template":"","format":"standard","meta":{"footnotes":""},"categories":[89],"tags":[199],"class_list":["post-1305157","post","type-post","status-publish","format-standard","has-post-thumbnail","hentry","category-romania","tag-voceatimisului-ro"],"_links":{"self":[{"href":"https:\/\/analyse.optim.biz\/index.php?rest_route=\/wp\/v2\/posts\/1305157","targetHints":{"allow":["GET"]}}],"collection":[{"href":"https:\/\/analyse.optim.biz\/index.php?rest_route=\/wp\/v2\/posts"}],"about":[{"href":"https:\/\/analyse.optim.biz\/index.php?rest_route=\/wp\/v2\/types\/post"}],"author":[{"embeddable":true,"href":"https:\/\/analyse.optim.biz\/index.php?rest_route=\/wp\/v2\/users\/1"}],"replies":[{"embeddable":true,"href":"https:\/\/analyse.optim.biz\/index.php?rest_route=%2Fwp%2Fv2%2Fcomments&post=1305157"}],"version-history":[{"count":0,"href":"https:\/\/analyse.optim.biz\/index.php?rest_route=\/wp\/v2\/posts\/1305157\/revisions"}],"wp:featuredmedia":[{"embeddable":true,"href":"https:\/\/analyse.optim.biz\/index.php?rest_route=\/wp\/v2\/media\/1305158"}],"wp:attachment":[{"href":"https:\/\/analyse.optim.biz\/index.php?rest_route=%2Fwp%2Fv2%2Fmedia&parent=1305157"}],"wp:term":[{"taxonomy":"category","embeddable":true,"href":"https:\/\/analyse.optim.biz\/index.php?rest_route=%2Fwp%2Fv2%2Fcategories&post=1305157"},{"taxonomy":"post_tag","embeddable":true,"href":"https:\/\/analyse.optim.biz\/index.php?rest_route=%2Fwp%2Fv2%2Ftags&post=1305157"}],"curies":[{"name":"wp","href":"https:\/\/api.w.org\/{rel}","templated":true}]}}