{"id":1305147,"date":"2025-09-13T05:00:56","date_gmt":"2025-09-13T02:00:56","guid":{"rendered":"https:\/\/analyse.optim.biz\/?p=1305147"},"modified":"2025-09-13T05:00:56","modified_gmt":"2025-09-13T02:00:56","slug":"adevarul-de-la-ghizela-dupa-retim-vs-realitatea-din-teren-minciuni-pe-hartie-levigat-pe-camp-si-bani-scosi-ilegal-din-buzunarul-timisenilor","status":"publish","type":"post","link":"https:\/\/analyse.optim.biz\/?p=1305147","title":{"rendered":"\u201eAdev\u0103rul de la Ghizela\u201d dup\u0103 RETIM vs. realitatea din teren: minciuni pe h\u00e2rtie, levigat pe c\u00e2mp \u0219i bani sco\u0219i ilegal din buzunarul timi\u0219enilor"},"content":{"rendered":"<article id=\"template-id-172790\" class=\"post-172790 tdb_templates type-tdb_templates status-publish post\">\n<div id=\"tdi_52\" class=\"tdc-zone\">\n<div class=\"tdc_zone tdi_53  wpb_row td-pb-row\">\n<div id=\"tdi_54\" class=\"tdc-row stretch_row_1400 td-stretch-content\">\n<div class=\"vc_row tdi_55  wpb_row td-pb-row tdc-element-style\">\n<div class=\"vc_column tdi_57  wpb_column vc_column_container tdc-column td-pb-span8\">\n<div class=\"wpb_wrapper\">\n<div class=\"td_block_wrap tdb_single_categories tdi_58 td-pb-border-top td_block_template_1 \" data-td-block-uid=\"tdi_58\">\n<div class=\"tdb-category td-fix-index\"><a class=\"tdb-entry-category\" href=\"https:\/\/voceatimisului.ro\/investigatii-stiri\/\">Investiga\u021bii<\/a><a class=\"tdb-entry-category\" href=\"https:\/\/voceatimisului.ro\/stiri-din-timisoara-si-timis\/\">\u0218tiri<\/a><\/div>\n<\/div>\n<div class=\"td_block_wrap tdb_title tdi_59 tdb-single-title td-pb-border-top td_block_template_1\" data-td-block-uid=\"tdi_59\">\n<div class=\"tdb-block-inner td-fix-index\">\n<h1 class=\"tdb-title-text\">\u201eAdev\u0103rul de la Ghizela\u201d dup\u0103 RETIM vs. realitatea din teren: minciuni pe h\u00e2rtie, levigat pe c\u00e2mp \u0219i bani sco\u0219i ilegal din buzunarul timi\u0219enilor<\/h1>\n<\/div>\n<\/div>\n<div class=\"td_block_wrap tdb_single_subtitle tdi_60 td-pb-border-top td_block_template_1\" data-td-block-uid=\"tdi_60\">\n<div class=\"tdb-block-inner td-fix-index\">\n<h2>Sta\u021bia de sortare \u00eenchis\u0103 din 2018, dar taxat\u0103 lunar pe facturi. Saltele \u0219i moloz \u00eengropate la groap\u0103, dar tarife \u201eeuropene\u201d la gunoi. RETIM ne spune c\u0103 nu exist\u0103 poluare cu levigat, \u00een timp ce Garda de Mediu \u00eei amendeaz\u0103 \u0219i film\u0103rile arat\u0103 b\u0103l\u021bi negre.<\/h2>\n<\/div>\n<\/div>\n<div class=\"vc_row_inner tdi_62  vc_row vc_inner wpb_row td-pb-row\">\n<div class=\"vc_column_inner tdi_64  wpb_column vc_column_container tdc-inner-column td-pb-span6\">\n<div class=\"vc_column-inner\">\n<div class=\"wpb_wrapper\">\n<div class=\"td_block_wrap tdb_single_author tdi_65 td-pb-border-top td_block_template_1 tdb-post-meta\" data-td-block-uid=\"tdi_65\">\n<div class=\"tdb-block-inner td-fix-index\">\n<div class=\"tdb-author-name-wrap\"><span class=\"tdb-author-by\">Autor-<\/span><a class=\"tdb-author-name\" href=\"https:\/\/voceatimisului.ro\/author\/cataadmin\/\">Radu Constantin<\/a><\/div>\n<\/div>\n<\/div>\n<div class=\"td_block_wrap tdb_single_date tdi_66 td-pb-border-top td_block_template_1 tdb-post-meta\" data-td-block-uid=\"tdi_66\">\n<div class=\"tdb-block-inner td-fix-index\"><time class=\"entry-date updated td-module-date\" datetime=\"2025-09-13T08:00:56+03:00\">13 septembrie 2025<\/time><\/div>\n<\/div>\n<div class=\"td_block_wrap tdb_single_comments_count tdi_67 td-pb-border-top td_block_template_1 tdb-post-meta\" data-td-block-uid=\"tdi_67\">\n<div class=\"tdb-block-inner td-fix-index\"><a href=\"https:\/\/voceatimisului.ro\/adevarul-de-la-ghizela-dupa-retim-vs-realitatea-din-teren-minciuni-pe-hartie-levigat-pe-camp-si-bani-scosi-ilegal-din-buzunarul-timisenilor\/#respond\"><span>0<\/span><\/a><\/div>\n<\/div>\n<div class=\"td_block_wrap tdb_single_post_views tdi_68 td-pb-border-top td_block_template_1 tdb-post-meta\" data-td-block-uid=\"tdi_68\">\n<div class=\"tdb-block-inner td-fix-index\"><span class=\"tdb-add-text\">1<\/span><span class=\"td-nr-views-175081\">1338<\/span><\/div>\n<\/div>\n<\/div>\n<\/div>\n<\/div>\n<div class=\"vc_column_inner tdi_70  wpb_column vc_column_container tdc-inner-column td-pb-span6\">\n<div class=\"vc_column-inner\">\n<div class=\"wpb_wrapper\">\n<div class=\"td_block_wrap tdb_single_post_share tdi_71  td-pb-border-top td_block_template_1\" data-td-block-uid=\"tdi_71\">\n<div id=\"tdi_71\" class=\"td-post-sharing tdb-block td-ps-bg td-ps-notext td-post-sharing-style1 \">\n<div class=\"td-post-sharing-visible\"><a class=\"td-social-sharing-button td-social-sharing-button-js td-social-network td-social-facebook\" href=\"https:\/\/www.facebook.com\/sharer.php?u=https%3A%2F%2Fvoceatimisului.ro%2Fadevarul-de-la-ghizela-dupa-retim-vs-realitatea-din-teren-minciuni-pe-hartie-levigat-pe-camp-si-bani-scosi-ilegal-din-buzunarul-timisenilor%2F\" title=\"Facebook\" rel=\"noopener\"><\/p>\n<div class=\"td-social-but-text\">Facebook<\/div>\n<p><\/a><a class=\"td-social-sharing-button td-social-sharing-button-js td-social-network td-social-twitter\" href=\"https:\/\/twitter.com\/intent\/tweet?text=%E2%80%9EAdev%C4%83rul+de+la+Ghizela%E2%80%9D+dup%C4%83+RETIM+vs.+realitatea+din+teren%3A+minciuni+pe+h%C3%A2rtie%2C+levigat+pe+c%C3%A2mp+%C8%99i+bani+sco%C8%99i+ilegal+din+buzunarul+timi%C8%99enilor&amp;url=https%3A%2F%2Fvoceatimisului.ro%2Fadevarul-de-la-ghizela-dupa-retim-vs-realitatea-din-teren-minciuni-pe-hartie-levigat-pe-camp-si-bani-scosi-ilegal-din-buzunarul-timisenilor%2F&amp;via=Vocea+Timisului\" title=\"Twitter\" rel=\"noopener\"><\/p>\n<div class=\"td-social-but-text\">Twitter<\/div>\n<p><\/a><a class=\"td-social-sharing-button td-social-sharing-button-js td-social-network td-social-pinterest\" href=\"https:\/\/pinterest.com\/pin\/create\/button\/?url=https:\/\/voceatimisului.ro\/adevarul-de-la-ghizela-dupa-retim-vs-realitatea-din-teren-minciuni-pe-hartie-levigat-pe-camp-si-bani-scosi-ilegal-din-buzunarul-timisenilor\/&amp;media=https:\/\/analyse.optim.biz\/wp-content\/uploads\/2026\/01\/maxresdefault-1.jpg&amp;description=%E2%80%9EAdev%C4%83rul+de+la+Ghizela%E2%80%9D+dup%C4%83+RETIM+vs.+realitatea+din+teren%3A+minciuni+pe+h%C3%A2rtie%2C+levigat+pe+c%C3%A2mp+%C8%99i+bani+sco%C8%99i+ilegal+din+buzunarul+timi%C8%99enilor\" title=\"Pinterest\" rel=\"noopener\"><\/p>\n<div class=\"td-social-but-text\">Pinterest<\/div>\n<p><\/a><a class=\"td-social-sharing-button td-social-sharing-button-js td-social-network td-social-whatsapp\" href=\"https:\/\/api.whatsapp.com\/send?text=%E2%80%9EAdev%C4%83rul+de+la+Ghizela%E2%80%9D+dup%C4%83+RETIM+vs.+realitatea+din+teren%3A+minciuni+pe+h%C3%A2rtie%2C+levigat+pe+c%C3%A2mp+%C8%99i+bani+sco%C8%99i+ilegal+din+buzunarul+timi%C8%99enilor%20%0A%0A%20https:\/\/voceatimisului.ro\/adevarul-de-la-ghizela-dupa-retim-vs-realitatea-din-teren-minciuni-pe-hartie-levigat-pe-camp-si-bani-scosi-ilegal-din-buzunarul-timisenilor\/\" title=\"WhatsApp\" rel=\"noopener\"><\/p>\n<div class=\"td-social-but-text\">WhatsApp<\/div>\n<p><\/a><a class=\"td-social-sharing-button td-social-sharing-button-js td-social-network td-social-linkedin\" href=\"https:\/\/www.linkedin.com\/shareArticle?mini=true&amp;url=https:\/\/voceatimisului.ro\/adevarul-de-la-ghizela-dupa-retim-vs-realitatea-din-teren-minciuni-pe-hartie-levigat-pe-camp-si-bani-scosi-ilegal-din-buzunarul-timisenilor\/&amp;title=%E2%80%9EAdev%C4%83rul+de+la+Ghizela%E2%80%9D+dup%C4%83+RETIM+vs.+realitatea+din+teren%3A+minciuni+pe+h%C3%A2rtie%2C+levigat+pe+c%C3%A2mp+%C8%99i+bani+sco%C8%99i+ilegal+din+buzunarul+timi%C8%99enilor\" title=\"Linkedin\" rel=\"noopener\"><\/p>\n<div class=\"td-social-but-text\">Linkedin<\/div>\n<p><\/a><a class=\"td-social-sharing-button td-social-sharing-button-js td-social-network td-social-copy_url\" href=\"https:\/\/voceatimisului.ro\/adevarul-de-la-ghizela-dupa-retim-vs-realitatea-din-teren-minciuni-pe-hartie-levigat-pe-camp-si-bani-scosi-ilegal-din-buzunarul-timisenilor\/\" title=\"Copy URL\" rel=\"noopener\"><\/p>\n<div class=\"td-social-but-text\">Copy URL<\/div>\n<p><\/a><\/div>\n<\/div>\n<\/div>\n<\/div>\n<\/div>\n<\/div>\n<\/div>\n<div class=\"td_block_wrap tdb_single_featured_image tdi_72 tdb-content-horiz-left td-pb-border-top td_block_template_1\" data-td-block-uid=\"tdi_72\">\n<div class=\"tdb-block-inner td-fix-index\"><img decoding=\"async\" width=\"696\" height=\"392\" class=\"entry-thumb\" src=\"https:\/\/analyse.optim.biz\/wp-content\/uploads\/2026\/01\/maxresdefault-1-696x392-2.jpg\" title=\"175081\" loading=\"lazy\"><\/div>\n<\/div>\n<div class=\"vc_row_inner tdi_74  vc_row vc_inner wpb_row td-pb-row\">\n<div class=\"vc_column_inner tdi_76  wpb_column vc_column_container tdc-inner-column td-pb-span4 td-is-sticky\">\n<div class=\"vc_column-inner\">\n<div class=\"wpb_wrapper\" data-sticky-enabled-on=\"W3RydWUsdHJ1ZSx0cnVlLHRydWVd\" data-sticky-offset=\"20\" data-sticky-is-width-auto=\"W2ZhbHNlLGZhbHNlLGZhbHNlLGZhbHNlXQ==\">\n<div class=\"td_block_wrap td_flex_block_1 tdi_77 td-pb-border-top td_block_template_1 td_ajax_preloading_preload td_flex_block\" data-td-block-uid=\"tdi_77\">\n<div id=\"tdi_77\" class=\"td_block_inner td-mc1-wrap\">\n<div class=\"td_module_flex td_module_flex_1 td_module_wrap td-animation-stack td-meta-info-hide td-cpt-post\">\n<div class=\"td-module-container td-category-pos-image\">\n<div class=\"td-module-meta-info\">\n<h3 class=\"entry-title td-module-title\"><a href=\"https:\/\/voceatimisului.ro\/directorul-care-chema-presa-la-politie-a-plecat-dan-pascu-nu-mai-conduce-retim\/\" rel=\"bookmark\" title=\"Directorul care chema presa la poli\u021bie a plecat. Dan Pascu nu mai conduce RETIM\">Directorul care chema presa la poli\u021bie a plecat. Dan Pascu nu mai conduce RETIM<\/a><\/h3>\n<\/div>\n<\/div>\n<\/div>\n<div class=\"td_module_flex td_module_flex_1 td_module_wrap td-animation-stack td-meta-info-hide td-cpt-post\">\n<div class=\"td-module-container td-category-pos-image\">\n<div class=\"td-module-meta-info\">\n<h3 class=\"entry-title td-module-title\"><a href=\"https:\/\/voceatimisului.ro\/retim-sfideaza-timisoara-utilajele-cjt-raman-sechestrate-legea-ramane-la-misto\/\" rel=\"bookmark\" title=\"Retim sfideaz\u0103 Timi\u0219oara, utilajele CJT r\u0103m\u00e2n sechestrate, legea r\u0103m\u00e2ne la mi\u0219to\">Retim sfideaz\u0103 Timi\u0219oara, utilajele CJT r\u0103m\u00e2n sechestrate, legea r\u0103m\u00e2ne la mi\u0219to<\/a><\/h3>\n<\/div>\n<\/div>\n<\/div>\n<div class=\"td_module_flex td_module_flex_1 td_module_wrap td-animation-stack td-meta-info-hide td-cpt-post\">\n<div class=\"td-module-container td-category-pos-image\">\n<div class=\"td-module-meta-info\">\n<h3 class=\"entry-title td-module-title\"><a href=\"https:\/\/voceatimisului.ro\/retim-sfideaza-legea-si-institutiile-din-timis-foloseste-echipamente-publice-fara-drept-si-blocheaza-accesul-la-informatii\/\" rel=\"bookmark\" title=\"RETIM sfideaz\u0103 legea \u0219i institu\u021biile din Timi\u0219, folose\u0219te echipamente publice f\u0103r\u0103 drept \u0219i blocheaz\u0103 accesul la informa\u021bii\">RETIM sfideaz\u0103 legea \u0219i institu\u021biile din Timi\u0219, folose\u0219te echipamente publice f\u0103r\u0103 drept \u0219i blocheaz\u0103 accesul la informa\u021bii<\/a><\/h3>\n<\/div>\n<\/div>\n<\/div>\n<div class=\"td_module_flex td_module_flex_1 td_module_wrap td-animation-stack td-meta-info-hide td-cpt-post\">\n<div class=\"td-module-container td-category-pos-image\">\n<div class=\"td-module-meta-info\">\n<h3 class=\"entry-title td-module-title\"><a href=\"https:\/\/voceatimisului.ro\/retim-arunca-oamenii-la-gunoi-apoi-pretinde-ca-i-a-transferat\/\" rel=\"bookmark\" title=\"RETIM arunc\u0103 oamenii la gunoi, apoi pretinde c\u0103 i-a \u201etransferat\u201d\">RETIM arunc\u0103 oamenii la gunoi, apoi pretinde c\u0103 i-a \u201etransferat\u201d<\/a><\/h3>\n<\/div>\n<\/div>\n<\/div>\n<\/div>\n<\/div>\n<div class=\"tdb-author-box td_block_wrap tdb_single_author_box tdi_82 tdb-content-vert-top td-pb-border-top td_block_template_1\" data-td-block-uid=\"tdi_82\">\n<div class=\"tdb-block-inner td-fix-index\">\n<div class=\"tdb-author-info\"><a href=\"https:\/\/voceatimisului.ro\/author\/cataadmin\/\" class=\"tdb-author-name\">Radu Constantin<\/a><a href=\"http:\/\/www.voceatimisului.ro\" rel=\"nofollow\" class=\"tdb-author-url\">http:\/\/www.voceatimisului.ro<\/a><\/p>\n<div class=\"tdb-author-descr\">\u00centreaga responsabilitate a comentariilor l\u0103sate de dumneavoastr\u0103 v\u0103 apar\u021bine!<br \/>\nClick <a href=\"https:\/\/voceatimisului.ro\/termeni-si-conditii\/\">aici<\/a>-citeste condi\u0163iile de utilizare ale site-ului www.voceatimisului.ro<\/div>\n<\/div>\n<\/div>\n<\/div>\n<\/div>\n<\/div>\n<\/div>\n<div class=\"vc_column_inner tdi_84  wpb_column vc_column_container tdc-inner-column td-pb-span8\">\n<div class=\"vc_column-inner\">\n<div class=\"wpb_wrapper\">\n<div class=\"td_block_wrap tdb_single_content tdi_85 td-pb-border-top td_block_template_1 td-post-content tagdiv-type\" data-td-block-uid=\"tdi_85\">\n<div class=\"tdb-block-inner td-fix-index\">\n<h3 class=\"wp-block-heading\">RETIM a ie\u0219it la ramp\u0103 cu un text pompos pe site-ul propriu, intitulat <a href=\"https:\/\/retim.ro\/adevarul-despre-depozitul-ghizela-si-deseurile-judetului-timis\/?fbclid=IwY2xjawMxxilleHRuA2FlbQIxMABicmlkETF0VmNGVG1ZTHZOcmNnRzN1AR6vomuHiT2__8kZ3ExOxozo1jBbe0ykkBLSygGoz6rDkOm1P91r9m6vL0zLhw_aem_ue-J7GTQY-Yi0GqG2OtmxQ\" target=\"_blank\" rel=\"noreferrer noopener\">\u201eAdev\u0103rul despre depozitul Ghizela \u0219i de\u0219eurile din Timi\u0219\u201d,<\/a> un material care ar trebui s\u0103 lini\u0219teasc\u0103 popula\u021bia \u0219i s\u0103 albeasc\u0103 imaginea companiei, dar care, citit cu aten\u021bie \u0219i confruntat cu faptele, se transform\u0103 \u00eentr-un document de auto-incriminare, plin de contradic\u021bii \u0219i minciuni oficiale. \u00cen timp ce pe h\u00e2rtie totul e \u201esub control\u201d, \u00een teren curge levigatul, saltelele \u0219i molozul se \u00eengroap\u0103 la gr\u0103mad\u0103, iar cet\u0103\u021benii pl\u0103tesc lunar pe facturi servicii care nu exist\u0103 nici m\u0103car pe h\u00e2rtie, dar\u0103mite \u00een realitate.<\/h3>\n<p>\u00cen comunicatul lor, RETIM recunoa\u0219te cu propria gur\u0103 c\u0103 Sta\u021bia de Sortare Timi\u0219oara <strong><em>\u201enu a func\u021bionat practic din 2018\u201d.<\/em><\/strong> \u0218apte ani de zile, instala\u021bia care ar fi trebuit s\u0103 sorteze peste 60.000 tone\/an de de\u0219euri a stat blocat\u0103, dar pe facturile timi\u0219orenilor apar lunar taxe pentru sortare mecanic\u0103, sortare, tratare mecanobiologic\u0103 \u0219i alte proceduri care, \u00een realitate, nu se fac. Cu alte cuvinte, cet\u0103\u021benii pl\u0103tesc pentru o sta\u021bie fantom\u0103, iar RETIM \u00eencaseaz\u0103 sume uria\u0219e pentru servicii fictive, girate de ADID \u0219i Consiliul Jude\u021bean.<\/p>\n<p>RETIM sus\u021bine \u00een materialul de PR c\u0103 de\u0219eurile voluminoase sunt colectate separat, prin campanii dedicate. <a href=\"https:\/\/voceatimisului.ro\/retim-ingroapa-saltele-si-moloz-la-ghizela-dar-arde-cetatenii-la-buzunar-cu-eticheta-rosie\/\" target=\"_blank\" rel=\"noreferrer noopener\">Realitatea filmat\u0103 la fa\u021ba locului arat\u0103 exact opusul:<\/a> saltele, moloz, plastic \u0219i resturi de mobil\u0103 aruncate direct \u00een groap\u0103, acoperite cu un strat sub\u021bire de p\u0103m\u00e2nt, ca \u00een anii \u201990. Garda de Mediu a aplicat o amend\u0103 de 100.000 lei pentru aceste practici, dar compania vorbe\u0219te \u00een continuare de \u201ecampanii civilizate\u201d \u0219i \u201estandard european\u201d. Standardul european pare s\u0103 fie acela al \u00eengrop\u0103rii minciunii sub un strat de p\u0103m\u00e2nt b\u0103t\u0103torit.<\/p>\n<h4 class=\"wp-block-heading\">Levigatul \u2013 \u201enu exist\u0103 poluare\u201d, dar b\u0103l\u021bile negre vorbesc singure<\/h4>\n<p>Una dintre cele mai mari gogori\u021be din comunicatul RETIM e fraza<strong><em> \u201enu exist\u0103 poluare cu levigat la Ghizela\u201d.<\/em><\/strong> Numai c\u0103 imaginile video arat\u0103 scurgeri negre, b\u0103l\u021bi puturoase \u0219i infiltr\u0103ri \u00een sol, fix l\u00e2ng\u0103 depozit. Garda de Mediu a sanc\u021bionat cu 100.000 lei operatorul, confirm\u00e2nd ceea ce to\u021bi localnicii simt de ani de zile: miros pestilen\u021bial, risc de contaminare a solului \u0219i apei freatice, iar RETIM continu\u0103 s\u0103 jure c\u0103 <strong><em>\u201enu exist\u0103 poluare\u201d.<\/em><\/strong> Dac\u0103 nu e levigat, atunci ce curge acolo, ap\u0103 plat\u0103 cu reziduu fix zero?<\/p>\n<p>RETIM mai afirm\u0103 c\u0103 Celula 2 de la Ghizela este la 90% capacitate, dar c\u0103 mai are \u00eenc\u0103 1-2 ani de via\u021b\u0103, pentru c\u0103 operatorul gestioneaz\u0103 responsabil resturile de la sortare. Realitatea e c\u0103 \u00een 7 ani de inactivitate a Sta\u021biei de Sortare Timi\u0219oara, peste 400.000 tone de de\u0219euri au fost trimise direct la groap\u0103, scurt\u00e2nd dramatic durata de func\u021bionare a depozitului. Matematica lor este simpl\u0103: c\u00e2nd groapa e aproape plin\u0103, totul e \u201esub control\u201d, dar \u00een final nota de plat\u0103 vine tot la cet\u0103\u021bean, prin tarife crescute \u0219i transport \u00een alte jude\u021be.<\/p>\n<p>Comunicatul RETIM vorbe\u0219te de adev\u0103r, dar realitatea arat\u0103 un tablou grotesc: o sta\u021bie de sortare \u00eenchis\u0103 din 2018 dar facturat\u0103 \u00een continuare, de\u0219euri voluminoase \u00eengropate cu buldozerul, levigat scurs \u00een sol, amend\u0103 de 100.000 lei de la Garda de Mediu \u0219i un depozit aproape plin. \u00cen loc s\u0103 r\u0103spund\u0103 la \u00eentreb\u0103ri, compania paseaz\u0103 vina pe cet\u0103\u021beni, acuz\u00e2ndu-i c\u0103 nu sorteaz\u0103 corect. \u00centrebarea final\u0103 e simpl\u0103: cine r\u0103spunde pentru furtul legalizat din buzunarele timi\u0219enilor \u0219i pentru poluarea care se scurge la Ghizela, \u00een timp ce oficialii ne c\u00e2nt\u0103 povestea cu \u201eadev\u0103rul\u201d?<\/p>\n<h4 class=\"wp-block-heading\">Avem datele clare:<\/h4>\n<p><strong>Capacitatea liniei de sortare reciclabile<\/strong>: 25.000 tone\/an.<\/p>\n<p><strong>Perioad\u0103 de nefunc\u021bionare<\/strong>: octombrie 2023 \u2013 aprilie 2025 = <strong>18 luni<\/strong> (adic\u0103 1,5 ani).<\/p>\n<p><strong>Tarif facturat pentru sortare<\/strong> (din facturi): aproximativ <strong>5,04 lei\/ton\u0103<\/strong> pentru sortare + <strong>8 lei\/ton\u0103<\/strong> pentru sortare mecanic\u0103.<br \/>\u2192 \u00een total, <strong>13,04 lei\/ton\u0103<\/strong>.<\/p>\n<h4 class=\"wp-block-heading\">Calcul pas cu pas<\/h4>\n<ol class=\"wp-block-list\">\n<li><strong>Cantitatea anual\u0103 ce trebuia sortat\u0103<\/strong>: 25.000 tone.<\/li>\n<li><strong>Cantitatea pe 18 luni (1,5 ani)<\/strong>:<br \/>25.000 tone \u00d7 1,5 = <strong>37.500 tone<\/strong>.<\/li>\n<li><strong>Suma facturat\u0103 pentru sortare (pe ton\u0103)<\/strong>:<br \/>13,04 lei \u00d7 37.500 tone = <strong>489.000 lei<\/strong> (aproape jum\u0103tate de milion de lei).<\/li>\n<\/ol>\n<p>RETIM a \u00eencasat <strong>aproape 500.000 lei<\/strong> \u00een 18 luni pentru servicii de sortare a reciclabilelor care nu s-au prestat deloc.<\/p>\n<p>\u0218i asta e doar <strong>pe linia de sortare a reciclabilelor din Timi\u0219oara<\/strong>. Dac\u0103 adun\u0103m \u0219i alte linii (tratare mecanobiologic\u0103, CEC, sortare mecanic\u0103 etc.), prejudiciul real sare u\u0219or de <strong>1 milion de lei<\/strong>, bani pl\u0103ti\u021bi de timi\u0219eni pentru o sta\u021bie care a stat moart\u0103 cu lunile.<\/p>\n<figure class=\"wp-block-embed is-type-video is-provider-youtube wp-block-embed-youtube wp-embed-aspect-16-9 \">\n<div class=\"wp-block-embed__wrapper\"><span class=\"flying-press-youtube\" data-src=\"https:\/\/www.youtube.com\/embed\/YvnTc88hc_8?feature=oembed&amp;autoplay=1\"><img decoding=\"async\" src=\"https:\/\/analyse.optim.biz\/wp-content\/uploads\/2026\/01\/4ee134048ca31c17a8038a01b5fc5195.jpg\" width=\"1280\" height=\"720\" alt=\"\u201eAdev\u0103rul de la Ghizela\u201d dup\u0103 RETIM vs. realitatea din teren\" loading=\"lazy\" title=\"4ee134048ca31c17a8038a01b5fc5195\"><\/span><\/div>\n<\/figure>\n<div><a href=\"https:\/\/analyse.optim.biz\/wp-content\/uploads\/2026\/01\/tarif-facturat-pentru-sortare-1024x884-1.webp\" class=\"td-modal-image\"><\/p>\n<figure class=\"wp-block-image size-large\"><img decoding=\"async\" width=\"1024\" height=\"884\" src=\"https:\/\/analyse.optim.biz\/wp-content\/uploads\/2026\/01\/tarif-facturat-pentru-sortare-1024x884-1.webp\" alt=\"\u201eAdev\u0103rul de la Ghizela\u201d dup\u0103 RETIM vs. realitatea din teren: minciuni pe h\u00e2rtie, levigat pe c\u00e2mp \u0219i bani sco\u0219i ilegal din buzunarul timi\u0219enilor\" class=\"wp-image-175087\" loading=\"lazy\" title=\"tarif-facturat-pentru-sortare-1024x884-1\"><\/figure>\n<p><\/a><\/div>\n<\/div>\n<\/div>\n<div class=\"td_block_wrap tdb_single_tags tdi_88 td-pb-border-top td_block_template_1\" data-td-block-uid=\"tdi_88\">\n<div class=\"tdb-block-inner td-fix-index\">\n<ul class=\"tdb-tags\">\n<li><span>Tags<\/span><\/li>\n<li><a href=\"https:\/\/voceatimisului.ro\/tag\/ghizela\/\">ghizela<\/a><\/li>\n<li><a href=\"https:\/\/voceatimisului.ro\/tag\/levigat\/\">levigat<\/a><\/li>\n<li><a href=\"https:\/\/voceatimisului.ro\/tag\/retim\/\">retim<\/a><\/li>\n<li><a href=\"https:\/\/voceatimisului.ro\/tag\/statia-de-sortare\/\">statia de sortare<\/a><\/li>\n<\/ul>\n<\/div>\n<\/div>\n<div class=\"td_block_wrap tdb_single_post_share tdi_89  td-pb-border-top td_block_template_1\" data-td-block-uid=\"tdi_89\">\n<div id=\"tdi_89\" class=\"td-post-sharing tdb-block td-ps-bg td-ps-notext td-post-sharing-style1 \">\n<div class=\"td-post-sharing-visible\"><a class=\"td-social-sharing-button td-social-sharing-button-js td-social-network td-social-facebook\" href=\"https:\/\/www.facebook.com\/sharer.php?u=https%3A%2F%2Fvoceatimisului.ro%2Fadevarul-de-la-ghizela-dupa-retim-vs-realitatea-din-teren-minciuni-pe-hartie-levigat-pe-camp-si-bani-scosi-ilegal-din-buzunarul-timisenilor%2F\" title=\"Facebook\" rel=\"noopener\"><\/p>\n<div class=\"td-social-but-text\">Facebook<\/div>\n<p><\/a><a class=\"td-social-sharing-button td-social-sharing-button-js td-social-network td-social-twitter\" href=\"https:\/\/twitter.com\/intent\/tweet?text=%E2%80%9EAdev%C4%83rul+de+la+Ghizela%E2%80%9D+dup%C4%83+RETIM+vs.+realitatea+din+teren%3A+minciuni+pe+h%C3%A2rtie%2C+levigat+pe+c%C3%A2mp+%C8%99i+bani+sco%C8%99i+ilegal+din+buzunarul+timi%C8%99enilor&amp;url=https%3A%2F%2Fvoceatimisului.ro%2Fadevarul-de-la-ghizela-dupa-retim-vs-realitatea-din-teren-minciuni-pe-hartie-levigat-pe-camp-si-bani-scosi-ilegal-din-buzunarul-timisenilor%2F&amp;via=Vocea+Timisului\" title=\"Twitter\" rel=\"noopener\"><\/p>\n<div class=\"td-social-but-text\">Twitter<\/div>\n<p><\/a><a class=\"td-social-sharing-button td-social-sharing-button-js td-social-network td-social-pinterest\" href=\"https:\/\/pinterest.com\/pin\/create\/button\/?url=https:\/\/voceatimisului.ro\/adevarul-de-la-ghizela-dupa-retim-vs-realitatea-din-teren-minciuni-pe-hartie-levigat-pe-camp-si-bani-scosi-ilegal-din-buzunarul-timisenilor\/&amp;media=https:\/\/analyse.optim.biz\/wp-content\/uploads\/2026\/01\/maxresdefault-1.jpg&amp;description=%E2%80%9EAdev%C4%83rul+de+la+Ghizela%E2%80%9D+dup%C4%83+RETIM+vs.+realitatea+din+teren%3A+minciuni+pe+h%C3%A2rtie%2C+levigat+pe+c%C3%A2mp+%C8%99i+bani+sco%C8%99i+ilegal+din+buzunarul+timi%C8%99enilor\" title=\"Pinterest\" rel=\"noopener\"><\/p>\n<div class=\"td-social-but-text\">Pinterest<\/div>\n<p><\/a><a class=\"td-social-sharing-button td-social-sharing-button-js td-social-network td-social-whatsapp\" href=\"https:\/\/api.whatsapp.com\/send?text=%E2%80%9EAdev%C4%83rul+de+la+Ghizela%E2%80%9D+dup%C4%83+RETIM+vs.+realitatea+din+teren%3A+minciuni+pe+h%C3%A2rtie%2C+levigat+pe+c%C3%A2mp+%C8%99i+bani+sco%C8%99i+ilegal+din+buzunarul+timi%C8%99enilor%20%0A%0A%20https:\/\/voceatimisului.ro\/adevarul-de-la-ghizela-dupa-retim-vs-realitatea-din-teren-minciuni-pe-hartie-levigat-pe-camp-si-bani-scosi-ilegal-din-buzunarul-timisenilor\/\" title=\"WhatsApp\" rel=\"noopener\"><\/p>\n<div class=\"td-social-but-text\">WhatsApp<\/div>\n<p><\/a><a class=\"td-social-sharing-button td-social-sharing-button-js td-social-network td-social-linkedin\" href=\"https:\/\/www.linkedin.com\/shareArticle?mini=true&amp;url=https:\/\/voceatimisului.ro\/adevarul-de-la-ghizela-dupa-retim-vs-realitatea-din-teren-minciuni-pe-hartie-levigat-pe-camp-si-bani-scosi-ilegal-din-buzunarul-timisenilor\/&amp;title=%E2%80%9EAdev%C4%83rul+de+la+Ghizela%E2%80%9D+dup%C4%83+RETIM+vs.+realitatea+din+teren%3A+minciuni+pe+h%C3%A2rtie%2C+levigat+pe+c%C3%A2mp+%C8%99i+bani+sco%C8%99i+ilegal+din+buzunarul+timi%C8%99enilor\" title=\"Linkedin\" rel=\"noopener\"><\/p>\n<div class=\"td-social-but-text\">Linkedin<\/div>\n<p><\/a><a class=\"td-social-sharing-button td-social-sharing-button-js td-social-network td-social-copy_url\" href=\"https:\/\/voceatimisului.ro\/adevarul-de-la-ghizela-dupa-retim-vs-realitatea-din-teren-minciuni-pe-hartie-levigat-pe-camp-si-bani-scosi-ilegal-din-buzunarul-timisenilor\/\" title=\"Copy URL\" rel=\"noopener\"><\/p>\n<div class=\"td-social-but-text\">Copy URL<\/div>\n<p><\/a><\/div>\n<\/div>\n<\/div>\n<div class=\"td_block_wrap tdb_single_next_prev tdi_90 td-animation-stack td-next-prev-img-on td-pb-border-top td_block_template_1\" data-td-block-uid=\"tdi_90\">\n<div class=\"tdb-block-inner td-fix-index\">\n<div class=\"tdb-next-post tdb-next-post-bg tdb-post-prev\"><span>Articolul precedent<\/span><\/p>\n<div class=\"td-module-container\">\n<div class=\"td-image-container\"><a class=\"td-image-wrap\" href=\"https:\/\/voceatimisului.ro\/scoala-constantin-paunescu-recas-modernizata-cu-peste-7-milioane-lei-panouri-fotovoltaice-izolatie-termica-si-conditii-demne-pentru-elevi\/\"><img loading=\"lazy\" decoding=\"async\" class=\"td-next-prev-image td-fix-index td-lazy-img\" title=\"\u0218coala \u201eConstantin P\u0103unescu\u201d Reca\u0219, modernizat\u0103 cu peste 7 milioane lei: panouri fotovoltaice, izola\u021bie termic\u0103 \u0219i condi\u021bii demne pentru elevi\" width=\"696\" height=\"464\" src=\"https:\/\/analyse.optim.biz\/wp-content\/uploads\/2026\/01\/scoala-constantin-paunescu-recas-1-696x464-1.webp\"><\/a><\/div>\n<div class=\"next-prev-title\"><a href=\"https:\/\/voceatimisului.ro\/scoala-constantin-paunescu-recas-modernizata-cu-peste-7-milioane-lei-panouri-fotovoltaice-izolatie-termica-si-conditii-demne-pentru-elevi\/\">\u0218coala \u201eConstantin P\u0103unescu\u201d Reca\u0219, modernizat\u0103 cu peste 7 milioane lei: panouri fotovoltaice, izola\u021bie termic\u0103 \u0219i condi\u021bii demne pentru elevi<\/a><\/div>\n<\/div>\n<\/div>\n<div class=\"tdb-next-post tdb-next-post-bg tdb-post-next\"><span>Articolul urm\u0103tor<\/span><\/p>\n<div class=\"td-module-container\">\n<div class=\"td-image-container\"><a class=\"td-image-wrap\" href=\"https:\/\/voceatimisului.ro\/ignea-incaseaza-petolea-recunoaste-2-330-lei-pe-luna-pentru-postari-ascunse-la-stpt\/\"><img loading=\"lazy\" decoding=\"async\" class=\"td-next-prev-image td-fix-index td-lazy-img\" title=\"Ignea \u00eencaseaz\u0103, Petolea recunoa\u0219te: 2.330 lei pe lun\u0103 pentru post\u0103ri ascunse la STPT\" width=\"696\" height=\"321\" src=\"https:\/\/analyse.optim.biz\/wp-content\/uploads\/2026\/01\/flavius-sebastian-ignea-696x321-2.webp\"><\/a><\/div>\n<div class=\"next-prev-title\"><a href=\"https:\/\/voceatimisului.ro\/ignea-incaseaza-petolea-recunoaste-2-330-lei-pe-luna-pentru-postari-ascunse-la-stpt\/\">Ignea \u00eencaseaz\u0103, Petolea recunoa\u0219te: 2.330 lei pe lun\u0103 pentru post\u0103ri ascunse la STPT<\/a><\/div>\n<\/div>\n<\/div>\n<\/div>\n<\/div>\n<\/div>\n<\/div>\n<\/div>\n<\/div>\n<div class=\"vc_row_inner tdi_100  vc_row vc_inner wpb_row td-pb-row\">\n<div class=\"vc_column_inner tdi_102  wpb_column vc_column_container tdc-inner-column td-pb-span4 td-is-sticky\">\n<div class=\"vc_column-inner\">\n<div class=\"wpb_wrapper\" data-sticky-enabled-on=\"W3RydWUsdHJ1ZSx0cnVlLHRydWVd\" data-sticky-offset=\"20\" data-sticky-is-width-auto=\"W2ZhbHNlLGZhbHNlLGZhbHNlLGZhbHNlXQ==\">\n<div class=\"td_block_wrap tdb_single_related tdi_103 td_with_ajax_pagination td-pb-border-top td_block_template_1 tdb-single-related-posts\" data-td-block-uid=\"tdi_103\">\n<div id=\"tdi_103\" class=\"td_block_inner tdb-block-inner td-fix-index\">\n<div class=\"tdb_module_related td_module_wrap td-animation-stack td-meta-info-hide\">\n<div class=\"td-module-container td-category-pos-image\">\n<div class=\"td-module-meta-info\">\n<h3 class=\"entry-title td-module-title\"><a href=\"https:\/\/voceatimisului.ro\/retim-si-polaris-acuzatii-directe-in-cj-timis-simonis-nu-ne-lasam-santajati-de-mafia-gunoaielor\/\" rel=\"bookmark\" title=\"RETIM \u0219i Polaris, acuza\u021bii directe \u00een CJ Timi\u0219. Simonis: nu ne l\u0103s\u0103m \u0219antaja\u021bi de \u201emafia gunoaielor\u201d\">RETIM \u0219i Polaris, acuza\u021bii directe \u00een CJ Timi\u0219. Simonis: nu ne l\u0103s\u0103m \u0219antaja\u021bi de \u201emafia gunoaielor\u201d<\/a><\/h3>\n<\/div>\n<\/div>\n<\/div>\n<div class=\"tdb_module_related td_module_wrap td-animation-stack td-meta-info-hide\">\n<div class=\"td-module-container td-category-pos-image\">\n<div class=\"td-module-meta-info\">\n<h3 class=\"entry-title td-module-title\"><a href=\"https:\/\/voceatimisului.ro\/retim-a-plecat-din-timisoara-sub-nasul-consiliului-local\/\" rel=\"bookmark\" title=\"RETIM a plecat din Timi\u0219oara sub nasul Consiliului Local\">RETIM a plecat din Timi\u0219oara sub nasul Consiliului Local<\/a><\/h3>\n<\/div>\n<\/div>\n<\/div>\n<div class=\"tdb_module_related td_module_wrap td-animation-stack td-meta-info-hide\">\n<div class=\"td-module-container td-category-pos-image\">\n<div class=\"td-module-meta-info\">\n<h3 class=\"entry-title td-module-title\"><a href=\"https:\/\/voceatimisului.ro\/retim-si-a-mutat-sediul-in-oradea-timisoara-pierde-taxe-administratia-fritz-tace\/\" rel=\"bookmark\" title=\"RETIM \u0219i-a mutat sediul \u00een Oradea. Timi\u0219oara pierde taxe, administra\u021bia Fritz tace\">RETIM \u0219i-a mutat sediul \u00een Oradea. Timi\u0219oara pierde taxe, administra\u021bia Fritz tace<\/a><\/h3>\n<\/div>\n<\/div>\n<\/div>\n<\/div>\n<\/div>\n<\/div>\n<\/div>\n<\/div>\n<div class=\"vc_column_inner tdi_105  wpb_column vc_column_container tdc-inner-column td-pb-span8\">\n<div class=\"vc_column-inner\">\n<div class=\"wpb_wrapper\">\n<div class=\"td_block_wrap tdb_single_comments tdi_106 tdb-comm-layout2 td-pb-border-top td_block_template_2\" data-td-block-uid=\"tdi_106\">\n<div class=\"tdb-block-inner td-fix-index\">\n<div class=\"comments\" id=\"comments\">\n<div id=\"respond\" class=\"comment-respond\">\n<h3 id=\"reply-title\" class=\"comment-reply-title\">L\u0102SA\u021aI UN MESAJ <small><a rel=\"nofollow\" id=\"cancel-comment-reply-link\" href=\"https:\/\/voceatimisului.ro\/adevarul-de-la-ghizela-dupa-retim-vs-realitatea-din-teren-minciuni-pe-hartie-levigat-pe-camp-si-bani-scosi-ilegal-din-buzunarul-timisenilor\/#respond\">Renun\u021ba\u021bi la r\u0103spuns<\/a><\/small><\/h3>\n<div class=\"comment-form-input-wrap td-form-comment\">\n<div class=\"td-warning-comment\">V\u0103 rug\u0103m s\u0103 introduce\u021bi comentariul dvs.!<\/div>\n<\/div>\n<div class=\"comment-form-input-wrap td-form-author\">\n<div class=\"td-warning-author\">Introduce\u021bi aici numele dvs.<\/div>\n<\/div>\n<div class=\"comment-form-input-wrap td-form-email\">\n<div class=\"td-warning-email-error\">A\u021bi introdus o adres\u0103 de e-mail incorect\u0103!<\/div>\n<div class=\"td-warning-email\">V\u0103 rug\u0103m s\u0103 introduce\u021bi adresa dvs. de e-mail aici<\/div>\n<\/div>\n<\/div>\n<\/div>\n<\/div>\n<\/div>\n<\/div>\n<\/div>\n<\/div>\n<\/div>\n<\/div>\n<\/div>\n<div class=\"vc_column tdi_108  wpb_column vc_column_container tdc-column td-pb-span4 td-is-sticky\">\n<div class=\"wpb_wrapper\" data-sticky-enabled-on=\"W3RydWUsdHJ1ZSx0cnVlLHRydWVd\" data-sticky-offset=\"20\" data-sticky-is-width-auto=\"W2ZhbHNlLGZhbHNlLGZhbHNlLGZhbHNlXQ==\">\n<div class=\"vc_row_inner tdi_110  vc_row vc_inner wpb_row td-pb-row\">\n<div class=\"vc_column_inner tdi_112  wpb_column vc_column_container tdc-inner-column td-pb-span12\">\n<div class=\"vc_column-inner\">\n<div class=\"wpb_wrapper\">\n<div class=\"td_block_wrap td_block_title tdi_113 td-pb-border-top td_block_template_11 td-fix-index\" data-td-block-uid=\"tdi_113\">\n<div class=\"td-block-title-wrap\">\n<h4 class=\"td-block-title\"><span class=\"td-pulldown-size\">ANUN\u021aURI \u0218I PUBLICITATE<\/span><\/h4>\n<\/div>\n<\/div>\n<\/div>\n<\/div>\n<\/div>\n<\/div>\n<div class=\"wpb_wrapper td_block_wrap vc_widget_sidebar tdi_115 \">\n<aside id=\"block-10\" class=\"td_block_template_1 widget block-10 widget_block widget_media_image\">\n<figure class=\"wp-block-image size-full\"><a href=\"https:\/\/adpghiroda.ro\/index.html\" target=\"_blank\" rel=\" noreferrer noopener\"><img fetchpriority=\"high\" decoding=\"async\" loading=\"eager\" width=\"960\" height=\"960\" src=\"https:\/\/analyse.optim.biz\/wp-content\/uploads\/2026\/01\/adp-ghiroda2-107.jpg\" class=\"wp-image-171492\" title=\"adp-ghiroda2-107\"><\/a><\/figure>\n<\/aside>\n<aside id=\"block-11\" class=\"td_block_template_1 widget block-11 widget_block widget_media_image\">\n<figure class=\"wp-block-image size-full\"><a href=\"https:\/\/adpghiroda.ro\/index.html\" target=\"_blank\" rel=\" noreferrer noopener\"><img decoding=\"async\" loading=\"lazy\" width=\"960\" height=\"960\" src=\"https:\/\/analyse.optim.biz\/wp-content\/uploads\/2026\/01\/adp-ghiroda1-107.jpg\" class=\"wp-image-171491\" title=\"adp-ghiroda1-107\"><\/a><\/figure>\n<\/aside>\n<aside id=\"block-17\" class=\"td_block_template_1 widget block-17 widget_block widget_media_image\">\n<figure class=\"wp-block-image size-large is-resized\"><a href=\"https:\/\/verde.events\/\" target=\"_blank\" rel=\" noreferrer noopener\"><img decoding=\"async\" loading=\"lazy\" width=\"1024\" height=\"683\" src=\"https:\/\/analyse.optim.biz\/wp-content\/uploads\/2026\/01\/verde-events-24-1024x683-1-92.jpg\" alt=\"Verde Events\" class=\"wp-image-174395\" title=\"verde-events-24-1024x683-1-92\"><\/a><figcaption class=\"wp-element-caption\"><strong><em>O experien\u021b\u0103 unic\u0103 pentru orice tip de eveniment<\/em><\/strong><\/figcaption><\/figure>\n<\/aside>\n<\/div>\n<div class=\"td_block_wrap td_flex_block_1 tdi_121 td-pb-border-top td_block_template_1 td_ajax_preloading_preload td_flex_block\" data-td-block-uid=\"tdi_121\">\n<div id=\"tdi_121\" class=\"td_block_inner td-mc1-wrap\">\n<div class=\"td_module_flex td_module_flex_1 td_module_wrap td-animation-stack td-meta-info-hide td-cpt-post\">\n<div class=\"td-module-container td-category-pos-image\">\n<div class=\"td-module-meta-info\">\n<h3 class=\"entry-title td-module-title\"><a href=\"https:\/\/voceatimisului.ro\/retim-a-pierdut-ghizela-groapa-veche-inchisa-definitiv-interesele-afectate-au-declansat-reactii-in-presa\/\" rel=\"bookmark\" title=\"Retim a pierdut Ghizela. Groapa veche, \u00eenchis\u0103 definitiv. Interesele afectate au declan\u0219at reac\u021bii \u00een pres\u0103\">Retim a pierdut Ghizela. Groapa veche, \u00eenchis\u0103 definitiv. Interesele afectate au declan\u0219at reac\u021bii \u00een pres\u0103<\/a><\/h3>\n<\/div>\n<\/div>\n<\/div>\n<div class=\"td_module_flex td_module_flex_1 td_module_wrap td-animation-stack td-meta-info-hide td-cpt-post\">\n<div class=\"td-module-container td-category-pos-image\">\n<div class=\"td-module-meta-info\">\n<h3 class=\"entry-title td-module-title\"><a href=\"https:\/\/voceatimisului.ro\/usr-plange-de-mila-retim-cjt-ii-trimite-in-instanta\/\" rel=\"bookmark\" title=\"USR pl\u00e2nge de mila RETIM, CJT \u00eei trimite \u00een instan\u021b\u0103\">USR pl\u00e2nge de mila RETIM, CJT \u00eei trimite \u00een instan\u021b\u0103<\/a><\/h3>\n<\/div>\n<\/div>\n<\/div>\n<div class=\"td_module_flex td_module_flex_1 td_module_wrap td-animation-stack td-meta-info-hide td-cpt-post\">\n<div class=\"td-module-container td-category-pos-image\">\n<div class=\"td-module-meta-info\">\n<h3 class=\"entry-title td-module-title\"><a href=\"https:\/\/voceatimisului.ro\/retim-lectie-de-ipocrizie-intimideaza-presa-ignora-sindicatul-si-ajunge-in-instanta-cu-cj-timis\/\" rel=\"bookmark\" title=\"RETIM, lec\u021bie de ipocrizie: intimideaz\u0103 presa, ignor\u0103 sindicatul \u0219i ajunge \u00een instan\u021b\u0103 cu CJ Timi\u0219\">RETIM, lec\u021bie de ipocrizie: intimideaz\u0103 presa, ignor\u0103 sindicatul \u0219i ajunge \u00een instan\u021b\u0103 cu CJ Timi\u0219<\/a><\/h3>\n<\/div>\n<\/div>\n<\/div>\n<div class=\"td_module_flex td_module_flex_1 td_module_wrap td-animation-stack td-meta-info-hide td-cpt-post\">\n<div class=\"td-module-container td-category-pos-image\">\n<div class=\"td-module-meta-info\">\n<h3 class=\"entry-title td-module-title\"><a href=\"https:\/\/voceatimisului.ro\/alfred-simonis-facem-stadionul-dan-paltinisanu-construim-institutul-oncologic-si-punem-ordine-la-ghizela\/\" rel=\"bookmark\" title=\"Alfred Simonis: \u201eFacem stadionul Dan P\u0103ltini\u0219anu, construim Institutul Oncologic \u0219i punem ordine la Ghizela\u201d\">Alfred Simonis: \u201eFacem stadionul Dan P\u0103ltini\u0219anu, construim Institutul Oncologic \u0219i punem ordine la Ghizela\u201d<\/a><\/h3>\n<\/div>\n<\/div>\n<\/div>\n<div class=\"td_module_flex td_module_flex_1 td_module_wrap td-animation-stack td-meta-info-hide td-cpt-post\">\n<div class=\"td-module-container td-category-pos-image\">\n<div class=\"td-module-meta-info\">\n<h3 class=\"entry-title td-module-title\"><a href=\"https:\/\/voceatimisului.ro\/ruben-latcau-portavocea-gunoiului-ataca-fara-probe-pe-singurul-om-care-a-avut-curajul-sa-puna-stop-haosului-de-la-ghizela\/\" rel=\"bookmark\" title=\"Ruben La\u021bc\u0103u, portavocea gunoiului. Atac\u0103 f\u0103r\u0103 probe pe singurul om care a avut curajul s\u0103 pun\u0103 stop haosului de la Ghizela\">Ruben La\u021bc\u0103u, portavocea gunoiului. Atac\u0103 f\u0103r\u0103 probe pe singurul om care a avut curajul s\u0103 pun\u0103 stop haosului de la Ghizela<\/a><\/h3>\n<\/div>\n<\/div>\n<\/div>\n<\/div>\n<\/div>\n<\/div>\n<\/div>\n<\/div>\n<\/div>\n<\/div>\n<\/div>\n<p><span class=\"td-page-meta\"><\/span><span class=\"td-page-meta\"><span class=\"td-page-meta\"><\/span><\/span><span class=\"td-page-meta\"><\/span><\/article>\n<p> Source URL: https:\/\/voceatimisului.ro\/adevarul-de-la-ghizela-dupa-retim-vs-realitatea-din-teren-minciuni-pe-hartie-levigat-pe-camp-si-bani-scosi-ilegal-din-buzunarul-timisenilor\/<\/p>\n","protected":false},"excerpt":{"rendered":"<p>Investiga\u021bii\u0218tiri \u201eAdev\u0103rul de la Ghizela\u201d dup\u0103 RETIM vs. realitatea din teren: minciuni pe h\u00e2rtie, levigat pe c\u00e2mp \u0219i bani sco\u0219i ilegal din buzunarul timi\u0219enilor Sta\u021bia de sortare \u00eenchis\u0103 din 2018, dar taxat\u0103 lunar pe facturi. Saltele \u0219i moloz \u00eengropate la groap\u0103, dar tarife \u201eeuropene\u201d la gunoi. RETIM ne spune c\u0103 nu exist\u0103 poluare cu levigat, [&hellip;]<\/p>\n","protected":false},"author":1,"featured_media":1305148,"comment_status":"open","ping_status":"","sticky":false,"template":"","format":"standard","meta":{"footnotes":""},"categories":[89],"tags":[199],"class_list":["post-1305147","post","type-post","status-publish","format-standard","has-post-thumbnail","hentry","category-romania","tag-voceatimisului-ro"],"_links":{"self":[{"href":"https:\/\/analyse.optim.biz\/index.php?rest_route=\/wp\/v2\/posts\/1305147","targetHints":{"allow":["GET"]}}],"collection":[{"href":"https:\/\/analyse.optim.biz\/index.php?rest_route=\/wp\/v2\/posts"}],"about":[{"href":"https:\/\/analyse.optim.biz\/index.php?rest_route=\/wp\/v2\/types\/post"}],"author":[{"embeddable":true,"href":"https:\/\/analyse.optim.biz\/index.php?rest_route=\/wp\/v2\/users\/1"}],"replies":[{"embeddable":true,"href":"https:\/\/analyse.optim.biz\/index.php?rest_route=%2Fwp%2Fv2%2Fcomments&post=1305147"}],"version-history":[{"count":0,"href":"https:\/\/analyse.optim.biz\/index.php?rest_route=\/wp\/v2\/posts\/1305147\/revisions"}],"wp:featuredmedia":[{"embeddable":true,"href":"https:\/\/analyse.optim.biz\/index.php?rest_route=\/wp\/v2\/media\/1305148"}],"wp:attachment":[{"href":"https:\/\/analyse.optim.biz\/index.php?rest_route=%2Fwp%2Fv2%2Fmedia&parent=1305147"}],"wp:term":[{"taxonomy":"category","embeddable":true,"href":"https:\/\/analyse.optim.biz\/index.php?rest_route=%2Fwp%2Fv2%2Fcategories&post=1305147"},{"taxonomy":"post_tag","embeddable":true,"href":"https:\/\/analyse.optim.biz\/index.php?rest_route=%2Fwp%2Fv2%2Ftags&post=1305147"}],"curies":[{"name":"wp","href":"https:\/\/api.w.org\/{rel}","templated":true}]}}