{"id":1305118,"date":"2025-08-22T06:13:47","date_gmt":"2025-08-22T03:13:47","guid":{"rendered":"https:\/\/analyse.optim.biz\/?p=1305118"},"modified":"2025-08-22T06:13:47","modified_gmt":"2025-08-22T03:13:47","slug":"actiune-a-politistilor-din-timisoara-pentru-combaterea-evaziunii-fiscale-in-domeniul-transportului-alternativ","status":"publish","type":"post","link":"https:\/\/analyse.optim.biz\/?p=1305118","title":{"rendered":"Ac\u021biune a poli\u021bi\u0219tilor din Timi\u0219oara pentru combaterea evaziunii fiscale \u00een domeniul transportului alternativ"},"content":{"rendered":"<article id=\"template-id-172790\" class=\"post-172790 tdb_templates type-tdb_templates status-publish post\">\n<div id=\"tdi_52\" class=\"tdc-zone\">\n<div class=\"tdc_zone tdi_53  wpb_row td-pb-row\">\n<div id=\"tdi_54\" class=\"tdc-row stretch_row_1400 td-stretch-content\">\n<div class=\"vc_row tdi_55  wpb_row td-pb-row tdc-element-style\">\n<div class=\"vc_column tdi_57  wpb_column vc_column_container tdc-column td-pb-span8\">\n<div class=\"wpb_wrapper\">\n<div class=\"td_block_wrap tdb_single_categories tdi_58 td-pb-border-top td_block_template_1 \" data-td-block-uid=\"tdi_58\">\n<div class=\"tdb-category td-fix-index\"><a class=\"tdb-entry-category\" href=\"https:\/\/voceatimisului.ro\/stiri-din-timisoara-si-timis\/\">\u0218tiri<\/a><a class=\"tdb-entry-category\" href=\"https:\/\/voceatimisului.ro\/stiri-din-timisoara-si-timis\/social\/\">Social<\/a><\/div>\n<\/div>\n<div class=\"td_block_wrap tdb_title tdi_59 tdb-single-title td-pb-border-top td_block_template_1\" data-td-block-uid=\"tdi_59\">\n<div class=\"tdb-block-inner td-fix-index\">\n<h1 class=\"tdb-title-text\">Ac\u021biune a poli\u021bi\u0219tilor din Timi\u0219oara pentru combaterea evaziunii fiscale \u00een domeniul transportului alternativ<\/h1>\n<\/div>\n<\/div>\n<div class=\"td_block_wrap tdb_single_subtitle tdi_60 td-pb-border-top td_block_template_1\" data-td-block-uid=\"tdi_60\">\n<div class=\"tdb-block-inner td-fix-index\">\n<h2>Controale economice \u0219i rutiere: amenzi de 37.000 lei, activit\u0103\u021bi suspendate \u0219i dosare pentru evaziune fiscal\u0103.<\/h2>\n<\/div>\n<\/div>\n<div class=\"vc_row_inner tdi_62  vc_row vc_inner wpb_row td-pb-row\">\n<div class=\"vc_column_inner tdi_64  wpb_column vc_column_container tdc-inner-column td-pb-span6\">\n<div class=\"vc_column-inner\">\n<div class=\"wpb_wrapper\">\n<div class=\"td_block_wrap tdb_single_author tdi_65 td-pb-border-top td_block_template_1 tdb-post-meta\" data-td-block-uid=\"tdi_65\">\n<div class=\"tdb-block-inner td-fix-index\">\n<div class=\"tdb-author-name-wrap\"><span class=\"tdb-author-by\">Autor-<\/span><a class=\"tdb-author-name\" href=\"https:\/\/voceatimisului.ro\/author\/marta-stirbey\/\">Marta Stirbey<\/a><\/div>\n<\/div>\n<\/div>\n<div class=\"td_block_wrap tdb_single_date tdi_66 td-pb-border-top td_block_template_1 tdb-post-meta\" data-td-block-uid=\"tdi_66\">\n<div class=\"tdb-block-inner td-fix-index\"><time class=\"entry-date updated td-module-date\" datetime=\"2025-08-22T09:13:47+03:00\">22 august 2025<\/time><\/div>\n<\/div>\n<div class=\"td_block_wrap tdb_single_comments_count tdi_67 td-pb-border-top td_block_template_1 tdb-post-meta\" data-td-block-uid=\"tdi_67\">\n<div class=\"tdb-block-inner td-fix-index\"><a href=\"https:\/\/voceatimisului.ro\/actiune-a-politistilor-din-timisoara-pentru-combaterea-evaziunii-fiscale-in-domeniul-transportului-alternativ\/#comments\"><span>1<\/span><\/a><\/div>\n<\/div>\n<div class=\"td_block_wrap tdb_single_post_views tdi_68 td-pb-border-top td_block_template_1 tdb-post-meta\" data-td-block-uid=\"tdi_68\">\n<div class=\"tdb-block-inner td-fix-index\"><span class=\"tdb-add-text\">1<\/span><span class=\"td-nr-views-174852\">626<\/span><\/div>\n<\/div>\n<\/div>\n<\/div>\n<\/div>\n<div class=\"vc_column_inner tdi_70  wpb_column vc_column_container tdc-inner-column td-pb-span6\">\n<div class=\"vc_column-inner\">\n<div class=\"wpb_wrapper\">\n<div class=\"td_block_wrap tdb_single_post_share tdi_71  td-pb-border-top td_block_template_1\" data-td-block-uid=\"tdi_71\">\n<div id=\"tdi_71\" class=\"td-post-sharing tdb-block td-ps-bg td-ps-notext td-post-sharing-style1 \">\n<div class=\"td-post-sharing-visible\"><a class=\"td-social-sharing-button td-social-sharing-button-js td-social-network td-social-facebook\" href=\"https:\/\/www.facebook.com\/sharer.php?u=https%3A%2F%2Fvoceatimisului.ro%2Factiune-a-politistilor-din-timisoara-pentru-combaterea-evaziunii-fiscale-in-domeniul-transportului-alternativ%2F\" title=\"Facebook\" rel=\"noopener\"><\/p>\n<div class=\"td-social-but-text\">Facebook<\/div>\n<p><\/a><a class=\"td-social-sharing-button td-social-sharing-button-js td-social-network td-social-twitter\" href=\"https:\/\/twitter.com\/intent\/tweet?text=Ac%C8%9Biune+a+poli%C8%9Bi%C8%99tilor+din+Timi%C8%99oara+pentru+combaterea+evaziunii+fiscale+%C3%AEn+domeniul+transportului+alternativ&amp;url=https%3A%2F%2Fvoceatimisului.ro%2Factiune-a-politistilor-din-timisoara-pentru-combaterea-evaziunii-fiscale-in-domeniul-transportului-alternativ%2F&amp;via=Vocea+Timisului\" title=\"Twitter\" rel=\"noopener\"><\/p>\n<div class=\"td-social-but-text\">Twitter<\/div>\n<p><\/a><a class=\"td-social-sharing-button td-social-sharing-button-js td-social-network td-social-pinterest\" href=\"https:\/\/pinterest.com\/pin\/create\/button\/?url=https:\/\/voceatimisului.ro\/actiune-a-politistilor-din-timisoara-pentru-combaterea-evaziunii-fiscale-in-domeniul-transportului-alternativ\/&amp;media=https:\/\/analyse.optim.biz\/wp-content\/uploads\/2026\/01\/actiune-a-politistilor-din-timisoara-scaled-1.webp&amp;description=Ac%C8%9Biune+a+poli%C8%9Bi%C8%99tilor+din+Timi%C8%99oara+pentru+combaterea+evaziunii+fiscale+%C3%AEn+domeniul+transportului+alternativ\" title=\"Pinterest\" rel=\"noopener\"><\/p>\n<div class=\"td-social-but-text\">Pinterest<\/div>\n<p><\/a><a class=\"td-social-sharing-button td-social-sharing-button-js td-social-network td-social-whatsapp\" href=\"https:\/\/api.whatsapp.com\/send?text=Ac%C8%9Biune+a+poli%C8%9Bi%C8%99tilor+din+Timi%C8%99oara+pentru+combaterea+evaziunii+fiscale+%C3%AEn+domeniul+transportului+alternativ%20%0A%0A%20https:\/\/voceatimisului.ro\/actiune-a-politistilor-din-timisoara-pentru-combaterea-evaziunii-fiscale-in-domeniul-transportului-alternativ\/\" title=\"WhatsApp\" rel=\"noopener\"><\/p>\n<div class=\"td-social-but-text\">WhatsApp<\/div>\n<p><\/a><a class=\"td-social-sharing-button td-social-sharing-button-js td-social-network td-social-linkedin\" href=\"https:\/\/www.linkedin.com\/shareArticle?mini=true&amp;url=https:\/\/voceatimisului.ro\/actiune-a-politistilor-din-timisoara-pentru-combaterea-evaziunii-fiscale-in-domeniul-transportului-alternativ\/&amp;title=Ac%C8%9Biune+a+poli%C8%9Bi%C8%99tilor+din+Timi%C8%99oara+pentru+combaterea+evaziunii+fiscale+%C3%AEn+domeniul+transportului+alternativ\" title=\"Linkedin\" rel=\"noopener\"><\/p>\n<div class=\"td-social-but-text\">Linkedin<\/div>\n<p><\/a><a class=\"td-social-sharing-button td-social-sharing-button-js td-social-network td-social-copy_url\" href=\"https:\/\/voceatimisului.ro\/actiune-a-politistilor-din-timisoara-pentru-combaterea-evaziunii-fiscale-in-domeniul-transportului-alternativ\/\" title=\"Copy URL\" rel=\"noopener\"><\/p>\n<div class=\"td-social-but-text\">Copy URL<\/div>\n<p><\/a><\/div>\n<\/div>\n<\/div>\n<\/div>\n<\/div>\n<\/div>\n<\/div>\n<div class=\"td_block_wrap tdb_single_featured_image tdi_72 tdb-content-horiz-left td-pb-border-top td_block_template_1\" data-td-block-uid=\"tdi_72\">\n<div class=\"tdb-block-inner td-fix-index\">\n<figure><img fetchpriority=\"high\" decoding=\"async\" width=\"696\" height=\"334\" class=\"entry-thumb\" src=\"https:\/\/analyse.optim.biz\/wp-content\/uploads\/2026\/01\/actiune-a-politistilor-din-timisoara-696x334-1.webp\" alt=\"Ac\u021biune a poli\u021bi\u0219tilor din Timi\u0219oara\" title=\"Ac\u021biune a poli\u021bi\u0219tilor din Timi\u0219oara\" loading=\"eager\"><figcaption class=\"tdb-caption-text\">Ac\u021biune a poli\u021bi\u0219tilor din Timi\u0219oara<\/figcaption><\/figure>\n<\/div>\n<\/div>\n<div class=\"vc_row_inner tdi_74  vc_row vc_inner wpb_row td-pb-row\">\n<div class=\"vc_column_inner tdi_76  wpb_column vc_column_container tdc-inner-column td-pb-span4 td-is-sticky\">\n<div class=\"vc_column-inner\">\n<div class=\"wpb_wrapper\" data-sticky-enabled-on=\"W3RydWUsdHJ1ZSx0cnVlLHRydWVd\" data-sticky-offset=\"20\" data-sticky-is-width-auto=\"W2ZhbHNlLGZhbHNlLGZhbHNlLGZhbHNlXQ==\">\n<div class=\"td_block_wrap td_flex_block_1 tdi_77 td-pb-border-top td_block_template_1 td_ajax_preloading_preload td_flex_block\" data-td-block-uid=\"tdi_77\">\n<div id=\"tdi_77\" class=\"td_block_inner td-mc1-wrap\">\n<div class=\"td_module_flex td_module_flex_1 td_module_wrap td-animation-stack td-meta-info-hide td-cpt-post\">\n<div class=\"td-module-container td-category-pos-image\">\n<div class=\"td-module-meta-info\">\n<h3 class=\"entry-title td-module-title\"><a href=\"https:\/\/voceatimisului.ro\/vehiculele-scolilor-de-soferi-verificate-de-politistii-rutieri-timiseni\/\" rel=\"bookmark\" title=\"Vehiculele \u0219colilor de \u0219oferi, verificate de poli\u021bi\u0219tii rutieri timi\u0219eni\">Vehiculele \u0219colilor de \u0219oferi, verificate de poli\u021bi\u0219tii rutieri timi\u0219eni<\/a><\/h3>\n<\/div>\n<\/div>\n<\/div>\n<div class=\"td_module_flex td_module_flex_1 td_module_wrap td-animation-stack td-meta-info-hide td-cpt-post\">\n<div class=\"td-module-container td-category-pos-image\">\n<div class=\"td-module-meta-info\">\n<h3 class=\"entry-title td-module-title\"><a href=\"https:\/\/voceatimisului.ro\/val-de-sanctiuni-in-timis-peste-240-de-amenzi-si-42-de-permise-retinute-intr-un-singur-weekend\/\" rel=\"bookmark\" title=\"Val de sanc\u021biuni \u00een Timi\u0219: Peste 240 de amenzi \u0219i 42 de permise re\u021binute \u00eentr-un singur weekend\">Val de sanc\u021biuni \u00een Timi\u0219: Peste 240 de amenzi \u0219i 42 de permise re\u021binute \u00eentr-un singur weekend<\/a><\/h3>\n<\/div>\n<\/div>\n<\/div>\n<div class=\"td_module_flex td_module_flex_1 td_module_wrap td-animation-stack td-meta-info-hide td-cpt-post\">\n<div class=\"td-module-container td-category-pos-image\">\n<div class=\"td-module-meta-info\">\n<h3 class=\"entry-title td-module-title\"><a href=\"https:\/\/voceatimisului.ro\/politia-locala-timisoara-intensifica-controalele-in-transportul-public-5400-lei-in-amenzi-pentru-siguranta-calatorilor\/\" rel=\"bookmark\" title=\"Poli\u021bia Local\u0103 Timi\u0219oara intensific\u0103 controalele \u00een transportul public: 5400 lei \u00een amenzi pentru siguran\u021ba c\u0103l\u0103torilor\">Poli\u021bia Local\u0103 Timi\u0219oara intensific\u0103 controalele \u00een transportul public: 5400 lei \u00een amenzi pentru siguran\u021ba c\u0103l\u0103torilor<\/a><\/h3>\n<\/div>\n<\/div>\n<\/div>\n<div class=\"td_module_flex td_module_flex_1 td_module_wrap td-animation-stack td-meta-info-hide td-cpt-post\">\n<div class=\"td-module-container td-category-pos-image\">\n<div class=\"td-module-meta-info\">\n<h3 class=\"entry-title td-module-title\"><a href=\"https:\/\/voceatimisului.ro\/arsi-la-buzunar-pentru-nepurtarea-mastii\/\" rel=\"bookmark\" title=\"Arsi la buzunar pentru nepurtarea mastii\">Arsi la buzunar pentru nepurtarea mastii<\/a><\/h3>\n<\/div>\n<\/div>\n<\/div>\n<\/div>\n<\/div>\n<div class=\"tdb-author-box td_block_wrap tdb_single_author_box tdi_82 tdb-content-vert-top td-pb-border-top td_block_template_1\" data-td-block-uid=\"tdi_82\">\n<div class=\"tdb-block-inner td-fix-index\">\n<div class=\"tdb-author-info\"><a href=\"https:\/\/voceatimisului.ro\/author\/marta-stirbey\/\" class=\"tdb-author-name\">Marta Stirbey<\/a><\/p>\n<div class=\"tdb-author-descr\">\u00centreaga responsabilitate a comentariilor l\u0103sate de dumneavoastr\u0103 v\u0103 apar\u021bine!<br \/>\nClick <a href=\"https:\/\/voceatimisului.ro\/termeni-si-conditii\/\">aici<\/a>-citeste condi\u0163iile de utilizare ale site-ului www.voceatimisului.ro<\/div>\n<\/div>\n<\/div>\n<\/div>\n<\/div>\n<\/div>\n<\/div>\n<div class=\"vc_column_inner tdi_84  wpb_column vc_column_container tdc-inner-column td-pb-span8\">\n<div class=\"vc_column-inner\">\n<div class=\"wpb_wrapper\">\n<div class=\"td_block_wrap tdb_single_content tdi_85 td-pb-border-top td_block_template_1 td-post-content tagdiv-type\" data-td-block-uid=\"tdi_85\">\n<div class=\"tdb-block-inner td-fix-index\">\n<h3 class=\"wp-block-heading\">La data de 20 august 2025, poli\u021bi\u0219tii din cadrul Serviciului de Investigare a Criminalit\u0103\u021bii Economice \u0219i ai Serviciului Rutier Timi\u0219 au desf\u0103\u0219urat o ac\u021biune pe raza municipiului Timi\u0219oara pentru prevenirea \u0219i combaterea evaziunii fiscale \u00een domeniul transportului alternativ de tip ride-sharing.<\/h3>\n<p>\u00cen urma verific\u0103rilor:<\/p>\n<ul class=\"wp-block-list\">\n<li>au fost controla\u021bi 37 de operatori economici;<\/li>\n<li>au fost aplicate 5 sanc\u021biuni contraven\u021bionale, \u00een valoare total\u0103 de 37.000 lei, pentru nerespectarea O.U.G. nr. 28\/1999 privind utilizarea aparatelor de marcat electronice fiscale;<\/li>\n<li>a fost confiscat\u0103 suma de 875 lei;<\/li>\n<li>a fost dispus\u0103 suspendarea activit\u0103\u021bii pentru 3 societ\u0103\u021bi comerciale.<\/li>\n<\/ul>\n<p>Totodat\u0103, poli\u021bi\u0219tii s-au sesizat din oficiu cu privire la dou\u0103 societ\u0103\u021bi comerciale suspectate de evaziune fiscal\u0103, prev\u0103zut\u0103 de art. 6\u00b9 din Legea 241\/2005. Acestea sunt cercetate pentru re\u021binerea \u0219i neplata, respectiv \u00eencasarea \u0219i neplata, \u00een termen de 60 de zile de la scaden\u021b\u0103, a unor obliga\u021bii fiscale, fiind estimat un prejudiciu de <strong>341.853 lei<\/strong> la bugetul general consolidat al statului.<\/p>\n<\/div>\n<\/div>\n<div class=\"td_block_wrap tdb_single_tags tdi_88 td-pb-border-top td_block_template_1\" data-td-block-uid=\"tdi_88\">\n<div class=\"tdb-block-inner td-fix-index\">\n<ul class=\"tdb-tags\">\n<li><span>Tags<\/span><\/li>\n<li><a href=\"https:\/\/voceatimisului.ro\/tag\/actiune-a-politistilor\/\">actiune a politistilor<\/a><\/li>\n<li><a href=\"https:\/\/voceatimisului.ro\/tag\/evaziune-fiscala\/\">evaziune fiscala<\/a><\/li>\n<li><a href=\"https:\/\/voceatimisului.ro\/tag\/ride-sharing\/\">ride-sharing<\/a><\/li>\n<li><a href=\"https:\/\/voceatimisului.ro\/tag\/serviciului-de-investigare-a-criminalitatii-economice\/\">Serviciului de Investigare a Criminalit\u0103\u021bii Economice<\/a><\/li>\n<\/ul>\n<\/div>\n<\/div>\n<div class=\"td_block_wrap tdb_single_post_share tdi_89  td-pb-border-top td_block_template_1\" data-td-block-uid=\"tdi_89\">\n<div id=\"tdi_89\" class=\"td-post-sharing tdb-block td-ps-bg td-ps-notext td-post-sharing-style1 \">\n<div class=\"td-post-sharing-visible\"><a class=\"td-social-sharing-button td-social-sharing-button-js td-social-network td-social-facebook\" href=\"https:\/\/www.facebook.com\/sharer.php?u=https%3A%2F%2Fvoceatimisului.ro%2Factiune-a-politistilor-din-timisoara-pentru-combaterea-evaziunii-fiscale-in-domeniul-transportului-alternativ%2F\" title=\"Facebook\" rel=\"noopener\"><\/p>\n<div class=\"td-social-but-text\">Facebook<\/div>\n<p><\/a><a class=\"td-social-sharing-button td-social-sharing-button-js td-social-network td-social-twitter\" href=\"https:\/\/twitter.com\/intent\/tweet?text=Ac%C8%9Biune+a+poli%C8%9Bi%C8%99tilor+din+Timi%C8%99oara+pentru+combaterea+evaziunii+fiscale+%C3%AEn+domeniul+transportului+alternativ&amp;url=https%3A%2F%2Fvoceatimisului.ro%2Factiune-a-politistilor-din-timisoara-pentru-combaterea-evaziunii-fiscale-in-domeniul-transportului-alternativ%2F&amp;via=Vocea+Timisului\" title=\"Twitter\" rel=\"noopener\"><\/p>\n<div class=\"td-social-but-text\">Twitter<\/div>\n<p><\/a><a class=\"td-social-sharing-button td-social-sharing-button-js td-social-network td-social-pinterest\" href=\"https:\/\/pinterest.com\/pin\/create\/button\/?url=https:\/\/voceatimisului.ro\/actiune-a-politistilor-din-timisoara-pentru-combaterea-evaziunii-fiscale-in-domeniul-transportului-alternativ\/&amp;media=https:\/\/analyse.optim.biz\/wp-content\/uploads\/2026\/01\/actiune-a-politistilor-din-timisoara-scaled-1.webp&amp;description=Ac%C8%9Biune+a+poli%C8%9Bi%C8%99tilor+din+Timi%C8%99oara+pentru+combaterea+evaziunii+fiscale+%C3%AEn+domeniul+transportului+alternativ\" title=\"Pinterest\" rel=\"noopener\"><\/p>\n<div class=\"td-social-but-text\">Pinterest<\/div>\n<p><\/a><a class=\"td-social-sharing-button td-social-sharing-button-js td-social-network td-social-whatsapp\" href=\"https:\/\/api.whatsapp.com\/send?text=Ac%C8%9Biune+a+poli%C8%9Bi%C8%99tilor+din+Timi%C8%99oara+pentru+combaterea+evaziunii+fiscale+%C3%AEn+domeniul+transportului+alternativ%20%0A%0A%20https:\/\/voceatimisului.ro\/actiune-a-politistilor-din-timisoara-pentru-combaterea-evaziunii-fiscale-in-domeniul-transportului-alternativ\/\" title=\"WhatsApp\" rel=\"noopener\"><\/p>\n<div class=\"td-social-but-text\">WhatsApp<\/div>\n<p><\/a><a class=\"td-social-sharing-button td-social-sharing-button-js td-social-network td-social-linkedin\" href=\"https:\/\/www.linkedin.com\/shareArticle?mini=true&amp;url=https:\/\/voceatimisului.ro\/actiune-a-politistilor-din-timisoara-pentru-combaterea-evaziunii-fiscale-in-domeniul-transportului-alternativ\/&amp;title=Ac%C8%9Biune+a+poli%C8%9Bi%C8%99tilor+din+Timi%C8%99oara+pentru+combaterea+evaziunii+fiscale+%C3%AEn+domeniul+transportului+alternativ\" title=\"Linkedin\" rel=\"noopener\"><\/p>\n<div class=\"td-social-but-text\">Linkedin<\/div>\n<p><\/a><a class=\"td-social-sharing-button td-social-sharing-button-js td-social-network td-social-copy_url\" href=\"https:\/\/voceatimisului.ro\/actiune-a-politistilor-din-timisoara-pentru-combaterea-evaziunii-fiscale-in-domeniul-transportului-alternativ\/\" title=\"Copy URL\" rel=\"noopener\"><\/p>\n<div class=\"td-social-but-text\">Copy URL<\/div>\n<p><\/a><\/div>\n<\/div>\n<\/div>\n<div class=\"td_block_wrap tdb_single_next_prev tdi_90 td-animation-stack td-next-prev-img-on td-pb-border-top td_block_template_1\" data-td-block-uid=\"tdi_90\">\n<div class=\"tdb-block-inner td-fix-index\">\n<div class=\"tdb-next-post tdb-next-post-bg tdb-post-prev\"><span>Articolul precedent<\/span><\/p>\n<div class=\"td-module-container\">\n<div class=\"td-image-container\"><a class=\"td-image-wrap\" href=\"https:\/\/voceatimisului.ro\/blue-sky-proiect-transfrontalier-timis-zrenjanin-pentru-reducerea-poluarii-aerului\/\"><img loading=\"lazy\" decoding=\"async\" class=\"td-next-prev-image td-fix-index td-lazy-img\" title=\"Blue Sky: proiect transfrontalier Timi\u0219\u2013Zrenjanin pentru reducerea polu\u0103rii aerului\" width=\"696\" height=\"325\" src=\"https:\/\/analyse.optim.biz\/wp-content\/uploads\/2026\/01\/timisul-si-zrenjanin-au-lansat-proiectul-blue-sky-pentru-reducerea-poluarii-aerului-696x325-1.webp\"><\/a><\/div>\n<div class=\"next-prev-title\"><a href=\"https:\/\/voceatimisului.ro\/blue-sky-proiect-transfrontalier-timis-zrenjanin-pentru-reducerea-poluarii-aerului\/\">Blue Sky: proiect transfrontalier Timi\u0219\u2013Zrenjanin pentru reducerea polu\u0103rii aerului<\/a><\/div>\n<\/div>\n<\/div>\n<div class=\"tdb-next-post tdb-next-post-bg tdb-post-next\"><span>Articolul urm\u0103tor<\/span><\/p>\n<div class=\"td-module-container\">\n<div class=\"td-image-container\"><a class=\"td-image-wrap\" href=\"https:\/\/voceatimisului.ro\/autorizata-provizoriu-maternitatea-odobescu-risca-sa-fie-inchisa\/\"><img loading=\"lazy\" decoding=\"async\" class=\"td-next-prev-image td-fix-index td-lazy-img\" title=\"Autorizat\u0103 provizoriu, Maternitatea Odobescu risc\u0103 s\u0103 fie \u00eenchis\u0103\" width=\"696\" height=\"928\" src=\"https:\/\/analyse.optim.biz\/wp-content\/uploads\/2026\/01\/ministrul-sanatatii-alexandru-rogobete-696x928-1.webp\"><\/a><\/div>\n<div class=\"next-prev-title\"><a href=\"https:\/\/voceatimisului.ro\/autorizata-provizoriu-maternitatea-odobescu-risca-sa-fie-inchisa\/\">Autorizat\u0103 provizoriu, Maternitatea Odobescu risc\u0103 s\u0103 fie \u00eenchis\u0103<\/a><\/div>\n<\/div>\n<\/div>\n<\/div>\n<\/div>\n<\/div>\n<\/div>\n<\/div>\n<\/div>\n<div class=\"vc_row_inner tdi_100  vc_row vc_inner wpb_row td-pb-row\">\n<div class=\"vc_column_inner tdi_102  wpb_column vc_column_container tdc-inner-column td-pb-span4 td-is-sticky\">\n<div class=\"vc_column-inner\">\n<div class=\"wpb_wrapper\" data-sticky-enabled-on=\"W3RydWUsdHJ1ZSx0cnVlLHRydWVd\" data-sticky-offset=\"20\" data-sticky-is-width-auto=\"W2ZhbHNlLGZhbHNlLGZhbHNlLGZhbHNlXQ==\">\n<div class=\"td_block_wrap tdb_single_related tdi_103 td_with_ajax_pagination td-pb-border-top td_block_template_1 tdb-single-related-posts\" data-td-block-uid=\"tdi_103\">\n<div id=\"tdi_103\" class=\"td_block_inner tdb-block-inner td-fix-index\">\n<div class=\"tdb_module_related td_module_wrap td-animation-stack td-meta-info-hide\">\n<div class=\"td-module-container td-category-pos-image\">\n<div class=\"td-module-meta-info\">\n<h3 class=\"entry-title td-module-title\"><a href=\"https:\/\/voceatimisului.ro\/politistii-rutieri-din-timisoara-la-vanatoare-de-soferi-indisciplinati-in-trafic\/\" rel=\"bookmark\" title=\"Poli\u021bi\u0219tii rutieri din Timi\u0219oara, la ,,v\u00e2n\u0103toare\u201d de \u0219oferi indisciplina\u021bi \u00een trafic\">Poli\u021bi\u0219tii rutieri din Timi\u0219oara, la ,,v\u00e2n\u0103toare\u201d de \u0219oferi indisciplina\u021bi \u00een trafic<\/a><\/h3>\n<\/div>\n<\/div>\n<\/div>\n<div class=\"tdb_module_related td_module_wrap td-animation-stack td-meta-info-hide\">\n<div class=\"td-module-container td-category-pos-image\">\n<div class=\"td-module-meta-info\">\n<h3 class=\"entry-title td-module-title\"><a href=\"https:\/\/voceatimisului.ro\/soferii-indisciplinati-sanctionati-de-politistii-rutieri-acest-weekend\/\" rel=\"bookmark\" title=\"\u015eoferii indisciplina\u0163i sanc\u0163iona\u0163i de poli\u0163i\u015ftii rutieri \u00een acest weekend\">\u015eoferii indisciplina\u0163i sanc\u0163iona\u0163i de poli\u0163i\u015ftii rutieri \u00een acest weekend<\/a><\/h3>\n<\/div>\n<\/div>\n<\/div>\n<div class=\"tdb_module_related td_module_wrap td-animation-stack td-meta-info-hide\">\n<div class=\"td-module-container td-category-pos-image\">\n<div class=\"td-module-meta-info\">\n<h3 class=\"entry-title td-module-title\"><a href=\"https:\/\/voceatimisului.ro\/perchezitii-la-timisoara-intr-un-dosar-de-evaziune-fiscala\/\" rel=\"bookmark\" title=\"Perchezitii la Timisoara, intr-un dosar de evaziune fiscala. Prejudiciul \u2013 6.000.000 de lei\">Perchezitii la Timisoara, intr-un dosar de evaziune fiscala. Prejudiciul \u2013 6.000.000 de lei<\/a><\/h3>\n<\/div>\n<\/div>\n<\/div>\n<\/div>\n<\/div>\n<\/div>\n<\/div>\n<\/div>\n<div class=\"vc_column_inner tdi_105  wpb_column vc_column_container tdc-inner-column td-pb-span8\">\n<div class=\"vc_column-inner\">\n<div class=\"wpb_wrapper\">\n<div class=\"td_block_wrap tdb_single_comments tdi_106 tdb-comm-layout2 td-pb-border-top td_block_template_2\" data-td-block-uid=\"tdi_106\">\n<div class=\"tdb-block-inner td-fix-index\">\n<div class=\"comments\" id=\"comments\">\n<div class=\"td-comments-title-wrap td_block_template_2\">\n<h4 class=\"td-comments-title td-block-title\"><span>1 COMENTARIU<\/span><\/h4>\n<\/div>\n<ol class=\"comment-list\">\n<li class=\"comment \" id=\"comment-29641\">\n<article>\n<footer><cite>Zsolt<\/cite><a class=\"comment-link\" href=\"https:\/\/voceatimisului.ro\/actiune-a-politistilor-din-timisoara-pentru-combaterea-evaziunii-fiscale-in-domeniul-transportului-alternativ\/#comment-29641\"><time><br \/>\n\t\t\t\t\t\t    22 august 2025\t\t\t\t\t\t    La\t\t\t\t\t\t    11:57 AM<\/time><\/a><\/footer>\n<div class=\"comment-content\">\n<p>Care este procedeul de selectare a ma\u0219inilor verificate \u00een trafic? \u00centreb pentru un preten<\/p>\n<\/div>\n<div class=\"comment-meta\" id=\"comment-29641\"><a rel=\"nofollow\" class=\"comment-reply-link\" href=\"https:\/\/voceatimisului.ro\/actiune-a-politistilor-din-timisoara-pentru-combaterea-evaziunii-fiscale-in-domeniul-transportului-alternativ\/#comment-29641\" data-commentid=\"29641\" data-postid=\"174852\" data-belowelement=\"comment-29641\" data-respondelement=\"respond\" data-replyto=\"R\u0103spunde-i lui Zsolt\" aria-label=\"R\u0103spunde-i lui Zsolt\">R\u0103spunde\u021bi<\/a><\/div>\n<\/article>\n<\/li>\n<\/ol>\n<div id=\"respond\" class=\"comment-respond\">\n<h3 id=\"reply-title\" class=\"comment-reply-title\">L\u0102SA\u021aI UN MESAJ <small><a rel=\"nofollow\" id=\"cancel-comment-reply-link\" href=\"https:\/\/voceatimisului.ro\/actiune-a-politistilor-din-timisoara-pentru-combaterea-evaziunii-fiscale-in-domeniul-transportului-alternativ\/#respond\">Renun\u021ba\u021bi la r\u0103spuns<\/a><\/small><\/h3>\n<div class=\"comment-form-input-wrap td-form-comment\">\n<div class=\"td-warning-comment\">V\u0103 rug\u0103m s\u0103 introduce\u021bi comentariul dvs.!<\/div>\n<\/div>\n<div class=\"comment-form-input-wrap td-form-author\">\n<div class=\"td-warning-author\">Introduce\u021bi aici numele dvs.<\/div>\n<\/div>\n<div class=\"comment-form-input-wrap td-form-email\">\n<div class=\"td-warning-email-error\">A\u021bi introdus o adres\u0103 de e-mail incorect\u0103!<\/div>\n<div class=\"td-warning-email\">V\u0103 rug\u0103m s\u0103 introduce\u021bi adresa dvs. de e-mail aici<\/div>\n<\/div>\n<\/div>\n<\/div>\n<\/div>\n<\/div>\n<\/div>\n<\/div>\n<\/div>\n<\/div>\n<\/div>\n<\/div>\n<div class=\"vc_column tdi_108  wpb_column vc_column_container tdc-column td-pb-span4 td-is-sticky\">\n<div class=\"wpb_wrapper\" data-sticky-enabled-on=\"W3RydWUsdHJ1ZSx0cnVlLHRydWVd\" data-sticky-offset=\"20\" data-sticky-is-width-auto=\"W2ZhbHNlLGZhbHNlLGZhbHNlLGZhbHNlXQ==\">\n<div class=\"vc_row_inner tdi_110  vc_row vc_inner wpb_row td-pb-row\">\n<div class=\"vc_column_inner tdi_112  wpb_column vc_column_container tdc-inner-column td-pb-span12\">\n<div class=\"vc_column-inner\">\n<div class=\"wpb_wrapper\">\n<div class=\"td_block_wrap td_block_title tdi_113 td-pb-border-top td_block_template_11 td-fix-index\" data-td-block-uid=\"tdi_113\">\n<div class=\"td-block-title-wrap\">\n<h4 class=\"td-block-title\"><span class=\"td-pulldown-size\">ANUN\u021aURI \u0218I PUBLICITATE<\/span><\/h4>\n<\/div>\n<\/div>\n<\/div>\n<\/div>\n<\/div>\n<\/div>\n<div class=\"wpb_wrapper td_block_wrap vc_widget_sidebar tdi_115 \">\n<aside id=\"block-10\" class=\"td_block_template_1 widget block-10 widget_block widget_media_image\">\n<figure class=\"wp-block-image size-full\"><a href=\"https:\/\/adpghiroda.ro\/index.html\" target=\"_blank\" rel=\" noreferrer noopener\"><img decoding=\"async\" loading=\"eager\" width=\"960\" height=\"960\" src=\"https:\/\/analyse.optim.biz\/wp-content\/uploads\/2026\/01\/adp-ghiroda2-104.jpg\" class=\"wp-image-171492\" title=\"adp-ghiroda2-104\"><\/a><\/figure>\n<\/aside>\n<aside id=\"block-11\" class=\"td_block_template_1 widget block-11 widget_block widget_media_image\">\n<figure class=\"wp-block-image size-full\"><a href=\"https:\/\/adpghiroda.ro\/index.html\" target=\"_blank\" rel=\" noreferrer noopener\"><img decoding=\"async\" loading=\"lazy\" width=\"960\" height=\"960\" src=\"https:\/\/analyse.optim.biz\/wp-content\/uploads\/2026\/01\/adp-ghiroda1-104.jpg\" class=\"wp-image-171491\" title=\"adp-ghiroda1-104\"><\/a><\/figure>\n<\/aside>\n<aside id=\"block-17\" class=\"td_block_template_1 widget block-17 widget_block widget_media_image\">\n<figure class=\"wp-block-image size-large is-resized\"><a href=\"https:\/\/verde.events\/\" target=\"_blank\" rel=\" noreferrer noopener\"><img decoding=\"async\" loading=\"lazy\" width=\"1024\" height=\"683\" src=\"https:\/\/analyse.optim.biz\/wp-content\/uploads\/2026\/01\/verde-events-24-1024x683-1-89.jpg\" alt=\"Verde Events\" class=\"wp-image-174395\" title=\"verde-events-24-1024x683-1-89\"><\/a><figcaption class=\"wp-element-caption\"><strong><em>O experien\u021b\u0103 unic\u0103 pentru orice tip de eveniment<\/em><\/strong><\/figcaption><\/figure>\n<\/aside>\n<\/div>\n<div class=\"td_block_wrap td_flex_block_1 tdi_121 td-pb-border-top td_block_template_1 td_ajax_preloading_preload td_flex_block\" data-td-block-uid=\"tdi_121\">\n<div id=\"tdi_121\" class=\"td_block_inner td-mc1-wrap\">\n<div class=\"td_module_flex td_module_flex_1 td_module_wrap td-animation-stack td-meta-info-hide td-cpt-post\">\n<div class=\"td-module-container td-category-pos-image\">\n<div class=\"td-module-meta-info\">\n<h3 class=\"entry-title td-module-title\"><a href=\"https:\/\/voceatimisului.ro\/perchezitii-in-timis-si-caras-severin-la-domiciliile-unor-persoane-banuite-de-evaziune-fiscala-si-spalare-de-bani\/\" rel=\"bookmark\" title=\"Perchezi\u021bii \u00een Timi\u0219 \u0219i Cara\u0219-Severin la domiciliile unor persoane b\u0103nuite de evaziune fiscal\u0103 \u0219i sp\u0103lare de bani\">Perchezi\u021bii \u00een Timi\u0219 \u0219i Cara\u0219-Severin la domiciliile unor persoane b\u0103nuite de evaziune fiscal\u0103 \u0219i sp\u0103lare de bani<\/a><\/h3>\n<\/div>\n<\/div>\n<\/div>\n<div class=\"td_module_flex td_module_flex_1 td_module_wrap td-animation-stack td-meta-info-hide td-cpt-post\">\n<div class=\"td-module-container td-category-pos-image\">\n<div class=\"td-module-meta-info\">\n<h3 class=\"entry-title td-module-title\"><a href=\"https:\/\/voceatimisului.ro\/81700-2\/\" rel=\"bookmark\" title=\"Poli\u021bi\u0219tii timi\u0219eni, \u00eempotriva evaziunii fiscale. Sanc\u021biuni de peste 100.000 de lei \u0219i aproape 100 de kilograme de alimente confiscate\">Poli\u021bi\u0219tii timi\u0219eni, \u00eempotriva evaziunii fiscale. Sanc\u021biuni de peste 100.000 de lei \u0219i aproape 100 de kilograme de alimente confiscate<\/a><\/h3>\n<\/div>\n<\/div>\n<\/div>\n<div class=\"td_module_flex td_module_flex_1 td_module_wrap td-animation-stack td-meta-info-hide td-cpt-post\">\n<div class=\"td-module-container td-category-pos-image\">\n<div class=\"td-module-meta-info\">\n<h3 class=\"entry-title td-module-title\"><a href=\"https:\/\/voceatimisului.ro\/81430-2\/\" rel=\"bookmark\" title=\"Peste 250 de sanc\u021biuni contraven\u021bionale acordate ieri de poli\u021bi\u0219tii timi\u0219eni\">Peste 250 de sanc\u021biuni contraven\u021bionale acordate ieri de poli\u021bi\u0219tii timi\u0219eni<\/a><\/h3>\n<\/div>\n<\/div>\n<\/div>\n<div class=\"td_module_flex td_module_flex_1 td_module_wrap td-animation-stack td-meta-info-hide td-cpt-post\">\n<div class=\"td-module-container td-category-pos-image\">\n<div class=\"td-module-meta-info\">\n<h3 class=\"entry-title td-module-title\"><a href=\"https:\/\/voceatimisului.ro\/lovitura-grea-pentru-evazionistii-din-timis-marfa-in-valoare-de-700-mii-euro-confiscata\/\" rel=\"bookmark\" title=\"Lovitur\u0103 grea pentru evazioni\u015ftii din Timi\u015f, marfa \u00een valoare de peste 700 mii de euro CONFISCAT\u0102\">Lovitur\u0103 grea pentru evazioni\u015ftii din Timi\u015f, marfa \u00een valoare de peste 700 mii de euro CONFISCAT\u0102<\/a><\/h3>\n<\/div>\n<\/div>\n<\/div>\n<div class=\"td_module_flex td_module_flex_1 td_module_wrap td-animation-stack td-meta-info-hide td-cpt-post\">\n<div class=\"td-module-container td-category-pos-image\">\n<div class=\"td-module-meta-info\">\n<h3 class=\"entry-title td-module-title\"><a href=\"https:\/\/voceatimisului.ro\/perchezitii-in-timis-si-alte-11-judete-din-romania-la-persoane-banuite-de-spalare-de-bani-si-evaziune-fiscala\/\" rel=\"bookmark\" title=\"Perchezi\u021bii \u00een Timi\u0219 \u0219i alte 11 jude\u021be din Rom\u00e2nia la persoane b\u0103nuite de sp\u0103lare de bani \u0219i evaziune fiscal\u0103\">Perchezi\u021bii \u00een Timi\u0219 \u0219i alte 11 jude\u021be din Rom\u00e2nia la persoane b\u0103nuite de sp\u0103lare de bani \u0219i evaziune fiscal\u0103<\/a><\/h3>\n<\/div>\n<\/div>\n<\/div>\n<\/div>\n<\/div>\n<\/div>\n<\/div>\n<\/div>\n<\/div>\n<\/div>\n<\/div>\n<p><span class=\"td-page-meta\"><\/span><span class=\"td-page-meta\"><span class=\"td-page-meta\"><\/span><\/span><span class=\"td-page-meta\"><\/span><\/article>\n<p> Source URL: https:\/\/voceatimisului.ro\/actiune-a-politistilor-din-timisoara-pentru-combaterea-evaziunii-fiscale-in-domeniul-transportului-alternativ\/<\/p>\n","protected":false},"excerpt":{"rendered":"<p>\u0218tiriSocial Ac\u021biune a poli\u021bi\u0219tilor din Timi\u0219oara pentru combaterea evaziunii fiscale \u00een domeniul transportului alternativ Controale economice \u0219i rutiere: amenzi de 37.000 lei, activit\u0103\u021bi suspendate \u0219i dosare pentru evaziune fiscal\u0103. Autor-Marta Stirbey 22 august 2025 1 1626 Facebook Twitter Pinterest WhatsApp Linkedin Copy URL Ac\u021biune a poli\u021bi\u0219tilor din Timi\u0219oara Vehiculele \u0219colilor de \u0219oferi, verificate de poli\u021bi\u0219tii [&hellip;]<\/p>\n","protected":false},"author":1,"featured_media":1305119,"comment_status":"open","ping_status":"","sticky":false,"template":"","format":"standard","meta":{"footnotes":""},"categories":[89],"tags":[199],"class_list":["post-1305118","post","type-post","status-publish","format-standard","has-post-thumbnail","hentry","category-romania","tag-voceatimisului-ro"],"_links":{"self":[{"href":"https:\/\/analyse.optim.biz\/index.php?rest_route=\/wp\/v2\/posts\/1305118","targetHints":{"allow":["GET"]}}],"collection":[{"href":"https:\/\/analyse.optim.biz\/index.php?rest_route=\/wp\/v2\/posts"}],"about":[{"href":"https:\/\/analyse.optim.biz\/index.php?rest_route=\/wp\/v2\/types\/post"}],"author":[{"embeddable":true,"href":"https:\/\/analyse.optim.biz\/index.php?rest_route=\/wp\/v2\/users\/1"}],"replies":[{"embeddable":true,"href":"https:\/\/analyse.optim.biz\/index.php?rest_route=%2Fwp%2Fv2%2Fcomments&post=1305118"}],"version-history":[{"count":0,"href":"https:\/\/analyse.optim.biz\/index.php?rest_route=\/wp\/v2\/posts\/1305118\/revisions"}],"wp:featuredmedia":[{"embeddable":true,"href":"https:\/\/analyse.optim.biz\/index.php?rest_route=\/wp\/v2\/media\/1305119"}],"wp:attachment":[{"href":"https:\/\/analyse.optim.biz\/index.php?rest_route=%2Fwp%2Fv2%2Fmedia&parent=1305118"}],"wp:term":[{"taxonomy":"category","embeddable":true,"href":"https:\/\/analyse.optim.biz\/index.php?rest_route=%2Fwp%2Fv2%2Fcategories&post=1305118"},{"taxonomy":"post_tag","embeddable":true,"href":"https:\/\/analyse.optim.biz\/index.php?rest_route=%2Fwp%2Fv2%2Ftags&post=1305118"}],"curies":[{"name":"wp","href":"https:\/\/api.w.org\/{rel}","templated":true}]}}