{"id":1301945,"date":"2014-03-13T12:38:34","date_gmt":"2014-03-13T09:38:34","guid":{"rendered":"https:\/\/analyse.optim.biz\/?p=1301945"},"modified":"2014-03-13T12:38:34","modified_gmt":"2014-03-13T09:38:34","slug":"premierele-saptamanii-din-14-martie-in-cinematografe","status":"publish","type":"post","link":"https:\/\/analyse.optim.biz\/?p=1301945","title":{"rendered":"Premierele s\u0103pt\u0103m\u00e2nii \u2013 din 14 martie \u00een cinematografe"},"content":{"rendered":"<article id=\"template-id-172790\" class=\"post-172790 tdb_templates type-tdb_templates status-publish post\">\n<div id=\"tdi_52\" class=\"tdc-zone\">\n<div class=\"tdc_zone tdi_53  wpb_row td-pb-row\">\n<div id=\"tdi_54\" class=\"tdc-row stretch_row_1400 td-stretch-content\">\n<div class=\"vc_row tdi_55  wpb_row td-pb-row tdc-element-style\">\n<div class=\"vc_column tdi_57  wpb_column vc_column_container tdc-column td-pb-span8\">\n<div class=\"wpb_wrapper\">\n<div class=\"td_block_wrap tdb_single_categories tdi_58 td-pb-border-top td_block_template_1 \" data-td-block-uid=\"tdi_58\">\n<div class=\"tdb-category td-fix-index\"><a class=\"tdb-entry-category\" href=\"https:\/\/voceatimisului.ro\/stiri-din-timisoara-si-timis\/\">\u0218tiri<\/a><a class=\"tdb-entry-category\" href=\"https:\/\/voceatimisului.ro\/timp-liber\/\">Timp Liber<\/a><a class=\"tdb-entry-category\" href=\"https:\/\/voceatimisului.ro\/timp-liber\/filmele-saptamanii\/\">Filmele S\u0103pt\u0103m\u00e2nii<\/a><\/div>\n<\/div>\n<div class=\"td_block_wrap tdb_title tdi_59 tdb-single-title td-pb-border-top td_block_template_1\" data-td-block-uid=\"tdi_59\">\n<div class=\"tdb-block-inner td-fix-index\">\n<h1 class=\"tdb-title-text\">Premierele s\u0103pt\u0103m\u00e2nii \u2013 din 14 martie \u00een cinematografe<\/h1>\n<\/div>\n<\/div>\n<div class=\"vc_row_inner tdi_62  vc_row vc_inner wpb_row td-pb-row\">\n<div class=\"vc_column_inner tdi_64  wpb_column vc_column_container tdc-inner-column td-pb-span6\">\n<div class=\"vc_column-inner\">\n<div class=\"wpb_wrapper\">\n<div class=\"td_block_wrap tdb_single_author tdi_65 td-pb-border-top td_block_template_1 tdb-post-meta\" data-td-block-uid=\"tdi_65\">\n<div class=\"tdb-block-inner td-fix-index\">\n<div class=\"tdb-author-name-wrap\"><span class=\"tdb-author-by\">Autor-<\/span><a class=\"tdb-author-name\" href=\"https:\/\/voceatimisului.ro\/author\/redactia\/\">Redac\u021bia<\/a><\/div>\n<\/div>\n<\/div>\n<div class=\"td_block_wrap tdb_single_date tdi_66 td-pb-border-top td_block_template_1 tdb-post-meta\" data-td-block-uid=\"tdi_66\">\n<div class=\"tdb-block-inner td-fix-index\"><time class=\"entry-date updated td-module-date\" datetime=\"2014-03-13T14:38:34+02:00\">13 martie 2014<\/time><\/div>\n<\/div>\n<div class=\"td_block_wrap tdb_single_comments_count tdi_67 td-pb-border-top td_block_template_1 tdb-post-meta\" data-td-block-uid=\"tdi_67\">\n<div class=\"tdb-block-inner td-fix-index\"><a href=\"https:\/\/voceatimisului.ro\/premierele-saptamanii-din-14-martie-cinematografe\/#respond\"><span>0<\/span><\/a><\/div>\n<\/div>\n<div class=\"td_block_wrap tdb_single_post_views tdi_68 td-pb-border-top td_block_template_1 tdb-post-meta\" data-td-block-uid=\"tdi_68\">\n<div class=\"tdb-block-inner td-fix-index\"><span class=\"tdb-add-text\">1<\/span><span class=\"td-nr-views-43622\">1565<\/span><\/div>\n<\/div>\n<\/div>\n<\/div>\n<\/div>\n<div class=\"vc_column_inner tdi_70  wpb_column vc_column_container tdc-inner-column td-pb-span6\">\n<div class=\"vc_column-inner\">\n<div class=\"wpb_wrapper\">\n<div class=\"td_block_wrap tdb_single_post_share tdi_71  td-pb-border-top td_block_template_1\" data-td-block-uid=\"tdi_71\">\n<div id=\"tdi_71\" class=\"td-post-sharing tdb-block td-ps-bg td-ps-notext td-post-sharing-style1 \">\n<div class=\"td-post-sharing-visible\"><a class=\"td-social-sharing-button td-social-sharing-button-js td-social-network td-social-facebook\" href=\"https:\/\/www.facebook.com\/sharer.php?u=https%3A%2F%2Fvoceatimisului.ro%2Fpremierele-saptamanii-din-14-martie-cinematografe%2F\" title=\"Facebook\" rel=\"noopener\"><\/p>\n<div class=\"td-social-but-text\">Facebook<\/div>\n<p><\/a><a class=\"td-social-sharing-button td-social-sharing-button-js td-social-network td-social-twitter\" href=\"https:\/\/twitter.com\/intent\/tweet?text=Premierele+s%C4%83pt%C4%83m%C3%A2nii+%E2%80%93+din+14+martie+%C3%AEn+cinematografe&amp;url=https%3A%2F%2Fvoceatimisului.ro%2Fpremierele-saptamanii-din-14-martie-cinematografe%2F&amp;via=Vocea+Timisului\" title=\"Twitter\" rel=\"noopener\"><\/p>\n<div class=\"td-social-but-text\">Twitter<\/div>\n<p><\/a><a class=\"td-social-sharing-button td-social-sharing-button-js td-social-network td-social-pinterest\" href=\"https:\/\/pinterest.com\/pin\/create\/button\/?url=https:\/\/voceatimisului.ro\/premierele-saptamanii-din-14-martie-cinematografe\/&amp;media=https:\/\/analyse.optim.biz\/wp-content\/uploads\/2026\/01\/premierele-saptamanii-jpg.webp&amp;description=Premierele+s%C4%83pt%C4%83m%C3%A2nii+%E2%80%93+din+14+martie+%C3%AEn+cinematografe\" title=\"Pinterest\" rel=\"noopener\"><\/p>\n<div class=\"td-social-but-text\">Pinterest<\/div>\n<p><\/a><a class=\"td-social-sharing-button td-social-sharing-button-js td-social-network td-social-whatsapp\" href=\"https:\/\/api.whatsapp.com\/send?text=Premierele+s%C4%83pt%C4%83m%C3%A2nii+%E2%80%93+din+14+martie+%C3%AEn+cinematografe%20%0A%0A%20https:\/\/voceatimisului.ro\/premierele-saptamanii-din-14-martie-cinematografe\/\" title=\"WhatsApp\" rel=\"noopener\"><\/p>\n<div class=\"td-social-but-text\">WhatsApp<\/div>\n<p><\/a><a class=\"td-social-sharing-button td-social-sharing-button-js td-social-network td-social-linkedin\" href=\"https:\/\/www.linkedin.com\/shareArticle?mini=true&amp;url=https:\/\/voceatimisului.ro\/premierele-saptamanii-din-14-martie-cinematografe\/&amp;title=Premierele+s%C4%83pt%C4%83m%C3%A2nii+%E2%80%93+din+14+martie+%C3%AEn+cinematografe\" title=\"Linkedin\" rel=\"noopener\"><\/p>\n<div class=\"td-social-but-text\">Linkedin<\/div>\n<p><\/a><a class=\"td-social-sharing-button td-social-sharing-button-js td-social-network td-social-copy_url\" href=\"https:\/\/voceatimisului.ro\/premierele-saptamanii-din-14-martie-cinematografe\/\" title=\"Copy URL\" rel=\"noopener\"><\/p>\n<div class=\"td-social-but-text\">Copy URL<\/div>\n<p><\/a><\/div>\n<\/div>\n<\/div>\n<\/div>\n<\/div>\n<\/div>\n<\/div>\n<div class=\"td_block_wrap tdb_single_featured_image tdi_72 tdb-content-horiz-left td-pb-border-top td_block_template_1\" data-td-block-uid=\"tdi_72\">\n<div class=\"tdb-block-inner td-fix-index\">\n<figure><img loading=\"lazy\" decoding=\"async\" width=\"696\" height=\"522\" class=\"entry-thumb\" src=\"https:\/\/analyse.optim.biz\/wp-content\/uploads\/2026\/01\/premierele-saptamanii-jpg-696x522-1.webp\" alt=\"Premierele saptamanii jpg\" title=\"Premierele saptamanii jpg\"><figcaption class=\"tdb-caption-text\">Premierele saptamanii jpg<\/figcaption><\/figure>\n<\/div>\n<\/div>\n<div class=\"vc_row_inner tdi_74  vc_row vc_inner wpb_row td-pb-row\">\n<div class=\"vc_column_inner tdi_76  wpb_column vc_column_container tdc-inner-column td-pb-span4 td-is-sticky\">\n<div class=\"vc_column-inner\">\n<div class=\"wpb_wrapper\" data-sticky-enabled-on=\"W3RydWUsdHJ1ZSx0cnVlLHRydWVd\" data-sticky-offset=\"20\" data-sticky-is-width-auto=\"W2ZhbHNlLGZhbHNlLGZhbHNlLGZhbHNlXQ==\">\n<div class=\"td_block_wrap td_flex_block_1 tdi_77 td-pb-border-top td_block_template_1 td_ajax_preloading_preload td_flex_block\" data-td-block-uid=\"tdi_77\">\n<div id=\"tdi_77\" class=\"td_block_inner td-mc1-wrap\">\n<div class=\"td_module_flex td_module_flex_1 td_module_wrap td-animation-stack td-meta-info-hide td-cpt-post\">\n<div class=\"td-module-container td-category-pos-image\">\n<div class=\"td-module-meta-info\">\n<h3 class=\"entry-title td-module-title\"><a href=\"https:\/\/voceatimisului.ro\/un-obsedat-sexual-la-medic\/\" rel=\"bookmark\" title=\"Un obsedat sexual la medic\">Un obsedat sexual la medic<\/a><\/h3>\n<\/div>\n<\/div>\n<\/div>\n<div class=\"td_module_flex td_module_flex_1 td_module_wrap td-animation-stack td-meta-info-hide td-cpt-post\">\n<div class=\"td-module-container td-category-pos-image\">\n<div class=\"td-module-meta-info\">\n<h3 class=\"entry-title td-module-title\"><a href=\"https:\/\/voceatimisului.ro\/bancul-zilei-de-ce-teoristii-nu-vizeaza-romania\/\" rel=\"bookmark\" title=\"Bancul zilei \u2013 De ce terori\u0219tii nu vizeaz\u0103 Rom\u00e2nia\">Bancul zilei \u2013 De ce terori\u0219tii nu vizeaz\u0103 Rom\u00e2nia<\/a><\/h3>\n<\/div>\n<\/div>\n<\/div>\n<div class=\"td_module_flex td_module_flex_1 td_module_wrap td-animation-stack td-meta-info-hide td-cpt-post\">\n<div class=\"td-module-container td-category-pos-image\">\n<div class=\"td-module-meta-info\">\n<h3 class=\"entry-title td-module-title\"><a href=\"https:\/\/voceatimisului.ro\/filmele-saptamanii-din-30-ianuarie-cinematografe\/\" rel=\"bookmark\" title=\"Filmele s\u0103pt\u0103m\u00e2nii \u2013 din 30 ianuarie \u00een cinematografe\">Filmele s\u0103pt\u0103m\u00e2nii \u2013 din 30 ianuarie \u00een cinematografe<\/a><\/h3>\n<\/div>\n<\/div>\n<\/div>\n<div class=\"td_module_flex td_module_flex_1 td_module_wrap td-animation-stack td-meta-info-hide td-cpt-post\">\n<div class=\"td-module-container td-category-pos-image\">\n<div class=\"td-module-meta-info\">\n<h3 class=\"entry-title td-module-title\"><a href=\"https:\/\/voceatimisului.ro\/filmele-saptamanii-din-2-ianuarie-cinematografe\/\" rel=\"bookmark\" title=\"Filmele s\u0103pt\u0103m\u00e2nii \u2013 din 2 ianuarie \u00een cinematografe\">Filmele s\u0103pt\u0103m\u00e2nii \u2013 din 2 ianuarie \u00een cinematografe<\/a><\/h3>\n<\/div>\n<\/div>\n<\/div>\n<\/div>\n<\/div>\n<div class=\"tdb-author-box td_block_wrap tdb_single_author_box tdi_82 tdb-content-vert-top td-pb-border-top td_block_template_1\" data-td-block-uid=\"tdi_82\">\n<div class=\"tdb-block-inner td-fix-index\">\n<div class=\"tdb-author-info\"><a href=\"https:\/\/voceatimisului.ro\/author\/redactia\/\" class=\"tdb-author-name\">Redac\u021bia<\/a><\/p>\n<div class=\"tdb-author-descr\">\u00centreaga responsabilitate a comentariilor l\u0103sate de dumneavoastr\u0103 v\u0103 apar\u021bine!<br \/>\nClick <a href=\"https:\/\/voceatimisului.ro\/termeni-si-conditii\/\">aici<\/a>-citeste condi\u0163iile de utilizare ale site-ului www.voceatimisului.ro<\/div>\n<\/div>\n<\/div>\n<\/div>\n<\/div>\n<\/div>\n<\/div>\n<div class=\"vc_column_inner tdi_84  wpb_column vc_column_container tdc-inner-column td-pb-span8\">\n<div class=\"vc_column-inner\">\n<div class=\"wpb_wrapper\">\n<div class=\"td_block_wrap tdb_single_content tdi_85 td-pb-border-top td_block_template_1 td-post-content tagdiv-type\" data-td-block-uid=\"tdi_85\">\n<div class=\"tdb-block-inner td-fix-index\">\n<p><strong>Better Living Through Chemistry<\/strong><\/p>\n<p>Cu tagline-ul \u201eFericirea nu are formul\u0103\u201d, comedia urm\u0103re\u015fte aventurile unui farmacist dintr-un mic or\u0103\u015fel a c\u0103rui via\u0163\u0103 lipsit\u0103 de evenimente se transform\u0103 \u00eentr-un adev\u0103rat iure\u015f c\u00e2nd \u00eencepe o rela\u0163ie cu o client\u0103 seduc\u0103toare. Alcoolul \u015fi drogurile vor face aventura lui Doug (Sam Rockwell) cu Elizabeth (Olivia Wilde) \u00eenc\u0103 \u015fi mai intens\u0103, dar eroul \u00ee\u015fi va da seama cur\u00e2nd c\u0103 \u201echimia\u201d nu este de ajuns\u2026<\/p>\n<p>[responsive_youtube <\/p>\n<p><strong>Mr. Peabody &amp; Sherman<\/strong><\/p>\n<p>Filmul vorbe\u015fte despre c\u00e2inele Peabody (Ty Burrell), cea mai de\u015fteapt\u0103 creatur\u0103 din lume ce se \u00eent\u00e2mpl\u0103 s\u0103 fie un c\u00e2ine. C\u00e2nd \u201est\u0103p\u00e2nul\u201d s\u0103u, b\u0103ie\u0163elul Sherman (Max Charles), alege s\u0103 foloseasc\u0103 f\u0103r\u0103 permisiune ma\u015fina timpului, numit\u0103 WABAC, \u00een istorie \u00eencep s\u0103 apar\u0103 schimb\u0103ri, iar lucrurile scap\u0103 de sub control, ivindu-se consecin\u0163e dezastruoase, dar \u015fi nemaipomenit de amuzante.<\/p>\n<p>[responsive_youtube <\/p>\n<p><strong>Nebraska<\/strong><\/p>\n<p>Filmul Nebraska \u00eei are \u00een centru pe un tat\u0103 v\u00e2rstnic, fost alcoolic (Bruce Dern) \u015fi pe fiul s\u0103u sceptic (Will Forte). Cei doi pornesc la drum din Montana c\u0103tre Nebraska pentru a primi banii pe care tat\u0103l pretinde c\u0103 i-a c\u00e2\u015ftigat drept premiu. \u00cens\u0103 situa\u0163ia este comic\u0103 doar \u00een aparen\u0163\u0103, latura \u00eentunecat\u0103 nu este departe.<\/p>\n<p>[responsive_youtube <\/p>\n<p><span>sursa:cinemagia.ro<\/span><\/p>\n<\/div>\n<\/div>\n<div class=\"td_block_wrap tdb_single_tags tdi_88 td-pb-border-top td_block_template_1\" data-td-block-uid=\"tdi_88\">\n<div class=\"tdb-block-inner td-fix-index\">\n<ul class=\"tdb-tags\">\n<li><span>Tags<\/span><\/li>\n<li><a href=\"https:\/\/voceatimisului.ro\/tag\/cinema-city\/\">cinema city<\/a><\/li>\n<li><a href=\"https:\/\/voceatimisului.ro\/tag\/filmele-saptamanii-2\/\">filmele saptamanii<\/a><\/li>\n<li><a href=\"https:\/\/voceatimisului.ro\/tag\/premiere-martie\/\">premiere martie<\/a><\/li>\n<li><a href=\"https:\/\/voceatimisului.ro\/tag\/timp-liber-2\/\">timp liber<\/a><\/li>\n<\/ul>\n<\/div>\n<\/div>\n<div class=\"td_block_wrap tdb_single_post_share tdi_89  td-pb-border-top td_block_template_1\" data-td-block-uid=\"tdi_89\">\n<div id=\"tdi_89\" class=\"td-post-sharing tdb-block td-ps-bg td-ps-notext td-post-sharing-style1 \">\n<div class=\"td-post-sharing-visible\"><a class=\"td-social-sharing-button td-social-sharing-button-js td-social-network td-social-facebook\" href=\"https:\/\/www.facebook.com\/sharer.php?u=https%3A%2F%2Fvoceatimisului.ro%2Fpremierele-saptamanii-din-14-martie-cinematografe%2F\" title=\"Facebook\" rel=\"noopener\"><\/p>\n<div class=\"td-social-but-text\">Facebook<\/div>\n<p><\/a><a class=\"td-social-sharing-button td-social-sharing-button-js td-social-network td-social-twitter\" href=\"https:\/\/twitter.com\/intent\/tweet?text=Premierele+s%C4%83pt%C4%83m%C3%A2nii+%E2%80%93+din+14+martie+%C3%AEn+cinematografe&amp;url=https%3A%2F%2Fvoceatimisului.ro%2Fpremierele-saptamanii-din-14-martie-cinematografe%2F&amp;via=Vocea+Timisului\" title=\"Twitter\" rel=\"noopener\"><\/p>\n<div class=\"td-social-but-text\">Twitter<\/div>\n<p><\/a><a class=\"td-social-sharing-button td-social-sharing-button-js td-social-network td-social-pinterest\" href=\"https:\/\/pinterest.com\/pin\/create\/button\/?url=https:\/\/voceatimisului.ro\/premierele-saptamanii-din-14-martie-cinematografe\/&amp;media=https:\/\/analyse.optim.biz\/wp-content\/uploads\/2026\/01\/premierele-saptamanii-jpg.webp&amp;description=Premierele+s%C4%83pt%C4%83m%C3%A2nii+%E2%80%93+din+14+martie+%C3%AEn+cinematografe\" title=\"Pinterest\" rel=\"noopener\"><\/p>\n<div class=\"td-social-but-text\">Pinterest<\/div>\n<p><\/a><a class=\"td-social-sharing-button td-social-sharing-button-js td-social-network td-social-whatsapp\" href=\"https:\/\/api.whatsapp.com\/send?text=Premierele+s%C4%83pt%C4%83m%C3%A2nii+%E2%80%93+din+14+martie+%C3%AEn+cinematografe%20%0A%0A%20https:\/\/voceatimisului.ro\/premierele-saptamanii-din-14-martie-cinematografe\/\" title=\"WhatsApp\" rel=\"noopener\"><\/p>\n<div class=\"td-social-but-text\">WhatsApp<\/div>\n<p><\/a><a class=\"td-social-sharing-button td-social-sharing-button-js td-social-network td-social-linkedin\" href=\"https:\/\/www.linkedin.com\/shareArticle?mini=true&amp;url=https:\/\/voceatimisului.ro\/premierele-saptamanii-din-14-martie-cinematografe\/&amp;title=Premierele+s%C4%83pt%C4%83m%C3%A2nii+%E2%80%93+din+14+martie+%C3%AEn+cinematografe\" title=\"Linkedin\" rel=\"noopener\"><\/p>\n<div class=\"td-social-but-text\">Linkedin<\/div>\n<p><\/a><a class=\"td-social-sharing-button td-social-sharing-button-js td-social-network td-social-copy_url\" href=\"https:\/\/voceatimisului.ro\/premierele-saptamanii-din-14-martie-cinematografe\/\" title=\"Copy URL\" rel=\"noopener\"><\/p>\n<div class=\"td-social-but-text\">Copy URL<\/div>\n<p><\/a><\/div>\n<\/div>\n<\/div>\n<div class=\"td_block_wrap tdb_single_next_prev tdi_90 td-animation-stack td-next-prev-img-on td-pb-border-top td_block_template_1\" data-td-block-uid=\"tdi_90\">\n<div class=\"tdb-block-inner td-fix-index\">\n<div class=\"tdb-next-post tdb-next-post-bg tdb-post-prev\"><span>Articolul precedent<\/span><\/p>\n<div class=\"td-module-container\">\n<div class=\"td-image-container\"><a class=\"td-image-wrap\" href=\"https:\/\/voceatimisului.ro\/inca-un-sofer-sanctionat-de-politia-locala-pentru-turarea-excesiva-motorului-pe-timp-de-noapte\/\"><img loading=\"lazy\" decoding=\"async\" class=\"td-next-prev-image td-fix-index td-lazy-img\" title=\"\u00cenc\u0103 un \u015fofer sanc\u0163ionat de Poli\u0163ia Local\u0103 pentru turarea excesiv\u0103 a motorului pe timp de noapte\" width=\"696\" height=\"483\" src=\"https:\/\/analyse.optim.biz\/wp-content\/uploads\/2026\/01\/masini2-jpg-696x483-1.webp\"><\/a><\/div>\n<div class=\"next-prev-title\"><a href=\"https:\/\/voceatimisului.ro\/inca-un-sofer-sanctionat-de-politia-locala-pentru-turarea-excesiva-motorului-pe-timp-de-noapte\/\">\u00cenc\u0103 un \u015fofer sanc\u0163ionat de Poli\u0163ia Local\u0103 pentru turarea excesiv\u0103 a motorului pe timp de noapte<\/a><\/div>\n<\/div>\n<\/div>\n<div class=\"tdb-next-post tdb-next-post-bg tdb-post-next\"><span>Articolul urm\u0103tor<\/span><\/p>\n<div class=\"td-module-container\">\n<div class=\"td-image-container\"><a class=\"td-image-wrap\" href=\"https:\/\/voceatimisului.ro\/32-echipe-din-timisoara-joaca-cupa-prieteniei-bergenbier-pentru-ajunge-marea-finala-de-la-rio\/\"><img loading=\"lazy\" decoding=\"async\" class=\"td-next-prev-image td-fix-index td-lazy-img\" title=\"32 echipe din Timi\u015foara joac\u0103 \u00een Cupa Prieteniei Bergenbier pentru a ajunge \u00een marea final\u0103 de la Rio!\" width=\"696\" height=\"464\" src=\"https:\/\/analyse.optim.biz\/wp-content\/uploads\/2026\/01\/cupa-prieteniei-bergenbier-2-jpg-696x464-1.webp\"><\/a><\/div>\n<div class=\"next-prev-title\"><a href=\"https:\/\/voceatimisului.ro\/32-echipe-din-timisoara-joaca-cupa-prieteniei-bergenbier-pentru-ajunge-marea-finala-de-la-rio\/\">32 echipe din Timi\u015foara joac\u0103 \u00een Cupa Prieteniei Bergenbier pentru a ajunge \u00een marea final\u0103 de la Rio!<\/a><\/div>\n<\/div>\n<\/div>\n<\/div>\n<\/div>\n<\/div>\n<\/div>\n<\/div>\n<\/div>\n<div class=\"vc_row_inner tdi_100  vc_row vc_inner wpb_row td-pb-row\">\n<div class=\"vc_column_inner tdi_102  wpb_column vc_column_container tdc-inner-column td-pb-span4 td-is-sticky\">\n<div class=\"vc_column-inner\">\n<div class=\"wpb_wrapper\" data-sticky-enabled-on=\"W3RydWUsdHJ1ZSx0cnVlLHRydWVd\" data-sticky-offset=\"20\" data-sticky-is-width-auto=\"W2ZhbHNlLGZhbHNlLGZhbHNlLGZhbHNlXQ==\">\n<div class=\"td_block_wrap tdb_single_related tdi_103 td_with_ajax_pagination td-pb-border-top td_block_template_1 tdb-single-related-posts\" data-td-block-uid=\"tdi_103\">\n<div id=\"tdi_103\" class=\"td_block_inner tdb-block-inner td-fix-index\">\n<div class=\"tdb_module_related td_module_wrap td-animation-stack td-meta-info-hide\">\n<div class=\"td-module-container td-category-pos-image\">\n<div class=\"td-module-meta-info\">\n<h3 class=\"entry-title td-module-title\"><a href=\"https:\/\/voceatimisului.ro\/filmele-saptamanii-din-5-decembrie-cinematografe\/\" rel=\"bookmark\" title=\"Filmele s\u0103pt\u0103m\u00e2nii \u2013 din 5 decembrie \u00een cinematografe\">Filmele s\u0103pt\u0103m\u00e2nii \u2013 din 5 decembrie \u00een cinematografe<\/a><\/h3>\n<\/div>\n<\/div>\n<\/div>\n<div class=\"tdb_module_related td_module_wrap td-animation-stack td-meta-info-hide\">\n<div class=\"td-module-container td-category-pos-image\">\n<div class=\"td-module-meta-info\">\n<h3 class=\"entry-title td-module-title\"><a href=\"https:\/\/voceatimisului.ro\/filmele-saptamanii-din-28-noiembrie-cinematografe\/\" rel=\"bookmark\" title=\"Filmele s\u0103pt\u0103m\u00e2nii \u2013 din 28 noiembrie \u00een cinematografe\">Filmele s\u0103pt\u0103m\u00e2nii \u2013 din 28 noiembrie \u00een cinematografe<\/a><\/h3>\n<\/div>\n<\/div>\n<\/div>\n<div class=\"tdb_module_related td_module_wrap td-animation-stack td-meta-info-hide\">\n<div class=\"td-module-container td-category-pos-image\">\n<div class=\"td-module-meta-info\">\n<h3 class=\"entry-title td-module-title\"><a href=\"https:\/\/voceatimisului.ro\/bancul-zilei-ponta-merge-pe-o-strada-laturalnica-si-cade-intr-o-groapa-adanca\/\" rel=\"bookmark\" title=\"Bancul zilei \u2013 Ponta merge pe o strad\u0103 l\u0103turalnic\u0103 \u015fi cade \u00eentr-o groap\u0103 ad\u00e2nc\u0103.\">Bancul zilei \u2013 Ponta merge pe o strad\u0103 l\u0103turalnic\u0103 \u015fi cade \u00eentr-o groap\u0103 ad\u00e2nc\u0103.<\/a><\/h3>\n<\/div>\n<\/div>\n<\/div>\n<\/div>\n<\/div>\n<\/div>\n<\/div>\n<\/div>\n<div class=\"vc_column_inner tdi_105  wpb_column vc_column_container tdc-inner-column td-pb-span8\">\n<div class=\"vc_column-inner\">\n<div class=\"wpb_wrapper\">\n<div class=\"td_block_wrap tdb_single_comments tdi_106 tdb-comm-layout2 td-pb-border-top td_block_template_2\" data-td-block-uid=\"tdi_106\">\n<div class=\"tdb-block-inner td-fix-index\">\n<div class=\"comments\" id=\"comments\">\n<div id=\"respond\" class=\"comment-respond\">\n<h3 id=\"reply-title\" class=\"comment-reply-title\">L\u0102SA\u021aI UN MESAJ <small><a rel=\"nofollow\" id=\"cancel-comment-reply-link\" href=\"https:\/\/voceatimisului.ro\/premierele-saptamanii-din-14-martie-cinematografe\/#respond\">Renun\u021ba\u021bi la r\u0103spuns<\/a><\/small><\/h3>\n<div class=\"comment-form-input-wrap td-form-comment\">\n<div class=\"td-warning-comment\">V\u0103 rug\u0103m s\u0103 introduce\u021bi comentariul dvs.!<\/div>\n<\/div>\n<div class=\"comment-form-input-wrap td-form-author\">\n<div class=\"td-warning-author\">Introduce\u021bi aici numele dvs.<\/div>\n<\/div>\n<div class=\"comment-form-input-wrap td-form-email\">\n<div class=\"td-warning-email-error\">A\u021bi introdus o adres\u0103 de e-mail incorect\u0103!<\/div>\n<div class=\"td-warning-email\">V\u0103 rug\u0103m s\u0103 introduce\u021bi adresa dvs. de e-mail aici<\/div>\n<\/div>\n<\/div>\n<\/div>\n<\/div>\n<\/div>\n<\/div>\n<\/div>\n<\/div>\n<\/div>\n<\/div>\n<\/div>\n<div class=\"vc_column tdi_108  wpb_column vc_column_container tdc-column td-pb-span4 td-is-sticky\">\n<div class=\"wpb_wrapper\" data-sticky-enabled-on=\"W3RydWUsdHJ1ZSx0cnVlLHRydWVd\" data-sticky-offset=\"20\" data-sticky-is-width-auto=\"W2ZhbHNlLGZhbHNlLGZhbHNlLGZhbHNlXQ==\">\n<div class=\"vc_row_inner tdi_110  vc_row vc_inner wpb_row td-pb-row\">\n<div class=\"vc_column_inner tdi_112  wpb_column vc_column_container tdc-inner-column td-pb-span12\">\n<div class=\"vc_column-inner\">\n<div class=\"wpb_wrapper\">\n<div class=\"td_block_wrap td_block_title tdi_113 td-pb-border-top td_block_template_11 td-fix-index\" data-td-block-uid=\"tdi_113\">\n<div class=\"td-block-title-wrap\">\n<h4 class=\"td-block-title\"><span class=\"td-pulldown-size\">ANUN\u021aURI \u0218I PUBLICITATE<\/span><\/h4>\n<\/div>\n<\/div>\n<\/div>\n<\/div>\n<\/div>\n<\/div>\n<div class=\"wpb_wrapper td_block_wrap vc_widget_sidebar tdi_115 \">\n<aside id=\"block-10\" class=\"td_block_template_1 widget block-10 widget_block widget_media_image\">\n<figure class=\"wp-block-image size-full\"><a href=\"https:\/\/adpghiroda.ro\/index.html\" target=\"_blank\" rel=\" noreferrer noopener\"><img decoding=\"async\" loading=\"lazy\" width=\"960\" height=\"960\" src=\"https:\/\/analyse.optim.biz\/wp-content\/uploads\/2026\/01\/adp-ghiroda2-94.jpg\" class=\"wp-image-171492\" title=\"adp-ghiroda2-94\"><\/a><\/figure>\n<\/aside>\n<aside id=\"block-11\" class=\"td_block_template_1 widget block-11 widget_block widget_media_image\">\n<figure class=\"wp-block-image size-full\"><a href=\"https:\/\/adpghiroda.ro\/index.html\" target=\"_blank\" rel=\" noreferrer noopener\"><img decoding=\"async\" loading=\"lazy\" width=\"960\" height=\"960\" src=\"https:\/\/analyse.optim.biz\/wp-content\/uploads\/2026\/01\/adp-ghiroda1-94.jpg\" class=\"wp-image-171491\" title=\"adp-ghiroda1-94\"><\/a><\/figure>\n<\/aside>\n<aside id=\"block-17\" class=\"td_block_template_1 widget block-17 widget_block widget_media_image\">\n<figure class=\"wp-block-image size-large is-resized\"><a href=\"https:\/\/verde.events\/\" target=\"_blank\" rel=\" noreferrer noopener\"><img decoding=\"async\" loading=\"lazy\" width=\"1024\" height=\"683\" src=\"https:\/\/analyse.optim.biz\/wp-content\/uploads\/2026\/01\/verde-events-24-1024x683-1-79.jpg\" alt=\"Verde Events\" class=\"wp-image-174395\" title=\"verde-events-24-1024x683-1-79\"><\/a><figcaption class=\"wp-element-caption\"><strong><em>O experien\u021b\u0103 unic\u0103 pentru orice tip de eveniment<\/em><\/strong><\/figcaption><\/figure>\n<\/aside>\n<\/div>\n<div class=\"td_block_wrap td_flex_block_1 tdi_121 td-pb-border-top td_block_template_1 td_ajax_preloading_preload td_flex_block\" data-td-block-uid=\"tdi_121\">\n<div id=\"tdi_121\" class=\"td_block_inner td-mc1-wrap\">\n<div class=\"td_module_flex td_module_flex_1 td_module_wrap td-animation-stack td-meta-info-hide td-cpt-post\">\n<div class=\"td-module-container td-category-pos-image\">\n<div class=\"td-module-meta-info\">\n<h3 class=\"entry-title td-module-title\"><a href=\"https:\/\/voceatimisului.ro\/filmele-saptamanii-din-31-octombrie-cinematografe\/\" rel=\"bookmark\" title=\"Filmele s\u0103pt\u0103m\u00e2nii \u2013 din 31 octombrie \u00een cinematografe\">Filmele s\u0103pt\u0103m\u00e2nii \u2013 din 31 octombrie \u00een cinematografe<\/a><\/h3>\n<\/div>\n<\/div>\n<\/div>\n<div class=\"td_module_flex td_module_flex_1 td_module_wrap td-animation-stack td-meta-info-hide td-cpt-post\">\n<div class=\"td-module-container td-category-pos-image\">\n<div class=\"td-module-meta-info\">\n<h3 class=\"entry-title td-module-title\"><a href=\"https:\/\/voceatimisului.ro\/premierele-saptamanii-din-24-octombrie-cinematografe\/\" rel=\"bookmark\" title=\"Premierele s\u0103pt\u0103m\u00e2nii \u2013 din 24 octombrie \u00een cinematografe\">Premierele s\u0103pt\u0103m\u00e2nii \u2013 din 24 octombrie \u00een cinematografe<\/a><\/h3>\n<\/div>\n<\/div>\n<\/div>\n<div class=\"td_module_flex td_module_flex_1 td_module_wrap td-animation-stack td-meta-info-hide td-cpt-post\">\n<div class=\"td-module-container td-category-pos-image\">\n<div class=\"td-module-meta-info\">\n<h3 class=\"entry-title td-module-title\"><a href=\"https:\/\/voceatimisului.ro\/premierele-saptamanii-din-17-octombrie-cinematografe\/\" rel=\"bookmark\" title=\"Premierele s\u0103pt\u0103m\u00e2nii \u2013 din 17 octombrie \u00een cinematografe\">Premierele s\u0103pt\u0103m\u00e2nii \u2013 din 17 octombrie \u00een cinematografe<\/a><\/h3>\n<\/div>\n<\/div>\n<\/div>\n<div class=\"td_module_flex td_module_flex_1 td_module_wrap td-animation-stack td-meta-info-hide td-cpt-post\">\n<div class=\"td-module-container td-category-pos-image\">\n<div class=\"td-module-meta-info\">\n<h3 class=\"entry-title td-module-title\"><a href=\"https:\/\/voceatimisului.ro\/premierele-saptamanii-din-3-octombrie-cinematografe\/\" rel=\"bookmark\" title=\"Premierele s\u0103pt\u0103m\u00e2nii \u2013 din 3 octombrie \u00een cinematografe\">Premierele s\u0103pt\u0103m\u00e2nii \u2013 din 3 octombrie \u00een cinematografe<\/a><\/h3>\n<\/div>\n<\/div>\n<\/div>\n<div class=\"td_module_flex td_module_flex_1 td_module_wrap td-animation-stack td-meta-info-hide td-cpt-post\">\n<div class=\"td-module-container td-category-pos-image\">\n<div class=\"td-module-meta-info\">\n<h3 class=\"entry-title td-module-title\"><a href=\"https:\/\/voceatimisului.ro\/fata-saptamanii-gabriela-carceanu\/\" rel=\"bookmark\" title=\"Fata S\u0103pt\u0103m\u00e2nii \u2013 Gabriela Carceanu\">Fata S\u0103pt\u0103m\u00e2nii \u2013 Gabriela Carceanu<\/a><\/h3>\n<\/div>\n<\/div>\n<\/div>\n<\/div>\n<\/div>\n<\/div>\n<\/div>\n<\/div>\n<\/div>\n<\/div>\n<\/div>\n<p><span class=\"td-page-meta\"><\/span><span class=\"td-page-meta\"><span class=\"td-page-meta\"><\/span><\/span><span class=\"td-page-meta\"><\/span><\/article>\n<p> Source URL: https:\/\/voceatimisului.ro\/premierele-saptamanii-din-14-martie-cinematografe\/<\/p>\n","protected":false},"excerpt":{"rendered":"<p>\u0218tiriTimp LiberFilmele S\u0103pt\u0103m\u00e2nii Premierele s\u0103pt\u0103m\u00e2nii \u2013 din 14 martie \u00een cinematografe Autor-Redac\u021bia 13 martie 2014 0 11565 Facebook Twitter Pinterest WhatsApp Linkedin Copy URL Premierele saptamanii jpg Un obsedat sexual la medic Bancul zilei \u2013 De ce terori\u0219tii nu vizeaz\u0103 Rom\u00e2nia Filmele s\u0103pt\u0103m\u00e2nii \u2013 din 30 ianuarie \u00een cinematografe Filmele s\u0103pt\u0103m\u00e2nii \u2013 din 2 ianuarie [&hellip;]<\/p>\n","protected":false},"author":1,"featured_media":1301946,"comment_status":"open","ping_status":"","sticky":false,"template":"","format":"standard","meta":{"footnotes":""},"categories":[89],"tags":[199],"class_list":["post-1301945","post","type-post","status-publish","format-standard","has-post-thumbnail","hentry","category-romania","tag-voceatimisului-ro"],"_links":{"self":[{"href":"https:\/\/analyse.optim.biz\/index.php?rest_route=\/wp\/v2\/posts\/1301945","targetHints":{"allow":["GET"]}}],"collection":[{"href":"https:\/\/analyse.optim.biz\/index.php?rest_route=\/wp\/v2\/posts"}],"about":[{"href":"https:\/\/analyse.optim.biz\/index.php?rest_route=\/wp\/v2\/types\/post"}],"author":[{"embeddable":true,"href":"https:\/\/analyse.optim.biz\/index.php?rest_route=\/wp\/v2\/users\/1"}],"replies":[{"embeddable":true,"href":"https:\/\/analyse.optim.biz\/index.php?rest_route=%2Fwp%2Fv2%2Fcomments&post=1301945"}],"version-history":[{"count":0,"href":"https:\/\/analyse.optim.biz\/index.php?rest_route=\/wp\/v2\/posts\/1301945\/revisions"}],"wp:featuredmedia":[{"embeddable":true,"href":"https:\/\/analyse.optim.biz\/index.php?rest_route=\/wp\/v2\/media\/1301946"}],"wp:attachment":[{"href":"https:\/\/analyse.optim.biz\/index.php?rest_route=%2Fwp%2Fv2%2Fmedia&parent=1301945"}],"wp:term":[{"taxonomy":"category","embeddable":true,"href":"https:\/\/analyse.optim.biz\/index.php?rest_route=%2Fwp%2Fv2%2Fcategories&post=1301945"},{"taxonomy":"post_tag","embeddable":true,"href":"https:\/\/analyse.optim.biz\/index.php?rest_route=%2Fwp%2Fv2%2Ftags&post=1301945"}],"curies":[{"name":"wp","href":"https:\/\/api.w.org\/{rel}","templated":true}]}}