{"id":1299473,"date":"2015-05-17T13:40:53","date_gmt":"2015-05-17T10:40:53","guid":{"rendered":"https:\/\/analyse.optim.biz\/?p=1299473"},"modified":"2015-05-17T13:40:53","modified_gmt":"2015-05-17T10:40:53","slug":"hora-bucovinei-2015-suceava-news-online","status":"publish","type":"post","link":"https:\/\/analyse.optim.biz\/?p=1299473","title":{"rendered":"Hora Bucovinei 2015 | Suceava News Online"},"content":{"rendered":"<article>\n<div id=\"tools\">\n<div id=\"datemeta\">duminic\u0103, 17 mai 2015<\/div>\n<div id=\"breadcrumb\"><span><a href=\"https:\/\/www.svnews.ro\/\" title=\"Suceava News : \u015etiri din Suceava\" rel=\"home\"><span>\u015etiri<\/span><\/a><\/span>\u00a0\u2022\u00a0<span><a href=\"https:\/\/www.svnews.ro\/actualitate\/\" title=\"Vezi toate articolele din Actualitate\"><span>Actualitate<\/span><\/a><\/span><\/div>\n<\/div>\n<div class=\"post\"><a href=\"https:\/\/www.svnews.ro\/hora-bucovinei-2015\/55427\/\" rel=\"bookmark\" title=\"Hora Bucovinei 2015\"><\/p>\n<h2>Hora Bucovinei 2015<\/h2>\n<p><\/a><\/p>\n<div class=\"entry\">\n<div class=\"entry_content\">\n<div class=\"video-container\"><iframe loading=\"lazy\" title=\"Hora Bucovinei 2015\" width=\"500\" height=\"405\" src=\"https:\/\/www.youtube.com\/embed\/DmTud4zWU24?feature=oembed\" frameborder allow=\"accelerometer; autoplay; clipboard-write; encrypted-media; gyroscope; picture-in-picture; web-share\" referrerpolicy=\"strict-origin-when-cross-origin\" allowfullscreen><\/iframe><\/div>\n<p>Cea de-a \u015faptea edi\u0163ie a \u201eHorei Bucovinei\u201d s-a bucurat de prezen\u0163a unui num\u0103r record de vizitatori.<br \/> Potrivit organizatorilor, peste 30.000 de persoane se aflau duminic\u0103, \u00een jurul pr\u00e2nzului, \u00een fosta Tab\u0103r\u0103 Buc\u015foaia din Frasin, acolo unde a avut loc Hora Bucovinei.<br \/> Sucevenii, dar \u015fi turi\u015ftii din \u0163ar\u0103 \u015fi din str\u0103in\u0103tate au avut \u015fi anul acesta posibilitatea de a degusta din delicioasele produse tradi\u0163ionale g\u0103tite de bacii din zona de munte a jude\u0163ului.<br \/> \u00cen incinta taberei au fost amplasate st\u00e2nele din zona Humorului, din Fundu Moldovei, Breaza, Botu\u015ful Mare, Stulpicani, Cacica, Frasin sau st\u00e2na Cooperativei Agricole \u201eTimineanca\u201d din Fundu Moldovei.<\/p>\n<p><a title=\"Record de vizitatori la Hora Bucovinei de la Frasin\" href=\"https:\/\/www.svnews.ro\/record-de-vizitatori-la-hora-bucovinei-de-la-frasin\/55241\/\" target=\"_blank\"><strong>Mai multe informa\u0163ii \u015fi galerie foto<\/strong><\/a><\/p>\n<p><span class=\"hreview-aggregate\"><span class=\"item\"><span class=\"fn\">Hora Bucovinei 2015<\/span><\/span>, <span class=\"rating\"><span class=\"average\">9.7<\/span> out of <span class=\"best\">10<\/span> based on <span class=\"votes\">3<\/span> ratings <\/span><\/span><\/div>\n<div>\n<div>VN:F [1.9.22_1171]<\/div>\n<div class=\"ratingblock \">\n<div class=\"ratingstars \">\n<div id=\"article_loader_55427\" class=\"ratingloaderarticle\">\n<div class=\"loader arrows \">\n<div class=\"loaderinner\">se actualizeaz\u0103&#8230;<\/div>\n<\/div>\n<\/div>\n<\/div>\n<div class=\"ratingtext \">\n<div id=\"gdr_text_a55427\">Rating: 9.7\/<strong>10<\/strong> (3 votes cast)<\/div>\n<\/div>\n<\/div>\n<\/div>\n<\/div>\n<\/div>\n<p><span>Actualitate<\/span><\/p>\n<div id=\"metaboxh\">\n<h5>Etichete<\/h5>\n<div class=\"listtags\"><a href=\"https:\/\/www.svnews.ro\/subiect\/bucovina\/\" rel=\"tag\">Bucovina<\/a><span>,<\/span><a href=\"https:\/\/www.svnews.ro\/subiect\/bucsoaia\/\" rel=\"tag\">Bucsoaia<\/a><span>,<\/span><a href=\"https:\/\/www.svnews.ro\/subiect\/frasin\/\" rel=\"tag\">Frasin<\/a><span>,<\/span><a href=\"https:\/\/www.svnews.ro\/subiect\/gura-humorului\/\" rel=\"tag\">Gura Humorului<\/a><span>,<\/span><a href=\"https:\/\/www.svnews.ro\/subiect\/hora-bucovinei\/\" rel=\"tag\">Hora Bucovinei<\/a><span>,<\/span><a href=\"https:\/\/www.svnews.ro\/subiect\/produse-traditionale\/\" rel=\"tag\">produse traditionale<\/a><span>,<\/span><a href=\"https:\/\/www.svnews.ro\/subiect\/romania\/\" rel=\"tag\">Rom\u00e2nia<\/a><span>,<\/span><a href=\"https:\/\/www.svnews.ro\/subiect\/suceava\/\" rel=\"tag\">Suceava<\/a><span>,<\/span><a href=\"https:\/\/www.svnews.ro\/subiect\/tabara-bucsoaia\/\" rel=\"tag\">tabara Bucsoaia<\/a><span>,<\/span><a href=\"https:\/\/www.svnews.ro\/subiect\/traditii-populare\/\" rel=\"tag\">traditii populare<\/a><\/div>\n<\/div>\n<div class=\"socialsharewrapper\">\n<div class=\"socialshare\"><a target=\"_blank\" href=\"https:\/\/www.facebook.com\/sharer.php?u=https:\/\/www.svnews.ro\/hora-bucovinei-2015\/55427\/\" title=\"Trimite pe Facebook\" class=\"facebook tooltip-top\">Trimite pe Facebook<\/a><a target=\"_blank\" href=\"https:\/\/twitter.com\/intent\/tweet?url=https:\/\/www.svnews.ro\/hora-bucovinei-2015\/55427\/\" title=\"Trimite pe Twiter\" class=\"twitter tooltip-top\">Trimite pe Twiter<\/a><a target=\"_blank\" href=\"https:\/\/plus.google.com\/share?url=https:\/\/www.svnews.ro\/hora-bucovinei-2015\/55427\/\" title=\"Trimite pe Google Plus\" class=\"google tooltip-top\">Trimite pe Google Plus<\/a><a target=\"_blank\" href=\"https:\/\/pinterest.com\/pin\/create\/button\/?url=https:\/\/www.svnews.ro\/hora-bucovinei-2015\/55427\/&amp;media=https:\/\/analyse.optim.biz\/wp-content\/uploads\/2026\/01\/846bad2126509e965d7e37d62.jpg&amp;description=Hora%20Bucovinei%202015\" title=\"Pin pe poz\u0103\" class=\"pinterest tooltip-top\">Pin pe poz\u0103<\/a><a href=\"mailto:?subject=Hora%20Bucovinei%202015&amp;body='Hora%20Bucovinei%202015':%0D%0Ahttps:\/\/www.svnews.ro\/hora-bucovinei-2015\/55427\/\" title=\"Trimite pe Email\" class=\"email tooltip-top\">Trimite pe Email<\/a><\/div>\n<\/div>\n<div>\n<div><strong><a href=\"https:\/\/www.svnews.ro\/biciclete-furate-din-subsolul-unui-bloc-din-suceava\/55240\/\" rel=\"prev\">Biciclete furate din subsolul unui bloc din Suceava<\/a><\/strong><\/div>\n<div><strong><a href=\"https:\/\/www.svnews.ro\/record-de-vizitatori-la-hora-bucovinei-de-la-frasin\/55241\/\" rel=\"next\">Record de vizitatori la Hora Bucovinei de la Frasin<\/a><\/strong><\/div>\n<\/div>\n<p><span><span><a href=\"https:\/\/plus.google.com\/114118714655107976080?rel=author\">Suceava News Online<\/a><\/span><\/span><\/p>\n<div id=\"related\" class=\"clearfix\">\n<div id=\"relatednews\">\n<div id=\"relatednewsh2\">Alte \u015ftiri pe aceea\u015fi tem\u0103<\/div>\n<\/div>\n<div class=\"related\">\n<div class=\"relatedpost\"><a href=\"https:\/\/www.svnews.ro\/hora-bucovinei-2014\/36373\/\" rel=\"bookmark\" title=\"Hora Bucovinei 2014\"><img decoding=\"async\" width=\"150\" height=\"125\" src=\"https:\/\/analyse.optim.biz\/wp-content\/uploads\/2026\/01\/9057db76b4afd2cd9cbfcae1601500125.jpg\" loading=\"lazy\" title=\"9057db76b4afd2cd9cbfcae1601500125\"><\/a><\/p>\n<h3><a href=\"https:\/\/www.svnews.ro\/hora-bucovinei-2014\/36373\/\" rel=\"bookmark\" title=\"Hora Bucovinei 2014\"> Hora Bucovinei 2014 <\/a><\/h3>\n<\/div>\n<\/div>\n<div class=\"related\">\n<div class=\"relatedpost\"><a href=\"https:\/\/www.svnews.ro\/hora-bucovinei-2014-filmare-aeriana\/36375\/\" rel=\"bookmark\" title=\"Hora Bucovinei 2014 (filmare aerian\u0103)\"><img decoding=\"async\" width=\"150\" height=\"125\" src=\"https:\/\/analyse.optim.biz\/wp-content\/uploads\/2026\/01\/f98eeaf8fbb85b1ecc85e991c01500125.jpg\" loading=\"lazy\" title=\"f98eeaf8fbb85b1ecc85e991c01500125\"><\/a><\/p>\n<h3><a href=\"https:\/\/www.svnews.ro\/hora-bucovinei-2014-filmare-aeriana\/36375\/\" rel=\"bookmark\" title=\"Hora Bucovinei 2014 (filmare aerian\u0103)\"> Hora Bucovinei 2014 (filmare aerian\u0103) <\/a><\/h3>\n<\/div>\n<\/div>\n<div class=\"related\">\n<div class=\"relatedpost\"><a href=\"https:\/\/www.svnews.ro\/hora-bucovinei-2015-va-avea-loc-pe-17-mai-la-frasin\/53863\/\" rel=\"bookmark\" title=\"Hora Bucovinei 2015 va avea loc pe 17 mai la Frasin\"><img decoding=\"async\" width=\"150\" height=\"125\" src=\"https:\/\/analyse.optim.biz\/wp-content\/uploads\/2026\/01\/eae8827e900c2a17779cec50d01500125.jpg\" loading=\"lazy\" title=\"eae8827e900c2a17779cec50d01500125\"><\/a><\/p>\n<h3><a href=\"https:\/\/www.svnews.ro\/hora-bucovinei-2015-va-avea-loc-pe-17-mai-la-frasin\/53863\/\" rel=\"bookmark\" title=\"Hora Bucovinei 2015 va avea loc pe 17 mai la Frasin\"> Hora Bucovinei 2015 va avea loc pe 17 mai la Frasin <\/a><\/h3>\n<\/div>\n<\/div>\n<div class=\"related\">\n<div class=\"relatedpost\"><a href=\"https:\/\/www.svnews.ro\/dumitru-farcas-sofia-vicoveanca-si-margareta-clipa-vor-canta-la-hora-bucovinei-2015\/54412\/\" rel=\"bookmark\" title=\"Dumitru F\u0103rca\u015f, Sofia Vicoveanca \u015fi Margareta Clipa vor c\u00e2nta la Hora Bucovinei 2015\"><img decoding=\"async\" width=\"150\" height=\"125\" src=\"https:\/\/analyse.optim.biz\/wp-content\/uploads\/2026\/01\/94db20ffa0ba107cfc537f96401500125.jpg\" loading=\"lazy\" title=\"94db20ffa0ba107cfc537f96401500125\"><\/a><\/p>\n<h3><a href=\"https:\/\/www.svnews.ro\/dumitru-farcas-sofia-vicoveanca-si-margareta-clipa-vor-canta-la-hora-bucovinei-2015\/54412\/\" rel=\"bookmark\" title=\"Dumitru F\u0103rca\u015f, Sofia Vicoveanca \u015fi Margareta Clipa vor c\u00e2nta la Hora Bucovinei 2015\"> Dumitru F\u0103rca\u015f, Sofia Vicoveanca \u015fi Margareta Clipa vor c\u00e2nta la Hora&#8230; <\/a><\/h3>\n<\/div>\n<\/div>\n<p><\/p>\n<hr>\n<p><\/div>\n<\/article>\n<p> Source URL: https:\/\/www.svnews.ro\/hora-bucovinei-2015\/55427\/<\/p>\n","protected":false},"excerpt":{"rendered":"<p>duminic\u0103, 17 mai 2015 \u015etiri\u00a0\u2022\u00a0Actualitate Hora Bucovinei 2015 Cea de-a \u015faptea edi\u0163ie a \u201eHorei Bucovinei\u201d s-a bucurat de prezen\u0163a unui num\u0103r record de vizitatori. Potrivit organizatorilor, peste 30.000 de persoane se aflau duminic\u0103, \u00een jurul pr\u00e2nzului, \u00een fosta Tab\u0103r\u0103 Buc\u015foaia din Frasin, acolo unde a avut loc Hora Bucovinei. Sucevenii, dar \u015fi turi\u015ftii din \u0163ar\u0103 [&hellip;]<\/p>\n","protected":false},"author":1,"featured_media":1299474,"comment_status":"open","ping_status":"","sticky":false,"template":"","format":"standard","meta":{"footnotes":""},"categories":[89],"tags":[175],"class_list":["post-1299473","post","type-post","status-publish","format-standard","has-post-thumbnail","hentry","category-romania","tag-svnews-ro"],"_links":{"self":[{"href":"https:\/\/analyse.optim.biz\/index.php?rest_route=\/wp\/v2\/posts\/1299473","targetHints":{"allow":["GET"]}}],"collection":[{"href":"https:\/\/analyse.optim.biz\/index.php?rest_route=\/wp\/v2\/posts"}],"about":[{"href":"https:\/\/analyse.optim.biz\/index.php?rest_route=\/wp\/v2\/types\/post"}],"author":[{"embeddable":true,"href":"https:\/\/analyse.optim.biz\/index.php?rest_route=\/wp\/v2\/users\/1"}],"replies":[{"embeddable":true,"href":"https:\/\/analyse.optim.biz\/index.php?rest_route=%2Fwp%2Fv2%2Fcomments&post=1299473"}],"version-history":[{"count":0,"href":"https:\/\/analyse.optim.biz\/index.php?rest_route=\/wp\/v2\/posts\/1299473\/revisions"}],"wp:featuredmedia":[{"embeddable":true,"href":"https:\/\/analyse.optim.biz\/index.php?rest_route=\/wp\/v2\/media\/1299474"}],"wp:attachment":[{"href":"https:\/\/analyse.optim.biz\/index.php?rest_route=%2Fwp%2Fv2%2Fmedia&parent=1299473"}],"wp:term":[{"taxonomy":"category","embeddable":true,"href":"https:\/\/analyse.optim.biz\/index.php?rest_route=%2Fwp%2Fv2%2Fcategories&post=1299473"},{"taxonomy":"post_tag","embeddable":true,"href":"https:\/\/analyse.optim.biz\/index.php?rest_route=%2Fwp%2Fv2%2Ftags&post=1299473"}],"curies":[{"name":"wp","href":"https:\/\/api.w.org\/{rel}","templated":true}]}}