{"id":1294374,"date":"2025-10-16T07:46:44","date_gmt":"2025-10-16T04:46:44","guid":{"rendered":"https:\/\/analyse.optim.biz\/?p=1294374"},"modified":"2025-10-16T07:46:44","modified_gmt":"2025-10-16T04:46:44","slug":"scandal-la-stpt-vatmanii-acuza-taieri-de-1-200-lei-la-salariu-si-mesaje-sterse-de-conducere","status":"publish","type":"post","link":"https:\/\/analyse.optim.biz\/?p=1294374","title":{"rendered":"Scandal la STPT: Vatmanii acuz\u0103 t\u0103ieri de 1.200 lei la salariu \u0219i mesaje \u0219terse de conducere"},"content":{"rendered":"<article id=\"template-id-172790\" class=\"post-172790 tdb_templates type-tdb_templates status-publish post\">\n<div id=\"tdi_52\" class=\"tdc-zone\">\n<div class=\"tdc_zone tdi_53  wpb_row td-pb-row\">\n<div id=\"tdi_54\" class=\"tdc-row stretch_row_1400 td-stretch-content\">\n<div class=\"vc_row tdi_55  wpb_row td-pb-row tdc-element-style\">\n<div class=\"vc_column tdi_57  wpb_column vc_column_container tdc-column td-pb-span8\">\n<div class=\"wpb_wrapper\">\n<div class=\"td_block_wrap tdb_single_categories tdi_58 td-pb-border-top td_block_template_1 \" data-td-block-uid=\"tdi_58\">\n<div class=\"tdb-category td-fix-index\"><a class=\"tdb-entry-category\" href=\"https:\/\/voceatimisului.ro\/stiri-din-timisoara-si-timis\/\">\u0218tiri<\/a><a class=\"tdb-entry-category\" href=\"https:\/\/voceatimisului.ro\/vocea-strazii\/\">Vocea Str\u0103zii<\/a><\/div>\n<\/div>\n<div class=\"td_block_wrap tdb_title tdi_59 tdb-single-title td-pb-border-top td_block_template_1\" data-td-block-uid=\"tdi_59\">\n<div class=\"tdb-block-inner td-fix-index\">\n<h1 class=\"tdb-title-text\">Scandal la STPT: Vatmanii acuz\u0103 t\u0103ieri de 1.200 lei la salariu \u0219i mesaje \u0219terse de conducere<\/h1>\n<\/div>\n<\/div>\n<div class=\"td_block_wrap tdb_single_subtitle tdi_60 td-pb-border-top td_block_template_1\" data-td-block-uid=\"tdi_60\">\n<div class=\"tdb-block-inner td-fix-index\">\n<h2>Nemul\u021bumiri \u00een lan\u021b la Societatea de Transport Public Timi\u0219oara. Angaja\u021bii reclam\u0103 sc\u0103deri salariale nejustificate \u0219i spun c\u0103 mesajele critice au fost \u0219terse din grupurile interne. Conducerea promite \u201everific\u0103ri\u201d, dar nu ofer\u0103 explica\u021bii clare.<\/h2>\n<\/div>\n<\/div>\n<div class=\"vc_row_inner tdi_62  vc_row vc_inner wpb_row td-pb-row\">\n<div class=\"vc_column_inner tdi_64  wpb_column vc_column_container tdc-inner-column td-pb-span6\">\n<div class=\"vc_column-inner\">\n<div class=\"wpb_wrapper\">\n<div class=\"td_block_wrap tdb_single_author tdi_65 td-pb-border-top td_block_template_1 tdb-post-meta\" data-td-block-uid=\"tdi_65\">\n<div class=\"tdb-block-inner td-fix-index\">\n<div class=\"tdb-author-name-wrap\"><span class=\"tdb-author-by\">Autor-<\/span><a class=\"tdb-author-name\" href=\"https:\/\/voceatimisului.ro\/author\/cataadmin\/\">Radu Constantin<\/a><\/div>\n<\/div>\n<\/div>\n<div class=\"td_block_wrap tdb_single_date tdi_66 td-pb-border-top td_block_template_1 tdb-post-meta\" data-td-block-uid=\"tdi_66\">\n<div class=\"tdb-block-inner td-fix-index\"><time class=\"entry-date updated td-module-date\" datetime=\"2025-10-16T10:46:44+03:00\">16 octombrie 2025<\/time><\/div>\n<\/div>\n<div class=\"td_block_wrap tdb_single_comments_count tdi_67 td-pb-border-top td_block_template_1 tdb-post-meta\" data-td-block-uid=\"tdi_67\">\n<div class=\"tdb-block-inner td-fix-index\"><a href=\"https:\/\/voceatimisului.ro\/scandal-la-stpt-vatmanii-acuza-taieri-de-1-200-lei-la-salariu-si-mesaje-sterse-de-conducere\/#comments\"><span>3<\/span><\/a><\/div>\n<\/div>\n<div class=\"td_block_wrap tdb_single_post_views tdi_68 td-pb-border-top td_block_template_1 tdb-post-meta\" data-td-block-uid=\"tdi_68\">\n<div class=\"tdb-block-inner td-fix-index\"><span class=\"tdb-add-text\">1<\/span><span class=\"td-nr-views-175513\">2444<\/span><\/div>\n<\/div>\n<\/div>\n<\/div>\n<\/div>\n<div class=\"vc_column_inner tdi_70  wpb_column vc_column_container tdc-inner-column td-pb-span6\">\n<div class=\"vc_column-inner\">\n<div class=\"wpb_wrapper\">\n<div class=\"td_block_wrap tdb_single_post_share tdi_71  td-pb-border-top td_block_template_1\" data-td-block-uid=\"tdi_71\">\n<div id=\"tdi_71\" class=\"td-post-sharing tdb-block td-ps-bg td-ps-notext td-post-sharing-style1 \">\n<div class=\"td-post-sharing-visible\"><a class=\"td-social-sharing-button td-social-sharing-button-js td-social-network td-social-facebook\" href=\"https:\/\/www.facebook.com\/sharer.php?u=https%3A%2F%2Fvoceatimisului.ro%2Fscandal-la-stpt-vatmanii-acuza-taieri-de-1-200-lei-la-salariu-si-mesaje-sterse-de-conducere%2F\" title=\"Facebook\" rel=\"noopener\"><\/p>\n<div class=\"td-social-but-text\">Facebook<\/div>\n<p><\/a><a class=\"td-social-sharing-button td-social-sharing-button-js td-social-network td-social-twitter\" href=\"https:\/\/twitter.com\/intent\/tweet?text=Scandal+la+STPT%3A+Vatmanii+acuz%C4%83+t%C4%83ieri+de+1.200+lei+la+salariu+%C8%99i+mesaje+%C8%99terse+de+conducere&amp;url=https%3A%2F%2Fvoceatimisului.ro%2Fscandal-la-stpt-vatmanii-acuza-taieri-de-1-200-lei-la-salariu-si-mesaje-sterse-de-conducere%2F&amp;via=Vocea+Timisului\" title=\"Twitter\" rel=\"noopener\"><\/p>\n<div class=\"td-social-but-text\">Twitter<\/div>\n<p><\/a><a class=\"td-social-sharing-button td-social-sharing-button-js td-social-network td-social-pinterest\" href=\"https:\/\/pinterest.com\/pin\/create\/button\/?url=https:\/\/voceatimisului.ro\/scandal-la-stpt-vatmanii-acuza-taieri-de-1-200-lei-la-salariu-si-mesaje-sterse-de-conducere\/&amp;media=https:\/\/analyse.optim.biz\/wp-content\/uploads\/2026\/01\/scandal-la-stpt-scaled-1.webp&amp;description=Scandal+la+STPT%3A+Vatmanii+acuz%C4%83+t%C4%83ieri+de+1.200+lei+la+salariu+%C8%99i+mesaje+%C8%99terse+de+conducere\" title=\"Pinterest\" rel=\"noopener\"><\/p>\n<div class=\"td-social-but-text\">Pinterest<\/div>\n<p><\/a><a class=\"td-social-sharing-button td-social-sharing-button-js td-social-network td-social-whatsapp\" href=\"https:\/\/api.whatsapp.com\/send?text=Scandal+la+STPT%3A+Vatmanii+acuz%C4%83+t%C4%83ieri+de+1.200+lei+la+salariu+%C8%99i+mesaje+%C8%99terse+de+conducere%20%0A%0A%20https:\/\/voceatimisului.ro\/scandal-la-stpt-vatmanii-acuza-taieri-de-1-200-lei-la-salariu-si-mesaje-sterse-de-conducere\/\" title=\"WhatsApp\" rel=\"noopener\"><\/p>\n<div class=\"td-social-but-text\">WhatsApp<\/div>\n<p><\/a><a class=\"td-social-sharing-button td-social-sharing-button-js td-social-network td-social-linkedin\" href=\"https:\/\/www.linkedin.com\/shareArticle?mini=true&amp;url=https:\/\/voceatimisului.ro\/scandal-la-stpt-vatmanii-acuza-taieri-de-1-200-lei-la-salariu-si-mesaje-sterse-de-conducere\/&amp;title=Scandal+la+STPT%3A+Vatmanii+acuz%C4%83+t%C4%83ieri+de+1.200+lei+la+salariu+%C8%99i+mesaje+%C8%99terse+de+conducere\" title=\"Linkedin\" rel=\"noopener\"><\/p>\n<div class=\"td-social-but-text\">Linkedin<\/div>\n<p><\/a><a class=\"td-social-sharing-button td-social-sharing-button-js td-social-network td-social-copy_url\" href=\"https:\/\/voceatimisului.ro\/scandal-la-stpt-vatmanii-acuza-taieri-de-1-200-lei-la-salariu-si-mesaje-sterse-de-conducere\/\" title=\"Copy URL\" rel=\"noopener\"><\/p>\n<div class=\"td-social-but-text\">Copy URL<\/div>\n<p><\/a><\/div>\n<\/div>\n<\/div>\n<\/div>\n<\/div>\n<\/div>\n<\/div>\n<div class=\"td_block_wrap tdb_single_featured_image tdi_72 tdb-content-horiz-left td-pb-border-top td_block_template_1\" data-td-block-uid=\"tdi_72\">\n<div class=\"tdb-block-inner td-fix-index\">\n<figure><img fetchpriority=\"high\" decoding=\"async\" width=\"696\" height=\"494\" class=\"entry-thumb\" src=\"https:\/\/analyse.optim.biz\/wp-content\/uploads\/2026\/01\/scandal-la-stpt-696x494-2.webp\" alt=\"Scandal la STPT\" title=\"Scandal la STPT\" loading=\"eager\"><figcaption class=\"tdb-caption-text\">Scandal la STPT<\/figcaption><\/figure>\n<\/div>\n<\/div>\n<div class=\"vc_row_inner tdi_74  vc_row vc_inner wpb_row td-pb-row\">\n<div class=\"vc_column_inner tdi_76  wpb_column vc_column_container tdc-inner-column td-pb-span4 td-is-sticky\">\n<div class=\"vc_column-inner\">\n<div class=\"wpb_wrapper\" data-sticky-enabled-on=\"W3RydWUsdHJ1ZSx0cnVlLHRydWVd\" data-sticky-offset=\"20\" data-sticky-is-width-auto=\"W2ZhbHNlLGZhbHNlLGZhbHNlLGZhbHNlXQ==\">\n<div class=\"td_block_wrap td_flex_block_1 tdi_77 td-pb-border-top td_block_template_1 td_ajax_preloading_preload td_flex_block\" data-td-block-uid=\"tdi_77\">\n<div id=\"tdi_77\" class=\"td_block_inner td-mc1-wrap\">\n<div class=\"td_module_flex td_module_flex_1 td_module_wrap td-animation-stack td-meta-info-hide td-cpt-post\">\n<div class=\"td-module-container td-category-pos-image\">\n<div class=\"td-module-meta-info\">\n<h3 class=\"entry-title td-module-title\"><a href=\"https:\/\/voceatimisului.ro\/reforma-lui-fritz-pe-banii-timisorenilor-timisoara-plateste-milioane-si-se-uita-la-autobuze-care-ard\/\" rel=\"bookmark\" title=\"Reforma lui Fritz, pe banii timi\u0219orenilor. Timi\u0219oara pl\u0103te\u0219te milioane \u0219i se uit\u0103 la autobuze care ard\">Reforma lui Fritz, pe banii timi\u0219orenilor. Timi\u0219oara pl\u0103te\u0219te milioane \u0219i se uit\u0103 la autobuze care ard<\/a><\/h3>\n<\/div>\n<\/div>\n<\/div>\n<div class=\"td_module_flex td_module_flex_1 td_module_wrap td-animation-stack td-meta-info-hide td-cpt-post\">\n<div class=\"td-module-container td-category-pos-image\">\n<div class=\"td-module-meta-info\">\n<h3 class=\"entry-title td-module-title\"><a href=\"https:\/\/voceatimisului.ro\/plmstf-si-reforma-cu-toporul-cand-executia-nu-mai-iese-la-vot\/\" rel=\"bookmark\" title=\"PLMSTF \u0219i reforma cu toporul. C\u00e2nd execu\u021bia nu mai iese la vot\">PLMSTF \u0219i reforma cu toporul. C\u00e2nd execu\u021bia nu mai iese la vot<\/a><\/h3>\n<\/div>\n<\/div>\n<\/div>\n<div class=\"td_module_flex td_module_flex_1 td_module_wrap td-animation-stack td-meta-info-hide td-cpt-post\">\n<div class=\"td-module-container td-category-pos-image\">\n<div class=\"td-module-meta-info\">\n<h3 class=\"entry-title td-module-title\"><a href=\"https:\/\/voceatimisului.ro\/transportul-public-din-timisoara-se-prabuseste-in-fiecare-zi-in-trafic-dar-in-birourile-primariei-totul-arata-perfect-si-european\/\" rel=\"bookmark\" title=\"Transportul public din Timi\u0219oara se pr\u0103bu\u0219e\u0219te \u00een fiecare zi \u00een trafic, dar \u00een birourile Prim\u0103riei totul arat\u0103 perfect \u0219i \u201ceuropean\u201d\">Transportul public din Timi\u0219oara se pr\u0103bu\u0219e\u0219te \u00een fiecare zi \u00een trafic, dar \u00een birourile Prim\u0103riei totul arat\u0103 perfect \u0219i \u201ceuropean\u201d<\/a><\/h3>\n<\/div>\n<\/div>\n<\/div>\n<div class=\"td_module_flex td_module_flex_1 td_module_wrap td-animation-stack td-meta-info-hide td-cpt-post\">\n<div class=\"td-module-container td-category-pos-image\">\n<div class=\"td-module-meta-info\">\n<h3 class=\"entry-title td-module-title\"><a href=\"https:\/\/voceatimisului.ro\/firma-care-spala-vehiculele-tpt-foloseste-angajati-nedeclarati-contractele-nu-sunt-raportate-la-itm-si-cas\/\" rel=\"bookmark\" title=\"Firma care spal\u0103 vehiculele TPT folose\u0219te angaja\u021bi nedeclara\u021bi, contractele nu sunt raportate la ITM \u0219i CAS\">Firma care spal\u0103 vehiculele TPT folose\u0219te angaja\u021bi nedeclara\u021bi, contractele nu sunt raportate la ITM \u0219i CAS<\/a><\/h3>\n<\/div>\n<\/div>\n<\/div>\n<\/div>\n<\/div>\n<div class=\"tdb-author-box td_block_wrap tdb_single_author_box tdi_82 tdb-content-vert-top td-pb-border-top td_block_template_1\" data-td-block-uid=\"tdi_82\">\n<div class=\"tdb-block-inner td-fix-index\">\n<div class=\"tdb-author-info\"><a href=\"https:\/\/voceatimisului.ro\/author\/cataadmin\/\" class=\"tdb-author-name\">Radu Constantin<\/a><a href=\"http:\/\/www.voceatimisului.ro\" rel=\"nofollow\" class=\"tdb-author-url\">http:\/\/www.voceatimisului.ro<\/a><\/p>\n<div class=\"tdb-author-descr\">\u00centreaga responsabilitate a comentariilor l\u0103sate de dumneavoastr\u0103 v\u0103 apar\u021bine!<br \/>\nClick <a href=\"https:\/\/voceatimisului.ro\/termeni-si-conditii\/\">aici<\/a>-citeste condi\u0163iile de utilizare ale site-ului www.voceatimisului.ro<\/div>\n<\/div>\n<\/div>\n<\/div>\n<\/div>\n<\/div>\n<\/div>\n<div class=\"vc_column_inner tdi_84  wpb_column vc_column_container tdc-inner-column td-pb-span8\">\n<div class=\"vc_column-inner\">\n<div class=\"wpb_wrapper\">\n<div class=\"td_block_wrap tdb_single_content tdi_85 td-pb-border-top td_block_template_1 td-post-content tagdiv-type\" data-td-block-uid=\"tdi_85\">\n<div class=\"tdb-block-inner td-fix-index\">\n<h3 class=\"wp-block-heading\">Mai mul\u021bi vatmani \u0219i angaja\u021bi ai STPT reclam\u0103 c\u0103 au primit salarii cu aproximativ <strong>1.200 de lei<\/strong> mai mici fa\u021b\u0103 de luna trecut\u0103. \u00cen loc de l\u0103muriri, oamenii spun c\u0103 au primit\u2026 t\u0103cere \u0219i cenzur\u0103. Capturile de ecran \u0219i conversa\u021biile consultate de <strong>Vocea Timi\u0219ului<\/strong> arat\u0103 un climat exploziv \u00een interiorul companiei publice.<\/h3>\n<p>Nemul\u021bumirile angaja\u021bilor STPT au atins punctul de fierbere. \u00cen mai multe grupuri interne, vatmanii au semnalat sc\u0103deri semnificative la salariu \u0219i au cerut explica\u021bii conducerii. R\u0103spunsul? Unele mesaje au disp\u0103rut, iar administratorii grupului ar fi \u00eenceput s\u0103 \u0219tearg\u0103 post\u0103rile critice.<\/p>\n<p><strong><em>\u201eAm terminat, dar nu pot s\u0103 tac c\u00e2nd v\u0103d nedreptate\u201d, scrie unul dintre salaria\u021bi. Altul adaug\u0103 ironic: \u201eDegeaba \u0219terge\u021bi mesajele, toat\u0103 lumea e nemul\u021bumit\u0103\u201d.<\/em><\/strong><\/p>\n<p>Potrivit discu\u021biilor interne, <strong>diferen\u021bele salariale ajung p\u00e2n\u0103 la 1.200 de lei<\/strong> fa\u021b\u0103 de luna precedent\u0103, iar angaja\u021bii cer l\u0103muriri privind calculul sporurilor \u0219i al orelor suplimentare. \u201eFace\u021bi \u0219edin\u021b\u0103 sau a\u0219tepta\u021bi-v\u0103 la protest\u201d, avertizeaz\u0103 unul dintre ei. Conducerea STPT ar fi transmis doar c\u0103 situa\u021bia va fi discutat\u0103 \u201e\u00een \u0219edin\u021b\u0103\u201d, f\u0103r\u0103 detalii despre cauze sau solu\u021bii.<\/p>\n<figure class=\"wp-block-gallery has-nested-images columns-default is-cropped wp-block-gallery-1 is-layout-flex wp-block-gallery-is-layout-flex\">\n<div><a href=\"https:\/\/analyse.optim.biz\/wp-content\/uploads\/2026\/01\/scandal-la-stpt-1-929x1024-1.webp\" class=\"td-modal-image\"><\/p>\n<figure class=\"wp-block-image size-large\"><img decoding=\"async\" width=\"929\" height=\"1024\" data-id=\"175516\" src=\"https:\/\/analyse.optim.biz\/wp-content\/uploads\/2026\/01\/scandal-la-stpt-1-929x1024-1.webp\" alt=\"Scandal la STPT-1\" class=\"wp-image-175516\" loading=\"lazy\" title=\"scandal-la-stpt-1-929x1024-1\"><\/figure>\n<p><\/a><\/div>\n<div><a href=\"https:\/\/analyse.optim.biz\/wp-content\/uploads\/2026\/01\/scandal-la-stpt-5-961x1024-1.webp\" class=\"td-modal-image\"><\/p>\n<figure class=\"wp-block-image size-large\"><img decoding=\"async\" width=\"961\" height=\"1024\" data-id=\"175517\" src=\"https:\/\/analyse.optim.biz\/wp-content\/uploads\/2026\/01\/scandal-la-stpt-5-961x1024-1.webp\" alt=\"Scandal la STPT-5\" class=\"wp-image-175517\" loading=\"lazy\" title=\"scandal-la-stpt-5-961x1024-1\"><\/figure>\n<p><\/a><\/div>\n<div><a href=\"https:\/\/analyse.optim.biz\/wp-content\/uploads\/2026\/01\/scandal-la-stpt-2-1024x469-1.webp\" class=\"td-modal-image\"><\/p>\n<figure class=\"wp-block-image size-large\"><img decoding=\"async\" width=\"1024\" height=\"469\" data-id=\"175518\" src=\"https:\/\/analyse.optim.biz\/wp-content\/uploads\/2026\/01\/scandal-la-stpt-2-1024x469-1.webp\" alt=\"Scandal la STPT-2\" class=\"wp-image-175518\" loading=\"lazy\" title=\"scandal-la-stpt-2-1024x469-1\"><\/figure>\n<p><\/a><\/div>\n<div><a href=\"https:\/\/analyse.optim.biz\/wp-content\/uploads\/2026\/01\/scandal-la-stpt-3-610x1024-1.webp\" class=\"td-modal-image\"><\/p>\n<figure class=\"wp-block-image size-large\"><img decoding=\"async\" loading=\"lazy\" width=\"610\" height=\"1024\" data-id=\"175519\" src=\"https:\/\/analyse.optim.biz\/wp-content\/uploads\/2026\/01\/scandal-la-stpt-3-610x1024-1.webp\" alt=\"Scandal la STPT-3\" class=\"wp-image-175519\" title=\"scandal-la-stpt-3-610x1024-1\"><\/figure>\n<p><\/a><\/div>\n<div><a href=\"https:\/\/analyse.optim.biz\/wp-content\/uploads\/2026\/01\/scandal-la-stpt-4-678x1024-1.webp\" class=\"td-modal-image\"><\/p>\n<figure class=\"wp-block-image size-large\"><img decoding=\"async\" loading=\"lazy\" width=\"678\" height=\"1024\" data-id=\"175520\" src=\"https:\/\/analyse.optim.biz\/wp-content\/uploads\/2026\/01\/scandal-la-stpt-4-678x1024-1.webp\" alt=\"Scandal la STPT-4\" class=\"wp-image-175520\" title=\"scandal-la-stpt-4-678x1024-1\"><\/figure>\n<p><\/a><\/div>\n<\/figure>\n<\/div>\n<\/div>\n<div class=\"td_block_wrap tdb_single_tags tdi_88 td-pb-border-top td_block_template_1\" data-td-block-uid=\"tdi_88\">\n<div class=\"tdb-block-inner td-fix-index\">\n<ul class=\"tdb-tags\">\n<li><span>Tags<\/span><\/li>\n<li><a href=\"https:\/\/voceatimisului.ro\/tag\/dogaru-dorin-madalin\/\">Dogaru Dorin M\u0103d\u0103lin<\/a><\/li>\n<li><a href=\"https:\/\/voceatimisului.ro\/tag\/petolea-florin\/\">Petolea Florin<\/a><\/li>\n<li><a href=\"https:\/\/voceatimisului.ro\/tag\/stpt\/\">stpt<\/a><\/li>\n<li><a href=\"https:\/\/voceatimisului.ro\/tag\/taieri-salariale\/\">taieri salariale<\/a><\/li>\n<li><a href=\"https:\/\/voceatimisului.ro\/tag\/vatmani\/\">vatmani<\/a><\/li>\n<\/ul>\n<\/div>\n<\/div>\n<div class=\"td_block_wrap tdb_single_post_share tdi_89  td-pb-border-top td_block_template_1\" data-td-block-uid=\"tdi_89\">\n<div id=\"tdi_89\" class=\"td-post-sharing tdb-block td-ps-bg td-ps-notext td-post-sharing-style1 \">\n<div class=\"td-post-sharing-visible\"><a class=\"td-social-sharing-button td-social-sharing-button-js td-social-network td-social-facebook\" href=\"https:\/\/www.facebook.com\/sharer.php?u=https%3A%2F%2Fvoceatimisului.ro%2Fscandal-la-stpt-vatmanii-acuza-taieri-de-1-200-lei-la-salariu-si-mesaje-sterse-de-conducere%2F\" title=\"Facebook\" rel=\"noopener\"><\/p>\n<div class=\"td-social-but-text\">Facebook<\/div>\n<p><\/a><a class=\"td-social-sharing-button td-social-sharing-button-js td-social-network td-social-twitter\" href=\"https:\/\/twitter.com\/intent\/tweet?text=Scandal+la+STPT%3A+Vatmanii+acuz%C4%83+t%C4%83ieri+de+1.200+lei+la+salariu+%C8%99i+mesaje+%C8%99terse+de+conducere&amp;url=https%3A%2F%2Fvoceatimisului.ro%2Fscandal-la-stpt-vatmanii-acuza-taieri-de-1-200-lei-la-salariu-si-mesaje-sterse-de-conducere%2F&amp;via=Vocea+Timisului\" title=\"Twitter\" rel=\"noopener\"><\/p>\n<div class=\"td-social-but-text\">Twitter<\/div>\n<p><\/a><a class=\"td-social-sharing-button td-social-sharing-button-js td-social-network td-social-pinterest\" href=\"https:\/\/pinterest.com\/pin\/create\/button\/?url=https:\/\/voceatimisului.ro\/scandal-la-stpt-vatmanii-acuza-taieri-de-1-200-lei-la-salariu-si-mesaje-sterse-de-conducere\/&amp;media=https:\/\/analyse.optim.biz\/wp-content\/uploads\/2026\/01\/scandal-la-stpt-scaled-1.webp&amp;description=Scandal+la+STPT%3A+Vatmanii+acuz%C4%83+t%C4%83ieri+de+1.200+lei+la+salariu+%C8%99i+mesaje+%C8%99terse+de+conducere\" title=\"Pinterest\" rel=\"noopener\"><\/p>\n<div class=\"td-social-but-text\">Pinterest<\/div>\n<p><\/a><a class=\"td-social-sharing-button td-social-sharing-button-js td-social-network td-social-whatsapp\" href=\"https:\/\/api.whatsapp.com\/send?text=Scandal+la+STPT%3A+Vatmanii+acuz%C4%83+t%C4%83ieri+de+1.200+lei+la+salariu+%C8%99i+mesaje+%C8%99terse+de+conducere%20%0A%0A%20https:\/\/voceatimisului.ro\/scandal-la-stpt-vatmanii-acuza-taieri-de-1-200-lei-la-salariu-si-mesaje-sterse-de-conducere\/\" title=\"WhatsApp\" rel=\"noopener\"><\/p>\n<div class=\"td-social-but-text\">WhatsApp<\/div>\n<p><\/a><a class=\"td-social-sharing-button td-social-sharing-button-js td-social-network td-social-linkedin\" href=\"https:\/\/www.linkedin.com\/shareArticle?mini=true&amp;url=https:\/\/voceatimisului.ro\/scandal-la-stpt-vatmanii-acuza-taieri-de-1-200-lei-la-salariu-si-mesaje-sterse-de-conducere\/&amp;title=Scandal+la+STPT%3A+Vatmanii+acuz%C4%83+t%C4%83ieri+de+1.200+lei+la+salariu+%C8%99i+mesaje+%C8%99terse+de+conducere\" title=\"Linkedin\" rel=\"noopener\"><\/p>\n<div class=\"td-social-but-text\">Linkedin<\/div>\n<p><\/a><a class=\"td-social-sharing-button td-social-sharing-button-js td-social-network td-social-copy_url\" href=\"https:\/\/voceatimisului.ro\/scandal-la-stpt-vatmanii-acuza-taieri-de-1-200-lei-la-salariu-si-mesaje-sterse-de-conducere\/\" title=\"Copy URL\" rel=\"noopener\"><\/p>\n<div class=\"td-social-but-text\">Copy URL<\/div>\n<p><\/a><\/div>\n<\/div>\n<\/div>\n<div class=\"td_block_wrap tdb_single_next_prev tdi_90 td-animation-stack td-next-prev-img-on td-pb-border-top td_block_template_1\" data-td-block-uid=\"tdi_90\">\n<div class=\"tdb-block-inner td-fix-index\">\n<div class=\"tdb-next-post tdb-next-post-bg tdb-post-prev\"><span>Articolul precedent<\/span><\/p>\n<div class=\"td-module-container\">\n<div class=\"td-image-container\"><a class=\"td-image-wrap\" href=\"https:\/\/voceatimisului.ro\/razboiul-de-la-dinar-in-subsolul-primariei-timisoara-digitalizarea-miroase-a-mucegai\/\"><img loading=\"lazy\" decoding=\"async\" class=\"td-next-prev-image td-fix-index td-lazy-img\" title=\"R\u0103zboiul de la Dinar. \u00cen subsolul Prim\u0103riei Timi\u0219oara, digitalizarea miroase a mucegai\" width=\"696\" height=\"347\" src=\"https:\/\/analyse.optim.biz\/wp-content\/uploads\/2026\/01\/razboiul-de-la-dinar-696x347-2.webp\"><\/a><\/div>\n<div class=\"next-prev-title\"><a href=\"https:\/\/voceatimisului.ro\/razboiul-de-la-dinar-in-subsolul-primariei-timisoara-digitalizarea-miroase-a-mucegai\/\">R\u0103zboiul de la Dinar. \u00cen subsolul Prim\u0103riei Timi\u0219oara, digitalizarea miroase a mucegai<\/a><\/div>\n<\/div>\n<\/div>\n<div class=\"tdb-next-post tdb-next-post-bg tdb-post-next\"><span>Articolul urm\u0103tor<\/span><\/p>\n<div class=\"td-module-container\">\n<div class=\"td-image-container\"><a class=\"td-image-wrap\" href=\"https:\/\/voceatimisului.ro\/retim-lectie-de-ipocrizie-intimideaza-presa-ignora-sindicatul-si-ajunge-in-instanta-cu-cj-timis\/\"><img loading=\"lazy\" decoding=\"async\" class=\"td-next-prev-image td-fix-index td-lazy-img\" title=\"RETIM, lec\u021bie de ipocrizie: intimideaz\u0103 presa, ignor\u0103 sindicatul \u0219i ajunge \u00een instan\u021b\u0103 cu CJ Timi\u0219\" width=\"696\" height=\"376\" src=\"https:\/\/analyse.optim.biz\/wp-content\/uploads\/2026\/01\/retim-lectie-de-ipocrizie-696x376-2.webp\"><\/a><\/div>\n<div class=\"next-prev-title\"><a href=\"https:\/\/voceatimisului.ro\/retim-lectie-de-ipocrizie-intimideaza-presa-ignora-sindicatul-si-ajunge-in-instanta-cu-cj-timis\/\">RETIM, lec\u021bie de ipocrizie: intimideaz\u0103 presa, ignor\u0103 sindicatul \u0219i ajunge \u00een instan\u021b\u0103 cu CJ Timi\u0219<\/a><\/div>\n<\/div>\n<\/div>\n<\/div>\n<\/div>\n<\/div>\n<\/div>\n<\/div>\n<\/div>\n<div class=\"vc_row_inner tdi_100  vc_row vc_inner wpb_row td-pb-row\">\n<div class=\"vc_column_inner tdi_102  wpb_column vc_column_container tdc-inner-column td-pb-span4 td-is-sticky\">\n<div class=\"vc_column-inner\">\n<div class=\"wpb_wrapper\" data-sticky-enabled-on=\"W3RydWUsdHJ1ZSx0cnVlLHRydWVd\" data-sticky-offset=\"20\" data-sticky-is-width-auto=\"W2ZhbHNlLGZhbHNlLGZhbHNlLGZhbHNlXQ==\">\n<div class=\"td_block_wrap tdb_single_related tdi_103 td_with_ajax_pagination td-pb-border-top td_block_template_1 tdb-single-related-posts\" data-td-block-uid=\"tdi_103\">\n<div id=\"tdi_103\" class=\"td_block_inner tdb-block-inner td-fix-index\">\n<div class=\"tdb_module_related td_module_wrap td-animation-stack td-meta-info-hide\">\n<div class=\"td-module-container td-category-pos-image\">\n<div class=\"td-module-meta-info\">\n<h3 class=\"entry-title td-module-title\"><a href=\"https:\/\/voceatimisului.ro\/salarii-fantoma-la-stpt-soferii-si-vatmanii-acuza-minciuni-taieri-si-lipsa-de-transparenta\/\" rel=\"bookmark\" title=\"Salarii fantom\u0103 la STPT: \u0219oferii \u0219i vatmanii acuz\u0103 minciuni, t\u0103ieri \u0219i lips\u0103 de transparen\u021b\u0103\">Salarii fantom\u0103 la STPT: \u0219oferii \u0219i vatmanii acuz\u0103 minciuni, t\u0103ieri \u0219i lips\u0103 de transparen\u021b\u0103<\/a><\/h3>\n<\/div>\n<\/div>\n<\/div>\n<div class=\"tdb_module_related td_module_wrap td-animation-stack td-meta-info-hide\">\n<div class=\"td-module-container td-category-pos-image\">\n<div class=\"td-module-meta-info\">\n<h3 class=\"entry-title td-module-title\"><a href=\"https:\/\/voceatimisului.ro\/madalin-dogaru-omul-usr-din-stpt-anchetat-de-ani-pentru-avere-nedeclarata-si-conflict-de-interese\/\" rel=\"bookmark\" title=\"M\u0103d\u0103lin Dogaru, omul USR din STPT, anchetat de ANI pentru avere nedeclarat\u0103 \u0219i conflict de interese\">M\u0103d\u0103lin Dogaru, omul USR din STPT, anchetat de ANI pentru avere nedeclarat\u0103 \u0219i conflict de interese<\/a><\/h3>\n<\/div>\n<\/div>\n<\/div>\n<div class=\"tdb_module_related td_module_wrap td-animation-stack td-meta-info-hide\">\n<div class=\"td-module-container td-category-pos-image\">\n<div class=\"td-module-meta-info\">\n<h3 class=\"entry-title td-module-title\"><a href=\"https:\/\/voceatimisului.ro\/reteaua-concursurilor-aranjate-din-timisoara-de-la-stpt-la-spitalul-municipal-aceiasi-oameni-decid-cine-trebuie-sa-castige\/\" rel=\"bookmark\" title=\"Re\u021beaua concursurilor aranjate din Timi\u0219oara. De la STPT la Spitalul Municipal, aceia\u0219i oameni decid cine trebuie s\u0103 c\u00e2\u0219tige\">Re\u021beaua concursurilor aranjate din Timi\u0219oara. De la STPT la Spitalul Municipal, aceia\u0219i oameni decid cine trebuie s\u0103 c\u00e2\u0219tige<\/a><\/h3>\n<\/div>\n<\/div>\n<\/div>\n<\/div>\n<\/div>\n<\/div>\n<\/div>\n<\/div>\n<div class=\"vc_column_inner tdi_105  wpb_column vc_column_container tdc-inner-column td-pb-span8\">\n<div class=\"vc_column-inner\">\n<div class=\"wpb_wrapper\">\n<div class=\"td_block_wrap tdb_single_comments tdi_106 tdb-comm-layout2 td-pb-border-top td_block_template_2\" data-td-block-uid=\"tdi_106\">\n<div class=\"tdb-block-inner td-fix-index\">\n<div class=\"comments\" id=\"comments\">\n<div class=\"td-comments-title-wrap td_block_template_2\">\n<h4 class=\"td-comments-title td-block-title\"><span>3 COMENTARII<\/span><\/h4>\n<\/div>\n<ol class=\"comment-list\">\n<li class=\"comment \" id=\"comment-29902\">\n<article>\n<footer><cite>Un om spune<\/cite><a class=\"comment-link\" href=\"https:\/\/voceatimisului.ro\/scandal-la-stpt-vatmanii-acuza-taieri-de-1-200-lei-la-salariu-si-mesaje-sterse-de-conducere\/#comment-29902\"><time><br \/>\n\t\t\t\t\t\t    17 octombrie 2025\t\t\t\t\t\t    La\t\t\t\t\t\t    3:52 PM<\/time><\/a><\/footer>\n<div class=\"comment-content\">\n<p>S\u0103 vin\u0103 DNA-ul peste ei!<\/p>\n<\/div>\n<div class=\"comment-meta\" id=\"comment-29902\"><a rel=\"nofollow\" class=\"comment-reply-link\" href=\"https:\/\/voceatimisului.ro\/scandal-la-stpt-vatmanii-acuza-taieri-de-1-200-lei-la-salariu-si-mesaje-sterse-de-conducere\/#comment-29902\" data-commentid=\"29902\" data-postid=\"175513\" data-belowelement=\"comment-29902\" data-respondelement=\"respond\" data-replyto=\"R\u0103spunde-i lui Un om spune\" aria-label=\"R\u0103spunde-i lui Un om spune\">R\u0103spunde\u021bi<\/a><\/div>\n<\/article>\n<\/li>\n<li class=\"comment \" id=\"comment-29899\">\n<article>\n<footer><cite>Rus victor<\/cite><a class=\"comment-link\" href=\"https:\/\/voceatimisului.ro\/scandal-la-stpt-vatmanii-acuza-taieri-de-1-200-lei-la-salariu-si-mesaje-sterse-de-conducere\/#comment-29899\"><time><br \/>\n\t\t\t\t\t\t    16 octombrie 2025\t\t\t\t\t\t    La\t\t\t\t\t\t    3:19 PM<\/time><\/a><\/footer>\n<div class=\"comment-content\">\n<p>Cei de la STPT au VOTAT ND<br \/>\nAbia acum vad ce au f\u0103cut?<\/p>\n<\/div>\n<div class=\"comment-meta\" id=\"comment-29899\"><a rel=\"nofollow\" class=\"comment-reply-link\" href=\"https:\/\/voceatimisului.ro\/scandal-la-stpt-vatmanii-acuza-taieri-de-1-200-lei-la-salariu-si-mesaje-sterse-de-conducere\/#comment-29899\" data-commentid=\"29899\" data-postid=\"175513\" data-belowelement=\"comment-29899\" data-respondelement=\"respond\" data-replyto=\"R\u0103spunde-i lui Rus victor\" aria-label=\"R\u0103spunde-i lui Rus victor\">R\u0103spunde\u021bi<\/a><\/div>\n<\/article>\n<ul class=\"children\">\n<li class=\"comment \" id=\"comment-29900\">\n<article>\n<footer><cite><a href=\"http:\/\/www.voceatimisului.ro\" class=\"url\" rel=\"ugc external nofollow\">Radu Constantin<\/a><\/cite><a class=\"comment-link\" href=\"https:\/\/voceatimisului.ro\/scandal-la-stpt-vatmanii-acuza-taieri-de-1-200-lei-la-salariu-si-mesaje-sterse-de-conducere\/#comment-29900\"><time><br \/>\n\t\t\t\t\t\t    16 octombrie 2025\t\t\t\t\t\t    La\t\t\t\t\t\t    3:27 PM<\/time><\/a><\/footer>\n<div class=\"comment-content\">\n<p>De frica ru\u0219ilor\u2026\u2026\u2026..<\/p>\n<\/div>\n<div class=\"comment-meta\" id=\"comment-29900\"><a rel=\"nofollow\" class=\"comment-reply-link\" href=\"https:\/\/voceatimisului.ro\/scandal-la-stpt-vatmanii-acuza-taieri-de-1-200-lei-la-salariu-si-mesaje-sterse-de-conducere\/#comment-29900\" data-commentid=\"29900\" data-postid=\"175513\" data-belowelement=\"comment-29900\" data-respondelement=\"respond\" data-replyto=\"R\u0103spunde-i lui Radu Constantin\" aria-label=\"R\u0103spunde-i lui Radu Constantin\">R\u0103spunde\u021bi<\/a><\/div>\n<\/article>\n<\/li>\n<\/ul>\n<\/li>\n<\/ol>\n<div id=\"respond\" class=\"comment-respond\">\n<h3 id=\"reply-title\" class=\"comment-reply-title\">L\u0102SA\u021aI UN MESAJ <small><a rel=\"nofollow\" id=\"cancel-comment-reply-link\" href=\"https:\/\/voceatimisului.ro\/scandal-la-stpt-vatmanii-acuza-taieri-de-1-200-lei-la-salariu-si-mesaje-sterse-de-conducere\/#respond\">Renun\u021ba\u021bi la r\u0103spuns<\/a><\/small><\/h3>\n<div class=\"comment-form-input-wrap td-form-comment\">\n<div class=\"td-warning-comment\">V\u0103 rug\u0103m s\u0103 introduce\u021bi comentariul dvs.!<\/div>\n<\/div>\n<div class=\"comment-form-input-wrap td-form-author\">\n<div class=\"td-warning-author\">Introduce\u021bi aici numele dvs.<\/div>\n<\/div>\n<div class=\"comment-form-input-wrap td-form-email\">\n<div class=\"td-warning-email-error\">A\u021bi introdus o adres\u0103 de e-mail incorect\u0103!<\/div>\n<div class=\"td-warning-email\">V\u0103 rug\u0103m s\u0103 introduce\u021bi adresa dvs. de e-mail aici<\/div>\n<\/div>\n<\/div>\n<\/div>\n<\/div>\n<\/div>\n<\/div>\n<\/div>\n<\/div>\n<\/div>\n<\/div>\n<\/div>\n<div class=\"vc_column tdi_108  wpb_column vc_column_container tdc-column td-pb-span4 td-is-sticky\">\n<div class=\"wpb_wrapper\" data-sticky-enabled-on=\"W3RydWUsdHJ1ZSx0cnVlLHRydWVd\" data-sticky-offset=\"20\" data-sticky-is-width-auto=\"W2ZhbHNlLGZhbHNlLGZhbHNlLGZhbHNlXQ==\">\n<div class=\"vc_row_inner tdi_110  vc_row vc_inner wpb_row td-pb-row\">\n<div class=\"vc_column_inner tdi_112  wpb_column vc_column_container tdc-inner-column td-pb-span12\">\n<div class=\"vc_column-inner\">\n<div class=\"wpb_wrapper\">\n<div class=\"td_block_wrap td_block_title tdi_113 td-pb-border-top td_block_template_11 td-fix-index\" data-td-block-uid=\"tdi_113\">\n<div class=\"td-block-title-wrap\">\n<h4 class=\"td-block-title\"><span class=\"td-pulldown-size\">ANUN\u021aURI \u0218I PUBLICITATE<\/span><\/h4>\n<\/div>\n<\/div>\n<\/div>\n<\/div>\n<\/div>\n<\/div>\n<div class=\"wpb_wrapper td_block_wrap vc_widget_sidebar tdi_115 \">\n<aside id=\"block-10\" class=\"td_block_template_1 widget block-10 widget_block widget_media_image\">\n<figure class=\"wp-block-image size-full\"><a href=\"https:\/\/adpghiroda.ro\/index.html\" target=\"_blank\" rel=\" noreferrer noopener\"><img decoding=\"async\" loading=\"eager\" width=\"960\" height=\"960\" src=\"https:\/\/analyse.optim.biz\/wp-content\/uploads\/2026\/01\/adp-ghiroda2-74.jpg\" class=\"wp-image-171492\" title=\"adp-ghiroda2-74\"><\/a><\/figure>\n<\/aside>\n<aside id=\"block-11\" class=\"td_block_template_1 widget block-11 widget_block widget_media_image\">\n<figure class=\"wp-block-image size-full\"><a href=\"https:\/\/adpghiroda.ro\/index.html\" target=\"_blank\" rel=\" noreferrer noopener\"><img decoding=\"async\" loading=\"lazy\" width=\"960\" height=\"960\" src=\"https:\/\/analyse.optim.biz\/wp-content\/uploads\/2026\/01\/adp-ghiroda1-74.jpg\" class=\"wp-image-171491\" title=\"adp-ghiroda1-74\"><\/a><\/figure>\n<\/aside>\n<aside id=\"block-17\" class=\"td_block_template_1 widget block-17 widget_block widget_media_image\">\n<figure class=\"wp-block-image size-large is-resized\"><a href=\"https:\/\/verde.events\/\" target=\"_blank\" rel=\" noreferrer noopener\"><img decoding=\"async\" loading=\"lazy\" width=\"1024\" height=\"683\" src=\"https:\/\/analyse.optim.biz\/wp-content\/uploads\/2026\/01\/verde-events-24-1024x683-1-59.jpg\" alt=\"Verde Events\" class=\"wp-image-174395\" title=\"verde-events-24-1024x683-1-59\"><\/a><figcaption class=\"wp-element-caption\"><strong><em>O experien\u021b\u0103 unic\u0103 pentru orice tip de eveniment<\/em><\/strong><\/figcaption><\/figure>\n<\/aside>\n<\/div>\n<div class=\"td_block_wrap td_flex_block_1 tdi_121 td-pb-border-top td_block_template_1 td_ajax_preloading_preload td_flex_block\" data-td-block-uid=\"tdi_121\">\n<div id=\"tdi_121\" class=\"td_block_inner td-mc1-wrap\">\n<div class=\"td_module_flex td_module_flex_1 td_module_wrap td-animation-stack td-meta-info-hide td-cpt-post\">\n<div class=\"td-module-container td-category-pos-image\">\n<div class=\"td-module-meta-info\">\n<h3 class=\"entry-title td-module-title\"><a href=\"https:\/\/voceatimisului.ro\/chefurile-sefilor-de-la-stpt-peste-11-000-de-euro-pe-catering-in-timp-ce-angajatii-asteapta-mariri\/\" rel=\"bookmark\" title=\"Chefurile \u0219efilor de la STPT: peste 11.000 de euro pe catering, \u00een timp ce angaja\u021bii a\u0219teapt\u0103 m\u0103riri\">Chefurile \u0219efilor de la STPT: peste 11.000 de euro pe catering, \u00een timp ce angaja\u021bii a\u0219teapt\u0103 m\u0103riri<\/a><\/h3>\n<\/div>\n<\/div>\n<\/div>\n<div class=\"td_module_flex td_module_flex_1 td_module_wrap td-animation-stack td-meta-info-hide td-cpt-post\">\n<div class=\"td-module-container td-category-pos-image\">\n<div class=\"td-module-meta-info\">\n<h3 class=\"entry-title td-module-title\"><a href=\"https:\/\/voceatimisului.ro\/stpt-itp-ul-pe-smen-dogaru-semneaza-si-ia-amenzi-fritz-si-latcau-ii-tin-spatele\/\" rel=\"bookmark\" title=\"STPT, ITP-ul pe \u0219men. Dogaru semneaz\u0103 \u0219i ia amenzi, Fritz \u0219i La\u021bc\u0103u \u00eei \u021bin spatele\">STPT, ITP-ul pe \u0219men. Dogaru semneaz\u0103 \u0219i ia amenzi, Fritz \u0219i La\u021bc\u0103u \u00eei \u021bin spatele<\/a><\/h3>\n<\/div>\n<\/div>\n<\/div>\n<div class=\"td_module_flex td_module_flex_1 td_module_wrap td-animation-stack td-meta-info-hide td-cpt-post\">\n<div class=\"td-module-container td-category-pos-image\">\n<div class=\"td-module-meta-info\">\n<h3 class=\"entry-title td-module-title\"><a href=\"https:\/\/voceatimisului.ro\/roata-care-putea-ucide-incidentul-de-sf-maria-ascuns-de-stpt-filmarea-ne-a-ajuns-pe-surse-de-la-un-userist-nemultumit\/\" rel=\"bookmark\" title=\"Roata care putea ucide. Incidentul de Sf. Maria, ascuns de STPT. Filmarea ne-a ajuns pe surse de la un userist nemul\u021bumit\">Roata care putea ucide. Incidentul de Sf. Maria, ascuns de STPT. Filmarea ne-a ajuns pe surse de la un userist nemul\u021bumit<\/a><\/h3>\n<\/div>\n<\/div>\n<\/div>\n<div class=\"td_module_flex td_module_flex_1 td_module_wrap td-animation-stack td-meta-info-hide td-cpt-post\">\n<div class=\"td-module-container td-category-pos-image\">\n<div class=\"td-module-meta-info\">\n<h3 class=\"entry-title td-module-title\"><a href=\"https:\/\/voceatimisului.ro\/ignea-incaseaza-petolea-recunoaste-2-330-lei-pe-luna-pentru-postari-ascunse-la-stpt\/\" rel=\"bookmark\" title=\"Ignea \u00eencaseaz\u0103, Petolea recunoa\u0219te: 2.330 lei pe lun\u0103 pentru post\u0103ri ascunse la STPT\">Ignea \u00eencaseaz\u0103, Petolea recunoa\u0219te: 2.330 lei pe lun\u0103 pentru post\u0103ri ascunse la STPT<\/a><\/h3>\n<\/div>\n<\/div>\n<\/div>\n<div class=\"td_module_flex td_module_flex_1 td_module_wrap td-animation-stack td-meta-info-hide td-cpt-post\">\n<div class=\"td-module-container td-category-pos-image\">\n<div class=\"td-module-meta-info\">\n<h3 class=\"entry-title td-module-title\"><a href=\"https:\/\/voceatimisului.ro\/transparenta-de-carton-stpt-fritz-si-latcau-servesc-timisoarei-un-concurs-ca-inainte-de-89\/\" rel=\"bookmark\" title=\"Transparen\u021b\u0103 de carton: STPT, Fritz \u0219i La\u021bc\u0103u servesc Timi\u0219oarei un concurs ca \u00eenainte de \u201989\">Transparen\u021b\u0103 de carton: STPT, Fritz \u0219i La\u021bc\u0103u servesc Timi\u0219oarei un concurs ca \u00eenainte de \u201989<\/a><\/h3>\n<\/div>\n<\/div>\n<\/div>\n<\/div>\n<\/div>\n<\/div>\n<\/div>\n<\/div>\n<\/div>\n<\/div>\n<\/div>\n<p><span class=\"td-page-meta\"><\/span><span class=\"td-page-meta\"><span class=\"td-page-meta\"><\/span><\/span><span class=\"td-page-meta\"><\/span><\/article>\n<p> Source URL: https:\/\/voceatimisului.ro\/scandal-la-stpt-vatmanii-acuza-taieri-de-1-200-lei-la-salariu-si-mesaje-sterse-de-conducere\/<\/p>\n","protected":false},"excerpt":{"rendered":"<p>\u0218tiriVocea Str\u0103zii Scandal la STPT: Vatmanii acuz\u0103 t\u0103ieri de 1.200 lei la salariu \u0219i mesaje \u0219terse de conducere Nemul\u021bumiri \u00een lan\u021b la Societatea de Transport Public Timi\u0219oara. Angaja\u021bii reclam\u0103 sc\u0103deri salariale nejustificate \u0219i spun c\u0103 mesajele critice au fost \u0219terse din grupurile interne. Conducerea promite \u201everific\u0103ri\u201d, dar nu ofer\u0103 explica\u021bii clare. Autor-Radu Constantin 16 octombrie [&hellip;]<\/p>\n","protected":false},"author":1,"featured_media":1294375,"comment_status":"open","ping_status":"","sticky":false,"template":"","format":"standard","meta":{"footnotes":""},"categories":[89],"tags":[199],"class_list":["post-1294374","post","type-post","status-publish","format-standard","has-post-thumbnail","hentry","category-romania","tag-voceatimisului-ro"],"_links":{"self":[{"href":"https:\/\/analyse.optim.biz\/index.php?rest_route=\/wp\/v2\/posts\/1294374","targetHints":{"allow":["GET"]}}],"collection":[{"href":"https:\/\/analyse.optim.biz\/index.php?rest_route=\/wp\/v2\/posts"}],"about":[{"href":"https:\/\/analyse.optim.biz\/index.php?rest_route=\/wp\/v2\/types\/post"}],"author":[{"embeddable":true,"href":"https:\/\/analyse.optim.biz\/index.php?rest_route=\/wp\/v2\/users\/1"}],"replies":[{"embeddable":true,"href":"https:\/\/analyse.optim.biz\/index.php?rest_route=%2Fwp%2Fv2%2Fcomments&post=1294374"}],"version-history":[{"count":0,"href":"https:\/\/analyse.optim.biz\/index.php?rest_route=\/wp\/v2\/posts\/1294374\/revisions"}],"wp:featuredmedia":[{"embeddable":true,"href":"https:\/\/analyse.optim.biz\/index.php?rest_route=\/wp\/v2\/media\/1294375"}],"wp:attachment":[{"href":"https:\/\/analyse.optim.biz\/index.php?rest_route=%2Fwp%2Fv2%2Fmedia&parent=1294374"}],"wp:term":[{"taxonomy":"category","embeddable":true,"href":"https:\/\/analyse.optim.biz\/index.php?rest_route=%2Fwp%2Fv2%2Fcategories&post=1294374"},{"taxonomy":"post_tag","embeddable":true,"href":"https:\/\/analyse.optim.biz\/index.php?rest_route=%2Fwp%2Fv2%2Ftags&post=1294374"}],"curies":[{"name":"wp","href":"https:\/\/api.w.org\/{rel}","templated":true}]}}