{"id":1294277,"date":"2025-09-24T16:19:53","date_gmt":"2025-09-24T13:19:53","guid":{"rendered":"https:\/\/analyse.optim.biz\/?p=1294277"},"modified":"2025-09-24T16:19:53","modified_gmt":"2025-09-24T13:19:53","slug":"alfred-simonis-nu-vreau-pace-cu-retim-fritz-si-buzoianu-se-fac-ca-nu-vad-dezastrul-de-la-ghizela","status":"publish","type":"post","link":"https:\/\/analyse.optim.biz\/?p=1294277","title":{"rendered":"Alfred Simonis: \u201eNu vreau pace cu Retim\u201d. Fritz \u0219i Buzoianu se fac c\u0103 nu v\u0103d dezastrul de la Ghizela"},"content":{"rendered":"<article id=\"template-id-172790\" class=\"post-172790 tdb_templates type-tdb_templates status-publish post\">\n<div id=\"tdi_52\" class=\"tdc-zone\">\n<div class=\"tdc_zone tdi_53  wpb_row td-pb-row\">\n<div id=\"tdi_54\" class=\"tdc-row stretch_row_1400 td-stretch-content\">\n<div class=\"vc_row tdi_55  wpb_row td-pb-row tdc-element-style\">\n<div class=\"vc_column tdi_57  wpb_column vc_column_container tdc-column td-pb-span8\">\n<div class=\"wpb_wrapper\">\n<div class=\"td_block_wrap tdb_single_categories tdi_58 td-pb-border-top td_block_template_1 \" data-td-block-uid=\"tdi_58\">\n<div class=\"tdb-category td-fix-index\"><a class=\"tdb-entry-category\" href=\"https:\/\/voceatimisului.ro\/investigatii-stiri\/\">Investiga\u021bii<\/a><a class=\"tdb-entry-category\" href=\"https:\/\/voceatimisului.ro\/stiri-din-timisoara-si-timis\/\">\u0218tiri<\/a><\/div>\n<\/div>\n<div class=\"td_block_wrap tdb_title tdi_59 tdb-single-title td-pb-border-top td_block_template_1\" data-td-block-uid=\"tdi_59\">\n<div class=\"tdb-block-inner td-fix-index\">\n<h1 class=\"tdb-title-text\">Alfred Simonis: \u201eNu vreau pace cu Retim\u201d. Fritz \u0219i Buzoianu se fac c\u0103 nu v\u0103d dezastrul de la Ghizela<\/h1>\n<\/div>\n<\/div>\n<div class=\"td_block_wrap tdb_single_subtitle tdi_60 td-pb-border-top td_block_template_1\" data-td-block-uid=\"tdi_60\">\n<div class=\"tdb-block-inner td-fix-index\">\n<h2>\u00cen timp ce mun\u021bii de gunoaie de la Ghizela otr\u0103vesc p\u00e2nza freatic\u0103 pentru urm\u0103toarele genera\u021bii, iar levigatul curge nestingherit \u00een p\u0103m\u00e2nt, pre\u0219edintele Consiliului Jude\u021bean, Alfred Simonis, declar\u0103 r\u0103zboi operatorului Retim. De partea cealalt\u0103, primarul Dominic Fritz \u0219i ministrul Mediului, Diana Buzoianu, se ascund \u00een spatele sloganurilor despre \u201eRom\u00e2nia curat\u0103\u201d, dar ignor\u0103 catastrofa ecologic\u0103 din Timi\u0219.<\/h2>\n<\/div>\n<\/div>\n<div class=\"vc_row_inner tdi_62  vc_row vc_inner wpb_row td-pb-row\">\n<div class=\"vc_column_inner tdi_64  wpb_column vc_column_container tdc-inner-column td-pb-span6\">\n<div class=\"vc_column-inner\">\n<div class=\"wpb_wrapper\">\n<div class=\"td_block_wrap tdb_single_author tdi_65 td-pb-border-top td_block_template_1 tdb-post-meta\" data-td-block-uid=\"tdi_65\">\n<div class=\"tdb-block-inner td-fix-index\">\n<div class=\"tdb-author-name-wrap\"><span class=\"tdb-author-by\">Autor-<\/span><a class=\"tdb-author-name\" href=\"https:\/\/voceatimisului.ro\/author\/cataadmin\/\">Radu Constantin<\/a><\/div>\n<\/div>\n<\/div>\n<div class=\"td_block_wrap tdb_single_date tdi_66 td-pb-border-top td_block_template_1 tdb-post-meta\" data-td-block-uid=\"tdi_66\">\n<div class=\"tdb-block-inner td-fix-index\"><time class=\"entry-date updated td-module-date\" datetime=\"2025-09-24T19:19:53+03:00\">24 septembrie 2025<\/time><\/div>\n<\/div>\n<div class=\"td_block_wrap tdb_single_comments_count tdi_67 td-pb-border-top td_block_template_1 tdb-post-meta\" data-td-block-uid=\"tdi_67\">\n<div class=\"tdb-block-inner td-fix-index\"><a href=\"https:\/\/voceatimisului.ro\/alfred-simonis-nu-vreau-pace-cu-retim-fritz-si-buzoianu-se-fac-ca-nu-vad-dezastrul-de-la-ghizela\/#comments\"><span>1<\/span><\/a><\/div>\n<\/div>\n<div class=\"td_block_wrap tdb_single_post_views tdi_68 td-pb-border-top td_block_template_1 tdb-post-meta\" data-td-block-uid=\"tdi_68\">\n<div class=\"tdb-block-inner td-fix-index\"><span class=\"tdb-add-text\">1<\/span><span class=\"td-nr-views-175196\">1762<\/span><\/div>\n<\/div>\n<\/div>\n<\/div>\n<\/div>\n<div class=\"vc_column_inner tdi_70  wpb_column vc_column_container tdc-inner-column td-pb-span6\">\n<div class=\"vc_column-inner\">\n<div class=\"wpb_wrapper\">\n<div class=\"td_block_wrap tdb_single_post_share tdi_71  td-pb-border-top td_block_template_1\" data-td-block-uid=\"tdi_71\">\n<div id=\"tdi_71\" class=\"td-post-sharing tdb-block td-ps-bg td-ps-notext td-post-sharing-style1 \">\n<div class=\"td-post-sharing-visible\"><a class=\"td-social-sharing-button td-social-sharing-button-js td-social-network td-social-facebook\" href=\"https:\/\/www.facebook.com\/sharer.php?u=https%3A%2F%2Fvoceatimisului.ro%2Falfred-simonis-nu-vreau-pace-cu-retim-fritz-si-buzoianu-se-fac-ca-nu-vad-dezastrul-de-la-ghizela%2F\" title=\"Facebook\" rel=\"noopener\"><\/p>\n<div class=\"td-social-but-text\">Facebook<\/div>\n<p><\/a><a class=\"td-social-sharing-button td-social-sharing-button-js td-social-network td-social-twitter\" href=\"https:\/\/twitter.com\/intent\/tweet?text=Alfred+Simonis%3A+%E2%80%9ENu+vreau+pace+cu+Retim%E2%80%9D.+Fritz+%C8%99i+Buzoianu+se+fac+c%C4%83+nu+v%C4%83d+dezastrul+de+la+Ghizela&amp;url=https%3A%2F%2Fvoceatimisului.ro%2Falfred-simonis-nu-vreau-pace-cu-retim-fritz-si-buzoianu-se-fac-ca-nu-vad-dezastrul-de-la-ghizela%2F&amp;via=Vocea+Timisului\" title=\"Twitter\" rel=\"noopener\"><\/p>\n<div class=\"td-social-but-text\">Twitter<\/div>\n<p><\/a><a class=\"td-social-sharing-button td-social-sharing-button-js td-social-network td-social-pinterest\" href=\"https:\/\/pinterest.com\/pin\/create\/button\/?url=https:\/\/voceatimisului.ro\/alfred-simonis-nu-vreau-pace-cu-retim-fritz-si-buzoianu-se-fac-ca-nu-vad-dezastrul-de-la-ghizela\/&amp;media=https:\/\/analyse.optim.biz\/wp-content\/uploads\/2026\/01\/nu-vreau-pace-cu-retim-scaled-2.webp&amp;description=Alfred+Simonis%3A+%E2%80%9ENu+vreau+pace+cu+Retim%E2%80%9D.+Fritz+%C8%99i+Buzoianu+se+fac+c%C4%83+nu+v%C4%83d+dezastrul+de+la+Ghizela\" title=\"Pinterest\" rel=\"noopener\"><\/p>\n<div class=\"td-social-but-text\">Pinterest<\/div>\n<p><\/a><a class=\"td-social-sharing-button td-social-sharing-button-js td-social-network td-social-whatsapp\" href=\"https:\/\/api.whatsapp.com\/send?text=Alfred+Simonis%3A+%E2%80%9ENu+vreau+pace+cu+Retim%E2%80%9D.+Fritz+%C8%99i+Buzoianu+se+fac+c%C4%83+nu+v%C4%83d+dezastrul+de+la+Ghizela%20%0A%0A%20https:\/\/voceatimisului.ro\/alfred-simonis-nu-vreau-pace-cu-retim-fritz-si-buzoianu-se-fac-ca-nu-vad-dezastrul-de-la-ghizela\/\" title=\"WhatsApp\" rel=\"noopener\"><\/p>\n<div class=\"td-social-but-text\">WhatsApp<\/div>\n<p><\/a><a class=\"td-social-sharing-button td-social-sharing-button-js td-social-network td-social-linkedin\" href=\"https:\/\/www.linkedin.com\/shareArticle?mini=true&amp;url=https:\/\/voceatimisului.ro\/alfred-simonis-nu-vreau-pace-cu-retim-fritz-si-buzoianu-se-fac-ca-nu-vad-dezastrul-de-la-ghizela\/&amp;title=Alfred+Simonis%3A+%E2%80%9ENu+vreau+pace+cu+Retim%E2%80%9D.+Fritz+%C8%99i+Buzoianu+se+fac+c%C4%83+nu+v%C4%83d+dezastrul+de+la+Ghizela\" title=\"Linkedin\" rel=\"noopener\"><\/p>\n<div class=\"td-social-but-text\">Linkedin<\/div>\n<p><\/a><a class=\"td-social-sharing-button td-social-sharing-button-js td-social-network td-social-copy_url\" href=\"https:\/\/voceatimisului.ro\/alfred-simonis-nu-vreau-pace-cu-retim-fritz-si-buzoianu-se-fac-ca-nu-vad-dezastrul-de-la-ghizela\/\" title=\"Copy URL\" rel=\"noopener\"><\/p>\n<div class=\"td-social-but-text\">Copy URL<\/div>\n<p><\/a><\/div>\n<\/div>\n<\/div>\n<\/div>\n<\/div>\n<\/div>\n<\/div>\n<div class=\"td_block_wrap tdb_single_featured_image tdi_72 tdb-content-horiz-left td-pb-border-top td_block_template_1\" data-td-block-uid=\"tdi_72\">\n<div class=\"tdb-block-inner td-fix-index\">\n<figure><img fetchpriority=\"high\" decoding=\"async\" width=\"696\" height=\"484\" class=\"entry-thumb\" src=\"https:\/\/analyse.optim.biz\/wp-content\/uploads\/2026\/01\/nu-vreau-pace-cu-retim-696x484-4.webp\" alt=\"Nu vreau pace cu Retim\" title=\"Nu vreau pace cu Retim\" loading=\"eager\"><figcaption class=\"tdb-caption-text\">Nu vreau pace cu Retim<\/figcaption><\/figure>\n<\/div>\n<\/div>\n<div class=\"vc_row_inner tdi_74  vc_row vc_inner wpb_row td-pb-row\">\n<div class=\"vc_column_inner tdi_76  wpb_column vc_column_container tdc-inner-column td-pb-span4 td-is-sticky\">\n<div class=\"vc_column-inner\">\n<div class=\"wpb_wrapper\" data-sticky-enabled-on=\"W3RydWUsdHJ1ZSx0cnVlLHRydWVd\" data-sticky-offset=\"20\" data-sticky-is-width-auto=\"W2ZhbHNlLGZhbHNlLGZhbHNlLGZhbHNlXQ==\">\n<div class=\"td_block_wrap td_flex_block_1 tdi_77 td-pb-border-top td_block_template_1 td_ajax_preloading_preload td_flex_block\" data-td-block-uid=\"tdi_77\">\n<div id=\"tdi_77\" class=\"td_block_inner td-mc1-wrap\">\n<div class=\"td_module_flex td_module_flex_1 td_module_wrap td-animation-stack td-meta-info-hide td-cpt-post\">\n<div class=\"td-module-container td-category-pos-image\">\n<div class=\"td-module-meta-info\">\n<h3 class=\"entry-title td-module-title\"><a href=\"https:\/\/voceatimisului.ro\/reforma-lui-fritz-pe-banii-timisorenilor-timisoara-plateste-milioane-si-se-uita-la-autobuze-care-ard\/\" rel=\"bookmark\" title=\"Reforma lui Fritz, pe banii timi\u0219orenilor. Timi\u0219oara pl\u0103te\u0219te milioane \u0219i se uit\u0103 la autobuze care ard\">Reforma lui Fritz, pe banii timi\u0219orenilor. Timi\u0219oara pl\u0103te\u0219te milioane \u0219i se uit\u0103 la autobuze care ard<\/a><\/h3>\n<\/div>\n<\/div>\n<\/div>\n<div class=\"td_module_flex td_module_flex_1 td_module_wrap td-animation-stack td-meta-info-hide td-cpt-post\">\n<div class=\"td-module-container td-category-pos-image\">\n<div class=\"td-module-meta-info\">\n<h3 class=\"entry-title td-module-title\"><a href=\"https:\/\/voceatimisului.ro\/alfred-simonis-implicare-concreta-nu-vorbe-cadoul-de-craciun-care-duce-politehnica-timisoara-mai-aproape-de-normalitate\/\" rel=\"bookmark\" title=\"Alfred Simonis, implicare concret\u0103, nu vorbe. Cadoul de Cr\u0103ciun care duce Politehnica Timi\u0219oara mai aproape de normalitate\">Alfred Simonis, implicare concret\u0103, nu vorbe. Cadoul de Cr\u0103ciun care duce Politehnica Timi\u0219oara mai aproape de normalitate<\/a><\/h3>\n<\/div>\n<\/div>\n<\/div>\n<div class=\"td_module_flex td_module_flex_1 td_module_wrap td-animation-stack td-meta-info-hide td-cpt-post\">\n<div class=\"td-module-container td-category-pos-image\">\n<div class=\"td-module-meta-info\">\n<h3 class=\"entry-title td-module-title\"><a href=\"https:\/\/voceatimisului.ro\/administratia-usr-si-epurarea-incomozilor-i-as-aduna-pe-toti-intr-o-incapere-si-le-as-da-foc\/\" rel=\"bookmark\" title=\"Administra\u021bia USR \u0219i epurarea incomozilor. \u201eI-a\u0219 aduna pe to\u021bi \u00eentr-o \u00eenc\u0103pere \u0219i le-a\u0219 da foc.\u201d\">Administra\u021bia USR \u0219i epurarea incomozilor. \u201eI-a\u0219 aduna pe to\u021bi \u00eentr-o \u00eenc\u0103pere \u0219i le-a\u0219 da foc.\u201d<\/a><\/h3>\n<\/div>\n<\/div>\n<\/div>\n<div class=\"td_module_flex td_module_flex_1 td_module_wrap td-animation-stack td-meta-info-hide td-cpt-post\">\n<div class=\"td-module-container td-category-pos-image\">\n<div class=\"td-module-meta-info\">\n<h3 class=\"entry-title td-module-title\"><a href=\"https:\/\/voceatimisului.ro\/investitii-de-500-de-milioane-de-euro-in-sanatate-prezentate-in-timpul-vizitei-ministrului-sanatatii-la-timisoara\/\" rel=\"bookmark\" title=\"Investi\u021bii de 500 de milioane de euro \u00een s\u0103n\u0103tate, prezentate \u00een timpul vizitei ministrului S\u0103n\u0103t\u0103\u021bii la Timi\u0219oara\">Investi\u021bii de 500 de milioane de euro \u00een s\u0103n\u0103tate, prezentate \u00een timpul vizitei ministrului S\u0103n\u0103t\u0103\u021bii la Timi\u0219oara<\/a><\/h3>\n<\/div>\n<\/div>\n<\/div>\n<\/div>\n<\/div>\n<div class=\"tdb-author-box td_block_wrap tdb_single_author_box tdi_82 tdb-content-vert-top td-pb-border-top td_block_template_1\" data-td-block-uid=\"tdi_82\">\n<div class=\"tdb-block-inner td-fix-index\">\n<div class=\"tdb-author-info\"><a href=\"https:\/\/voceatimisului.ro\/author\/cataadmin\/\" class=\"tdb-author-name\">Radu Constantin<\/a><a href=\"http:\/\/www.voceatimisului.ro\" rel=\"nofollow\" class=\"tdb-author-url\">http:\/\/www.voceatimisului.ro<\/a><\/p>\n<div class=\"tdb-author-descr\">\u00centreaga responsabilitate a comentariilor l\u0103sate de dumneavoastr\u0103 v\u0103 apar\u021bine!<br \/>\nClick <a href=\"https:\/\/voceatimisului.ro\/termeni-si-conditii\/\">aici<\/a>-citeste condi\u0163iile de utilizare ale site-ului www.voceatimisului.ro<\/div>\n<\/div>\n<\/div>\n<\/div>\n<\/div>\n<\/div>\n<\/div>\n<div class=\"vc_column_inner tdi_84  wpb_column vc_column_container tdc-inner-column td-pb-span8\">\n<div class=\"vc_column-inner\">\n<div class=\"wpb_wrapper\">\n<div class=\"td_block_wrap tdb_single_content tdi_85 td-pb-border-top td_block_template_1 td-post-content tagdiv-type\" data-td-block-uid=\"tdi_85\">\n<div class=\"tdb-block-inner td-fix-index\">\n<h3 class=\"wp-block-heading\">\u201eS\u0103 v\u0103 spun c\u0103 nu vreau niciodat\u0103 pace cu Retim. Vreau doar respect. Nu doar fa\u021b\u0103 de mine, ci fa\u021b\u0103 de aceast\u0103 institu\u021bie \u0219i fa\u021b\u0103 de timi\u0219eni\u201d, a spus Alfred Simonis \u00een plenul Consiliului Jude\u021bean Timi\u0219. Declara\u021bia e limpede: administra\u021bia jude\u021bean\u0103 nu mai tolereaz\u0103 batjocura companiei care a transformat Ghizela \u00eentr-o groap\u0103 de levigat \u0219i a otr\u0103vit p\u0103m\u00e2ntul pentru urm\u0103torii 200 de ani.<\/h3>\n<p>Simonis a precizat c\u0103 toate institu\u021biile de control au fost sesizate, de la Garda de Mediu \u0219i Agen\u021bia pentru Protec\u021bia Mediului, p\u00e2n\u0103 la ANRSC. A subliniat c\u0103 ceea ce se \u00eent\u00e2mpl\u0103 la Ghizela este rezultatul complicit\u0103\u021bii institu\u021biilor statului \u0219i al nep\u0103s\u0103rii administra\u021biei jude\u021bene din trecut, care au permis ca depozitul s\u0103 devin\u0103 o bomb\u0103 ecologic\u0103. A promis o analiz\u0103 juridic\u0103 serioas\u0103, temeinic\u0103, \u00eempreun\u0103 cu avoca\u021bii \u0219i juri\u0219tii Consiliului Jude\u021bean, pentru ca operatorul s\u0103 fie tras la r\u0103spundere \u0219i pentru ca administra\u021bia s\u0103 nu mai tolereze comportamentele abuzive.<\/p>\n<p>Realitatea din teren confirm\u0103 gravitatea situa\u021biei. Imaginile arat\u0103 \u0219uvoaie de levigat negru care se scurg direct \u00een sol, f\u0103r\u0103 nicio barier\u0103 de protec\u021bie, \u00een timp ce mun\u021bi de plastic, resturi textile \u0219i materiale de construc\u021bie putrezesc la gr\u0103mad\u0103. Tot ce ar fi trebuit sortat \u0219i tratat ajunge amestecat, iar rezultatul este un p\u0103m\u00e2nt otr\u0103vit \u0219i o p\u00e2nz\u0103 freatic\u0103 distrus\u0103 pentru genera\u021bii.<\/p>\n<p>\u00cen acest timp, primarul Dominic Fritz prefer\u0103 s\u0103 protejeze compania. Nu atac\u0103 operatorul \u0219i nu cere explica\u021bii publice, ci \u00ee\u0219i spal\u0103 imaginea cu declara\u021bii despre o \u201eRom\u00e2nie curat\u0103\u201d. Consiliul Local Timi\u0219oara, \u00een calitate de asociat \u00een Retim, are obliga\u021bia s\u0103 controleze modul \u00een care operatorul \u00ee\u0219i face treaba. \u00cen loc de control \u0219i sanc\u021biuni, vedem \u00eens\u0103 complicitate \u0219i protec\u021bie. Timi\u0219orenii pl\u0103tesc facturi mai mari, \u00een timp ce gunoaiele lor hr\u0103nesc un sistem care otr\u0103ve\u0219te jude\u021bul.<\/p>\n<p>La fel procedeaz\u0103 \u0219i ministrul Mediului, Diana Buzoianu, care dup\u0103 ce a sc\u0103pat de o mo\u021biune a AUR se prezint\u0103 drept victim\u0103 politic\u0103, dar ignor\u0103 dezastrul de la Ghizela. Ipocrizia e evident\u0103. Pe Facebook, USR pozeaz\u0103 \u00een ap\u0103r\u0103tor al mediului \u0219i al \u201ecomorilor naturale\u201d, \u00eens\u0103 \u00een jude\u021bul Timi\u0219 \u00eenchide ochii la mafia gunoaielor \u0219i la distrugerea ireversibil\u0103 a resurselor de ap\u0103 \u0219i sol.<\/p>\n<p>Problemele Retim nu sunt o noutate. De-a lungul anilor, compania a fost acuzat\u0103 de \u00eenc\u0103lcarea legisla\u021biei muncii, de colect\u0103ri fictive, de lips\u0103 de transparen\u021b\u0103 \u0219i de tarife percepute abuziv. Noi am documentat situa\u021bii \u00een care de\u0219eurile sortate de popula\u021bie erau aruncate din nou la gr\u0103mad\u0103, campanii de colectare f\u0103cute doar pe h\u00e2rtie, precum \u0219i presiuni asupra angaja\u021bilor pentru a nu discuta public despre abuzuri. Toate aceste episoade contureaz\u0103 un tablou al unei companii care func\u021bioneaz\u0103 \u00een umbra protec\u021biilor politice.<\/p>\n<p>Ast\u0103zi, \u00eens\u0103, protec\u021biile \u00eencep s\u0103 se clatine. Simonis alege confruntarea \u0219i vorbe\u0219te deschis despre complicit\u0103\u021bi \u0219i nep\u0103sare. Fritz \u0219i Buzoianu aleg s\u0103 tac\u0103 sau s\u0103 se refugieze \u00een discursuri de PR. Iar timi\u0219enii aleg, zi de zi, s\u0103 tr\u0103iasc\u0103 l\u00e2ng\u0103 un morman de gunoi care le intr\u0103 \u00een ap\u0103, \u00een aer \u0219i \u00een pl\u0103m\u00e2ni.<\/p>\n<figure class=\"wp-block-embed is-type-video is-provider-youtube wp-block-embed-youtube wp-embed-aspect-4-3 \">\n<div class=\"wp-block-embed__wrapper\"><span class=\"flying-press-youtube\" data-src=\"https:\/\/www.youtube.com\/embed\/UWsWLZsPhyk?feature=oembed&amp;autoplay=1\"><img decoding=\"async\" src=\"https:\/\/analyse.optim.biz\/wp-content\/uploads\/2026\/01\/281e9a2eb3665929a9c52a02e6e13ef8.jpg\" width=\"1280\" height=\"720\" alt=\"Dezastru la Ghizela\" loading=\"lazy\" title=\"281e9a2eb3665929a9c52a02e6e13ef8\"><\/span><\/div>\n<\/figure>\n<\/div>\n<\/div>\n<div class=\"td_block_wrap tdb_single_tags tdi_88 td-pb-border-top td_block_template_1\" data-td-block-uid=\"tdi_88\">\n<div class=\"tdb-block-inner td-fix-index\">\n<ul class=\"tdb-tags\">\n<li><span>Tags<\/span><\/li>\n<li><a href=\"https:\/\/voceatimisului.ro\/tag\/alfred-simions\/\">Alfred Simions<\/a><\/li>\n<li><a href=\"https:\/\/voceatimisului.ro\/tag\/diana-buzoianu\/\">Diana Buzoianu<\/a><\/li>\n<li><a href=\"https:\/\/voceatimisului.ro\/tag\/dominic-fritz\/\">Dominic Fritz<\/a><\/li>\n<li><a href=\"https:\/\/voceatimisului.ro\/tag\/garda-de-mediu\/\">garda de mediu<\/a><\/li>\n<li><a href=\"https:\/\/voceatimisului.ro\/tag\/ghizela\/\">ghizela<\/a><\/li>\n<li><a href=\"https:\/\/voceatimisului.ro\/tag\/retim\/\">retim<\/a><\/li>\n<\/ul>\n<\/div>\n<\/div>\n<div class=\"td_block_wrap tdb_single_post_share tdi_89  td-pb-border-top td_block_template_1\" data-td-block-uid=\"tdi_89\">\n<div id=\"tdi_89\" class=\"td-post-sharing tdb-block td-ps-bg td-ps-notext td-post-sharing-style1 \">\n<div class=\"td-post-sharing-visible\"><a class=\"td-social-sharing-button td-social-sharing-button-js td-social-network td-social-facebook\" href=\"https:\/\/www.facebook.com\/sharer.php?u=https%3A%2F%2Fvoceatimisului.ro%2Falfred-simonis-nu-vreau-pace-cu-retim-fritz-si-buzoianu-se-fac-ca-nu-vad-dezastrul-de-la-ghizela%2F\" title=\"Facebook\" rel=\"noopener\"><\/p>\n<div class=\"td-social-but-text\">Facebook<\/div>\n<p><\/a><a class=\"td-social-sharing-button td-social-sharing-button-js td-social-network td-social-twitter\" href=\"https:\/\/twitter.com\/intent\/tweet?text=Alfred+Simonis%3A+%E2%80%9ENu+vreau+pace+cu+Retim%E2%80%9D.+Fritz+%C8%99i+Buzoianu+se+fac+c%C4%83+nu+v%C4%83d+dezastrul+de+la+Ghizela&amp;url=https%3A%2F%2Fvoceatimisului.ro%2Falfred-simonis-nu-vreau-pace-cu-retim-fritz-si-buzoianu-se-fac-ca-nu-vad-dezastrul-de-la-ghizela%2F&amp;via=Vocea+Timisului\" title=\"Twitter\" rel=\"noopener\"><\/p>\n<div class=\"td-social-but-text\">Twitter<\/div>\n<p><\/a><a class=\"td-social-sharing-button td-social-sharing-button-js td-social-network td-social-pinterest\" href=\"https:\/\/pinterest.com\/pin\/create\/button\/?url=https:\/\/voceatimisului.ro\/alfred-simonis-nu-vreau-pace-cu-retim-fritz-si-buzoianu-se-fac-ca-nu-vad-dezastrul-de-la-ghizela\/&amp;media=https:\/\/analyse.optim.biz\/wp-content\/uploads\/2026\/01\/nu-vreau-pace-cu-retim-scaled-2.webp&amp;description=Alfred+Simonis%3A+%E2%80%9ENu+vreau+pace+cu+Retim%E2%80%9D.+Fritz+%C8%99i+Buzoianu+se+fac+c%C4%83+nu+v%C4%83d+dezastrul+de+la+Ghizela\" title=\"Pinterest\" rel=\"noopener\"><\/p>\n<div class=\"td-social-but-text\">Pinterest<\/div>\n<p><\/a><a class=\"td-social-sharing-button td-social-sharing-button-js td-social-network td-social-whatsapp\" href=\"https:\/\/api.whatsapp.com\/send?text=Alfred+Simonis%3A+%E2%80%9ENu+vreau+pace+cu+Retim%E2%80%9D.+Fritz+%C8%99i+Buzoianu+se+fac+c%C4%83+nu+v%C4%83d+dezastrul+de+la+Ghizela%20%0A%0A%20https:\/\/voceatimisului.ro\/alfred-simonis-nu-vreau-pace-cu-retim-fritz-si-buzoianu-se-fac-ca-nu-vad-dezastrul-de-la-ghizela\/\" title=\"WhatsApp\" rel=\"noopener\"><\/p>\n<div class=\"td-social-but-text\">WhatsApp<\/div>\n<p><\/a><a class=\"td-social-sharing-button td-social-sharing-button-js td-social-network td-social-linkedin\" href=\"https:\/\/www.linkedin.com\/shareArticle?mini=true&amp;url=https:\/\/voceatimisului.ro\/alfred-simonis-nu-vreau-pace-cu-retim-fritz-si-buzoianu-se-fac-ca-nu-vad-dezastrul-de-la-ghizela\/&amp;title=Alfred+Simonis%3A+%E2%80%9ENu+vreau+pace+cu+Retim%E2%80%9D.+Fritz+%C8%99i+Buzoianu+se+fac+c%C4%83+nu+v%C4%83d+dezastrul+de+la+Ghizela\" title=\"Linkedin\" rel=\"noopener\"><\/p>\n<div class=\"td-social-but-text\">Linkedin<\/div>\n<p><\/a><a class=\"td-social-sharing-button td-social-sharing-button-js td-social-network td-social-copy_url\" href=\"https:\/\/voceatimisului.ro\/alfred-simonis-nu-vreau-pace-cu-retim-fritz-si-buzoianu-se-fac-ca-nu-vad-dezastrul-de-la-ghizela\/\" title=\"Copy URL\" rel=\"noopener\"><\/p>\n<div class=\"td-social-but-text\">Copy URL<\/div>\n<p><\/a><\/div>\n<\/div>\n<\/div>\n<div class=\"td_block_wrap tdb_single_next_prev tdi_90 td-animation-stack td-next-prev-img-on td-pb-border-top td_block_template_1\" data-td-block-uid=\"tdi_90\">\n<div class=\"tdb-block-inner td-fix-index\">\n<div class=\"tdb-next-post tdb-next-post-bg tdb-post-prev\"><span>Articolul precedent<\/span><\/p>\n<div class=\"td-module-container\">\n<div class=\"td-image-container\"><a class=\"td-image-wrap\" href=\"https:\/\/voceatimisului.ro\/picnic-in-pusta-eveniment-in-comuna-otelec\/\"><img loading=\"lazy\" decoding=\"async\" class=\"td-next-prev-image td-fix-index td-lazy-img\" title=\"\u201ePicnic \u00een Pust\u0103\u201d, eveniment \u00een comuna Otelec\" width=\"696\" height=\"868\" src=\"https:\/\/analyse.optim.biz\/wp-content\/uploads\/2026\/01\/picnic-in-pusta-eveniment-in-comuna-otelec-696x868-1.webp\"><\/a><\/div>\n<div class=\"next-prev-title\"><a href=\"https:\/\/voceatimisului.ro\/picnic-in-pusta-eveniment-in-comuna-otelec\/\">\u201ePicnic \u00een Pust\u0103\u201d, eveniment \u00een comuna Otelec<\/a><\/div>\n<\/div>\n<\/div>\n<div class=\"tdb-next-post tdb-next-post-bg tdb-post-next\"><span>Articolul urm\u0103tor<\/span><\/p>\n<div class=\"td-module-container\">\n<div class=\"td-image-container\"><a class=\"td-image-wrap\" href=\"https:\/\/voceatimisului.ro\/stpt-itp-ul-pe-smen-dogaru-semneaza-si-ia-amenzi-fritz-si-latcau-ii-tin-spatele\/\"><img loading=\"lazy\" decoding=\"async\" class=\"td-next-prev-image td-fix-index td-lazy-img\" title=\"STPT, ITP-ul pe \u0219men. Dogaru semneaz\u0103 \u0219i ia amenzi, Fritz \u0219i La\u021bc\u0103u \u00eei \u021bin spatele\" width=\"696\" height=\"261\" src=\"https:\/\/analyse.optim.biz\/wp-content\/uploads\/2026\/01\/statia-itp-stpt-696x261-2.webp\"><\/a><\/div>\n<div class=\"next-prev-title\"><a href=\"https:\/\/voceatimisului.ro\/stpt-itp-ul-pe-smen-dogaru-semneaza-si-ia-amenzi-fritz-si-latcau-ii-tin-spatele\/\">STPT, ITP-ul pe \u0219men. Dogaru semneaz\u0103 \u0219i ia amenzi, Fritz \u0219i La\u021bc\u0103u \u00eei \u021bin spatele<\/a><\/div>\n<\/div>\n<\/div>\n<\/div>\n<\/div>\n<\/div>\n<\/div>\n<\/div>\n<\/div>\n<div class=\"vc_row_inner tdi_100  vc_row vc_inner wpb_row td-pb-row\">\n<div class=\"vc_column_inner tdi_102  wpb_column vc_column_container tdc-inner-column td-pb-span4 td-is-sticky\">\n<div class=\"vc_column-inner\">\n<div class=\"wpb_wrapper\" data-sticky-enabled-on=\"W3RydWUsdHJ1ZSx0cnVlLHRydWVd\" data-sticky-offset=\"20\" data-sticky-is-width-auto=\"W2ZhbHNlLGZhbHNlLGZhbHNlLGZhbHNlXQ==\">\n<div class=\"td_block_wrap tdb_single_related tdi_103 td_with_ajax_pagination td-pb-border-top td_block_template_1 tdb-single-related-posts\" data-td-block-uid=\"tdi_103\">\n<div id=\"tdi_103\" class=\"td_block_inner tdb-block-inner td-fix-index\">\n<div class=\"tdb_module_related td_module_wrap td-animation-stack td-meta-info-hide\">\n<div class=\"td-module-container td-category-pos-image\">\n<div class=\"td-module-meta-info\">\n<h3 class=\"entry-title td-module-title\"><a href=\"https:\/\/voceatimisului.ro\/transportul-public-din-timisoara-se-prabuseste-in-fiecare-zi-in-trafic-dar-in-birourile-primariei-totul-arata-perfect-si-european\/\" rel=\"bookmark\" title=\"Transportul public din Timi\u0219oara se pr\u0103bu\u0219e\u0219te \u00een fiecare zi \u00een trafic, dar \u00een birourile Prim\u0103riei totul arat\u0103 perfect \u0219i \u201ceuropean\u201d\">Transportul public din Timi\u0219oara se pr\u0103bu\u0219e\u0219te \u00een fiecare zi \u00een trafic, dar \u00een birourile Prim\u0103riei totul arat\u0103 perfect \u0219i \u201ceuropean\u201d<\/a><\/h3>\n<\/div>\n<\/div>\n<\/div>\n<div class=\"tdb_module_related td_module_wrap td-animation-stack td-meta-info-hide\">\n<div class=\"td-module-container td-category-pos-image\">\n<div class=\"td-module-meta-info\">\n<h3 class=\"entry-title td-module-title\"><a href=\"https:\/\/voceatimisului.ro\/retim-sfideaza-timisoara-utilajele-cjt-raman-sechestrate-legea-ramane-la-misto\/\" rel=\"bookmark\" title=\"Retim sfideaz\u0103 Timi\u0219oara, utilajele CJT r\u0103m\u00e2n sechestrate, legea r\u0103m\u00e2ne la mi\u0219to\">Retim sfideaz\u0103 Timi\u0219oara, utilajele CJT r\u0103m\u00e2n sechestrate, legea r\u0103m\u00e2ne la mi\u0219to<\/a><\/h3>\n<\/div>\n<\/div>\n<\/div>\n<div class=\"tdb_module_related td_module_wrap td-animation-stack td-meta-info-hide\">\n<div class=\"td-module-container td-category-pos-image\">\n<div class=\"td-module-meta-info\">\n<h3 class=\"entry-title td-module-title\"><a href=\"https:\/\/voceatimisului.ro\/retim-sfideaza-legea-si-institutiile-din-timis-foloseste-echipamente-publice-fara-drept-si-blocheaza-accesul-la-informatii\/\" rel=\"bookmark\" title=\"RETIM sfideaz\u0103 legea \u0219i institu\u021biile din Timi\u0219, folose\u0219te echipamente publice f\u0103r\u0103 drept \u0219i blocheaz\u0103 accesul la informa\u021bii\">RETIM sfideaz\u0103 legea \u0219i institu\u021biile din Timi\u0219, folose\u0219te echipamente publice f\u0103r\u0103 drept \u0219i blocheaz\u0103 accesul la informa\u021bii<\/a><\/h3>\n<\/div>\n<\/div>\n<\/div>\n<\/div>\n<\/div>\n<\/div>\n<\/div>\n<\/div>\n<div class=\"vc_column_inner tdi_105  wpb_column vc_column_container tdc-inner-column td-pb-span8\">\n<div class=\"vc_column-inner\">\n<div class=\"wpb_wrapper\">\n<div class=\"td_block_wrap tdb_single_comments tdi_106 tdb-comm-layout2 td-pb-border-top td_block_template_2\" data-td-block-uid=\"tdi_106\">\n<div class=\"tdb-block-inner td-fix-index\">\n<div class=\"comments\" id=\"comments\">\n<div class=\"td-comments-title-wrap td_block_template_2\">\n<h4 class=\"td-comments-title td-block-title\"><span>1 COMENTARIU<\/span><\/h4>\n<\/div>\n<ol class=\"comment-list\">\n<li class=\"comment pingback\" id=\"comment-29834\">\n<article>\n<footer><cite><a href=\"https:\/\/infotimisoara.ro\/revista-presei-cu-anton-kovacs-25-09-2025\/\" class=\"url\" rel=\"ugc external nofollow\">Revista presei cu Anton Kovacs \u2013 25.09.2025 \u2013 Info Timi\u0219oara<\/a><\/cite><a class=\"comment-link\" href=\"https:\/\/voceatimisului.ro\/alfred-simonis-nu-vreau-pace-cu-retim-fritz-si-buzoianu-se-fac-ca-nu-vad-dezastrul-de-la-ghizela\/#comment-29834\"><time><br \/>\n\t\t\t\t\t\t    25 septembrie 2025\t\t\t\t\t\t    La\t\t\t\t\t\t    8:08 AM<\/time><\/a><\/footer>\n<div class=\"comment-content\">\n<p>[\u2026] Alfred Simonis: \u201eNu vreau pace cu Retim\u201d.\u00a0Fritz \u0219i Buzoianu se fac c\u0103 nu v\u0103d dezastrul de la\u2026 [\u2026]<\/p>\n<\/div>\n<div class=\"comment-meta\" id=\"comment-29834\"><a rel=\"nofollow\" class=\"comment-reply-link\" href=\"https:\/\/voceatimisului.ro\/alfred-simonis-nu-vreau-pace-cu-retim-fritz-si-buzoianu-se-fac-ca-nu-vad-dezastrul-de-la-ghizela\/#comment-29834\" data-commentid=\"29834\" data-postid=\"175196\" data-belowelement=\"comment-29834\" data-respondelement=\"respond\" data-replyto=\"R\u0103spunde-i lui Revista presei cu Anton Kovacs \u2013 25.09.2025 \u2013 Info Timi\u0219oara\" aria-label=\"R\u0103spunde-i lui Revista presei cu Anton Kovacs \u2013 25.09.2025 \u2013 Info Timi\u0219oara\">R\u0103spunde\u021bi<\/a><\/div>\n<\/article>\n<\/li>\n<\/ol>\n<div id=\"respond\" class=\"comment-respond\">\n<h3 id=\"reply-title\" class=\"comment-reply-title\">L\u0102SA\u021aI UN MESAJ <small><a rel=\"nofollow\" id=\"cancel-comment-reply-link\" href=\"https:\/\/voceatimisului.ro\/alfred-simonis-nu-vreau-pace-cu-retim-fritz-si-buzoianu-se-fac-ca-nu-vad-dezastrul-de-la-ghizela\/#respond\">Renun\u021ba\u021bi la r\u0103spuns<\/a><\/small><\/h3>\n<div class=\"comment-form-input-wrap td-form-comment\">\n<div class=\"td-warning-comment\">V\u0103 rug\u0103m s\u0103 introduce\u021bi comentariul dvs.!<\/div>\n<\/div>\n<div class=\"comment-form-input-wrap td-form-author\">\n<div class=\"td-warning-author\">Introduce\u021bi aici numele dvs.<\/div>\n<\/div>\n<div class=\"comment-form-input-wrap td-form-email\">\n<div class=\"td-warning-email-error\">A\u021bi introdus o adres\u0103 de e-mail incorect\u0103!<\/div>\n<div class=\"td-warning-email\">V\u0103 rug\u0103m s\u0103 introduce\u021bi adresa dvs. de e-mail aici<\/div>\n<\/div>\n<\/div>\n<\/div>\n<\/div>\n<\/div>\n<\/div>\n<\/div>\n<\/div>\n<\/div>\n<\/div>\n<\/div>\n<div class=\"vc_column tdi_108  wpb_column vc_column_container tdc-column td-pb-span4 td-is-sticky\">\n<div class=\"wpb_wrapper\" data-sticky-enabled-on=\"W3RydWUsdHJ1ZSx0cnVlLHRydWVd\" data-sticky-offset=\"20\" data-sticky-is-width-auto=\"W2ZhbHNlLGZhbHNlLGZhbHNlLGZhbHNlXQ==\">\n<div class=\"vc_row_inner tdi_110  vc_row vc_inner wpb_row td-pb-row\">\n<div class=\"vc_column_inner tdi_112  wpb_column vc_column_container tdc-inner-column td-pb-span12\">\n<div class=\"vc_column-inner\">\n<div class=\"wpb_wrapper\">\n<div class=\"td_block_wrap td_block_title tdi_113 td-pb-border-top td_block_template_11 td-fix-index\" data-td-block-uid=\"tdi_113\">\n<div class=\"td-block-title-wrap\">\n<h4 class=\"td-block-title\"><span class=\"td-pulldown-size\">ANUN\u021aURI \u0218I PUBLICITATE<\/span><\/h4>\n<\/div>\n<\/div>\n<\/div>\n<\/div>\n<\/div>\n<\/div>\n<div class=\"wpb_wrapper td_block_wrap vc_widget_sidebar tdi_115 \">\n<aside id=\"block-10\" class=\"td_block_template_1 widget block-10 widget_block widget_media_image\">\n<figure class=\"wp-block-image size-full\"><a href=\"https:\/\/adpghiroda.ro\/index.html\" target=\"_blank\" rel=\" noreferrer noopener\"><img decoding=\"async\" loading=\"eager\" width=\"960\" height=\"960\" src=\"https:\/\/analyse.optim.biz\/wp-content\/uploads\/2026\/01\/adp-ghiroda2-70.jpg\" class=\"wp-image-171492\" title=\"adp-ghiroda2-70\"><\/a><\/figure>\n<\/aside>\n<aside id=\"block-11\" class=\"td_block_template_1 widget block-11 widget_block widget_media_image\">\n<figure class=\"wp-block-image size-full\"><a href=\"https:\/\/adpghiroda.ro\/index.html\" target=\"_blank\" rel=\" noreferrer noopener\"><img decoding=\"async\" loading=\"lazy\" width=\"960\" height=\"960\" src=\"https:\/\/analyse.optim.biz\/wp-content\/uploads\/2026\/01\/adp-ghiroda1-70.jpg\" class=\"wp-image-171491\" title=\"adp-ghiroda1-70\"><\/a><\/figure>\n<\/aside>\n<aside id=\"block-17\" class=\"td_block_template_1 widget block-17 widget_block widget_media_image\">\n<figure class=\"wp-block-image size-large is-resized\"><a href=\"https:\/\/verde.events\/\" target=\"_blank\" rel=\" noreferrer noopener\"><img decoding=\"async\" loading=\"lazy\" width=\"1024\" height=\"683\" src=\"https:\/\/analyse.optim.biz\/wp-content\/uploads\/2026\/01\/verde-events-24-1024x683-1-55.jpg\" alt=\"Verde Events\" class=\"wp-image-174395\" title=\"verde-events-24-1024x683-1-55\"><\/a><figcaption class=\"wp-element-caption\"><strong><em>O experien\u021b\u0103 unic\u0103 pentru orice tip de eveniment<\/em><\/strong><\/figcaption><\/figure>\n<\/aside>\n<\/div>\n<div class=\"td_block_wrap td_flex_block_1 tdi_121 td-pb-border-top td_block_template_1 td_ajax_preloading_preload td_flex_block\" data-td-block-uid=\"tdi_121\">\n<div id=\"tdi_121\" class=\"td_block_inner td-mc1-wrap\">\n<div class=\"td_module_flex td_module_flex_1 td_module_wrap td-animation-stack td-meta-info-hide td-cpt-post\">\n<div class=\"td-module-container td-category-pos-image\">\n<div class=\"td-module-meta-info\">\n<h3 class=\"entry-title td-module-title\"><a href=\"https:\/\/voceatimisului.ro\/retim-arunca-oamenii-la-gunoi-apoi-pretinde-ca-i-a-transferat\/\" rel=\"bookmark\" title=\"RETIM arunc\u0103 oamenii la gunoi, apoi pretinde c\u0103 i-a \u201etransferat\u201d\">RETIM arunc\u0103 oamenii la gunoi, apoi pretinde c\u0103 i-a \u201etransferat\u201d<\/a><\/h3>\n<\/div>\n<\/div>\n<\/div>\n<div class=\"td_module_flex td_module_flex_1 td_module_wrap td-animation-stack td-meta-info-hide td-cpt-post\">\n<div class=\"td-module-container td-category-pos-image\">\n<div class=\"td-module-meta-info\">\n<h3 class=\"entry-title td-module-title\"><a href=\"https:\/\/voceatimisului.ro\/retim-lovitura-in-instanta-si-factura-de-24-600-lei-pe-fondul-haosului-din-gestionarea-gunoiului\/\" rel=\"bookmark\" title=\"RETIM, lovitur\u0103 \u00een instan\u021b\u0103 \u0219i factur\u0103 de 24.600 lei pe fondul haosului din gestionarea gunoiului\">RETIM, lovitur\u0103 \u00een instan\u021b\u0103 \u0219i factur\u0103 de 24.600 lei pe fondul haosului din gestionarea gunoiului<\/a><\/h3>\n<\/div>\n<\/div>\n<\/div>\n<div class=\"td_module_flex td_module_flex_1 td_module_wrap td-animation-stack td-meta-info-hide td-cpt-post\">\n<div class=\"td-module-container td-category-pos-image\">\n<div class=\"td-module-meta-info\">\n<h3 class=\"entry-title td-module-title\"><a href=\"https:\/\/voceatimisului.ro\/iccj-ii-strica-lui-dominic-fritz-manevra-de-blocaj-dosarul-de-conflict-de-interese-se-reia\/\" rel=\"bookmark\" title=\"\u00ceCCJ \u00eei stric\u0103 lui Dominic Fritz manevra de blocaj. Dosarul de conflict de interese se reia\">\u00ceCCJ \u00eei stric\u0103 lui Dominic Fritz manevra de blocaj. Dosarul de conflict de interese se reia<\/a><\/h3>\n<\/div>\n<\/div>\n<\/div>\n<div class=\"td_module_flex td_module_flex_1 td_module_wrap td-animation-stack td-meta-info-hide td-cpt-post\">\n<div class=\"td-module-container td-category-pos-image\">\n<div class=\"td-module-meta-info\">\n<h3 class=\"entry-title td-module-title\"><a href=\"https:\/\/voceatimisului.ro\/simonis-in-plenul-cj-timis-decizia-instantei-deblocheaza-stadionul-nu-il-ingroapa\/\" rel=\"bookmark\" title=\"Simonis, \u00een plenul CJ Timi\u0219: decizia instan\u021bei deblocheaz\u0103 stadionul, nu \u00eel \u00eengroap\u0103\">Simonis, \u00een plenul CJ Timi\u0219: decizia instan\u021bei deblocheaz\u0103 stadionul, nu \u00eel \u00eengroap\u0103<\/a><\/h3>\n<\/div>\n<\/div>\n<\/div>\n<div class=\"td_module_flex td_module_flex_1 td_module_wrap td-animation-stack td-meta-info-hide td-cpt-post\">\n<div class=\"td-module-container td-category-pos-image\">\n<div class=\"td-module-meta-info\">\n<h3 class=\"entry-title td-module-title\"><a href=\"https:\/\/voceatimisului.ro\/retim-si-polaris-acuzatii-directe-in-cj-timis-simonis-nu-ne-lasam-santajati-de-mafia-gunoaielor\/\" rel=\"bookmark\" title=\"RETIM \u0219i Polaris, acuza\u021bii directe \u00een CJ Timi\u0219. Simonis: nu ne l\u0103s\u0103m \u0219antaja\u021bi de \u201emafia gunoaielor\u201d\">RETIM \u0219i Polaris, acuza\u021bii directe \u00een CJ Timi\u0219. Simonis: nu ne l\u0103s\u0103m \u0219antaja\u021bi de \u201emafia gunoaielor\u201d<\/a><\/h3>\n<\/div>\n<\/div>\n<\/div>\n<\/div>\n<\/div>\n<\/div>\n<\/div>\n<\/div>\n<\/div>\n<\/div>\n<\/div>\n<p><span class=\"td-page-meta\"><\/span><span class=\"td-page-meta\"><span class=\"td-page-meta\"><\/span><\/span><span class=\"td-page-meta\"><\/span><\/article>\n<p> Source URL: https:\/\/voceatimisului.ro\/alfred-simonis-nu-vreau-pace-cu-retim-fritz-si-buzoianu-se-fac-ca-nu-vad-dezastrul-de-la-ghizela\/<\/p>\n","protected":false},"excerpt":{"rendered":"<p>Investiga\u021bii\u0218tiri Alfred Simonis: \u201eNu vreau pace cu Retim\u201d. Fritz \u0219i Buzoianu se fac c\u0103 nu v\u0103d dezastrul de la Ghizela \u00cen timp ce mun\u021bii de gunoaie de la Ghizela otr\u0103vesc p\u00e2nza freatic\u0103 pentru urm\u0103toarele genera\u021bii, iar levigatul curge nestingherit \u00een p\u0103m\u00e2nt, pre\u0219edintele Consiliului Jude\u021bean, Alfred Simonis, declar\u0103 r\u0103zboi operatorului Retim. De partea cealalt\u0103, primarul Dominic [&hellip;]<\/p>\n","protected":false},"author":1,"featured_media":1294280,"comment_status":"open","ping_status":"","sticky":false,"template":"","format":"standard","meta":{"footnotes":""},"categories":[89],"tags":[199],"class_list":["post-1294277","post","type-post","status-publish","format-standard","has-post-thumbnail","hentry","category-romania","tag-voceatimisului-ro"],"_links":{"self":[{"href":"https:\/\/analyse.optim.biz\/index.php?rest_route=\/wp\/v2\/posts\/1294277","targetHints":{"allow":["GET"]}}],"collection":[{"href":"https:\/\/analyse.optim.biz\/index.php?rest_route=\/wp\/v2\/posts"}],"about":[{"href":"https:\/\/analyse.optim.biz\/index.php?rest_route=\/wp\/v2\/types\/post"}],"author":[{"embeddable":true,"href":"https:\/\/analyse.optim.biz\/index.php?rest_route=\/wp\/v2\/users\/1"}],"replies":[{"embeddable":true,"href":"https:\/\/analyse.optim.biz\/index.php?rest_route=%2Fwp%2Fv2%2Fcomments&post=1294277"}],"version-history":[{"count":0,"href":"https:\/\/analyse.optim.biz\/index.php?rest_route=\/wp\/v2\/posts\/1294277\/revisions"}],"wp:featuredmedia":[{"embeddable":true,"href":"https:\/\/analyse.optim.biz\/index.php?rest_route=\/wp\/v2\/media\/1294280"}],"wp:attachment":[{"href":"https:\/\/analyse.optim.biz\/index.php?rest_route=%2Fwp%2Fv2%2Fmedia&parent=1294277"}],"wp:term":[{"taxonomy":"category","embeddable":true,"href":"https:\/\/analyse.optim.biz\/index.php?rest_route=%2Fwp%2Fv2%2Fcategories&post=1294277"},{"taxonomy":"post_tag","embeddable":true,"href":"https:\/\/analyse.optim.biz\/index.php?rest_route=%2Fwp%2Fv2%2Ftags&post=1294277"}],"curies":[{"name":"wp","href":"https:\/\/api.w.org\/{rel}","templated":true}]}}