{"id":1293918,"date":"2018-12-03T10:05:54","date_gmt":"2018-12-03T07:05:54","guid":{"rendered":"https:\/\/analyse.optim.biz\/?p=1293918"},"modified":"2018-12-03T10:05:54","modified_gmt":"2018-12-03T07:05:54","slug":"tulcea-de-centenar-dispensar-medical-nou-la-iazurile","status":"publish","type":"post","link":"https:\/\/analyse.optim.biz\/?p=1293918","title":{"rendered":"Tulcea: De Centenar, dispensar medical nou la Iazurile"},"content":{"rendered":"<article id=\"post-1780\" class=\"post-1780 post type-post status-publish format-standard has-post-thumbnail hentry category-ultimele-stiri tag-dispensar-nou tag-iazurile tag-investitie tag-valea-nucarilor\">\n<div class=\"td-pb-row\">\n<div class=\"td-pb-span12\">\n<div class=\"td-post-header td-pb-padding-side\">\n<div class=\"entry-crumbs\"><span><a title class=\"entry-crumb\" href=\"https:\/\/subiectivtulcea.ro\/\">Acas\u0103<\/a><\/span><span><a title=\"Vede\u021bi toate articolele \u00een Ultimele \u0218tiri\" class=\"entry-crumb\" href=\"https:\/\/subiectivtulcea.ro\/category\/ultimele-stiri\/\">Ultimele \u0218tiri<\/a><\/span><span class=\"td-bred-no-url-last\">Tulcea: De Centenar, dispensar medical nou la Iazurile<\/span><\/div>\n<ul class=\"td-category\">\n<li class=\"entry-category\"><a href=\"https:\/\/subiectivtulcea.ro\/category\/ultimele-stiri\/\">Ultimele \u0218tiri<\/a><\/li>\n<\/ul>\n<header>\n<h1 class=\"entry-title\">Tulcea: De Centenar, dispensar medical nou la Iazurile<\/h1>\n<div class=\"meta-info\">\n<div class=\"td-post-author-name\">\n<div class=\"td-author-by\">De c\u0103tre<\/div>\n<p><a href=\"https:\/\/subiectivtulcea.ro\/author\/sorin\/\">Stefan Vasilescu<\/a><\/p>\n<div class=\"td-author-line\"> &#8211; <\/div>\n<\/div>\n<p><span class=\"td-post-date\"><time class=\"entry-date updated td-module-date\" datetime=\"2018-12-03T10:05:54+00:00\">decembrie 3, 2018<\/time><\/span><\/p>\n<div class=\"td-post-views\"><span class=\"td-nr-views-1780\">1443<\/span><\/div>\n<div class=\"td-post-comments\"><a href=\"https:\/\/subiectivtulcea.ro\/tulcea-de-centenar-dispensar-medical-nou-la-iazurile\/#respond\">0<\/a><\/div>\n<\/div>\n<\/header>\n<\/div>\n<\/div>\n<\/div>\n<div class=\"td-pb-row\">\n<div class=\"td-pb-span8 td-main-content\" role=\"main\">\n<div class=\"td-ss-main-content\">\n<div class=\"td-post-sharing td-post-sharing-top td-pb-padding-side\"><span class=\"td-post-share-title\">DISTRIBUI\u021aI<\/span><\/p>\n<div class=\"td-default-sharing \"><a class=\"td-social-sharing-buttons td-social-facebook\" href=\"https:\/\/www.facebook.com\/sharer.php?u=https%3A%2F%2Fsubiectivtulcea.ro%2Ftulcea-de-centenar-dispensar-medical-nou-la-iazurile%2F\"><\/p>\n<div class=\"td-social-but-text\">Facebook<\/div>\n<p><\/a><a class=\"td-social-sharing-buttons td-social-twitter\" href=\"https:\/\/twitter.com\/intent\/tweet?text=Tulcea%3A+De+Centenar%2C+dispensar+medical+nou+la+Iazurile&amp;url=https%3A%2F%2Fsubiectivtulcea.ro%2Ftulcea-de-centenar-dispensar-medical-nou-la-iazurile%2F&amp;via=Subiectiv+De+Tulcea+-+Cotidianul+Cu+Stiri+Pe+Surse\"><\/p>\n<div class=\"td-social-but-text\">Twitter<\/div>\n<p><\/a><\/div>\n<\/div>\n<div class=\"td-post-content td-pb-padding-side\">\n<div class=\"td-post-featured-image\"><a href=\"https:\/\/analyse.optim.biz\/wp-content\/uploads\/2026\/01\/inaugurare-dispensar-iazurile-valea-nucarilor.jpg\" data-caption><img loading=\"lazy\" decoding=\"async\" width=\"640\" height=\"480\" class=\"entry-thumb td-modal-image\" src=\"https:\/\/analyse.optim.biz\/wp-content\/uploads\/2026\/01\/inaugurare-dispensar-iazurile-valea-nucarilor-640x480-1.jpg\" title=\"inaugurare dispensar Iazurile Valea Nucarilor\"><\/a><\/div>\n<p><strong>Cu ocazia Centenarului, \u00een satul Iazurile (comuna Valea Nucarilor) a fost inaugurat\u0103, duminic\u0103, noua cl\u0103dire ce ad\u0103poste\u015fte Dispensarul medical comunal, informeaz\u0103 Consiliul Jude\u021bean Tulcea.<\/strong><\/p>\n<p>Investi\u0163ia s-a ridicat la aproximativ 640.000 de lei \u0219i a fost asigurat\u0103 din bugetul local al comunei. La eveniment au mai fost prezen\u0163i, al\u0103turi de prefectul Lucian Furdui \u015fi deputatul Lucian Simion, pre\u015fedintele Consiliului Jude\u0163ean Tulcea, Horia Teodorescu \u015fi vicepre\u015fedintele Dumitru Mergeani.<\/p>\n<p>Tot cu ocazia Centenarului Marii Uniri, la Monumentul Eroilor din Valea Nucarilor a avut loc un ceremonial de depuneri de coroane \u015fi s-a oficiat un serviciu religios \u00een memoria \u00eenainta\u015filor no\u015ftri.<\/p>\n<\/div>\n<footer>\n<div class=\"td-post-source-tags td-pb-padding-side\">\n<ul class=\"td-tags td-post-small-box clearfix\">\n<li><span>ETICHETE<\/span><\/li>\n<li><a href=\"https:\/\/subiectivtulcea.ro\/tag\/dispensar-nou\/\">dispensar nou<\/a><\/li>\n<li><a href=\"https:\/\/subiectivtulcea.ro\/tag\/iazurile\/\">iazurile<\/a><\/li>\n<li><a href=\"https:\/\/subiectivtulcea.ro\/tag\/investitie\/\">investi\u021bie<\/a><\/li>\n<li><a href=\"https:\/\/subiectivtulcea.ro\/tag\/valea-nucarilor\/\">valea nucarilor<\/a><\/li>\n<\/ul>\n<\/div>\n<div class=\"td-post-sharing td-post-sharing-bottom td-pb-padding-side\"><span class=\"td-post-share-title\">DISTRIBUI\u021aI<\/span><\/p>\n<div class=\"td-default-sharing td-with-like\"><a class=\"td-social-sharing-buttons td-social-facebook\" href=\"https:\/\/www.facebook.com\/sharer.php?u=https%3A%2F%2Fsubiectivtulcea.ro%2Ftulcea-de-centenar-dispensar-medical-nou-la-iazurile%2F\"><\/p>\n<div class=\"td-social-but-text\">Facebook<\/div>\n<p><\/a><a class=\"td-social-sharing-buttons td-social-twitter\" href=\"https:\/\/twitter.com\/intent\/tweet?text=Tulcea%3A+De+Centenar%2C+dispensar+medical+nou+la+Iazurile&amp;url=https%3A%2F%2Fsubiectivtulcea.ro%2Ftulcea-de-centenar-dispensar-medical-nou-la-iazurile%2F&amp;via=Subiectiv+De+Tulcea+-+Cotidianul+Cu+Stiri+Pe+Surse\"><\/p>\n<div class=\"td-social-but-text\">Twitter<\/div>\n<p><\/a><\/div>\n<div class=\"td-classic-sharing\">\n<ul>\n<li class=\"td-classic-facebook\"><iframe frameborder src=\"https:\/\/www.facebook.com\/plugins\/like.php?href=https:\/\/subiectivtulcea.ro\/tulcea-de-centenar-dispensar-medical-nou-la-iazurile\/&amp;layout=button_count&amp;show_faces=false&amp;width=105&amp;action=like&amp;colorscheme=light&amp;height=21\"><\/iframe><\/li>\n<li class=\"td-classic-twitter\"><a href=\"https:\/\/twitter.com\/share\" class=\"twitter-share-button\" data-url=\"https:\/\/subiectivtulcea.ro\/tulcea-de-centenar-dispensar-medical-nou-la-iazurile\/\" data-text=\"Tulcea: De Centenar, dispensar medical nou la Iazurile\" data-via data-lang=\"en\">tweet<\/a><\/li>\n<\/ul>\n<\/div>\n<\/div>\n<div class=\"td-block-row td-post-next-prev\">\n<div class=\"td-block-span6 td-post-prev-post\">\n<div class=\"td-post-next-prev-content\"><span>Articolul precedent<\/span><a href=\"https:\/\/subiectivtulcea.ro\/jandarmii-tulceni-la-datorie-de-ziua-nationala-a-romaniei\/\">Jandarmii tulceni, la datorie de Ziua Na\u0163ional\u0103 a Rom\u00e2niei<\/a><\/div>\n<\/div>\n<div class=\"td-block-span6 td-post-next-post\">\n<div class=\"td-post-next-prev-content\"><span>Articolul urm\u0103tor<\/span><a href=\"https:\/\/subiectivtulcea.ro\/tulcea-politistii-au-aplicat-77-de-amenzi-in-valoare-de-36-300-de-lei-in-ultimele-48-de-ore\/\">Tulcea: Poli\u021bi\u0219tii au aplicat 77 de amenzi, \u00een valoare de 36.300 de lei, \u00een ultimele 48 de ore<\/a><\/div>\n<\/div>\n<\/div>\n<div class=\"author-box-wrap\"><a href=\"https:\/\/subiectivtulcea.ro\/author\/sorin\/\"><img loading=\"lazy\" decoding=\"async\" src=\"https:\/\/analyse.optim.biz\/wp-content\/uploads\/2026\/01\/4054b95552868c8c392af45ec328ee34-64.jpg\" class=\"avatar avatar-96 photo\" height=\"96\" width=\"96\" title=\"4054b95552868c8c392af45ec328ee34-64\"><\/a><\/p>\n<div class=\"desc\">\n<div class=\"td-author-name vcard author\"><span class=\"fn\"><a href=\"https:\/\/subiectivtulcea.ro\/author\/sorin\/\">Stefan Vasilescu<\/a><\/span><\/div>\n<\/div>\n<\/div>\n<p><span><\/span><span><span><\/span><\/span><span><\/span><\/footer>\n<div class=\"td_block_wrap td_block_related_posts td_uid_5_696de44475a19_rand td_with_ajax_pagination td-pb-border-top td_block_template_1\" data-td-block-uid=\"td_uid_5_696de44475a19\">\n<h4 class=\"td-related-title\"><a id=\"td_uid_6_696de4447bfc5\" class=\"td-related-left td-cur-simple-item\" data-td_filter_value data-td_block_id=\"td_uid_5_696de44475a19\" href=\"https:\/\/subiectivtulcea.ro\/tulcea-de-centenar-dispensar-medical-nou-la-iazurile\/\">ARTICOLE SIMILARE<\/a><a id=\"td_uid_7_696de4447c007\" class=\"td-related-right\" data-td_filter_value=\"td_related_more_from_author\" data-td_block_id=\"td_uid_5_696de44475a19\" href=\"https:\/\/subiectivtulcea.ro\/tulcea-de-centenar-dispensar-medical-nou-la-iazurile\/\">DE LA ACELA\u0218I AUTOR<\/a><\/h4>\n<div id=\"td_uid_5_696de44475a19\" class=\"td_block_inner\">\n<div class=\"td-related-row\">\n<div class=\"td-related-span4\">\n<div class=\"td_module_related_posts td-animation-stack td_mod_related_posts\">\n<div class=\"td-module-image\">\n<div class=\"td-module-thumb\"><a href=\"https:\/\/subiectivtulcea.ro\/ministrul-sanatatii-trebuie-sa-ne-obisnuim-ca-pe-perioada-verii-sa-avem-ca-vecin-virusul\/\" rel=\"bookmark\" title=\"Ministrul San\u0103t\u0103\u021bii: Trebuie s\u0103 ne obi\u015fnuim ca pe perioada verii s\u0103 avem ca vecin virusul\"><img loading=\"lazy\" decoding=\"async\" width=\"238\" height=\"178\" class=\"entry-thumb\" src=\"https:\/\/analyse.optim.biz\/wp-content\/uploads\/2026\/01\/izoleta-coronavirus-238x178-65.jpg\" title=\"Ministrul San\u0103t\u0103\u021bii: Trebuie s\u0103 ne obi\u015fnuim ca pe perioada verii s\u0103 avem ca vecin virusul\"><\/a><\/div>\n<\/div>\n<div class=\"item-details\">\n<h3 class=\"entry-title td-module-title\"><a href=\"https:\/\/subiectivtulcea.ro\/ministrul-sanatatii-trebuie-sa-ne-obisnuim-ca-pe-perioada-verii-sa-avem-ca-vecin-virusul\/\" rel=\"bookmark\" title=\"Ministrul San\u0103t\u0103\u021bii: Trebuie s\u0103 ne obi\u015fnuim ca pe perioada verii s\u0103 avem ca vecin virusul\">Ministrul San\u0103t\u0103\u021bii: Trebuie s\u0103 ne obi\u015fnuim ca pe perioada verii s\u0103 avem ca vecin virusul<\/a><\/h3>\n<\/div>\n<\/div>\n<\/div>\n<div class=\"td-related-span4\">\n<div class=\"td_module_related_posts td-animation-stack td_mod_related_posts\">\n<div class=\"td-module-image\">\n<div class=\"td-module-thumb\"><a href=\"https:\/\/subiectivtulcea.ro\/lucrarile-la-podul-peste-dunare-intarziate-din-cauza-procedurii-exproprierilor\/\" rel=\"bookmark\" title=\"Lucr\u0103rile la Podul peste Dun\u0103re, \u00eent\u00e2rziate din cauza procedurii exproprierilor\"><img loading=\"lazy\" decoding=\"async\" width=\"238\" height=\"178\" class=\"entry-thumb\" src=\"https:\/\/analyse.optim.biz\/wp-content\/uploads\/2026\/01\/pod-dunare-238x178-1-61.jpg\" title=\"Lucr\u0103rile la Podul peste Dun\u0103re, \u00eent\u00e2rziate din cauza procedurii exproprierilor\"><\/a><\/div>\n<\/div>\n<div class=\"item-details\">\n<h3 class=\"entry-title td-module-title\"><a href=\"https:\/\/subiectivtulcea.ro\/lucrarile-la-podul-peste-dunare-intarziate-din-cauza-procedurii-exproprierilor\/\" rel=\"bookmark\" title=\"Lucr\u0103rile la Podul peste Dun\u0103re, \u00eent\u00e2rziate din cauza procedurii exproprierilor\">Lucr\u0103rile la Podul peste Dun\u0103re, \u00eent\u00e2rziate din cauza procedurii exproprierilor<\/a><\/h3>\n<\/div>\n<\/div>\n<\/div>\n<div class=\"td-related-span4\">\n<div class=\"td_module_related_posts td-animation-stack td_mod_related_posts\">\n<div class=\"td-module-image\">\n<div class=\"td-module-thumb\"><a href=\"https:\/\/subiectivtulcea.ro\/tulcea-atentionare-pentru-persoanele-care-doresc-sa-lucreze-in-strainatate\/\" rel=\"bookmark\" title=\"TULCEA Aten\u021bionare pentru persoanele care doresc s\u0103 lucreze \u00een str\u0103in\u0103tate\"><img loading=\"lazy\" decoding=\"async\" width=\"238\" height=\"178\" class=\"entry-thumb\" src=\"https:\/\/analyse.optim.biz\/wp-content\/uploads\/2026\/01\/targ-joburi-238x178-62.jpg\" title=\"TULCEA Aten\u021bionare pentru persoanele care doresc s\u0103 lucreze \u00een str\u0103in\u0103tate\"><\/a><\/div>\n<\/div>\n<div class=\"item-details\">\n<h3 class=\"entry-title td-module-title\"><a href=\"https:\/\/subiectivtulcea.ro\/tulcea-atentionare-pentru-persoanele-care-doresc-sa-lucreze-in-strainatate\/\" rel=\"bookmark\" title=\"TULCEA Aten\u021bionare pentru persoanele care doresc s\u0103 lucreze \u00een str\u0103in\u0103tate\">TULCEA Aten\u021bionare pentru persoanele care doresc s\u0103 lucreze \u00een str\u0103in\u0103tate<\/a><\/h3>\n<\/div>\n<\/div>\n<\/div>\n<\/div>\n<\/div>\n<\/div>\n<div class=\"comments\" id=\"comments\">\n<div id=\"respond\" class=\"comment-respond\">\n<h3 id=\"reply-title\" class=\"comment-reply-title\">L\u0102SA\u021aI UN MESAJ <small><a rel=\"nofollow\" id=\"cancel-comment-reply-link\" href=\"https:\/\/subiectivtulcea.ro\/tulcea-de-centenar-dispensar-medical-nou-la-iazurile\/#respond\">Renun\u021ba\u021bi la r\u0103spuns<\/a><\/small><\/h3>\n<div class=\"comment-form-input-wrap td-form-comment\">\n<div class=\"td-warning-comment\">Please enter your comment!<\/div>\n<\/div>\n<div class=\"comment-form-input-wrap td-form-author\">\n<div class=\"td-warning-author\">Please enter your name here<\/div>\n<\/div>\n<div class=\"comment-form-input-wrap td-form-email\">\n<div class=\"td-warning-email-error\">You have entered an incorrect email address!<\/div>\n<div class=\"td-warning-email\">Please enter your email address here<\/div>\n<\/div>\n<div class=\"gglcptch gglcptch_v2\">\n<div>\n<div>\n<div>\n\t\t\t\t\t\t\t\t\n\t\t\t\t\t\t\t<\/div>\n<\/div>\n<\/div>\n<\/div>\n<\/div>\n<\/div>\n<\/div>\n<\/div>\n<div class=\"td-pb-span4 td-main-sidebar td-pb-border-top\" role=\"complementary\">\n<div class=\"td-ss-main-sidebar\">\n<div class=\"td-a-rec td-a-rec-id-sidebar  td_uid_8_696de4447ed7e_rand td_block_template_1\"><span class=\"td-adspot-title\">&#8211; Advertisement &#8211;<\/span><\/p>\n<div class=\"td-all-devices\"><a href=\"https:\/\/subiectivtulcea.ro\/tulcea-de-centenar-dispensar-medical-nou-la-iazurile\/\"><img decoding=\"async\" src=\"https:\/\/analyse.optim.biz\/wp-content\/uploads\/2026\/01\/vizual-maximia-tv_cartela-vodafone-64.jpg\" title=\"vizual-maximia-tv_cartela-vodafone-64\"><\/a><\/div>\n<\/div>\n<div class=\"td_block_wrap td_block_9 td_block_widget td_uid_9_696de4447ef81_rand td_with_ajax_pagination td-pb-border-top td_block_template_1\" data-td-block-uid=\"td_uid_9_696de4447ef81\">\n<h4 class=\"block-title\"><span class=\"td-pulldown-size\">CITESTE SI &#8230;<\/span><\/h4>\n<div id=\"td_uid_9_696de4447ef81\" class=\"td_block_inner\">\n<div class=\"td-block-span12\">\n<div class=\"td_module_8 td_module_wrap\">\n<div class=\"item-details\">\n<h3 class=\"entry-title td-module-title\"><a href=\"https:\/\/subiectivtulcea.ro\/ambarcatiune-ramasa-fara-combustibil-salvata-de-garda-de-coasta\/\" rel=\"bookmark\" title=\"Ambarca\u021biune r\u0103mas\u0103 f\u0103r\u0103 combustibil, salvat\u0103 de Garda de Coast\u0103\">Ambarca\u021biune r\u0103mas\u0103 f\u0103r\u0103 combustibil, salvat\u0103 de Garda de Coast\u0103<\/a><\/h3>\n<div class=\"meta-info\"><span class=\"td-post-author-name\"><a href=\"https:\/\/subiectivtulcea.ro\/author\/sorin\/\">Stefan Vasilescu<\/a><span>&#8211;<\/span><\/span><span class=\"td-post-date\"><time class=\"entry-date updated td-module-date\" datetime=\"2019-08-19T07:17:16+00:00\">august 19, 2019<\/time><\/span><\/div>\n<\/div>\n<\/div>\n<\/div>\n<div class=\"td-block-span12\">\n<div class=\"td_module_8 td_module_wrap\">\n<div class=\"item-details\">\n<h3 class=\"entry-title td-module-title\"><a href=\"https:\/\/subiectivtulcea.ro\/tulcea-sarbatoarea-comunei-cerna-deschide-sezonul-turistic-in-muntii-macinului\/\" rel=\"bookmark\" title=\"Tulcea: S\u0103rb\u0103toarea comunei Cerna deschide sezonul turistic \u00een Mun\u0163ii M\u0103cinului\">Tulcea: S\u0103rb\u0103toarea comunei Cerna deschide sezonul turistic \u00een Mun\u0163ii M\u0103cinului<\/a><\/h3>\n<div class=\"meta-info\"><span class=\"td-post-author-name\"><a href=\"https:\/\/subiectivtulcea.ro\/author\/sorin\/\">Stefan Vasilescu<\/a><span>&#8211;<\/span><\/span><span class=\"td-post-date\"><time class=\"entry-date updated td-module-date\" datetime=\"2019-05-20T08:22:30+00:00\">mai 20, 2019<\/time><\/span><\/div>\n<\/div>\n<\/div>\n<\/div>\n<div class=\"td-block-span12\">\n<div class=\"td_module_8 td_module_wrap\">\n<div class=\"item-details\">\n<h3 class=\"entry-title td-module-title\"><a href=\"https:\/\/subiectivtulcea.ro\/lucrarile-la-podul-peste-dunare-ar-putea-incepe-anul-viitor-de-ce-a-intarziat-proiectul\/\" rel=\"bookmark\" title=\"Lucr\u0103rile la podul peste Dun\u0103re ar putea \u00eencepe anul viitor. De ce a \u00eent\u00e2rziat proiectul\">Lucr\u0103rile la podul peste Dun\u0103re ar putea \u00eencepe anul viitor. De ce a \u00eent\u00e2rziat&#8230;<\/a><\/h3>\n<div class=\"meta-info\"><span class=\"td-post-author-name\"><a href=\"https:\/\/subiectivtulcea.ro\/author\/sorin\/\">Stefan Vasilescu<\/a><span>&#8211;<\/span><\/span><span class=\"td-post-date\"><time class=\"entry-date updated td-module-date\" datetime=\"2018-12-05T07:50:41+00:00\">decembrie 5, 2018<\/time><\/span><\/div>\n<\/div>\n<\/div>\n<\/div>\n<div class=\"td-block-span12\">\n<div class=\"td_module_8 td_module_wrap\">\n<div class=\"item-details\">\n<h3 class=\"entry-title td-module-title\"><a href=\"https:\/\/subiectivtulcea.ro\/catalogarea-deltei-dunarii-ca-zona-periferica-europeana-pe-lista-de-prioritati-a-crpm\/\" rel=\"bookmark\" title=\"Catalogarea Deltei Dun\u0103rii ca zon\u0103 periferic\u0103 european\u0103, pe lista de priorit\u0103\u021bi a CRPM\">Catalogarea Deltei Dun\u0103rii ca zon\u0103 periferic\u0103 european\u0103, pe lista de priorit\u0103\u021bi a CRPM<\/a><\/h3>\n<div class=\"meta-info\"><span class=\"td-post-author-name\"><a href=\"https:\/\/subiectivtulcea.ro\/author\/sorin\/\">Stefan Vasilescu<\/a><span>&#8211;<\/span><\/span><span class=\"td-post-date\"><time class=\"entry-date updated td-module-date\" datetime=\"2018-06-11T04:05:18+00:00\">iunie 11, 2018<\/time><\/span><\/div>\n<\/div>\n<\/div>\n<\/div>\n<div class=\"td-block-span12\">\n<div class=\"td_module_8 td_module_wrap\">\n<div class=\"item-details\">\n<h3 class=\"entry-title td-module-title\"><a href=\"https:\/\/subiectivtulcea.ro\/pesta-porcina-africana-evolueaza-in-25-de-judete-in-peste-1-100-de-focare\/\" rel=\"bookmark\" title=\"Pesta porcin\u0103 african\u0103 evolueaz\u0103 \u00een 25 de jude\u0163e, \u00een peste 1.100 de focare\">Pesta porcin\u0103 african\u0103 evolueaz\u0103 \u00een 25 de jude\u0163e, \u00een peste 1.100 de focare<\/a><\/h3>\n<div class=\"meta-info\"><span class=\"td-post-author-name\"><a href=\"https:\/\/subiectivtulcea.ro\/author\/sorin\/\">Stefan Vasilescu<\/a><span>&#8211;<\/span><\/span><span class=\"td-post-date\"><time class=\"entry-date updated td-module-date\" datetime=\"2019-09-04T15:00:56+00:00\">septembrie 4, 2019<\/time><\/span><\/div>\n<\/div>\n<\/div>\n<\/div>\n<\/div>\n<\/div>\n<\/div>\n<\/div>\n<\/div>\n<\/article>\n<p> Source URL: https:\/\/subiectivtulcea.ro\/tulcea-de-centenar-dispensar-medical-nou-la-iazurile\/<\/p>\n","protected":false},"excerpt":{"rendered":"<p>Acas\u0103Ultimele \u0218tiriTulcea: De Centenar, dispensar medical nou la Iazurile Ultimele \u0218tiri Tulcea: De Centenar, dispensar medical nou la Iazurile De c\u0103tre Stefan Vasilescu &#8211; decembrie 3, 2018 1443 0 DISTRIBUI\u021aI Facebook Twitter Cu ocazia Centenarului, \u00een satul Iazurile (comuna Valea Nucarilor) a fost inaugurat\u0103, duminic\u0103, noua cl\u0103dire ce ad\u0103poste\u015fte Dispensarul medical comunal, informeaz\u0103 Consiliul Jude\u021bean [&hellip;]<\/p>\n","protected":false},"author":1,"featured_media":1293920,"comment_status":"open","ping_status":"","sticky":false,"template":"","format":"standard","meta":{"footnotes":""},"categories":[89],"tags":[222],"class_list":["post-1293918","post","type-post","status-publish","format-standard","has-post-thumbnail","hentry","category-romania","tag-subiectivtulcea-ro"],"_links":{"self":[{"href":"https:\/\/analyse.optim.biz\/index.php?rest_route=\/wp\/v2\/posts\/1293918","targetHints":{"allow":["GET"]}}],"collection":[{"href":"https:\/\/analyse.optim.biz\/index.php?rest_route=\/wp\/v2\/posts"}],"about":[{"href":"https:\/\/analyse.optim.biz\/index.php?rest_route=\/wp\/v2\/types\/post"}],"author":[{"embeddable":true,"href":"https:\/\/analyse.optim.biz\/index.php?rest_route=\/wp\/v2\/users\/1"}],"replies":[{"embeddable":true,"href":"https:\/\/analyse.optim.biz\/index.php?rest_route=%2Fwp%2Fv2%2Fcomments&post=1293918"}],"version-history":[{"count":0,"href":"https:\/\/analyse.optim.biz\/index.php?rest_route=\/wp\/v2\/posts\/1293918\/revisions"}],"wp:featuredmedia":[{"embeddable":true,"href":"https:\/\/analyse.optim.biz\/index.php?rest_route=\/wp\/v2\/media\/1293920"}],"wp:attachment":[{"href":"https:\/\/analyse.optim.biz\/index.php?rest_route=%2Fwp%2Fv2%2Fmedia&parent=1293918"}],"wp:term":[{"taxonomy":"category","embeddable":true,"href":"https:\/\/analyse.optim.biz\/index.php?rest_route=%2Fwp%2Fv2%2Fcategories&post=1293918"},{"taxonomy":"post_tag","embeddable":true,"href":"https:\/\/analyse.optim.biz\/index.php?rest_route=%2Fwp%2Fv2%2Ftags&post=1293918"}],"curies":[{"name":"wp","href":"https:\/\/api.w.org\/{rel}","templated":true}]}}