{"id":1290594,"date":"2025-12-26T00:00:00","date_gmt":"2025-12-25T21:00:00","guid":{"rendered":"https:\/\/analyse.optim.biz\/?p=1290594"},"modified":"2025-12-26T00:00:00","modified_gmt":"2025-12-25T21:00:00","slug":"scandal-de-la-mostenire-de-craciun-neamurile-s-au-luat-la-bataie-si-a-intervenit-politia","status":"publish","type":"post","link":"https:\/\/analyse.optim.biz\/?p=1290594","title":{"rendered":"Scandal de la mo\u0219tenire, de Cr\u0103ciun. Neamurile s-au luat la b\u0103taie \u0219i a intervenit poli\u021bia"},"content":{"rendered":"<div class=\"entry-content\">\n<p><a href=\"https:\/\/analyse.optim.biz\/wp-content\/uploads\/2026\/01\/masa-craciun.jpg\"><img decoding=\"async\" loading=\"lazy\" class=\"alignright size-full wp-image-714757\" src=\"https:\/\/analyse.optim.biz\/wp-content\/uploads\/2026\/01\/masa-craciun.jpg\" width=\"300\" height=\"168\" title=\"masa-craciun\"><\/a>S-a l\u0103sat cu scandal de la mo\u0219tenire chiar \u00een Ajun de Cr\u0103ciun \u00eentr-o localitate din jude\u021bul Suceava. \u00cen seara de Ajun, neamurile s-au luat la b\u0103taie \u0219i au fost chema\u021bi poli\u021bi\u0219tii. S-a \u00eent\u00e2mplat \u00een comuna sucevean\u0103 For\u0103\u0219ti.<\/p>\n<p>O femeie a cerut ajutor la 112. Poli\u021bi\u0219tii au\u00a0 g\u0103sit-o\u00a0\u00een stare de ebrietate. Ea a m\u0103rturisit c\u0103 \u00een timp ce se afla la domiciliul comun \u00eempreun\u0103 cu concubinul s\u0103u, \u0219i fratele acestuia, pe fondul unui conflict spontan legat de dezbaterea mo\u0219tenirii familiei, a fost lovit\u0103 de c\u0103tre acesta din urm\u0103 cu palma \u00een zona fe\u021bei.<\/p>\n<p>Ea nu a avut nevoie de \u00eengrijri medicale \u0219i nici nu a vrut s\u0103 fac\u0103 pl\u00e2ngere. Mai mult, s-a opus categoric emiterii unui ordin de protec\u021bie provizoriu \u00eempotriva agresorului.<\/p>\n<p><a href=\"https:\/\/news.google.com\/publications\/CAAqBwgKMMy4pgswtMO-Aw?ceid=RO:ro&amp;oc=3\" target=\"_blank\" rel=\"noopener\" data-saferedirecturl=\"https:\/\/www.google.com\/url?q=https:\/\/news.google.com\/publications\/CAAqBwgKMMy4pgswtMO-Aw?ceid%3DRO:ro%26oc%3D3&amp;source=gmail&amp;ust=1766559578844000&amp;usg=AOvVaw3TM7GGWE5efu3x9btKHEhM\">Urmareste-ne pe Google News<\/a><\/p>\n<p>\u00a0<\/p>\n<\/div>\n","protected":false},"excerpt":{"rendered":"<p>S-a l\u0103sat cu scandal de la mo\u0219tenire chiar \u00een Ajun de Cr\u0103ciun \u00eentr-o localitate din jude\u021bul Suceava. \u00cen seara de Ajun, neamurile s-au luat la b\u0103taie \u0219i au fost chema\u021bi poli\u021bi\u0219tii. S-a \u00eent\u00e2mplat \u00een comuna sucevean\u0103 For\u0103\u0219ti. O femeie a cerut ajutor la 112. Poli\u021bi\u0219tii au\u00a0 g\u0103sit-o\u00a0\u00een stare de ebrietate. Ea a m\u0103rturisit c\u0103 \u00een [&hellip;]<\/p>\n","protected":false},"author":1,"featured_media":1290596,"comment_status":"open","ping_status":"","sticky":false,"template":"","format":"standard","meta":{"footnotes":""},"categories":[89],"tags":[174],"class_list":["post-1290594","post","type-post","status-publish","format-standard","has-post-thumbnail","hentry","category-romania","tag-suceavanews-ro"],"_links":{"self":[{"href":"https:\/\/analyse.optim.biz\/index.php?rest_route=\/wp\/v2\/posts\/1290594","targetHints":{"allow":["GET"]}}],"collection":[{"href":"https:\/\/analyse.optim.biz\/index.php?rest_route=\/wp\/v2\/posts"}],"about":[{"href":"https:\/\/analyse.optim.biz\/index.php?rest_route=\/wp\/v2\/types\/post"}],"author":[{"embeddable":true,"href":"https:\/\/analyse.optim.biz\/index.php?rest_route=\/wp\/v2\/users\/1"}],"replies":[{"embeddable":true,"href":"https:\/\/analyse.optim.biz\/index.php?rest_route=%2Fwp%2Fv2%2Fcomments&post=1290594"}],"version-history":[{"count":0,"href":"https:\/\/analyse.optim.biz\/index.php?rest_route=\/wp\/v2\/posts\/1290594\/revisions"}],"wp:featuredmedia":[{"embeddable":true,"href":"https:\/\/analyse.optim.biz\/index.php?rest_route=\/wp\/v2\/media\/1290596"}],"wp:attachment":[{"href":"https:\/\/analyse.optim.biz\/index.php?rest_route=%2Fwp%2Fv2%2Fmedia&parent=1290594"}],"wp:term":[{"taxonomy":"category","embeddable":true,"href":"https:\/\/analyse.optim.biz\/index.php?rest_route=%2Fwp%2Fv2%2Fcategories&post=1290594"},{"taxonomy":"post_tag","embeddable":true,"href":"https:\/\/analyse.optim.biz\/index.php?rest_route=%2Fwp%2Fv2%2Ftags&post=1290594"}],"curies":[{"name":"wp","href":"https:\/\/api.w.org\/{rel}","templated":true}]}}