{"id":1290577,"date":"2025-12-28T00:00:00","date_gmt":"2025-12-27T21:00:00","guid":{"rendered":"https:\/\/analyse.optim.biz\/?p=1290577"},"modified":"2025-12-28T00:00:00","modified_gmt":"2025-12-27T21:00:00","slug":"suceava-sub-alerta-cod-portocaliu-pana-luni-avertismentul-meteorologilor","status":"publish","type":"post","link":"https:\/\/analyse.optim.biz\/?p=1290577","title":{"rendered":"Suceava, sub alert\u0103 Cod Portocaliu p\u00e2n\u0103 luni. Avertismentul meteorologilor"},"content":{"rendered":"<div class=\"entry-content\">\n<p align=\"center\"><span lang=\"RO\"><a href=\"https:\/\/www.botosaninews.ro\/wp-content\/uploads\/2025\/12\/alerta-cod-portocaliu.jpg\"><img decoding=\"async\" loading=\"lazy\" class=\"alignright size-medium wp-image-714996\" src=\"https:\/\/analyse.optim.biz\/wp-content\/uploads\/2026\/01\/alerta-cod-portocaliu-300x216-1.jpg\" width=\"300\" height=\"216\" title=\"alerta-cod-portocaliu-300x216-1\"><\/a>Jude\u021bul Suceava se afl\u0103, de duminic\u0103, sub alert\u0103 Cod Portocaliu. Meteorologii au emis o aten\u021bionare \u00een intervalul de valabilitate: 28 decembrie, ora 10 \u2013 29 decembrie, ora 02. <\/span><\/p>\n<p align=\"center\">Pe parcursul zilei de duminic\u0103 \u0219i \u00een prima parte a nop\u021bii de duminic\u0103 spre luni, \u00een cea mai mare parte a Moldovei \u0219i local \u00een Transilvania v\u00e2ntul va sufla tare cu rafale de 70\u202690 km\/h, va ninge viscolit, iar<a href=\"https:\/\/www.botosaninews.ro\/714930\/social\/maria-tanara-din-botosani-moarta-in-accident-urma-sa-se-casatoreasca-anul-viitor-este-mare-nenorocire\/\"> vizibilitatea<\/a> va fi foarte redus\u0103.<\/p>\n<p align=\"center\">\u00cen Carpa\u021bii Meridionali la altitudini de p\u00e2n\u0103 la 1700 m, precum \u0219i \u00een nordul \u0219i centrul Carpa\u021bilor Orientali, la altitudini \u00een general de peste 1700 m, va fi viscol puternic \u0219i vizibilitate foarte redus\u0103, iar v\u00e2ntul va avea viteze de 90\u2026100 km\/h.<\/p>\n<p><a href=\"https:\/\/news.google.com\/publications\/CAAqBwgKMMy4pgswtMO-Aw?ceid=RO:ro&amp;oc=3\" target=\"_blank\" rel=\"noopener\" data-saferedirecturl=\"https:\/\/www.google.com\/url?q=https:\/\/news.google.com\/publications\/CAAqBwgKMMy4pgswtMO-Aw?ceid%3DRO:ro%26oc%3D3&amp;source=gmail&amp;ust=1766863871555000&amp;usg=AOvVaw0hN1-wcqk5NMOxdowmTHPZ\">Urmareste-ne pe Google News<\/a><\/p>\n<\/div>\n","protected":false},"excerpt":{"rendered":"<p>Jude\u021bul Suceava se afl\u0103, de duminic\u0103, sub alert\u0103 Cod Portocaliu. Meteorologii au emis o aten\u021bionare \u00een intervalul de valabilitate: 28 decembrie, ora 10 \u2013 29 decembrie, ora 02. Pe parcursul zilei de duminic\u0103 \u0219i \u00een prima parte a nop\u021bii de duminic\u0103 spre luni, \u00een cea mai mare parte a Moldovei \u0219i local \u00een Transilvania v\u00e2ntul [&hellip;]<\/p>\n","protected":false},"author":1,"featured_media":1290578,"comment_status":"open","ping_status":"","sticky":false,"template":"","format":"standard","meta":{"footnotes":""},"categories":[89],"tags":[174],"class_list":["post-1290577","post","type-post","status-publish","format-standard","has-post-thumbnail","hentry","category-romania","tag-suceavanews-ro"],"_links":{"self":[{"href":"https:\/\/analyse.optim.biz\/index.php?rest_route=\/wp\/v2\/posts\/1290577","targetHints":{"allow":["GET"]}}],"collection":[{"href":"https:\/\/analyse.optim.biz\/index.php?rest_route=\/wp\/v2\/posts"}],"about":[{"href":"https:\/\/analyse.optim.biz\/index.php?rest_route=\/wp\/v2\/types\/post"}],"author":[{"embeddable":true,"href":"https:\/\/analyse.optim.biz\/index.php?rest_route=\/wp\/v2\/users\/1"}],"replies":[{"embeddable":true,"href":"https:\/\/analyse.optim.biz\/index.php?rest_route=%2Fwp%2Fv2%2Fcomments&post=1290577"}],"version-history":[{"count":0,"href":"https:\/\/analyse.optim.biz\/index.php?rest_route=\/wp\/v2\/posts\/1290577\/revisions"}],"wp:featuredmedia":[{"embeddable":true,"href":"https:\/\/analyse.optim.biz\/index.php?rest_route=\/wp\/v2\/media\/1290578"}],"wp:attachment":[{"href":"https:\/\/analyse.optim.biz\/index.php?rest_route=%2Fwp%2Fv2%2Fmedia&parent=1290577"}],"wp:term":[{"taxonomy":"category","embeddable":true,"href":"https:\/\/analyse.optim.biz\/index.php?rest_route=%2Fwp%2Fv2%2Fcategories&post=1290577"},{"taxonomy":"post_tag","embeddable":true,"href":"https:\/\/analyse.optim.biz\/index.php?rest_route=%2Fwp%2Fv2%2Ftags&post=1290577"}],"curies":[{"name":"wp","href":"https:\/\/api.w.org\/{rel}","templated":true}]}}