{"id":1290564,"date":"2026-01-01T00:00:00","date_gmt":"2025-12-31T21:00:00","guid":{"rendered":"https:\/\/analyse.optim.biz\/?p=1290564"},"modified":"2026-01-01T00:00:00","modified_gmt":"2025-12-31T21:00:00","slug":"luna-decembrie-la-maternitatea-arcadia-bucuria-primei-imbratisari","status":"publish","type":"post","link":"https:\/\/analyse.optim.biz\/?p=1290564","title":{"rendered":"Luna decembrie la Maternitatea Arcadia: bucuria primei \u00eembr\u0103\u021bi\u0219\u0103ri"},"content":{"rendered":"<div class=\"entry-content\">\n<p><a href=\"https:\/\/www.botosaninews.ro\/wp-content\/uploads\/2026\/01\/luna-decembrie-la-maternitatea-arcadia_publicatii.png\"><img decoding=\"async\" loading=\"lazy\" class=\"alignright size-medium wp-image-715521\" src=\"https:\/\/analyse.optim.biz\/wp-content\/uploads\/2026\/01\/luna-decembrie-la-maternitatea-arcadia_publicatii-300x197-1.png\" width=\"300\" height=\"197\" title=\"luna-decembrie-la-maternitatea-arcadia_publicatii-300x197-1\"><\/a>La Maternitatea Arcadia, cea mai mare maternitate privat\u0103 din regiunea de Nord-Est, \u00een luna decembrie emo\u021bia s\u0103rb\u0103torilor s-a \u00eempletit cu bucuria unui nou \u00eenceput. \u00cen ultima lun\u0103 a anului 2025, multe clipe pline de bucurie \u0219i emo\u021bie, tr\u0103ite \u00een siguran\u021b\u0103 la Maternitatea Arcadia, au transformat finalul de an \u00eentr-o adev\u0103rat\u0103 celebrare a vie\u021bii.<\/p>\n<p>Nou\u0103 luni de a\u0219teptare, emo\u021bii, vise \u0219i speran\u021be \u2013 toate se adun\u0103 \u00eentr-o singur\u0103 clip\u0103 care schimb\u0103 totul: momentul \u00een care p\u0103rin\u021bii \u00ee\u0219i v\u0103d pentru prima dat\u0103 bebelu\u0219ul.<\/p>\n<p><strong>O poveste de decembrie: venirea pe lume a Irinei<\/strong><\/p>\n<p>Pentru Gabriela \u0219i Vlad, Maternitatea Arcadia a fost o alegere fireasc\u0103: aici s-au n\u0103scut primii doi copii ai lor, doi b\u0103ie\u021bei care au adus energie \u0219i culoare \u00een via\u021ba p\u0103rin\u021bilor. Luna decembrie a acestui an a venit cu o nou\u0103 emo\u021bie: na\u0219terea unei feti\u021be, Irina, care a completat armonios povestea lor.<\/p>\n<p>\u201eAm revenit la Maternitatea Arcadia cu \u00eencredere deplin\u0103. \u0218tiam echipa, condi\u021biile \u0219i aten\u021bia acordat\u0103 fiec\u0103rei m\u0103mici. Emo\u021bia a fost cu at\u00e2t mai mare cu c\u00e2t \u0219tiam c\u0103, dup\u0103 doi b\u0103ie\u021bi, urmeaz\u0103 s\u0103 ne cunoa\u0219tem feti\u021ba. Na\u0219terea Irinei a fost o experien\u021b\u0103 foarte lini\u0219tit\u0103 pentru mine\u201d, a povestit Gabriela.<\/p>\n<p>Sarcina a decurs bine, iar apropierea s\u0103rb\u0103torilor a f\u0103cut ca emo\u021biile s\u0103 fie \u0219i mai intense. Momentul primei \u00eent\u00e2lniri cu bebelu\u0219ul a fost tr\u0103it cu lacrimi de bucurie \u0219i recuno\u0219tin\u021b\u0103, \u00eentr-un cadru calm \u0219i sigur, al\u0103turi de echipa medical\u0103. Emo\u021biile au fost cople\u0219itoare, iar p\u0103rin\u021bii au descris momentul ca fiind \u201e\u00eemplinirea unui vis\u201d.<\/p>\n<p>\u201eA fost un vis spus \u00een \u0219oapt\u0103, care s-a \u00eemplinit \u00eentr-o zi de decembrie. Prima clip\u0103 \u00een care am \u021binut-o \u00een bra\u021be pe Irina m-a cople\u0219it. A fost o emo\u021bie \u0219i o bucurie pe care nu o mai tr\u0103isem p\u00e2n\u0103 atunci\u201d, a ad\u0103ugat Gabriela.<\/p>\n<p><strong>Bebe, mami \u0219i tati: \u00eempreun\u0103, din primele clipe<\/strong><\/p>\n<p>Primele zile dup\u0103 na\u0219tere au fost tr\u0103ite \u00een lini\u0219te \u0219i apropiere, \u00eentr-un spa\u021biu care a permis familiei s\u0103 fie \u00eempreun\u0103. La Maternitatea Arcadia, Vlad a avut posibilitatea de a sta \u00een rezerv\u0103 al\u0103turi de Gabriela \u0219i fiica lor, Irina, \u00eenc\u0103 din primele ore.<\/p>\n<p>\u201eFaptul c\u0103 am putut fi \u00eempreun\u0103 \u00eenc\u0103 de la \u00eenceput a contat enorm pentru noi. S\u0103 \u00eemi \u021bin feti\u021ba \u00een bra\u021be \u00eenc\u0103 din primele clipe \u0219i s\u0103 fiu al\u0103turi de so\u021bia mea a fost cea mai mare bucurie. Aceste momente vor r\u0103m\u00e2ne printre cele mai pre\u021bioase amintiri ale noastre\u201d, a men\u021bionat Vlad, tat\u0103l Irinei.<\/p>\n<p>Prezen\u021ba lui Vlad \u00een rezerv\u0103 a f\u0103cut ca primele ore ale bebelu\u0219ului s\u0103 fie pline de armonie \u0219i lini\u0219te \u2013 exact \u00eenceputul de care orice familie are nevoie.<\/p>\n<p><strong>Maternitatea Arcadia: de la prima ecografie, la prima \u00eembr\u0103\u021bi\u0219are <\/strong><\/p>\n<p>La Maternitatea Arcadia, fiecare poveste \u00eencepe cu o \u00eembr\u0103\u021bi\u0219are, un z\u00e2mbet \u0219i promisiunea unui viitor plin de iubire.<\/p>\n<p><a href=\"http:\/\/www.arcadiamami.ro\/\"><strong>Maternitatea Arcadia<\/strong><\/a>, Spital Prieten al Mamei \u0219i Copilului, este al\u0103turi de viitoarele m\u0103mici de la prima ecografie \u0219i p\u00e2n\u0103 \u00een momentul na\u0219terii, cu o echip\u0103 multidisciplinar\u0103 de speciali\u0219ti, aparatur\u0103 performant\u0103, s\u0103li de na\u0219tere moderne, grij\u0103 \u0219i respect pentru noua familie \u0219i <a href=\"https:\/\/www.arcadiamedical.ro\/medinfo\/pachetele-de-urmarire-a-sarcinii-la-maternitatea-arcadia\">pachete de servicii medicale<\/a> atent g\u00e2ndite. Maternitatea Arcadia sus\u021bine \u0219i <a href=\"https:\/\/arcadiamami.ro\/dupa-nastere\/arcadia-sustine-alaptarea\">promoveaz\u0103 al\u0103ptarea<\/a> \u0219i ofer\u0103 servicii de spitalizare premium, \u00een rezerve cu rooming-in (mama \u0219i copilul).<\/p>\n<p><strong>S\u0103rb\u0103torim \u00eempreun\u0103 fiecare \u00eenceput de drum! Cre\u0103m experien\u021be \u0219i amintiri pl\u0103cute!<\/strong><\/p>\n<p><a href=\"http:\/\/www.arcadiamami.ro\"><strong>www.arcadiamami.ro<\/strong><\/a><\/p>\n<\/div>\n","protected":false},"excerpt":{"rendered":"<p>La Maternitatea Arcadia, cea mai mare maternitate privat\u0103 din regiunea de Nord-Est, \u00een luna decembrie emo\u021bia s\u0103rb\u0103torilor s-a \u00eempletit cu bucuria unui nou \u00eenceput. \u00cen ultima lun\u0103 a anului 2025, multe clipe pline de bucurie \u0219i emo\u021bie, tr\u0103ite \u00een siguran\u021b\u0103 la Maternitatea Arcadia, au transformat finalul de an \u00eentr-o adev\u0103rat\u0103 celebrare a vie\u021bii. Nou\u0103 luni [&hellip;]<\/p>\n","protected":false},"author":1,"featured_media":1290566,"comment_status":"open","ping_status":"","sticky":false,"template":"","format":"standard","meta":{"footnotes":""},"categories":[89],"tags":[174],"class_list":["post-1290564","post","type-post","status-publish","format-standard","has-post-thumbnail","hentry","category-romania","tag-suceavanews-ro"],"_links":{"self":[{"href":"https:\/\/analyse.optim.biz\/index.php?rest_route=\/wp\/v2\/posts\/1290564","targetHints":{"allow":["GET"]}}],"collection":[{"href":"https:\/\/analyse.optim.biz\/index.php?rest_route=\/wp\/v2\/posts"}],"about":[{"href":"https:\/\/analyse.optim.biz\/index.php?rest_route=\/wp\/v2\/types\/post"}],"author":[{"embeddable":true,"href":"https:\/\/analyse.optim.biz\/index.php?rest_route=\/wp\/v2\/users\/1"}],"replies":[{"embeddable":true,"href":"https:\/\/analyse.optim.biz\/index.php?rest_route=%2Fwp%2Fv2%2Fcomments&post=1290564"}],"version-history":[{"count":0,"href":"https:\/\/analyse.optim.biz\/index.php?rest_route=\/wp\/v2\/posts\/1290564\/revisions"}],"wp:featuredmedia":[{"embeddable":true,"href":"https:\/\/analyse.optim.biz\/index.php?rest_route=\/wp\/v2\/media\/1290566"}],"wp:attachment":[{"href":"https:\/\/analyse.optim.biz\/index.php?rest_route=%2Fwp%2Fv2%2Fmedia&parent=1290564"}],"wp:term":[{"taxonomy":"category","embeddable":true,"href":"https:\/\/analyse.optim.biz\/index.php?rest_route=%2Fwp%2Fv2%2Fcategories&post=1290564"},{"taxonomy":"post_tag","embeddable":true,"href":"https:\/\/analyse.optim.biz\/index.php?rest_route=%2Fwp%2Fv2%2Ftags&post=1290564"}],"curies":[{"name":"wp","href":"https:\/\/api.w.org\/{rel}","templated":true}]}}