{"id":1290552,"date":"2026-01-06T00:00:00","date_gmt":"2026-01-05T21:00:00","guid":{"rendered":"https:\/\/analyse.optim.biz\/?p=1290552"},"modified":"2026-01-06T00:00:00","modified_gmt":"2026-01-05T21:00:00","slug":"descoperire-socanta-pentru-un-barbat-a-mers-sa-si-viziteze-bunicii-dupa-sarbatori-si-i-a-gasit-morti","status":"publish","type":"post","link":"https:\/\/analyse.optim.biz\/?p=1290552","title":{"rendered":"Descoperire \u0219ocant\u0103 pentru un b\u0103rbat! A mers s\u0103-\u0219i viziteze bunicii dup\u0103 s\u0103rb\u0103tori \u0219i i-a g\u0103sit mor\u021bi"},"content":{"rendered":"<div class=\"entry-content\">\n<div>\n<p data-hveid=\"CAEIAhAA\" data-processed=\"true\" data-complete=\"true\"><a href=\"https:\/\/www.botosaninews.ro\/wp-content\/uploads\/2024\/01\/mort-moarta-in-zapada-stiri-botosani.jpg\"><img decoding=\"async\" loading=\"lazy\" class=\"alignright size-medium wp-image-607755\" src=\"https:\/\/analyse.optim.biz\/wp-content\/uploads\/2026\/01\/mort-moarta-in-zapada-stiri-botosani-300x166-1.jpg\" width=\"300\" height=\"166\" title=\"mort-moarta-in-zapada-stiri-botosani-300x166-1\"><\/a>O vizit\u0103 ce trebuia s\u0103 fie un moment de revedere dup\u0103 s\u0103rb\u0103tori s-a transformat \u00eentr-o descoperire macabr\u0103 pentru un b\u0103rbat din Vatra Dornei. \u00cengrijorat de faptul c\u0103 bunicii s\u0103i nu mai r\u0103spundeau la telefon de aproximativ o s\u0103pt\u0103m\u00e2n\u0103, acesta s-a deplasat la locuin\u021ba acestora, unde a fost martorul unei scene sf\u00e2\u0219ietoare.<\/p>\n<p data-hveid=\"CAEIBBAA\" data-processed=\"true\" data-complete=\"true\">Ajuns la fa\u021ba locului, nepotul l-a g\u0103sit mai \u00eent\u00e2i pe bunicul s\u0103u, Petru, \u00een v\u00e2rst\u0103 de 84 de ani. Acesta z\u0103cea f\u0103r\u0103 suflare, c\u0103zut cu fa\u021ba \u00een jos \u00een fa\u021ba \u0219urii din curte. C\u0103ut\u0103rile au continuat \u00een interiorul gospod\u0103riei, unde a fost descoperit\u0103 \u0219i Ileana, de 78 de ani. Femeia se afla \u00een baia unei buc\u0103t\u0103rii de var\u0103, de asemenea f\u0103r\u0103 semne vitale. Asupra ei a fost g\u0103sit\u0103 o sum\u0103 de bani, fapt ce \u00eent\u0103re\u0219te ipoteza c\u0103 cei doi nu au fost victimele unei infrac\u021biuni cu scop de jaf.<\/p>\n<p data-hveid=\"CAEIBRAA\" data-complete=\"true\" data-processed=\"true\">Echipajul de la Serviciul Jude\u021bean de Ambulan\u021b\u0103 Suceava, substa\u021bia Vatra Dornei, sosit de urgen\u021b\u0103, nu a putut dec\u00e2t s\u0103 constate decesul celor doi so\u021bi. Primele examin\u0103ri au confirmat absen\u021ba urmelor de violen\u021b\u0103 pe trupurile b\u0103tr\u00e2nilor.<\/p>\n<p data-hveid=\"CAEIBxAA\" data-processed=\"true\" data-complete=\"true\">Ace\u0219tia nu au mai fost v\u0103zu\u021bi de pe 31 decembrie.\u00a0 Petru, care suferea de afec\u021biuni grave \u0219i trecuse recent printr-un accident vascular cerebral (AVC), s-ar fi pr\u0103bu\u0219it \u00een curte dup\u0103 ce i s-a f\u0103cut r\u0103u subit. Se pare c\u0103 so\u021bia sa, Ileana, a \u00eencercat din r\u0103sputeri s\u0103 \u00eei transporte trupul \u00een cas\u0103. Din nefericire, efortul fizic extrem, suprapus peste propriile probleme medicale, i-a fost fatal femeii, aceasta suferind un infarct miocardic.<\/p>\n<p data-hveid=\"CAEIChAA\" data-processed=\"true\" data-complete=\"true\">Recuperarea cadavrelor a reprezentat o provocare major\u0103 pentru autorit\u0103\u021bi. Din cauza terenului accidentat \u0219i a condi\u021biilor meteo nefavorabile, caracterizate prin viscol \u0219i z\u0103pad\u0103 abundent\u0103, a fost necesar sprijinul salvatorilor de la\u00a0Salvamont Vatra Dornei. Ace\u0219tia au intervenit pentru a transporta trupurile ne\u00eensufle\u021bite la morga Spitalului Municipal Vatra Dornei.<\/p>\n<p data-hveid=\"CAEICxAA\" data-processed=\"true\">\u00cen acest caz a fost deschis un dosar penal pentru \u201eucidere din culp\u0103\u201d, procedur\u0103 standard \u00een astfel de situa\u021bii. Urmeaz\u0103 ca autopsia efectuat\u0103 de Serviciul de Medicin\u0103 Legal\u0103 (SML) Suceava s\u0103 stabileasc\u0103 cu exactitate cauzele medicale ale celor dou\u0103 decese.<\/p>\n<\/div>\n<\/div>\n","protected":false},"excerpt":{"rendered":"<p>O vizit\u0103 ce trebuia s\u0103 fie un moment de revedere dup\u0103 s\u0103rb\u0103tori s-a transformat \u00eentr-o descoperire macabr\u0103 pentru un b\u0103rbat din Vatra Dornei. \u00cengrijorat de faptul c\u0103 bunicii s\u0103i nu mai r\u0103spundeau la telefon de aproximativ o s\u0103pt\u0103m\u00e2n\u0103, acesta s-a deplasat la locuin\u021ba acestora, unde a fost martorul unei scene sf\u00e2\u0219ietoare. Ajuns la fa\u021ba locului, [&hellip;]<\/p>\n","protected":false},"author":1,"featured_media":1290553,"comment_status":"open","ping_status":"","sticky":false,"template":"","format":"standard","meta":{"footnotes":""},"categories":[89],"tags":[174],"class_list":["post-1290552","post","type-post","status-publish","format-standard","has-post-thumbnail","hentry","category-romania","tag-suceavanews-ro"],"_links":{"self":[{"href":"https:\/\/analyse.optim.biz\/index.php?rest_route=\/wp\/v2\/posts\/1290552","targetHints":{"allow":["GET"]}}],"collection":[{"href":"https:\/\/analyse.optim.biz\/index.php?rest_route=\/wp\/v2\/posts"}],"about":[{"href":"https:\/\/analyse.optim.biz\/index.php?rest_route=\/wp\/v2\/types\/post"}],"author":[{"embeddable":true,"href":"https:\/\/analyse.optim.biz\/index.php?rest_route=\/wp\/v2\/users\/1"}],"replies":[{"embeddable":true,"href":"https:\/\/analyse.optim.biz\/index.php?rest_route=%2Fwp%2Fv2%2Fcomments&post=1290552"}],"version-history":[{"count":0,"href":"https:\/\/analyse.optim.biz\/index.php?rest_route=\/wp\/v2\/posts\/1290552\/revisions"}],"wp:featuredmedia":[{"embeddable":true,"href":"https:\/\/analyse.optim.biz\/index.php?rest_route=\/wp\/v2\/media\/1290553"}],"wp:attachment":[{"href":"https:\/\/analyse.optim.biz\/index.php?rest_route=%2Fwp%2Fv2%2Fmedia&parent=1290552"}],"wp:term":[{"taxonomy":"category","embeddable":true,"href":"https:\/\/analyse.optim.biz\/index.php?rest_route=%2Fwp%2Fv2%2Fcategories&post=1290552"},{"taxonomy":"post_tag","embeddable":true,"href":"https:\/\/analyse.optim.biz\/index.php?rest_route=%2Fwp%2Fv2%2Ftags&post=1290552"}],"curies":[{"name":"wp","href":"https:\/\/api.w.org\/{rel}","templated":true}]}}