{"id":1290530,"date":"2026-01-10T00:00:00","date_gmt":"2026-01-09T21:00:00","guid":{"rendered":"https:\/\/analyse.optim.biz\/?p=1290530"},"modified":"2026-01-10T00:00:00","modified_gmt":"2026-01-09T21:00:00","slug":"foto-lacrimi-si-durere-matei-fiul-de-preot-ucis-de-destin-in-ziua-de-boboteaza-a-fost-condus-pe-ultimul-drum","status":"publish","type":"post","link":"https:\/\/analyse.optim.biz\/?p=1290530","title":{"rendered":"FOTO Lacrimi \u0219i durere! Matei, fiul de preot ucis de destin \u00een ziua de Boboteaz\u0103, a fost condus pe ultimul drum"},"content":{"rendered":"<div class=\"entry-content\">\n<p data-hveid=\"CAEIAxAA\" data-processed=\"true\" data-complete=\"true\"><a href=\"https:\/\/www.botosaninews.ro\/wp-content\/uploads\/2026\/01\/inmormantare-baiat3-e1768057611863.jpg\"><img decoding=\"async\" loading=\"lazy\" class=\"alignright size-medium wp-image-716386\" src=\"https:\/\/analyse.optim.biz\/wp-content\/uploads\/2026\/01\/inmormantare-baiat3-e1768057611863-300x216-1.jpg\" width=\"300\" height=\"216\" title=\"inmormantare-baiat3-e1768057611863-300x216-1\"><\/a>\u00centr-o atmosfer\u0103 de o triste\u021be cople\u0219itoare, comunitatea din F\u0103lticeni \u0219i-a luat s\u00e2mb\u0103t\u0103, 10 ianuarie 2026, r\u0103mas-bun de la\u00a0Matei, b\u0103iatul de doar 14 ani care \u0219i-a pierdut via\u021ba \u00een tragicul accident petrecut la Vatra Dornei chiar de s\u0103rb\u0103toarea Botezului Domnului. Slujba de \u00eenmorm\u00e2ntare, oficiat\u0103 la\u00a0M\u0103n\u0103stirea Buciumeni, a adunat sute de oameni veni\u021bi s\u0103 aline durerea de neimaginat a p\u0103rintelui Ioan Cozma.<\/p>\n<p data-hveid=\"CAEIBBAA\" data-processed=\"true\" data-complete=\"true\">Imaginea durerii absolute a fost reprezentat\u0103 de tat\u0103l b\u0103iatului, p\u0103rintele Ioan, care a stat singur la c\u0103p\u0103t\u00e2iul fiului s\u0103u. \u00cen timp ce Matei era \u00eencredin\u021bat p\u0103m\u00e2ntului, mama sa, preoteasa Diana, \u0219i ceilal\u021bi patru fra\u021bi \u2014\u00a0Iustin, Xenia, Alexie \u0219i Filofteea\u00a0\u2014 se afl\u0103 \u00eenc\u0103 pe paturile de spital, lupt\u00e2nd pentru recuperare.<\/p>\n<p data-hveid=\"CAEIBRAA\" data-processed=\"true\" data-complete=\"true\">Tragedia a avut loc pe 6 ianuarie, c\u00e2nd ma\u0219ina condus\u0103 de mam\u0103 a derapat \u00eentr-o curb\u0103 periculoas\u0103 la Vatra Dornei, pr\u0103bu\u0219indu-se de la o \u00een\u0103l\u021bime de \u0219ase metri direct \u00een albia r\u00e2ului Bistri\u021ba. De\u0219i medicii au depus eforturi supraomene\u0219ti, leziunile interne suferite de Matei au fost fatale.<\/p>\n<p data-hveid=\"CAEIBhAA\" data-processed=\"true\" data-complete=\"true\">Drama familiei Cozma a ecoul \u00een toat\u0103 \u021bara, gener\u00e2nd un val de solidaritate cre\u0219tin\u0103. P\u0103rintele\u00a0Vasile Ioana\u00a0a transmis un mesaj tulbur\u0103tor, subliniind c\u0103 \u201etoat\u0103 Rom\u00e2nia pl\u00e2nge\u201d al\u0103turi de familia greu \u00eencercat\u0103:<\/p>\n<p data-hveid=\"CAEIBhAA\" data-processed=\"true\" data-complete=\"true\"><em><strong>\u201eV\u0103 pomenim \u00een rug\u0103ciunile noastre. \u00cel vom pune cu to\u021bii pe pomelnicele noastre pe Matei, adormit \u00een Domnul! Rug\u0103ciunile vor continua pentru doamna preoteas\u0103 \u0219i copii, pentru \u00eent\u0103rirea \u00een credin\u021b\u0103 \u0219i vindecare grabnic\u0103.\u201d<\/strong><\/em><\/p>\n<p>foto: Facebook\/<a role=\"link\" href=\"https:\/\/www.facebook.com\/silvanariciu?__tn__=-UC*F\">Silvana R\u00eeciu<\/a><\/p>\n<div id=\"gallery-1\" class=\"gallery galleryid-318442 gallery-columns-3 gallery-size-thumbnail\">\n<dl class=\"gallery-item\">\n<dt class=\"gallery-icon landscape\"><a href=\"https:\/\/suceavanews.ro\/wp-content\/uploads\/2026\/01\/masina-accident.jpg\"><img decoding=\"async\" width=\"150\" height=\"150\" src=\"https:\/\/analyse.optim.biz\/wp-content\/uploads\/2026\/01\/masina-accident-150x150-1.jpg\" class=\"attachment-thumbnail size-thumbnail\" loading=\"lazy\" title=\"masina-accident-150x150-1\"><\/a><\/dt>\n<\/dl>\n<dl class=\"gallery-item\">\n<dt class=\"gallery-icon portrait\"><a href=\"https:\/\/suceavanews.ro\/wp-content\/uploads\/2026\/01\/inmormantare-baiat3.jpg\"><img decoding=\"async\" width=\"150\" height=\"150\" src=\"https:\/\/analyse.optim.biz\/wp-content\/uploads\/2026\/01\/inmormantare-baiat3-150x150-1.jpg\" class=\"attachment-thumbnail size-thumbnail\" loading=\"lazy\" title=\"inmormantare-baiat3-150x150-1\"><\/a><\/dt>\n<\/dl>\n<dl class=\"gallery-item\">\n<dt class=\"gallery-icon portrait\"><a href=\"https:\/\/suceavanews.ro\/wp-content\/uploads\/2026\/01\/inmormantare-baiat2.jpg\"><img decoding=\"async\" width=\"150\" height=\"150\" src=\"https:\/\/analyse.optim.biz\/wp-content\/uploads\/2026\/01\/inmormantare-baiat2-150x150-1.jpg\" class=\"attachment-thumbnail size-thumbnail\" loading=\"lazy\" title=\"inmormantare-baiat2-150x150-1\"><\/a><\/dt>\n<\/dl>\n<p><\/p>\n<dl class=\"gallery-item\">\n<dt class=\"gallery-icon landscape\"><a href=\"https:\/\/suceavanews.ro\/wp-content\/uploads\/2026\/01\/inmormantare-baiat.jpg\"><img decoding=\"async\" width=\"150\" height=\"150\" src=\"https:\/\/analyse.optim.biz\/wp-content\/uploads\/2026\/01\/inmormantare-baiat-150x150-1.jpg\" class=\"attachment-thumbnail size-thumbnail\" loading=\"lazy\" title=\"inmormantare-baiat-150x150-1\"><\/a><\/dt>\n<\/dl>\n<p><\/div>\n<\/div>\n","protected":false},"excerpt":{"rendered":"<p>\u00centr-o atmosfer\u0103 de o triste\u021be cople\u0219itoare, comunitatea din F\u0103lticeni \u0219i-a luat s\u00e2mb\u0103t\u0103, 10 ianuarie 2026, r\u0103mas-bun de la\u00a0Matei, b\u0103iatul de doar 14 ani care \u0219i-a pierdut via\u021ba \u00een tragicul accident petrecut la Vatra Dornei chiar de s\u0103rb\u0103toarea Botezului Domnului. Slujba de \u00eenmorm\u00e2ntare, oficiat\u0103 la\u00a0M\u0103n\u0103stirea Buciumeni, a adunat sute de oameni veni\u021bi s\u0103 aline durerea de [&hellip;]<\/p>\n","protected":false},"author":1,"featured_media":1290531,"comment_status":"open","ping_status":"","sticky":false,"template":"","format":"standard","meta":{"footnotes":""},"categories":[89],"tags":[174],"class_list":["post-1290530","post","type-post","status-publish","format-standard","has-post-thumbnail","hentry","category-romania","tag-suceavanews-ro"],"_links":{"self":[{"href":"https:\/\/analyse.optim.biz\/index.php?rest_route=\/wp\/v2\/posts\/1290530","targetHints":{"allow":["GET"]}}],"collection":[{"href":"https:\/\/analyse.optim.biz\/index.php?rest_route=\/wp\/v2\/posts"}],"about":[{"href":"https:\/\/analyse.optim.biz\/index.php?rest_route=\/wp\/v2\/types\/post"}],"author":[{"embeddable":true,"href":"https:\/\/analyse.optim.biz\/index.php?rest_route=\/wp\/v2\/users\/1"}],"replies":[{"embeddable":true,"href":"https:\/\/analyse.optim.biz\/index.php?rest_route=%2Fwp%2Fv2%2Fcomments&post=1290530"}],"version-history":[{"count":0,"href":"https:\/\/analyse.optim.biz\/index.php?rest_route=\/wp\/v2\/posts\/1290530\/revisions"}],"wp:featuredmedia":[{"embeddable":true,"href":"https:\/\/analyse.optim.biz\/index.php?rest_route=\/wp\/v2\/media\/1290531"}],"wp:attachment":[{"href":"https:\/\/analyse.optim.biz\/index.php?rest_route=%2Fwp%2Fv2%2Fmedia&parent=1290530"}],"wp:term":[{"taxonomy":"category","embeddable":true,"href":"https:\/\/analyse.optim.biz\/index.php?rest_route=%2Fwp%2Fv2%2Fcategories&post=1290530"},{"taxonomy":"post_tag","embeddable":true,"href":"https:\/\/analyse.optim.biz\/index.php?rest_route=%2Fwp%2Fv2%2Ftags&post=1290530"}],"curies":[{"name":"wp","href":"https:\/\/api.w.org\/{rel}","templated":true}]}}