{"id":1289459,"date":"2024-10-22T12:45:36","date_gmt":"2024-10-22T09:45:36","guid":{"rendered":"https:\/\/analyse.optim.biz\/?p=1289459"},"modified":"2024-10-22T12:45:36","modified_gmt":"2024-10-22T09:45:36","slug":"maraton-caritabil-alergam-pentru-spitalul-clinic-de-urgenta-pentru-copii-louis-turcanu","status":"publish","type":"post","link":"https:\/\/analyse.optim.biz\/?p=1289459","title":{"rendered":"Maraton Caritabil &#8211; Alerg\u0103m pentru Spitalul Clinic de Urgen\u021b\u0103 pentru Copii Louis \u021aurcanu!"},"content":{"rendered":"<article id=\"template-id-172790\" class=\"post-172790 tdb_templates type-tdb_templates status-publish post\">\n<div id=\"tdi_52\" class=\"tdc-zone\">\n<div class=\"tdc_zone tdi_53  wpb_row td-pb-row\">\n<div id=\"tdi_54\" class=\"tdc-row stretch_row_1400 td-stretch-content\">\n<div class=\"vc_row tdi_55  wpb_row td-pb-row tdc-element-style\">\n<div class=\"vc_column tdi_57  wpb_column vc_column_container tdc-column td-pb-span8\">\n<div class=\"wpb_wrapper\">\n<div class=\"td_block_wrap tdb_single_categories tdi_58 td-pb-border-top td_block_template_1 \" data-td-block-uid=\"tdi_58\">\n<div class=\"tdb-category td-fix-index\"><a class=\"tdb-entry-category\" href=\"https:\/\/voceatimisului.ro\/stiri-din-timisoara-si-timis\/\">\u0218tiri<\/a><a class=\"tdb-entry-category\" href=\"https:\/\/voceatimisului.ro\/stiri-din-timisoara-si-timis\/sanatate\/\">S\u0103n\u0103tate<\/a><\/div>\n<\/div>\n<div class=\"td_block_wrap tdb_title tdi_59 tdb-single-title td-pb-border-top td_block_template_1\" data-td-block-uid=\"tdi_59\">\n<div class=\"tdb-block-inner td-fix-index\">\n<h1 class=\"tdb-title-text\">Maraton Caritabil \u2013 Alerg\u0103m pentru Spitalul Clinic de Urgen\u021b\u0103 pentru Copii Louis \u021aurcanu!<\/h1>\n<\/div>\n<\/div>\n<div class=\"vc_row_inner tdi_62  vc_row vc_inner wpb_row td-pb-row\">\n<div class=\"vc_column_inner tdi_64  wpb_column vc_column_container tdc-inner-column td-pb-span6\">\n<div class=\"vc_column-inner\">\n<div class=\"wpb_wrapper\">\n<div class=\"td_block_wrap tdb_single_author tdi_65 td-pb-border-top td_block_template_1 tdb-post-meta\" data-td-block-uid=\"tdi_65\">\n<div class=\"tdb-block-inner td-fix-index\">\n<div class=\"tdb-author-name-wrap\"><span class=\"tdb-author-by\">Autor-<\/span><a class=\"tdb-author-name\" href=\"https:\/\/voceatimisului.ro\/author\/cataadmin\/\">Radu Constantin<\/a><\/div>\n<\/div>\n<\/div>\n<div class=\"td_block_wrap tdb_single_date tdi_66 td-pb-border-top td_block_template_1 tdb-post-meta\" data-td-block-uid=\"tdi_66\">\n<div class=\"tdb-block-inner td-fix-index\"><time class=\"entry-date updated td-module-date\" datetime=\"2024-10-22T15:45:36+03:00\">22 octombrie 2024<\/time><\/div>\n<\/div>\n<div class=\"td_block_wrap tdb_single_comments_count tdi_67 td-pb-border-top td_block_template_1 tdb-post-meta\" data-td-block-uid=\"tdi_67\">\n<div class=\"tdb-block-inner td-fix-index\"><a href=\"https:\/\/voceatimisului.ro\/maraton-caritabil-alergam-pentru-spitalul-clinic-de-urgenta-pentru-copii-louis-turcanu\/#respond\"><span>0<\/span><\/a><\/div>\n<\/div>\n<div class=\"td_block_wrap tdb_single_post_views tdi_68 td-pb-border-top td_block_template_1 tdb-post-meta\" data-td-block-uid=\"tdi_68\">\n<div class=\"tdb-block-inner td-fix-index\"><span class=\"tdb-add-text\">1<\/span><span class=\"td-nr-views-171121\">671<\/span><\/div>\n<\/div>\n<\/div>\n<\/div>\n<\/div>\n<div class=\"vc_column_inner tdi_70  wpb_column vc_column_container tdc-inner-column td-pb-span6\">\n<div class=\"vc_column-inner\">\n<div class=\"wpb_wrapper\">\n<div class=\"td_block_wrap tdb_single_post_share tdi_71  td-pb-border-top td_block_template_1\" data-td-block-uid=\"tdi_71\">\n<div id=\"tdi_71\" class=\"td-post-sharing tdb-block td-ps-bg td-ps-notext td-post-sharing-style1 \">\n<div class=\"td-post-sharing-visible\"><a class=\"td-social-sharing-button td-social-sharing-button-js td-social-network td-social-facebook\" href=\"https:\/\/www.facebook.com\/sharer.php?u=https%3A%2F%2Fvoceatimisului.ro%2Fmaraton-caritabil-alergam-pentru-spitalul-clinic-de-urgenta-pentru-copii-louis-turcanu%2F\" title=\"Facebook\" rel=\"noopener\"><\/p>\n<div class=\"td-social-but-text\">Facebook<\/div>\n<p><\/a><a class=\"td-social-sharing-button td-social-sharing-button-js td-social-network td-social-twitter\" href=\"https:\/\/twitter.com\/intent\/tweet?text=Maraton+Caritabil+%E2%80%93+Alerg%C4%83m+pentru+Spitalul+Clinic+de+Urgen%C8%9B%C4%83+pentru+Copii+Louis+%C8%9Aurcanu%21&amp;url=https%3A%2F%2Fvoceatimisului.ro%2Fmaraton-caritabil-alergam-pentru-spitalul-clinic-de-urgenta-pentru-copii-louis-turcanu%2F&amp;via=Vocea+Timisului\" title=\"Twitter\" rel=\"noopener\"><\/p>\n<div class=\"td-social-but-text\">Twitter<\/div>\n<p><\/a><a class=\"td-social-sharing-button td-social-sharing-button-js td-social-network td-social-pinterest\" href=\"https:\/\/pinterest.com\/pin\/create\/button\/?url=https:\/\/voceatimisului.ro\/maraton-caritabil-alergam-pentru-spitalul-clinic-de-urgenta-pentru-copii-louis-turcanu\/&amp;media=https:\/\/analyse.optim.biz\/wp-content\/uploads\/2026\/01\/maraton-caritabil.jpg&amp;description=Maraton+Caritabil+%E2%80%93+Alerg%C4%83m+pentru+Spitalul+Clinic+de+Urgen%C8%9B%C4%83+pentru+Copii+Louis+%C8%9Aurcanu%21\" title=\"Pinterest\" rel=\"noopener\"><\/p>\n<div class=\"td-social-but-text\">Pinterest<\/div>\n<p><\/a><a class=\"td-social-sharing-button td-social-sharing-button-js td-social-network td-social-whatsapp\" href=\"https:\/\/api.whatsapp.com\/send?text=Maraton+Caritabil+%E2%80%93+Alerg%C4%83m+pentru+Spitalul+Clinic+de+Urgen%C8%9B%C4%83+pentru+Copii+Louis+%C8%9Aurcanu%21%20%0A%0A%20https:\/\/voceatimisului.ro\/maraton-caritabil-alergam-pentru-spitalul-clinic-de-urgenta-pentru-copii-louis-turcanu\/\" title=\"WhatsApp\" rel=\"noopener\"><\/p>\n<div class=\"td-social-but-text\">WhatsApp<\/div>\n<p><\/a><a class=\"td-social-sharing-button td-social-sharing-button-js td-social-network td-social-linkedin\" href=\"https:\/\/www.linkedin.com\/shareArticle?mini=true&amp;url=https:\/\/voceatimisului.ro\/maraton-caritabil-alergam-pentru-spitalul-clinic-de-urgenta-pentru-copii-louis-turcanu\/&amp;title=Maraton+Caritabil+%E2%80%93+Alerg%C4%83m+pentru+Spitalul+Clinic+de+Urgen%C8%9B%C4%83+pentru+Copii+Louis+%C8%9Aurcanu%21\" title=\"Linkedin\" rel=\"noopener\"><\/p>\n<div class=\"td-social-but-text\">Linkedin<\/div>\n<p><\/a><a class=\"td-social-sharing-button td-social-sharing-button-js td-social-network td-social-copy_url\" href=\"https:\/\/voceatimisului.ro\/maraton-caritabil-alergam-pentru-spitalul-clinic-de-urgenta-pentru-copii-louis-turcanu\/\" title=\"Copy URL\" rel=\"noopener\"><\/p>\n<div class=\"td-social-but-text\">Copy URL<\/div>\n<p><\/a><\/div>\n<\/div>\n<\/div>\n<\/div>\n<\/div>\n<\/div>\n<\/div>\n<div class=\"td_block_wrap tdb_single_featured_image tdi_72 tdb-content-horiz-left td-pb-border-top td_block_template_1\" data-td-block-uid=\"tdi_72\">\n<div class=\"tdb-block-inner td-fix-index\"><img loading=\"lazy\" decoding=\"async\" width=\"696\" height=\"696\" class=\"entry-thumb\" src=\"https:\/\/analyse.optim.biz\/wp-content\/uploads\/2026\/01\/maraton-caritabil-696x696-1.jpg\" alt=\"a poster for a marathon\" title=\"Maraton Caritabil\"><\/div>\n<\/div>\n<div class=\"vc_row_inner tdi_74  vc_row vc_inner wpb_row td-pb-row\">\n<div class=\"vc_column_inner tdi_76  wpb_column vc_column_container tdc-inner-column td-pb-span4 td-is-sticky\">\n<div class=\"vc_column-inner\">\n<div class=\"wpb_wrapper\" data-sticky-enabled-on=\"W3RydWUsdHJ1ZSx0cnVlLHRydWVd\" data-sticky-offset=\"20\" data-sticky-is-width-auto=\"W2ZhbHNlLGZhbHNlLGZhbHNlLGZhbHNlXQ==\">\n<div class=\"td_block_wrap td_flex_block_1 tdi_77 td-pb-border-top td_block_template_1 td_ajax_preloading_preload td_flex_block\" data-td-block-uid=\"tdi_77\">\n<div id=\"tdi_77\" class=\"td_block_inner td-mc1-wrap\">\n<div class=\"td_module_flex td_module_flex_1 td_module_wrap td-animation-stack td-meta-info-hide td-cpt-post\">\n<div class=\"td-module-container td-category-pos-image\">\n<div class=\"td-module-meta-info\">\n<h3 class=\"entry-title td-module-title\"><a href=\"https:\/\/voceatimisului.ro\/alfred-simonis-22-de-milioane-de-lei-pentru-finalizarea-salii-polivalente-din-timisoara-parteneriat-cu-politehnica-si-primaria\/\" rel=\"bookmark\" title=\"Alfred Simonis: 22 de milioane de lei pentru finalizarea s\u0103lii polivalente din Timi\u0219oara. Parteneriat cu Politehnica \u0219i Prim\u0103ria\">Alfred Simonis: 22 de milioane de lei pentru finalizarea s\u0103lii polivalente din Timi\u0219oara. Parteneriat cu Politehnica \u0219i Prim\u0103ria<\/a><\/h3>\n<\/div>\n<\/div>\n<\/div>\n<div class=\"td_module_flex td_module_flex_1 td_module_wrap td-animation-stack td-meta-info-hide td-cpt-post\">\n<div class=\"td-module-container td-category-pos-image\">\n<div class=\"td-module-meta-info\">\n<h3 class=\"entry-title td-module-title\"><a href=\"https:\/\/voceatimisului.ro\/primaria-timisoara-campioana-la-ipocrizie-ambrozia-le-creste-sub-nas-dar-dau-somatii-la-cetateni\/\" rel=\"bookmark\" title=\"Prim\u0103ria Timi\u0219oara, campioan\u0103 la ipocrizie: ambrozia le cre\u0219te sub nas, dar dau soma\u021bii la cet\u0103\u021beni\">Prim\u0103ria Timi\u0219oara, campioan\u0103 la ipocrizie: ambrozia le cre\u0219te sub nas, dar dau soma\u021bii la cet\u0103\u021beni<\/a><\/h3>\n<\/div>\n<\/div>\n<\/div>\n<div class=\"td_module_flex td_module_flex_1 td_module_wrap td-animation-stack td-meta-info-hide td-cpt-post\">\n<div class=\"td-module-container td-category-pos-image\">\n<div class=\"td-module-meta-info\">\n<h3 class=\"entry-title td-module-title\"><a href=\"https:\/\/voceatimisului.ro\/final-de-proiect-scoala-generala-nr-25-din-timisoara-are-o-sala-de-sport-noua\/\" rel=\"bookmark\" title=\"Final de proiect: \u0218coala General\u0103 nr. 25 din Timi\u0219oara are o sal\u0103 de sport nou\u0103\">Final de proiect: \u0218coala General\u0103 nr. 25 din Timi\u0219oara are o sal\u0103 de sport nou\u0103<\/a><\/h3>\n<\/div>\n<\/div>\n<\/div>\n<div class=\"td_module_flex td_module_flex_1 td_module_wrap td-animation-stack td-meta-info-hide td-cpt-post\">\n<div class=\"td-module-container td-category-pos-image\">\n<div class=\"td-module-meta-info\">\n<h3 class=\"entry-title td-module-title\"><a href=\"https:\/\/voceatimisului.ro\/timisoara-creste-pe-hartie-dar-se-sufoca-in-realitate\/\" rel=\"bookmark\" title=\"Timi\u0219oara cre\u0219te pe h\u00e2rtie, dar se sufoc\u0103 \u00een realitate\">Timi\u0219oara cre\u0219te pe h\u00e2rtie, dar se sufoc\u0103 \u00een realitate<\/a><\/h3>\n<\/div>\n<\/div>\n<\/div>\n<\/div>\n<\/div>\n<div class=\"tdb-author-box td_block_wrap tdb_single_author_box tdi_82 tdb-content-vert-top td-pb-border-top td_block_template_1\" data-td-block-uid=\"tdi_82\">\n<div class=\"tdb-block-inner td-fix-index\">\n<div class=\"tdb-author-info\"><a href=\"https:\/\/voceatimisului.ro\/author\/cataadmin\/\" class=\"tdb-author-name\">Radu Constantin<\/a><a href=\"http:\/\/www.voceatimisului.ro\" rel=\"nofollow\" class=\"tdb-author-url\">http:\/\/www.voceatimisului.ro<\/a><\/p>\n<div class=\"tdb-author-descr\">\u00centreaga responsabilitate a comentariilor l\u0103sate de dumneavoastr\u0103 v\u0103 apar\u021bine!<br \/>\nClick <a href=\"https:\/\/voceatimisului.ro\/termeni-si-conditii\/\">aici<\/a>-citeste condi\u0163iile de utilizare ale site-ului www.voceatimisului.ro<\/div>\n<\/div>\n<\/div>\n<\/div>\n<\/div>\n<\/div>\n<\/div>\n<div class=\"vc_column_inner tdi_84  wpb_column vc_column_container tdc-inner-column td-pb-span8\">\n<div class=\"vc_column-inner\">\n<div class=\"wpb_wrapper\">\n<div class=\"td_block_wrap tdb_single_content tdi_85 td-pb-border-top td_block_template_1 td-post-content tagdiv-type\" data-td-block-uid=\"tdi_85\">\n<div class=\"tdb-block-inner td-fix-index\">\n<h5 class=\"wp-block-heading\">Pe 26 octombrie, \u00eentre orele 9:00 \u0219i 12:00, v\u0103 invit\u0103m s\u0103 participa\u021bi la un eveniment caritabil special organizat pentru a str\u00e2nge fonduri \u00een beneficiul copiilor interna\u021bi \u00een sec\u021bia de Neuropsihiatrie Infantil\u0103 (NPI) a Spitalului Clinic de Urgen\u021b\u0103 pentru Copii Louis \u021aurcanu din Timi\u0219oara. Scopul nostru este de a aduna resursele necesare pentru amenajarea unui al doilea salon de terapie \u0219i joac\u0103, oferind astfel un spa\u021biu prietenos \u0219i reconfortant pentru micu\u021bii pacien\u021bi.<\/h5>\n<p><strong>Un maraton pentru o cauz\u0103 nobil\u0103<\/strong><\/p>\n<p>Evenimentul va include curse de 3, 5 \u0219i 10 km, iar fiecare kilometru parcurs va aduce un euro \u00een contul acestei cauze, datorit\u0103 generozit\u0103\u021bii firmelor partenere care au r\u0103spuns pozitiv apelului nostru. Este o ini\u021biativ\u0103 prin care fiecare dintre noi poate face o diferen\u021b\u0103 real\u0103 \u00een vie\u021bile copiilor care au nevoie de sprijin.<\/p>\n<p><strong><em>\u201eConsider c\u0103 avem o datorie moral\u0103 de a-i ajuta pe cei afla\u021bi \u00een dificultate. At\u00e2t timp c\u00e2t depinde de noi, multe lucruri devin realizabile. Am organizat numeroase evenimente de-a lungul anilor pentru a contribui la bun\u0103starea comunit\u0103\u021bii, fie c\u0103 este vorba de sus\u021binerea persoanelor cu dizabilit\u0103\u021bi, a sportivilor de performan\u021b\u0103 sau, de aceast\u0103 dat\u0103, a copiilor interna\u021bi \u00een sec\u021bia de Neuropsihiatrie Infantil\u0103 a Spitalului Clinic de Urgen\u021b\u0103 pentru Copii Louis \u021aurcanu. Am g\u0103sit oameni cu suflet mare, firme din diverse domenii, precum logistic\u0103, transporturi \u0219i construc\u021bii, care s-au angajat s\u0103 doneze 1 euro pentru fiecare kilometru parcurs de participan\u021bi. Ne dorim s\u0103 avem c\u00e2t mai multe persoane implicate, pentru c\u0103 doar \u00eempreun\u0103 putem contribui substan\u021bial la acest proiect,\u201d <\/em><\/strong>a declarat Alex Miu, organizatorul evenimentului.<\/p>\n<p><strong>Participarea este deschis\u0103 pentru to\u021bi<\/strong><\/p>\n<p>Evenimentul se va desf\u0103\u0219ura s\u00e2mb\u0103t\u0103, 26 octombrie, cu startul \u00eencep\u00e2nd de la ora 09:00, din zona parc\u0103rii Modex, situat\u0103 \u00een centrul ora\u0219ului. Participan\u021bii au la dispozi\u021bie trei distan\u021be din care pot alege: 3 km, 5 km sau 10 km. Fiind un maraton caritabil, accentul nu este pe competi\u021bie, ci pe participare \u0219i solidaritate. Chiar \u0219i cei care prefer\u0103 s\u0103 mearg\u0103 sunt bineveni\u021bi \u2013 important este s\u0103 ne adun\u0103m \u0219i s\u0103 facem mi\u0219care pentru o cauz\u0103 bun\u0103.<\/p>\n<p><strong>\u00censcrieri \u0219i informa\u021bii suplimentare<\/strong><\/p>\n<p>\u00censcrierea este gratuit\u0103 \u0219i se poate face online, acces\u00e2nd linkul <a href=\"https:\/\/bit.ly\/Maraton-Caritabil-Luis-Turcanu\" target=\"_blank\" rel=\"noopener\">https:\/\/bit.ly\/Maraton-Caritabil-Luis-Turcanu<\/a>, sau la fa\u021ba locului, cu condi\u021bia ca participan\u021bii s\u0103 ajung\u0103 cu cel pu\u021bin 30 de minute \u00eenainte de start.<\/p>\n<p>Evenimentul este organizat \u00een parteneriat cu Asocia\u021bia Special Medical Care \u0219i Prim\u0103ria Timi\u0219oara, iar noi credem cu t\u0103rie c\u0103 binele f\u0103cut este mai valoros dec\u00e2t binele spus. V\u0103 a\u0219tept\u0103m s\u0103 ni se al\u0103ture c\u00e2t mai multe persoane \u0219i s\u0103 contribuim \u00eempreun\u0103 la o schimbare pozitiv\u0103 \u00een via\u021ba copiilor! \u2764<\/p>\n<p>Hai s\u0103 alerg\u0103m pentru binele copiilor no\u0219tri \u0219i s\u0103 transform\u0103m fiecare kilometru \u00eentr-o raz\u0103 de speran\u021b\u0103!<\/p>\n<figure class=\"wp-block-embed is-type-video is-provider-youtube wp-block-embed-youtube wp-embed-aspect-16-9 wp-has-aspect-ratio\">\n<div class=\"wp-block-embed__wrapper\">\n<iframe loading=\"lazy\" title=\"Alerg\u0103m pentru Spitalul Clinic de Urgen\u021b\u0103 pentru Copii Louis \u021aurcanu\" width=\"696\" height=\"392\" src=\"https:\/\/www.youtube.com\/embed\/19KCzbLssnU?feature=oembed\" frameborder allow=\"accelerometer; autoplay; clipboard-write; encrypted-media; gyroscope; picture-in-picture; web-share\" referrerpolicy=\"strict-origin-when-cross-origin\" allowfullscreen><\/iframe>\n<\/div>\n<\/figure>\n<\/div>\n<\/div>\n<div class=\"td_block_wrap tdb_single_tags tdi_88 td-pb-border-top td_block_template_1\" data-td-block-uid=\"tdi_88\">\n<div class=\"tdb-block-inner td-fix-index\">\n<ul class=\"tdb-tags\">\n<li><span>Tags<\/span><\/li>\n<li><a href=\"https:\/\/voceatimisului.ro\/tag\/alex-miu\/\">Alex Miu<\/a><\/li>\n<li><a href=\"https:\/\/voceatimisului.ro\/tag\/maraton-caritabil\/\">maraton caritabil<\/a><\/li>\n<li><a href=\"https:\/\/voceatimisului.ro\/tag\/primaria-timisoara\/\">primaria timisoara<\/a><\/li>\n<li><a href=\"https:\/\/voceatimisului.ro\/tag\/spitalul-louis-turcanu\/\">spitalul &#8220;Louis \u0162urcanu&#8221;<\/a><\/li>\n<\/ul>\n<\/div>\n<\/div>\n<div class=\"td_block_wrap tdb_single_post_share tdi_89  td-pb-border-top td_block_template_1\" data-td-block-uid=\"tdi_89\">\n<div id=\"tdi_89\" class=\"td-post-sharing tdb-block td-ps-bg td-ps-notext td-post-sharing-style1 \">\n<div class=\"td-post-sharing-visible\"><a class=\"td-social-sharing-button td-social-sharing-button-js td-social-network td-social-facebook\" href=\"https:\/\/www.facebook.com\/sharer.php?u=https%3A%2F%2Fvoceatimisului.ro%2Fmaraton-caritabil-alergam-pentru-spitalul-clinic-de-urgenta-pentru-copii-louis-turcanu%2F\" title=\"Facebook\" rel=\"noopener\"><\/p>\n<div class=\"td-social-but-text\">Facebook<\/div>\n<p><\/a><a class=\"td-social-sharing-button td-social-sharing-button-js td-social-network td-social-twitter\" href=\"https:\/\/twitter.com\/intent\/tweet?text=Maraton+Caritabil+%E2%80%93+Alerg%C4%83m+pentru+Spitalul+Clinic+de+Urgen%C8%9B%C4%83+pentru+Copii+Louis+%C8%9Aurcanu%21&amp;url=https%3A%2F%2Fvoceatimisului.ro%2Fmaraton-caritabil-alergam-pentru-spitalul-clinic-de-urgenta-pentru-copii-louis-turcanu%2F&amp;via=Vocea+Timisului\" title=\"Twitter\" rel=\"noopener\"><\/p>\n<div class=\"td-social-but-text\">Twitter<\/div>\n<p><\/a><a class=\"td-social-sharing-button td-social-sharing-button-js td-social-network td-social-pinterest\" href=\"https:\/\/pinterest.com\/pin\/create\/button\/?url=https:\/\/voceatimisului.ro\/maraton-caritabil-alergam-pentru-spitalul-clinic-de-urgenta-pentru-copii-louis-turcanu\/&amp;media=https:\/\/analyse.optim.biz\/wp-content\/uploads\/2026\/01\/maraton-caritabil.jpg&amp;description=Maraton+Caritabil+%E2%80%93+Alerg%C4%83m+pentru+Spitalul+Clinic+de+Urgen%C8%9B%C4%83+pentru+Copii+Louis+%C8%9Aurcanu%21\" title=\"Pinterest\" rel=\"noopener\"><\/p>\n<div class=\"td-social-but-text\">Pinterest<\/div>\n<p><\/a><a class=\"td-social-sharing-button td-social-sharing-button-js td-social-network td-social-whatsapp\" href=\"https:\/\/api.whatsapp.com\/send?text=Maraton+Caritabil+%E2%80%93+Alerg%C4%83m+pentru+Spitalul+Clinic+de+Urgen%C8%9B%C4%83+pentru+Copii+Louis+%C8%9Aurcanu%21%20%0A%0A%20https:\/\/voceatimisului.ro\/maraton-caritabil-alergam-pentru-spitalul-clinic-de-urgenta-pentru-copii-louis-turcanu\/\" title=\"WhatsApp\" rel=\"noopener\"><\/p>\n<div class=\"td-social-but-text\">WhatsApp<\/div>\n<p><\/a><a class=\"td-social-sharing-button td-social-sharing-button-js td-social-network td-social-linkedin\" href=\"https:\/\/www.linkedin.com\/shareArticle?mini=true&amp;url=https:\/\/voceatimisului.ro\/maraton-caritabil-alergam-pentru-spitalul-clinic-de-urgenta-pentru-copii-louis-turcanu\/&amp;title=Maraton+Caritabil+%E2%80%93+Alerg%C4%83m+pentru+Spitalul+Clinic+de+Urgen%C8%9B%C4%83+pentru+Copii+Louis+%C8%9Aurcanu%21\" title=\"Linkedin\" rel=\"noopener\"><\/p>\n<div class=\"td-social-but-text\">Linkedin<\/div>\n<p><\/a><a class=\"td-social-sharing-button td-social-sharing-button-js td-social-network td-social-copy_url\" href=\"https:\/\/voceatimisului.ro\/maraton-caritabil-alergam-pentru-spitalul-clinic-de-urgenta-pentru-copii-louis-turcanu\/\" title=\"Copy URL\" rel=\"noopener\"><\/p>\n<div class=\"td-social-but-text\">Copy URL<\/div>\n<p><\/a><\/div>\n<\/div>\n<\/div>\n<div class=\"td_block_wrap tdb_single_next_prev tdi_90 td-animation-stack td-next-prev-img-on td-pb-border-top td_block_template_1\" data-td-block-uid=\"tdi_90\">\n<div class=\"tdb-block-inner td-fix-index\">\n<div class=\"tdb-next-post tdb-next-post-bg tdb-post-prev\"><span>Articolul precedent<\/span><\/p>\n<div class=\"td-module-container\">\n<div class=\"td-image-container\"><a class=\"td-image-wrap\" href=\"https:\/\/voceatimisului.ro\/reluarea-circulatiei-tramvaielor-pe-bulevardul-stan-vidrighin-in-timisoara\/\"><img loading=\"lazy\" decoding=\"async\" class=\"td-next-prev-image td-fix-index td-lazy-img\" title=\"Reluarea Circula\u021biei Tramvaielor pe Bulevardul Stan Vidrighin \u00een Timi\u0219oara\" width=\"696\" height=\"392\" src=\"https:\/\/analyse.optim.biz\/wp-content\/uploads\/2026\/01\/reluarea-circulatiei-tramvaielor-pe-bulevardul-stan-vidrighin-in-timisoaral1-696x392-1.jpg\"><\/a><\/div>\n<div class=\"next-prev-title\"><a href=\"https:\/\/voceatimisului.ro\/reluarea-circulatiei-tramvaielor-pe-bulevardul-stan-vidrighin-in-timisoara\/\">Reluarea Circula\u021biei Tramvaielor pe Bulevardul Stan Vidrighin \u00een Timi\u0219oara<\/a><\/div>\n<\/div>\n<\/div>\n<div class=\"tdb-next-post tdb-next-post-bg tdb-post-next\"><span>Articolul urm\u0103tor<\/span><\/p>\n<div class=\"td-module-container\">\n<div class=\"td-image-container\"><a class=\"td-image-wrap\" href=\"https:\/\/voceatimisului.ro\/alfred-simonis-noul-presedinte-al-consiliului-judetean-timis-promite-investitii-si-cooperare-pentru-dezvoltarea-judetului\/\"><img loading=\"lazy\" decoding=\"async\" class=\"td-next-prev-image td-fix-index td-lazy-img\" title=\"Alfred Simonis, noul pre\u0219edinte al Consiliului Jude\u021bean Timi\u0219, promite investi\u021bii \u0219i cooperare pentru dezvoltarea jude\u021bului\" width=\"696\" height=\"464\" src=\"https:\/\/analyse.optim.biz\/wp-content\/uploads\/2026\/01\/alfred-simonis-noul-presedinte-al-consiliului-judetean-timis3-696x464-1.jpg\"><\/a><\/div>\n<div class=\"next-prev-title\"><a href=\"https:\/\/voceatimisului.ro\/alfred-simonis-noul-presedinte-al-consiliului-judetean-timis-promite-investitii-si-cooperare-pentru-dezvoltarea-judetului\/\">Alfred Simonis, noul pre\u0219edinte al Consiliului Jude\u021bean Timi\u0219, promite investi\u021bii \u0219i cooperare pentru dezvoltarea jude\u021bului<\/a><\/div>\n<\/div>\n<\/div>\n<\/div>\n<\/div>\n<\/div>\n<\/div>\n<\/div>\n<\/div>\n<div class=\"vc_row_inner tdi_100  vc_row vc_inner wpb_row td-pb-row\">\n<div class=\"vc_column_inner tdi_102  wpb_column vc_column_container tdc-inner-column td-pb-span4 td-is-sticky\">\n<div class=\"vc_column-inner\">\n<div class=\"wpb_wrapper\" data-sticky-enabled-on=\"W3RydWUsdHJ1ZSx0cnVlLHRydWVd\" data-sticky-offset=\"20\" data-sticky-is-width-auto=\"W2ZhbHNlLGZhbHNlLGZhbHNlLGZhbHNlXQ==\">\n<div class=\"td_block_wrap tdb_single_related tdi_103 td_with_ajax_pagination td-pb-border-top td_block_template_1 tdb-single-related-posts\" data-td-block-uid=\"tdi_103\">\n<div id=\"tdi_103\" class=\"td_block_inner tdb-block-inner td-fix-index\">\n<div class=\"tdb_module_related td_module_wrap td-animation-stack td-meta-info-hide\">\n<div class=\"td-module-container td-category-pos-image\">\n<div class=\"td-module-meta-info\">\n<h3 class=\"entry-title td-module-title\"><a href=\"https:\/\/voceatimisului.ro\/pedepsiti-pentru-ca-ingrijesc-bolnavi-primaria-timisoara-taie-sporurile-asistentilor-personali-fara-mila-si-fara-explicatii\/\" rel=\"bookmark\" title=\"Pedepsi\u021bi pentru c\u0103 \u00eengrijesc bolnavi: Prim\u0103ria Timi\u0219oara taie sporurile asisten\u021bilor personali, f\u0103r\u0103 mil\u0103 \u0219i f\u0103r\u0103 explica\u021bii\">Pedepsi\u021bi pentru c\u0103 \u00eengrijesc bolnavi: Prim\u0103ria Timi\u0219oara taie sporurile asisten\u021bilor personali, f\u0103r\u0103 mil\u0103 \u0219i f\u0103r\u0103 explica\u021bii<\/a><\/h3>\n<\/div>\n<\/div>\n<\/div>\n<div class=\"tdb_module_related td_module_wrap td-animation-stack td-meta-info-hide\">\n<div class=\"td-module-container td-category-pos-image\">\n<div class=\"td-module-meta-info\">\n<h3 class=\"entry-title td-module-title\"><a href=\"https:\/\/voceatimisului.ro\/reluarea-circulatiei-tramvaielor-pe-bulevardul-stan-vidrighin-in-timisoara\/\" rel=\"bookmark\" title=\"Reluarea Circula\u021biei Tramvaielor pe Bulevardul Stan Vidrighin \u00een Timi\u0219oara\">Reluarea Circula\u021biei Tramvaielor pe Bulevardul Stan Vidrighin \u00een Timi\u0219oara<\/a><\/h3>\n<\/div>\n<\/div>\n<\/div>\n<div class=\"tdb_module_related td_module_wrap td-animation-stack td-meta-info-hide\">\n<div class=\"td-module-container td-category-pos-image\">\n<div class=\"td-module-meta-info\">\n<h3 class=\"entry-title td-module-title\"><a href=\"https:\/\/voceatimisului.ro\/primaria-timisoara-a-scos-la-mezat-achizitionarea-a-33-de-firobuze-desi-agentia-nationala-pentru-achizitii-publice-a-sesizat-predictibilitatea-procedurii\/\" rel=\"bookmark\" title=\"Prim\u0103ria Timi\u0219oara a scos la mezat achizi\u021bionarea a 33 de firobuze, de\u0219i Agen\u021bia Na\u021bional\u0103 pentru Achizi\u021bii Publice a sesizat predictibilitatea procedurii\">Prim\u0103ria Timi\u0219oara a scos la mezat achizi\u021bionarea a 33 de firobuze, de\u0219i Agen\u021bia Na\u021bional\u0103 pentru Achizi\u021bii Publice a sesizat predictibilitatea procedurii<\/a><\/h3>\n<\/div>\n<\/div>\n<\/div>\n<\/div>\n<\/div>\n<\/div>\n<\/div>\n<\/div>\n<div class=\"vc_column_inner tdi_105  wpb_column vc_column_container tdc-inner-column td-pb-span8\">\n<div class=\"vc_column-inner\">\n<div class=\"wpb_wrapper\">\n<div class=\"td_block_wrap tdb_single_comments tdi_106 tdb-comm-layout2 td-pb-border-top td_block_template_2\" data-td-block-uid=\"tdi_106\">\n<div class=\"tdb-block-inner td-fix-index\">\n<div class=\"comments\" id=\"comments\">\n<div id=\"respond\" class=\"comment-respond\">\n<h3 id=\"reply-title\" class=\"comment-reply-title\">L\u0102SA\u021aI UN MESAJ <small><a rel=\"nofollow\" id=\"cancel-comment-reply-link\" href=\"https:\/\/voceatimisului.ro\/maraton-caritabil-alergam-pentru-spitalul-clinic-de-urgenta-pentru-copii-louis-turcanu\/#respond\">Renun\u021ba\u021bi la r\u0103spuns<\/a><\/small><\/h3>\n<div class=\"comment-form-input-wrap td-form-comment\">\n<div class=\"td-warning-comment\">V\u0103 rug\u0103m s\u0103 introduce\u021bi comentariul dvs.!<\/div>\n<\/div>\n<div class=\"comment-form-input-wrap td-form-author\">\n<div class=\"td-warning-author\">Introduce\u021bi aici numele dvs.<\/div>\n<\/div>\n<div class=\"comment-form-input-wrap td-form-email\">\n<div class=\"td-warning-email-error\">A\u021bi introdus o adres\u0103 de e-mail incorect\u0103!<\/div>\n<div class=\"td-warning-email\">V\u0103 rug\u0103m s\u0103 introduce\u021bi adresa dvs. de e-mail aici<\/div>\n<\/div>\n<\/div>\n<\/div>\n<\/div>\n<\/div>\n<\/div>\n<\/div>\n<\/div>\n<\/div>\n<\/div>\n<\/div>\n<div class=\"vc_column tdi_108  wpb_column vc_column_container tdc-column td-pb-span4 td-is-sticky\">\n<div class=\"wpb_wrapper\" data-sticky-enabled-on=\"W3RydWUsdHJ1ZSx0cnVlLHRydWVd\" data-sticky-offset=\"20\" data-sticky-is-width-auto=\"W2ZhbHNlLGZhbHNlLGZhbHNlLGZhbHNlXQ==\">\n<div class=\"vc_row_inner tdi_110  vc_row vc_inner wpb_row td-pb-row\">\n<div class=\"vc_column_inner tdi_112  wpb_column vc_column_container tdc-inner-column td-pb-span12\">\n<div class=\"vc_column-inner\">\n<div class=\"wpb_wrapper\">\n<div class=\"td_block_wrap td_block_title tdi_113 td-pb-border-top td_block_template_11 td-fix-index\" data-td-block-uid=\"tdi_113\">\n<div class=\"td-block-title-wrap\">\n<h4 class=\"td-block-title\"><span class=\"td-pulldown-size\">ANUN\u021aURI \u0218I PUBLICITATE<\/span><\/h4>\n<\/div>\n<\/div>\n<\/div>\n<\/div>\n<\/div>\n<\/div>\n<div class=\"wpb_wrapper td_block_wrap vc_widget_sidebar tdi_115 \">\n<aside id=\"block-10\" class=\"td_block_template_1 widget block-10 widget_block widget_media_image\">\n<figure class=\"wp-block-image size-full\"><a href=\"https:\/\/adpghiroda.ro\/index.html\" target=\"_blank\" rel=\" noreferrer noopener\"><img decoding=\"async\" loading=\"lazy\" width=\"960\" height=\"960\" src=\"https:\/\/analyse.optim.biz\/wp-content\/uploads\/2026\/01\/adp-ghiroda2-58.jpg\" class=\"wp-image-171492\" title=\"adp-ghiroda2-58\"><\/a><\/figure>\n<\/aside>\n<aside id=\"block-11\" class=\"td_block_template_1 widget block-11 widget_block widget_media_image\">\n<figure class=\"wp-block-image size-full\"><a href=\"https:\/\/adpghiroda.ro\/index.html\" target=\"_blank\" rel=\" noreferrer noopener\"><img decoding=\"async\" loading=\"lazy\" width=\"960\" height=\"960\" src=\"https:\/\/analyse.optim.biz\/wp-content\/uploads\/2026\/01\/adp-ghiroda1-58.jpg\" class=\"wp-image-171491\" title=\"adp-ghiroda1-58\"><\/a><\/figure>\n<\/aside>\n<aside id=\"block-17\" class=\"td_block_template_1 widget block-17 widget_block widget_media_image\">\n<figure class=\"wp-block-image size-large is-resized\"><a href=\"https:\/\/verde.events\/\" target=\"_blank\" rel=\" noreferrer noopener\"><img decoding=\"async\" loading=\"lazy\" width=\"1024\" height=\"683\" src=\"https:\/\/analyse.optim.biz\/wp-content\/uploads\/2026\/01\/verde-events-24-1024x683-1-43.jpg\" alt=\"Verde Events\" class=\"wp-image-174395\" title=\"verde-events-24-1024x683-1-43\"><\/a><figcaption class=\"wp-element-caption\"><strong><em>O experien\u021b\u0103 unic\u0103 pentru orice tip de eveniment<\/em><\/strong><\/figcaption><\/figure>\n<\/aside>\n<\/div>\n<div class=\"td_block_wrap td_flex_block_1 tdi_121 td-pb-border-top td_block_template_1 td_ajax_preloading_preload td_flex_block\" data-td-block-uid=\"tdi_121\">\n<div id=\"tdi_121\" class=\"td_block_inner td-mc1-wrap\">\n<div class=\"td_module_flex td_module_flex_1 td_module_wrap td-animation-stack td-meta-info-hide td-cpt-post\">\n<div class=\"td-module-container td-category-pos-image\">\n<div class=\"td-module-meta-info\">\n<h3 class=\"entry-title td-module-title\"><a href=\"https:\/\/voceatimisului.ro\/pe-ultrascurte-primarul-dominic-fritz-jongleaza-cu-adevarul-mai-ceva-ca-n-bancurile-de-la-la-radio-erevan\/\" rel=\"bookmark\" title=\"Pe ultrascurte! Primarul Dominic Fritz jongleaz\u0103 cu adev\u0103rul mai ceva ca-n bancurile de la la Radio Erevan\">Pe ultrascurte! Primarul Dominic Fritz jongleaz\u0103 cu adev\u0103rul mai ceva ca-n bancurile de la la Radio Erevan<\/a><\/h3>\n<\/div>\n<\/div>\n<\/div>\n<div class=\"td_module_flex td_module_flex_1 td_module_wrap td-animation-stack td-meta-info-hide td-cpt-post\">\n<div class=\"td-module-container td-category-pos-image\">\n<div class=\"td-module-meta-info\">\n<h3 class=\"entry-title td-module-title\"><a href=\"https:\/\/voceatimisului.ro\/realitate-versus-fictiune-administratia-locala-a-primarului-dominic-fritz-da-rateuri-magistrale-cu-fiecare-ocazie-si-castiga-la-scor-de-neprezentare-doar-pe-retelele-sociale\/\" rel=\"bookmark\" title=\"Realitate versus fic\u021biune! Administra\u021bia local\u0103 a primarului Dominic Fritz d\u0103 rateuri magistrale cu fiecare ocazie \u0219i c\u00e2\u0219tig\u0103, la scor de neprezentare, doar pe re\u021belele sociale\">Realitate versus fic\u021biune! Administra\u021bia local\u0103 a primarului Dominic Fritz d\u0103 rateuri magistrale cu fiecare ocazie \u0219i c\u00e2\u0219tig\u0103, la scor de neprezentare, doar pe re\u021belele&#8230;<\/a><\/h3>\n<\/div>\n<\/div>\n<\/div>\n<div class=\"td_module_flex td_module_flex_1 td_module_wrap td-animation-stack td-meta-info-hide td-cpt-post\">\n<div class=\"td-module-container td-category-pos-image\">\n<div class=\"td-module-meta-info\">\n<h3 class=\"entry-title td-module-title\"><a href=\"https:\/\/voceatimisului.ro\/liberul-arbitru-primaria-timisoara-a-refuzat-sa-faca-plangere-penala-impotriva-antreprenorului-general-de-la-pasajul-solventul-desi-constructorul-a-pus-in-circulatie-un-document-pe-care-c-n-a-i-r-l\/\" rel=\"bookmark\" title=\"Liberul arbitru! Prim\u0103ria Timi\u0219oara a refuzat s\u0103 fac\u0103 pl\u00e2ngere penal\u0103 \u00eempotriva antreprenorului general de la Pasajul Solventul, de\u0219i constructorul a pus \u00een circula\u021bie un document pe care C.N.A.I.R l-a catalogat drept un fals\">Liberul arbitru! Prim\u0103ria Timi\u0219oara a refuzat s\u0103 fac\u0103 pl\u00e2ngere penal\u0103 \u00eempotriva antreprenorului general de la Pasajul Solventul, de\u0219i constructorul a pus \u00een circula\u021bie un&#8230;<\/a><\/h3>\n<\/div>\n<\/div>\n<\/div>\n<div class=\"td_module_flex td_module_flex_1 td_module_wrap td-animation-stack td-meta-info-hide td-cpt-post\">\n<div class=\"td-module-container td-category-pos-image\">\n<div class=\"td-module-meta-info\">\n<h3 class=\"entry-title td-module-title\"><a href=\"https:\/\/voceatimisului.ro\/iron-man-sobolanii-din-parcul-civic-au-ros-stalpii-de-otel-de-la-felinarele-plantate-sub-nasul-si-pe-semnatura-administratiei-dominic-fritz\/\" rel=\"bookmark\" title=\"Iron man! \u0218obolanii din Parcul Civic au ros st\u00e2lpii de o\u021bel de la felinarele plantate sub nasul \u0219i pe semn\u0103tura administra\u021biei Dominic Fritz\">Iron man! \u0218obolanii din Parcul Civic au ros st\u00e2lpii de o\u021bel de la felinarele plantate sub nasul \u0219i pe semn\u0103tura administra\u021biei Dominic Fritz<\/a><\/h3>\n<\/div>\n<\/div>\n<\/div>\n<div class=\"td_module_flex td_module_flex_1 td_module_wrap td-animation-stack td-meta-info-hide td-cpt-post\">\n<div class=\"td-module-container td-category-pos-image\">\n<div class=\"td-module-meta-info\">\n<h3 class=\"entry-title td-module-title\"><a href=\"https:\/\/voceatimisului.ro\/jumatati-de-adevar-in-cazul-urmaritului-penal-nicolae-robu-administratia-lui-dominic-fritz-a-scapat-de-procurorii-dna-doar-pentru-ca-a-fost-corectata-la-timp-de-catre-inspectoratul-de-stat-in-con\/\" rel=\"bookmark\" title=\"Jum\u0103t\u0103\u021bi de adev\u0103r! \u00cen cazul urm\u0103ritului penal Nicolae Robu, administra\u021bia lui Dominic Fritz a sc\u0103pat de procurorii DNA, doar pentru c\u0103 a fost corectat\u0103, la timp, de c\u0103tre Inspectoratul de Stat \u00een Construc\u021bii Timi\u0219\">Jum\u0103t\u0103\u021bi de adev\u0103r! \u00cen cazul urm\u0103ritului penal Nicolae Robu, administra\u021bia lui Dominic Fritz a sc\u0103pat de procurorii DNA, doar pentru c\u0103 a fost corectat\u0103,&#8230;<\/a><\/h3>\n<\/div>\n<\/div>\n<\/div>\n<\/div>\n<\/div>\n<\/div>\n<\/div>\n<\/div>\n<\/div>\n<\/div>\n<\/div>\n<p><span class=\"td-page-meta\"><\/span><span class=\"td-page-meta\"><span class=\"td-page-meta\"><\/span><\/span><span class=\"td-page-meta\"><\/span><\/article>\n<p> Source URL: https:\/\/voceatimisului.ro\/maraton-caritabil-alergam-pentru-spitalul-clinic-de-urgenta-pentru-copii-louis-turcanu\/<\/p>\n","protected":false},"excerpt":{"rendered":"<p>\u0218tiriS\u0103n\u0103tate Maraton Caritabil \u2013 Alerg\u0103m pentru Spitalul Clinic de Urgen\u021b\u0103 pentru Copii Louis \u021aurcanu! Autor-Radu Constantin 22 octombrie 2024 0 1671 Facebook Twitter Pinterest WhatsApp Linkedin Copy URL Alfred Simonis: 22 de milioane de lei pentru finalizarea s\u0103lii polivalente din Timi\u0219oara. Parteneriat cu Politehnica \u0219i Prim\u0103ria Prim\u0103ria Timi\u0219oara, campioan\u0103 la ipocrizie: ambrozia le cre\u0219te sub [&hellip;]<\/p>\n","protected":false},"author":1,"featured_media":1289460,"comment_status":"open","ping_status":"","sticky":false,"template":"","format":"standard","meta":{"footnotes":""},"categories":[89],"tags":[199],"class_list":["post-1289459","post","type-post","status-publish","format-standard","has-post-thumbnail","hentry","category-romania","tag-voceatimisului-ro"],"_links":{"self":[{"href":"https:\/\/analyse.optim.biz\/index.php?rest_route=\/wp\/v2\/posts\/1289459","targetHints":{"allow":["GET"]}}],"collection":[{"href":"https:\/\/analyse.optim.biz\/index.php?rest_route=\/wp\/v2\/posts"}],"about":[{"href":"https:\/\/analyse.optim.biz\/index.php?rest_route=\/wp\/v2\/types\/post"}],"author":[{"embeddable":true,"href":"https:\/\/analyse.optim.biz\/index.php?rest_route=\/wp\/v2\/users\/1"}],"replies":[{"embeddable":true,"href":"https:\/\/analyse.optim.biz\/index.php?rest_route=%2Fwp%2Fv2%2Fcomments&post=1289459"}],"version-history":[{"count":0,"href":"https:\/\/analyse.optim.biz\/index.php?rest_route=\/wp\/v2\/posts\/1289459\/revisions"}],"wp:featuredmedia":[{"embeddable":true,"href":"https:\/\/analyse.optim.biz\/index.php?rest_route=\/wp\/v2\/media\/1289460"}],"wp:attachment":[{"href":"https:\/\/analyse.optim.biz\/index.php?rest_route=%2Fwp%2Fv2%2Fmedia&parent=1289459"}],"wp:term":[{"taxonomy":"category","embeddable":true,"href":"https:\/\/analyse.optim.biz\/index.php?rest_route=%2Fwp%2Fv2%2Fcategories&post=1289459"},{"taxonomy":"post_tag","embeddable":true,"href":"https:\/\/analyse.optim.biz\/index.php?rest_route=%2Fwp%2Fv2%2Ftags&post=1289459"}],"curies":[{"name":"wp","href":"https:\/\/api.w.org\/{rel}","templated":true}]}}