{"id":1289438,"date":"2025-03-20T17:52:19","date_gmt":"2025-03-20T14:52:19","guid":{"rendered":"https:\/\/analyse.optim.biz\/?p=1289438"},"modified":"2025-03-20T17:52:19","modified_gmt":"2025-03-20T14:52:19","slug":"inaugurare-la-lugoj-un-nou-centru-de-recuperare-pentru-copiii-cu-dizabilitati","status":"publish","type":"post","link":"https:\/\/analyse.optim.biz\/?p=1289438","title":{"rendered":"Inaugurare la Lugoj: Un nou centru de recuperare pentru copiii cu dizabilit\u0103\u021bi"},"content":{"rendered":"<article id=\"template-id-172790\" class=\"post-172790 tdb_templates type-tdb_templates status-publish post\">\n<div id=\"tdi_52\" class=\"tdc-zone\">\n<div class=\"tdc_zone tdi_53  wpb_row td-pb-row\">\n<div id=\"tdi_54\" class=\"tdc-row stretch_row_1400 td-stretch-content\">\n<div class=\"vc_row tdi_55  wpb_row td-pb-row tdc-element-style\">\n<div class=\"vc_column tdi_57  wpb_column vc_column_container tdc-column td-pb-span8\">\n<div class=\"wpb_wrapper\">\n<div class=\"td_block_wrap tdb_single_categories tdi_58 td-pb-border-top td_block_template_1 \" data-td-block-uid=\"tdi_58\">\n<div class=\"tdb-category td-fix-index\"><a class=\"tdb-entry-category\" href=\"https:\/\/voceatimisului.ro\/stiri-din-timisoara-si-timis\/\">\u0218tiri<\/a><a class=\"tdb-entry-category\" href=\"https:\/\/voceatimisului.ro\/stiri-din-timisoara-si-timis\/sanatate\/\">S\u0103n\u0103tate<\/a><\/div>\n<\/div>\n<div class=\"td_block_wrap tdb_title tdi_59 tdb-single-title td-pb-border-top td_block_template_1\" data-td-block-uid=\"tdi_59\">\n<div class=\"tdb-block-inner td-fix-index\">\n<h1 class=\"tdb-title-text\">Inaugurare la Lugoj: Un nou centru de recuperare pentru copiii cu dizabilit\u0103\u021bi<\/h1>\n<\/div>\n<\/div>\n<div class=\"vc_row_inner tdi_62  vc_row vc_inner wpb_row td-pb-row\">\n<div class=\"vc_column_inner tdi_64  wpb_column vc_column_container tdc-inner-column td-pb-span6\">\n<div class=\"vc_column-inner\">\n<div class=\"wpb_wrapper\">\n<div class=\"td_block_wrap tdb_single_author tdi_65 td-pb-border-top td_block_template_1 tdb-post-meta\" data-td-block-uid=\"tdi_65\">\n<div class=\"tdb-block-inner td-fix-index\">\n<div class=\"tdb-author-name-wrap\"><span class=\"tdb-author-by\">Autor-<\/span><a class=\"tdb-author-name\" href=\"https:\/\/voceatimisului.ro\/author\/marta-stirbey\/\">Marta Stirbey<\/a><\/div>\n<\/div>\n<\/div>\n<div class=\"td_block_wrap tdb_single_date tdi_66 td-pb-border-top td_block_template_1 tdb-post-meta\" data-td-block-uid=\"tdi_66\">\n<div class=\"tdb-block-inner td-fix-index\"><time class=\"entry-date updated td-module-date\" datetime=\"2025-03-20T19:52:19+02:00\">20 martie 2025<\/time><\/div>\n<\/div>\n<div class=\"td_block_wrap tdb_single_comments_count tdi_67 td-pb-border-top td_block_template_1 tdb-post-meta\" data-td-block-uid=\"tdi_67\">\n<div class=\"tdb-block-inner td-fix-index\"><a href=\"https:\/\/voceatimisului.ro\/inaugurare-la-lugoj-un-nou-centru-de-recuperare-pentru-copiii-cu-dizabilitati\/#comments\"><span>1<\/span><\/a><\/div>\n<\/div>\n<div class=\"td_block_wrap tdb_single_post_views tdi_68 td-pb-border-top td_block_template_1 tdb-post-meta\" data-td-block-uid=\"tdi_68\">\n<div class=\"tdb-block-inner td-fix-index\"><span class=\"tdb-add-text\">1<\/span><span class=\"td-nr-views-171328\">664<\/span><\/div>\n<\/div>\n<\/div>\n<\/div>\n<\/div>\n<div class=\"vc_column_inner tdi_70  wpb_column vc_column_container tdc-inner-column td-pb-span6\">\n<div class=\"vc_column-inner\">\n<div class=\"wpb_wrapper\">\n<div class=\"td_block_wrap tdb_single_post_share tdi_71  td-pb-border-top td_block_template_1\" data-td-block-uid=\"tdi_71\">\n<div id=\"tdi_71\" class=\"td-post-sharing tdb-block td-ps-bg td-ps-notext td-post-sharing-style1 \">\n<div class=\"td-post-sharing-visible\"><a class=\"td-social-sharing-button td-social-sharing-button-js td-social-network td-social-facebook\" href=\"https:\/\/www.facebook.com\/sharer.php?u=https%3A%2F%2Fvoceatimisului.ro%2Finaugurare-la-lugoj-un-nou-centru-de-recuperare-pentru-copiii-cu-dizabilitati%2F\" title=\"Facebook\" rel=\"noopener\"><\/p>\n<div class=\"td-social-but-text\">Facebook<\/div>\n<p><\/a><a class=\"td-social-sharing-button td-social-sharing-button-js td-social-network td-social-twitter\" href=\"https:\/\/twitter.com\/intent\/tweet?text=Inaugurare+la+Lugoj%3A+Un+nou+centru+de+recuperare+pentru+copiii+cu+dizabilit%C4%83%C8%9Bi&amp;url=https%3A%2F%2Fvoceatimisului.ro%2Finaugurare-la-lugoj-un-nou-centru-de-recuperare-pentru-copiii-cu-dizabilitati%2F&amp;via=Vocea+Timisului\" title=\"Twitter\" rel=\"noopener\"><\/p>\n<div class=\"td-social-but-text\">Twitter<\/div>\n<p><\/a><a class=\"td-social-sharing-button td-social-sharing-button-js td-social-network td-social-pinterest\" href=\"https:\/\/pinterest.com\/pin\/create\/button\/?url=https:\/\/voceatimisului.ro\/inaugurare-la-lugoj-un-nou-centru-de-recuperare-pentru-copiii-cu-dizabilitati\/&amp;media=https:\/\/analyse.optim.biz\/wp-content\/uploads\/2026\/01\/un-nou-centru-de-recuperare-pentru-copiii-cu-dizabilitati02.jpeg&amp;description=Inaugurare+la+Lugoj%3A+Un+nou+centru+de+recuperare+pentru+copiii+cu+dizabilit%C4%83%C8%9Bi\" title=\"Pinterest\" rel=\"noopener\"><\/p>\n<div class=\"td-social-but-text\">Pinterest<\/div>\n<p><\/a><a class=\"td-social-sharing-button td-social-sharing-button-js td-social-network td-social-whatsapp\" href=\"https:\/\/api.whatsapp.com\/send?text=Inaugurare+la+Lugoj%3A+Un+nou+centru+de+recuperare+pentru+copiii+cu+dizabilit%C4%83%C8%9Bi%20%0A%0A%20https:\/\/voceatimisului.ro\/inaugurare-la-lugoj-un-nou-centru-de-recuperare-pentru-copiii-cu-dizabilitati\/\" title=\"WhatsApp\" rel=\"noopener\"><\/p>\n<div class=\"td-social-but-text\">WhatsApp<\/div>\n<p><\/a><a class=\"td-social-sharing-button td-social-sharing-button-js td-social-network td-social-linkedin\" href=\"https:\/\/www.linkedin.com\/shareArticle?mini=true&amp;url=https:\/\/voceatimisului.ro\/inaugurare-la-lugoj-un-nou-centru-de-recuperare-pentru-copiii-cu-dizabilitati\/&amp;title=Inaugurare+la+Lugoj%3A+Un+nou+centru+de+recuperare+pentru+copiii+cu+dizabilit%C4%83%C8%9Bi\" title=\"Linkedin\" rel=\"noopener\"><\/p>\n<div class=\"td-social-but-text\">Linkedin<\/div>\n<p><\/a><a class=\"td-social-sharing-button td-social-sharing-button-js td-social-network td-social-copy_url\" href=\"https:\/\/voceatimisului.ro\/inaugurare-la-lugoj-un-nou-centru-de-recuperare-pentru-copiii-cu-dizabilitati\/\" title=\"Copy URL\" rel=\"noopener\"><\/p>\n<div class=\"td-social-but-text\">Copy URL<\/div>\n<p><\/a><\/div>\n<\/div>\n<\/div>\n<\/div>\n<\/div>\n<\/div>\n<\/div>\n<div class=\"td_block_wrap tdb_single_featured_image tdi_72 tdb-content-horiz-left td-pb-border-top td_block_template_1\" data-td-block-uid=\"tdi_72\">\n<div class=\"tdb-block-inner td-fix-index\"><img loading=\"lazy\" decoding=\"async\" width=\"696\" height=\"464\" class=\"entry-thumb\" src=\"https:\/\/analyse.optim.biz\/wp-content\/uploads\/2026\/01\/un-nou-centru-de-recuperare-pentru-copiii-cu-dizabilitati02-696x464-1.jpeg\" title=\"Un nou centru de recuperare pentru copiii cu dizabilit\u0103\u021bi02\"><\/div>\n<\/div>\n<div class=\"vc_row_inner tdi_74  vc_row vc_inner wpb_row td-pb-row\">\n<div class=\"vc_column_inner tdi_76  wpb_column vc_column_container tdc-inner-column td-pb-span4 td-is-sticky\">\n<div class=\"vc_column-inner\">\n<div class=\"wpb_wrapper\" data-sticky-enabled-on=\"W3RydWUsdHJ1ZSx0cnVlLHRydWVd\" data-sticky-offset=\"20\" data-sticky-is-width-auto=\"W2ZhbHNlLGZhbHNlLGZhbHNlLGZhbHNlXQ==\">\n<div class=\"td_block_wrap td_flex_block_1 tdi_77 td-pb-border-top td_block_template_1 td_ajax_preloading_preload td_flex_block\" data-td-block-uid=\"tdi_77\">\n<div id=\"tdi_77\" class=\"td_block_inner td-mc1-wrap\">\n<div class=\"td_module_flex td_module_flex_1 td_module_wrap td-animation-stack td-meta-info-hide td-cpt-post\">\n<div class=\"td-module-container td-category-pos-image\">\n<div class=\"td-module-meta-info\">\n<h3 class=\"entry-title td-module-title\"><a href=\"https:\/\/voceatimisului.ro\/doi-scandalagii-din-lugoj-cunoscuti-de-politie-recidiveaza-i-au-furat-banii-si-i-au-spart-telefonul-unui-barbat\/\" rel=\"bookmark\" title=\"Doi scandalagii din Lugoj, cunoscu\u021bi de Poli\u021bie, recidiveaz\u0103! I-au furat banii \u0219i i-au spart telefonul unui b\u0103rbat\">Doi scandalagii din Lugoj, cunoscu\u021bi de Poli\u021bie, recidiveaz\u0103! I-au furat banii \u0219i i-au spart telefonul unui b\u0103rbat<\/a><\/h3>\n<\/div>\n<\/div>\n<\/div>\n<div class=\"td_module_flex td_module_flex_1 td_module_wrap td-animation-stack td-meta-info-hide td-cpt-post\">\n<div class=\"td-module-container td-category-pos-image\">\n<div class=\"td-module-meta-info\">\n<h3 class=\"entry-title td-module-title\"><a href=\"https:\/\/voceatimisului.ro\/donatie-de-aproape-120-000-de-euro-pentru-mamele-victime-ale-violentei-in-familie-gestul-impresionant-al-unor-timiseni\/\" rel=\"bookmark\" title=\"Dona\u021bie de aproape 120.000 de euro pentru mamele victime ale violen\u021bei \u00een familie! Gestul impresionant al unor timi\u0219eni\">Dona\u021bie de aproape 120.000 de euro pentru mamele victime ale violen\u021bei \u00een familie! Gestul impresionant al unor timi\u0219eni<\/a><\/h3>\n<\/div>\n<\/div>\n<\/div>\n<div class=\"td_module_flex td_module_flex_1 td_module_wrap td-animation-stack td-meta-info-hide td-cpt-post\">\n<div class=\"td-module-container td-category-pos-image\">\n<div class=\"td-module-meta-info\">\n<h3 class=\"entry-title td-module-title\"><a href=\"https:\/\/voceatimisului.ro\/ajungem-mari-timis-cauta-voluntari-pentru-copiii-din-lugoj-dai-o-mana-de-ajutor\/\" rel=\"bookmark\" title=\"Ajungem MARI Timis caut\u0103 voluntari pentru copiii din Lugoj. Dai o mana de ajutor?\">Ajungem MARI Timis caut\u0103 voluntari pentru copiii din Lugoj. Dai o mana de ajutor?<\/a><\/h3>\n<\/div>\n<\/div>\n<\/div>\n<div class=\"td_module_flex td_module_flex_1 td_module_wrap td-animation-stack td-meta-info-hide td-cpt-post\">\n<div class=\"td-module-container td-category-pos-image\">\n<div class=\"td-module-meta-info\">\n<h3 class=\"entry-title td-module-title\"><a href=\"https:\/\/voceatimisului.ro\/pe-modelul-timisoara-lugojul-va-primi-noua-autobuze-electrice-de-la-mdrap\/\" rel=\"bookmark\" title=\"Pe modelul Timisoara, Lugojul va primi noua autobuze electrice de la MDRAP\">Pe modelul Timisoara, Lugojul va primi noua autobuze electrice de la MDRAP<\/a><\/h3>\n<\/div>\n<\/div>\n<\/div>\n<\/div>\n<\/div>\n<div class=\"tdb-author-box td_block_wrap tdb_single_author_box tdi_82 tdb-content-vert-top td-pb-border-top td_block_template_1\" data-td-block-uid=\"tdi_82\">\n<div class=\"tdb-block-inner td-fix-index\">\n<div class=\"tdb-author-info\"><a href=\"https:\/\/voceatimisului.ro\/author\/marta-stirbey\/\" class=\"tdb-author-name\">Marta Stirbey<\/a><\/p>\n<div class=\"tdb-author-descr\">\u00centreaga responsabilitate a comentariilor l\u0103sate de dumneavoastr\u0103 v\u0103 apar\u021bine!<br \/>\nClick <a href=\"https:\/\/voceatimisului.ro\/termeni-si-conditii\/\">aici<\/a>-citeste condi\u0163iile de utilizare ale site-ului www.voceatimisului.ro<\/div>\n<\/div>\n<\/div>\n<\/div>\n<\/div>\n<\/div>\n<\/div>\n<div class=\"vc_column_inner tdi_84  wpb_column vc_column_container tdc-inner-column td-pb-span8\">\n<div class=\"vc_column-inner\">\n<div class=\"wpb_wrapper\">\n<div class=\"td_block_wrap tdb_single_content tdi_85 td-pb-border-top td_block_template_1 td-post-content tagdiv-type\" data-td-block-uid=\"tdi_85\">\n<div class=\"tdb-block-inner td-fix-index\">\n<h5 class=\"wp-block-heading\">Un pas important pentru sprijinirea copiilor cu dizabilit\u0103\u021bi a fost f\u0103cut la Lugoj, unde s-a inaugurat <strong>Centrul de Zi de Recuperare pentru Copiii cu Dizabilit\u0103\u021bi<\/strong> din cadrul <strong>Complexului de Servicii \u201eA\u201d<\/strong>. Acest proiect, derulat de <strong>Direc\u021bia General\u0103 de Asisten\u021b\u0103 Social\u0103 \u0219i Protec\u021bia Copilului Timi\u0219 (DGASPC Timi\u0219)<\/strong>, vine \u00een \u00eent\u00e2mpinarea nevoilor familiilor din regiune, oferind servicii gratuite de recuperare \u0219i reabilitare pentru copiii cu nevoi speciale.<\/h5>\n<p>Centrul a fost realizat \u00een cadrul proiectului <strong>\u201eConstruirea a 2 case de tip familial \u0219i reamenajare \u0219i extindere Centru de zi de recuperare pentru copii cu dizabilit\u0103\u021bi Lugoj\u201d<\/strong>, finan\u021bat prin Programul Opera\u021bional Regional. Valoarea total\u0103 a investi\u021biei se ridic\u0103 la <strong>12.693.966,56 lei<\/strong>, iar partener \u00een proiect este <strong>Consiliul Jude\u021bean Timi\u0219<\/strong>.<\/p>\n<p>Centrul de Zi de Recuperare este unic \u00een zona de Vest a Rom\u00e2niei \u0219i poate primi zilnic p\u00e2n\u0103 la <strong>48 de copii<\/strong>, av\u00e2nd o capacitate total\u0103 de <strong>170 de beneficiari<\/strong>. Printre terapiile disponibile se num\u0103r\u0103:<\/p>\n<ul class=\"wp-block-list\">\n<li>Kinetoterapie<\/li>\n<li>Hidroterapie<\/li>\n<li>Terapie cognitiv\u0103<\/li>\n<li>Logopedie<\/li>\n<li>Art-terapie<\/li>\n<li>Consiliere voca\u021bional\u0103<\/li>\n<li>Ergoterapie<\/li>\n<li>Meloterapie<\/li>\n<\/ul>\n<p>Pe l\u00e2ng\u0103 acestea, sunt incluse \u0219i programe de stimulare psihosenzorial\u0103 \u0219i de dezvoltare a deprinderilor de via\u021b\u0103 independent\u0103.<\/p>\n<p>\u00cen cadrul inaugur\u0103rii, <strong>Monica Tru\u0219c\u0103, directorul general al DGASPC Timi\u0219<\/strong>, a subliniat importan\u021ba acestui centru pentru comunitate:<\/p>\n<p><em><strong>\u201ePunem un accent crescut pe diversificarea serviciilor pe care le oferim copiilor \u0219i persoanelor adulte aflate \u00een dificultate. Acest centru reprezint\u0103 o gur\u0103 de oxigen pentru copiii cu dizabilit\u0103\u021bi \u0219i pentru familiile lor.\u201d<\/strong><\/em><\/p>\n<p>Mesajele de recuno\u0219tin\u021b\u0103 nu au \u00eent\u00e2rziat s\u0103 apar\u0103. Ioana, mama unei feti\u021be cu autism, a m\u0103rturisit:<\/p>\n<p><em><strong>\u201ePentru noi, acest centru este un vis devenit realitate. Toate serviciile de care avem nevoie sunt acum \u00eentr-un singur loc, iar faptul c\u0103 sunt gratuite ne ajut\u0103 enorm.\u201d<\/strong><\/em><\/p>\n<p>Complexul de Servicii \u201eA\u201d are o tradi\u021bie de peste 50 de ani \u00een sprijinirea copiilor cu dizabilit\u0103\u021bi. \u00cenfiin\u021bat ini\u021bial ca <strong>C\u0103min Spital Lugoj<\/strong> \u00een 1974, acesta a trecut prin multiple transform\u0103ri, devenind \u00een timp un centru modern de recuperare \u0219i reabilitare.<\/p>\n<p>Prin aceast\u0103 inaugurare, jude\u021bul Timi\u0219 face un pas important \u00een direc\u021bia sprijinirii copiilor cu nevoi speciale, oferindu-le o \u0219ans\u0103 real\u0103 la o via\u021b\u0103 mai bun\u0103.<\/p>\n<figure class=\"wp-block-gallery has-nested-images columns-default is-cropped wp-block-gallery-1 is-layout-flex wp-block-gallery-is-layout-flex\">\n<div><a href=\"https:\/\/analyse.optim.biz\/wp-content\/uploads\/2026\/01\/un-nou-centru-de-recuperare-pentru-copiii-cu-dizabilitati05-1024x682-1.jpeg\" class=\"td-modal-image\"><\/p>\n<figure class=\"wp-block-image size-large\"><img loading=\"lazy\" decoding=\"async\" width=\"1024\" height=\"682\" data-id=\"171340\" src=\"https:\/\/analyse.optim.biz\/wp-content\/uploads\/2026\/01\/un-nou-centru-de-recuperare-pentru-copiii-cu-dizabilitati05-1024x682-1.jpeg\" alt=\"Inaugurare la Lugoj: Un nou centru de recuperare pentru copiii cu dizabilit\u0103\u021bi\" class=\"wp-image-171340\" title=\"un-nou-centru-de-recuperare-pentru-copiii-cu-dizabilitati05-1024x682-1\"><\/figure>\n<p><\/a><\/div>\n<figure class=\"wp-block-image size-large\"><img loading=\"lazy\" decoding=\"async\" width=\"1024\" height=\"682\" data-id=\"171339\" src=\"https:\/\/analyse.optim.biz\/wp-content\/uploads\/2026\/01\/un-nou-centru-de-recuperare-pentru-copiii-cu-dizabilitati01-1024x682-1.jpeg\" alt=\"Inaugurare la Lugoj: Un nou centru de recuperare pentru copiii cu dizabilit\u0103\u021bi\" class=\"wp-image-171339\" title=\"un-nou-centru-de-recuperare-pentru-copiii-cu-dizabilitati01-1024x682-1\"><\/figure>\n<figure class=\"wp-block-image size-large\"><img loading=\"lazy\" decoding=\"async\" width=\"1024\" height=\"682\" data-id=\"171338\" src=\"https:\/\/analyse.optim.biz\/wp-content\/uploads\/2026\/01\/un-nou-centru-de-recuperare-pentru-copiii-cu-dizabilitati04-1024x682-1.jpeg\" alt=\"Inaugurare la Lugoj: Un nou centru de recuperare pentru copiii cu dizabilit\u0103\u021bi\" class=\"wp-image-171338\" title=\"un-nou-centru-de-recuperare-pentru-copiii-cu-dizabilitati04-1024x682-1\"><\/figure>\n<figure class=\"wp-block-image size-large\"><img decoding=\"async\" loading=\"lazy\" width=\"1024\" height=\"682\" data-id=\"171337\" src=\"https:\/\/analyse.optim.biz\/wp-content\/uploads\/2026\/01\/un-nou-centru-de-recuperare-pentru-copiii-cu-dizabilitati03-1024x682-1.jpeg\" alt=\"Inaugurare la Lugoj: Un nou centru de recuperare pentru copiii cu dizabilit\u0103\u021bi\" class=\"wp-image-171337\" title=\"un-nou-centru-de-recuperare-pentru-copiii-cu-dizabilitati03-1024x682-1\"><\/figure>\n<figure class=\"wp-block-image size-large\"><img decoding=\"async\" loading=\"lazy\" width=\"1024\" height=\"682\" data-id=\"171336\" src=\"https:\/\/analyse.optim.biz\/wp-content\/uploads\/2026\/01\/un-nou-centru-de-recuperare-pentru-copiii-cu-dizabilitati02-1024x682-1.jpeg\" alt=\"Inaugurare la Lugoj: Un nou centru de recuperare pentru copiii cu dizabilit\u0103\u021bi\" class=\"wp-image-171336\" title=\"un-nou-centru-de-recuperare-pentru-copiii-cu-dizabilitati02-1024x682-1\"><\/figure>\n<figure class=\"wp-block-image size-large\"><img decoding=\"async\" loading=\"lazy\" width=\"1024\" height=\"682\" data-id=\"171335\" src=\"https:\/\/analyse.optim.biz\/wp-content\/uploads\/2026\/01\/un-nou-centru-de-recuperare-pentru-copiii-cu-dizabilitati06-1024x682-1.jpeg\" alt=\"Inaugurare la Lugoj: Un nou centru de recuperare pentru copiii cu dizabilit\u0103\u021bi\" class=\"wp-image-171335\" title=\"un-nou-centru-de-recuperare-pentru-copiii-cu-dizabilitati06-1024x682-1\"><\/figure>\n<figure class=\"wp-block-image size-large\"><img decoding=\"async\" loading=\"lazy\" width=\"1024\" height=\"682\" data-id=\"171334\" src=\"https:\/\/analyse.optim.biz\/wp-content\/uploads\/2026\/01\/un-nou-centru-de-recuperare-pentru-copiii-cu-dizabilitati07-1024x682-1.jpeg\" alt=\"Inaugurare la Lugoj: Un nou centru de recuperare pentru copiii cu dizabilit\u0103\u021bi\" class=\"wp-image-171334\" title=\"un-nou-centru-de-recuperare-pentru-copiii-cu-dizabilitati07-1024x682-1\"><\/figure>\n<figure class=\"wp-block-image size-large\"><img decoding=\"async\" loading=\"lazy\" width=\"1024\" height=\"682\" data-id=\"171333\" src=\"https:\/\/analyse.optim.biz\/wp-content\/uploads\/2026\/01\/un-nou-centru-de-recuperare-pentru-copiii-cu-dizabilitati09-1024x682-1.jpeg\" alt=\"Inaugurare la Lugoj: Un nou centru de recuperare pentru copiii cu dizabilit\u0103\u021bi\" class=\"wp-image-171333\" title=\"un-nou-centru-de-recuperare-pentru-copiii-cu-dizabilitati09-1024x682-1\"><\/figure>\n<figure class=\"wp-block-image size-large\"><img decoding=\"async\" loading=\"lazy\" width=\"1024\" height=\"682\" data-id=\"171332\" src=\"https:\/\/analyse.optim.biz\/wp-content\/uploads\/2026\/01\/un-nou-centru-de-recuperare-pentru-copiii-cu-dizabilitati08-1024x682-1.jpeg\" alt=\"Inaugurare la Lugoj: Un nou centru de recuperare pentru copiii cu dizabilit\u0103\u021bi\" class=\"wp-image-171332\" title=\"un-nou-centru-de-recuperare-pentru-copiii-cu-dizabilitati08-1024x682-1\"><\/figure>\n<figure class=\"wp-block-image size-large\"><img decoding=\"async\" loading=\"lazy\" width=\"1024\" height=\"682\" data-id=\"171331\" src=\"https:\/\/analyse.optim.biz\/wp-content\/uploads\/2026\/01\/un-nou-centru-de-recuperare-pentru-copiii-cu-dizabilitati10-1024x682-1.jpeg\" alt=\"Inaugurare la Lugoj: Un nou centru de recuperare pentru copiii cu dizabilit\u0103\u021bi\" class=\"wp-image-171331\" title=\"un-nou-centru-de-recuperare-pentru-copiii-cu-dizabilitati10-1024x682-1\"><\/figure>\n<figure class=\"wp-block-image size-large\"><img decoding=\"async\" loading=\"lazy\" width=\"1024\" height=\"682\" data-id=\"171330\" src=\"https:\/\/analyse.optim.biz\/wp-content\/uploads\/2026\/01\/un-nou-centru-de-recuperare-pentru-copiii-cu-dizabilitati11-1024x682-1.jpeg\" alt=\"Inaugurare la Lugoj: Un nou centru de recuperare pentru copiii cu dizabilit\u0103\u021bi\" class=\"wp-image-171330\" title=\"un-nou-centru-de-recuperare-pentru-copiii-cu-dizabilitati11-1024x682-1\"><\/figure>\n<\/figure>\n<\/div>\n<\/div>\n<div class=\"td_block_wrap tdb_single_tags tdi_88 td-pb-border-top td_block_template_1\" data-td-block-uid=\"tdi_88\">\n<div class=\"tdb-block-inner td-fix-index\">\n<ul class=\"tdb-tags\">\n<li><span>Tags<\/span><\/li>\n<li><a href=\"https:\/\/voceatimisului.ro\/tag\/copii-cu-dizabilitati\/\">copii cu dizabilitati<\/a><\/li>\n<li><a href=\"https:\/\/voceatimisului.ro\/tag\/dgaspc\/\">dgaspc<\/a><\/li>\n<li><a href=\"https:\/\/voceatimisului.ro\/tag\/lugoj\/\">lugoj<\/a><\/li>\n<li><a href=\"https:\/\/voceatimisului.ro\/tag\/monica-trusca\/\">Monica Trusca<\/a><\/li>\n<\/ul>\n<\/div>\n<\/div>\n<div class=\"td_block_wrap tdb_single_post_share tdi_89  td-pb-border-top td_block_template_1\" data-td-block-uid=\"tdi_89\">\n<div id=\"tdi_89\" class=\"td-post-sharing tdb-block td-ps-bg td-ps-notext td-post-sharing-style1 \">\n<div class=\"td-post-sharing-visible\"><a class=\"td-social-sharing-button td-social-sharing-button-js td-social-network td-social-facebook\" href=\"https:\/\/www.facebook.com\/sharer.php?u=https%3A%2F%2Fvoceatimisului.ro%2Finaugurare-la-lugoj-un-nou-centru-de-recuperare-pentru-copiii-cu-dizabilitati%2F\" title=\"Facebook\" rel=\"noopener\"><\/p>\n<div class=\"td-social-but-text\">Facebook<\/div>\n<p><\/a><a class=\"td-social-sharing-button td-social-sharing-button-js td-social-network td-social-twitter\" href=\"https:\/\/twitter.com\/intent\/tweet?text=Inaugurare+la+Lugoj%3A+Un+nou+centru+de+recuperare+pentru+copiii+cu+dizabilit%C4%83%C8%9Bi&amp;url=https%3A%2F%2Fvoceatimisului.ro%2Finaugurare-la-lugoj-un-nou-centru-de-recuperare-pentru-copiii-cu-dizabilitati%2F&amp;via=Vocea+Timisului\" title=\"Twitter\" rel=\"noopener\"><\/p>\n<div class=\"td-social-but-text\">Twitter<\/div>\n<p><\/a><a class=\"td-social-sharing-button td-social-sharing-button-js td-social-network td-social-pinterest\" href=\"https:\/\/pinterest.com\/pin\/create\/button\/?url=https:\/\/voceatimisului.ro\/inaugurare-la-lugoj-un-nou-centru-de-recuperare-pentru-copiii-cu-dizabilitati\/&amp;media=https:\/\/analyse.optim.biz\/wp-content\/uploads\/2026\/01\/un-nou-centru-de-recuperare-pentru-copiii-cu-dizabilitati02.jpeg&amp;description=Inaugurare+la+Lugoj%3A+Un+nou+centru+de+recuperare+pentru+copiii+cu+dizabilit%C4%83%C8%9Bi\" title=\"Pinterest\" rel=\"noopener\"><\/p>\n<div class=\"td-social-but-text\">Pinterest<\/div>\n<p><\/a><a class=\"td-social-sharing-button td-social-sharing-button-js td-social-network td-social-whatsapp\" href=\"https:\/\/api.whatsapp.com\/send?text=Inaugurare+la+Lugoj%3A+Un+nou+centru+de+recuperare+pentru+copiii+cu+dizabilit%C4%83%C8%9Bi%20%0A%0A%20https:\/\/voceatimisului.ro\/inaugurare-la-lugoj-un-nou-centru-de-recuperare-pentru-copiii-cu-dizabilitati\/\" title=\"WhatsApp\" rel=\"noopener\"><\/p>\n<div class=\"td-social-but-text\">WhatsApp<\/div>\n<p><\/a><a class=\"td-social-sharing-button td-social-sharing-button-js td-social-network td-social-linkedin\" href=\"https:\/\/www.linkedin.com\/shareArticle?mini=true&amp;url=https:\/\/voceatimisului.ro\/inaugurare-la-lugoj-un-nou-centru-de-recuperare-pentru-copiii-cu-dizabilitati\/&amp;title=Inaugurare+la+Lugoj%3A+Un+nou+centru+de+recuperare+pentru+copiii+cu+dizabilit%C4%83%C8%9Bi\" title=\"Linkedin\" rel=\"noopener\"><\/p>\n<div class=\"td-social-but-text\">Linkedin<\/div>\n<p><\/a><a class=\"td-social-sharing-button td-social-sharing-button-js td-social-network td-social-copy_url\" href=\"https:\/\/voceatimisului.ro\/inaugurare-la-lugoj-un-nou-centru-de-recuperare-pentru-copiii-cu-dizabilitati\/\" title=\"Copy URL\" rel=\"noopener\"><\/p>\n<div class=\"td-social-but-text\">Copy URL<\/div>\n<p><\/a><\/div>\n<\/div>\n<\/div>\n<div class=\"td_block_wrap tdb_single_next_prev tdi_90 td-animation-stack td-next-prev-img-on td-pb-border-top td_block_template_1\" data-td-block-uid=\"tdi_90\">\n<div class=\"tdb-block-inner td-fix-index\">\n<div class=\"tdb-next-post tdb-next-post-bg tdb-post-prev\"><span>Articolul precedent<\/span><\/p>\n<div class=\"td-module-container\">\n<div class=\"td-image-container\"><a class=\"td-image-wrap\" href=\"https:\/\/voceatimisului.ro\/complexul-sportiv-multifunctional-timis-4-all-un-pas-important-pentru-dezvoltarea-sportului-in-timis\/\"><img loading=\"lazy\" decoding=\"async\" class=\"td-next-prev-image td-fix-index td-lazy-img\" title=\"Complexul Sportiv Multifunc\u021bional \u2013 Timi\u0219 4 All: Un pas important pentru dezvoltarea sportului \u00een Timi\u0219\" width=\"696\" height=\"468\" src=\"https:\/\/analyse.optim.biz\/wp-content\/uploads\/2026\/01\/complexul-sportiv-multifunctional-timis-4-all4-696x468-1.jpg\"><\/a><\/div>\n<div class=\"next-prev-title\"><a href=\"https:\/\/voceatimisului.ro\/complexul-sportiv-multifunctional-timis-4-all-un-pas-important-pentru-dezvoltarea-sportului-in-timis\/\">Complexul Sportiv Multifunc\u021bional \u2013 Timi\u0219 4 All: Un pas important pentru dezvoltarea sportului \u00een Timi\u0219<\/a><\/div>\n<\/div>\n<\/div>\n<div class=\"tdb-next-post tdb-next-post-bg tdb-post-next\"><span>Articolul urm\u0103tor<\/span><\/p>\n<div class=\"td-module-container\">\n<div class=\"td-image-container\"><a class=\"td-image-wrap\" href=\"https:\/\/voceatimisului.ro\/drogurile-aripi-de-plumb-un-proiect-de-preventie-lansat-la-timisoara-cu-impact-emotional-puternic-asupra-tinerilor\/\"><img loading=\"lazy\" decoding=\"async\" class=\"td-next-prev-image td-fix-index td-lazy-img\" title=\"Drogurile \u2013 Aripi de Plumb, un proiect de preven\u021bie lansat la Timi\u0219oara cu impact emo\u021bional puternic asupra tinerilor\" width=\"696\" height=\"522\" src=\"https:\/\/analyse.optim.biz\/wp-content\/uploads\/2026\/01\/drogurile-e28093-aripi-de-plumb1-696x522-1.jpg\"><\/a><\/div>\n<div class=\"next-prev-title\"><a href=\"https:\/\/voceatimisului.ro\/drogurile-aripi-de-plumb-un-proiect-de-preventie-lansat-la-timisoara-cu-impact-emotional-puternic-asupra-tinerilor\/\">Drogurile \u2013 Aripi de Plumb, un proiect de preven\u021bie lansat la Timi\u0219oara cu impact emo\u021bional puternic asupra tinerilor<\/a><\/div>\n<\/div>\n<\/div>\n<\/div>\n<\/div>\n<\/div>\n<\/div>\n<\/div>\n<\/div>\n<div class=\"vc_row_inner tdi_100  vc_row vc_inner wpb_row td-pb-row\">\n<div class=\"vc_column_inner tdi_102  wpb_column vc_column_container tdc-inner-column td-pb-span4 td-is-sticky\">\n<div class=\"vc_column-inner\">\n<div class=\"wpb_wrapper\" data-sticky-enabled-on=\"W3RydWUsdHJ1ZSx0cnVlLHRydWVd\" data-sticky-offset=\"20\" data-sticky-is-width-auto=\"W2ZhbHNlLGZhbHNlLGZhbHNlLGZhbHNlXQ==\">\n<div class=\"td_block_wrap tdb_single_related tdi_103 td_with_ajax_pagination td-pb-border-top td_block_template_1 tdb-single-related-posts\" data-td-block-uid=\"tdi_103\">\n<div id=\"tdi_103\" class=\"td_block_inner tdb-block-inner td-fix-index\">\n<div class=\"tdb_module_related td_module_wrap td-animation-stack td-meta-info-hide\">\n<div class=\"td-module-container td-category-pos-image\">\n<div class=\"td-module-meta-info\">\n<h3 class=\"entry-title td-module-title\"><a href=\"https:\/\/voceatimisului.ro\/dgaspc-timis-organizeaza-un-nou-curs-de-formare-a-asistentilor-maternali-profesionisti\/\" rel=\"bookmark\" title=\"DGASPC Timis organizeaza un nou curs de formare a asistentilor maternali profesionisti\">DGASPC Timis organizeaza un nou curs de formare a asistentilor maternali profesionisti<\/a><\/h3>\n<\/div>\n<\/div>\n<\/div>\n<div class=\"tdb_module_related td_module_wrap td-animation-stack td-meta-info-hide\">\n<div class=\"td-module-container td-category-pos-image\">\n<div class=\"td-module-meta-info\">\n<h3 class=\"entry-title td-module-title\"><a href=\"https:\/\/voceatimisului.ro\/incredibil-bradul-de-craciun-din-lugoj-tarat-pe-asfalt-printre-masini-parcate-video\/\" rel=\"bookmark\" title=\"INCREDIBIL! Bradul de Craciun din Lugoj, tarat pe asfalt, printre masini parcate VIDEO\">INCREDIBIL! Bradul de Craciun din Lugoj, tarat pe asfalt, printre masini parcate VIDEO<\/a><\/h3>\n<\/div>\n<\/div>\n<\/div>\n<div class=\"tdb_module_related td_module_wrap td-animation-stack td-meta-info-hide\">\n<div class=\"td-module-container td-category-pos-image\">\n<div class=\"td-module-meta-info\">\n<h3 class=\"entry-title td-module-title\"><a href=\"https:\/\/voceatimisului.ro\/incredibil-primaria-lugoj-are-apartamente-anl-si-locuinte-sociale-dar-nu-are-cui-sa-le-acorde\/\" rel=\"bookmark\" title=\"Incredibil! Primaria Lugoj are apartamente ANL si locuinte sociale, dar nu are cui sa le acorde\">Incredibil! Primaria Lugoj are apartamente ANL si locuinte sociale, dar nu are cui sa le acorde<\/a><\/h3>\n<\/div>\n<\/div>\n<\/div>\n<\/div>\n<\/div>\n<\/div>\n<\/div>\n<\/div>\n<div class=\"vc_column_inner tdi_105  wpb_column vc_column_container tdc-inner-column td-pb-span8\">\n<div class=\"vc_column-inner\">\n<div class=\"wpb_wrapper\">\n<div class=\"td_block_wrap tdb_single_comments tdi_106 tdb-comm-layout2 td-pb-border-top td_block_template_2\" data-td-block-uid=\"tdi_106\">\n<div class=\"tdb-block-inner td-fix-index\">\n<div class=\"comments\" id=\"comments\">\n<div class=\"td-comments-title-wrap td_block_template_2\">\n<h4 class=\"td-comments-title td-block-title\"><span>1 COMENTARIU<\/span><\/h4>\n<\/div>\n<ol class=\"comment-list\">\n<li class=\"comment \" id=\"comment-29294\">\n<article>\n<footer><cite>Popescu Pamela<\/cite><a class=\"comment-link\" href=\"https:\/\/voceatimisului.ro\/inaugurare-la-lugoj-un-nou-centru-de-recuperare-pentru-copiii-cu-dizabilitati\/#comment-29294\"><time><br \/>\n\t\t\t\t\t\t    16 mai 2025\t\t\t\t\t\t    La\t\t\t\t\t\t    10:36 PM<\/time><\/a><\/footer>\n<div class=\"comment-content\">\n<p>Buna seara,m\u0103 numesc Popescu Pamela \u0219i am o cuno\u0219tin\u021b\u0103 care are b\u0103ie\u021belul cu Autism \u0219i care s_a interesat la centrul dumneavoastr\u0103 \u0219i i sa spus c\u0103 nu mai sunt locuri,va rugam frumos daca a\u021bi putea da \u00eel primiti in programul dumneavoastr\u0103,deoarece nu \u00ee\u0219i permite s\u0103 mearg\u0103 la Timi\u0219oara fiindc\u0103 costurile sunt foarte mari iar el este singurul sus\u021bin\u0103tor al familiei deoarece mama nu poate lucra pentru c\u0103 nu are cine sa aib\u0103 grij\u0103 de copii,va mul\u021bumesc anticipat,a\u0219tept r\u0103spuns.<\/p>\n<\/div>\n<div class=\"comment-meta\" id=\"comment-29294\"><a rel=\"nofollow\" class=\"comment-reply-link\" href=\"https:\/\/voceatimisului.ro\/inaugurare-la-lugoj-un-nou-centru-de-recuperare-pentru-copiii-cu-dizabilitati\/#comment-29294\" data-commentid=\"29294\" data-postid=\"171328\" data-belowelement=\"comment-29294\" data-respondelement=\"respond\" data-replyto=\"R\u0103spunde-i lui Popescu Pamela\" aria-label=\"R\u0103spunde-i lui Popescu Pamela\">R\u0103spunde\u021bi<\/a><\/div>\n<\/article>\n<\/li>\n<\/ol>\n<div id=\"respond\" class=\"comment-respond\">\n<h3 id=\"reply-title\" class=\"comment-reply-title\">L\u0102SA\u021aI UN MESAJ <small><a rel=\"nofollow\" id=\"cancel-comment-reply-link\" href=\"https:\/\/voceatimisului.ro\/inaugurare-la-lugoj-un-nou-centru-de-recuperare-pentru-copiii-cu-dizabilitati\/#respond\">Renun\u021ba\u021bi la r\u0103spuns<\/a><\/small><\/h3>\n<div class=\"comment-form-input-wrap td-form-comment\">\n<div class=\"td-warning-comment\">V\u0103 rug\u0103m s\u0103 introduce\u021bi comentariul dvs.!<\/div>\n<\/div>\n<div class=\"comment-form-input-wrap td-form-author\">\n<div class=\"td-warning-author\">Introduce\u021bi aici numele dvs.<\/div>\n<\/div>\n<div class=\"comment-form-input-wrap td-form-email\">\n<div class=\"td-warning-email-error\">A\u021bi introdus o adres\u0103 de e-mail incorect\u0103!<\/div>\n<div class=\"td-warning-email\">V\u0103 rug\u0103m s\u0103 introduce\u021bi adresa dvs. de e-mail aici<\/div>\n<\/div>\n<\/div>\n<\/div>\n<\/div>\n<\/div>\n<\/div>\n<\/div>\n<\/div>\n<\/div>\n<\/div>\n<\/div>\n<div class=\"vc_column tdi_108  wpb_column vc_column_container tdc-column td-pb-span4 td-is-sticky\">\n<div class=\"wpb_wrapper\" data-sticky-enabled-on=\"W3RydWUsdHJ1ZSx0cnVlLHRydWVd\" data-sticky-offset=\"20\" data-sticky-is-width-auto=\"W2ZhbHNlLGZhbHNlLGZhbHNlLGZhbHNlXQ==\">\n<div class=\"vc_row_inner tdi_110  vc_row vc_inner wpb_row td-pb-row\">\n<div class=\"vc_column_inner tdi_112  wpb_column vc_column_container tdc-inner-column td-pb-span12\">\n<div class=\"vc_column-inner\">\n<div class=\"wpb_wrapper\">\n<div class=\"td_block_wrap td_block_title tdi_113 td-pb-border-top td_block_template_11 td-fix-index\" data-td-block-uid=\"tdi_113\">\n<div class=\"td-block-title-wrap\">\n<h4 class=\"td-block-title\"><span class=\"td-pulldown-size\">ANUN\u021aURI \u0218I PUBLICITATE<\/span><\/h4>\n<\/div>\n<\/div>\n<\/div>\n<\/div>\n<\/div>\n<\/div>\n<div class=\"wpb_wrapper td_block_wrap vc_widget_sidebar tdi_115 \">\n<aside id=\"block-10\" class=\"td_block_template_1 widget block-10 widget_block widget_media_image\">\n<figure class=\"wp-block-image size-full\"><a href=\"https:\/\/adpghiroda.ro\/index.html\" target=\"_blank\" rel=\" noreferrer noopener\"><img decoding=\"async\" loading=\"lazy\" width=\"960\" height=\"960\" src=\"https:\/\/analyse.optim.biz\/wp-content\/uploads\/2026\/01\/adp-ghiroda2-57.jpg\" class=\"wp-image-171492\" title=\"adp-ghiroda2-57\"><\/a><\/figure>\n<\/aside>\n<aside id=\"block-11\" class=\"td_block_template_1 widget block-11 widget_block widget_media_image\">\n<figure class=\"wp-block-image size-full\"><a href=\"https:\/\/adpghiroda.ro\/index.html\" target=\"_blank\" rel=\" noreferrer noopener\"><img decoding=\"async\" loading=\"lazy\" width=\"960\" height=\"960\" src=\"https:\/\/analyse.optim.biz\/wp-content\/uploads\/2026\/01\/adp-ghiroda1-57.jpg\" class=\"wp-image-171491\" title=\"adp-ghiroda1-57\"><\/a><\/figure>\n<\/aside>\n<aside id=\"block-17\" class=\"td_block_template_1 widget block-17 widget_block widget_media_image\">\n<figure class=\"wp-block-image size-large is-resized\"><a href=\"https:\/\/verde.events\/\" target=\"_blank\" rel=\" noreferrer noopener\"><img decoding=\"async\" loading=\"lazy\" width=\"1024\" height=\"683\" src=\"https:\/\/analyse.optim.biz\/wp-content\/uploads\/2026\/01\/verde-events-24-1024x683-1-42.jpg\" alt=\"Verde Events\" class=\"wp-image-174395\" title=\"verde-events-24-1024x683-1-42\"><\/a><figcaption class=\"wp-element-caption\"><strong><em>O experien\u021b\u0103 unic\u0103 pentru orice tip de eveniment<\/em><\/strong><\/figcaption><\/figure>\n<\/aside>\n<\/div>\n<div class=\"td_block_wrap td_flex_block_1 tdi_121 td-pb-border-top td_block_template_1 td_ajax_preloading_preload td_flex_block\" data-td-block-uid=\"tdi_121\">\n<div id=\"tdi_121\" class=\"td_block_inner td-mc1-wrap\">\n<div class=\"td_module_flex td_module_flex_1 td_module_wrap td-animation-stack td-meta-info-hide td-cpt-post\">\n<div class=\"td-module-container td-category-pos-image\">\n<div class=\"td-module-meta-info\">\n<h3 class=\"entry-title td-module-title\"><a href=\"https:\/\/voceatimisului.ro\/a-avut-trei-si-a-ramas-fara-niciunul-colegiile-din-lugoj-au-fost-retrogradate-la-statutul-de-licee\/\" rel=\"bookmark\" title=\"A avut trei si a ramas fara niciunul! Colegiile din Lugoj au fost \u201eretrogradate\u201d la statutul de licee\">A avut trei si a ramas fara niciunul! Colegiile din Lugoj au fost \u201eretrogradate\u201d la statutul de licee<\/a><\/h3>\n<\/div>\n<\/div>\n<\/div>\n<div class=\"td_module_flex td_module_flex_1 td_module_wrap td-animation-stack td-meta-info-hide td-cpt-post\">\n<div class=\"td-module-container td-category-pos-image\">\n<div class=\"td-module-meta-info\">\n<h3 class=\"entry-title td-module-title\"><a href=\"https:\/\/voceatimisului.ro\/tinere-disparute-din-centrul-de-plasament-din-lugoj-cautate-de-politisti\/\" rel=\"bookmark\" title=\"Tinere disparute din centrul de plasament din Lugoj, cautate de politisti\">Tinere disparute din centrul de plasament din Lugoj, cautate de politisti<\/a><\/h3>\n<\/div>\n<\/div>\n<\/div>\n<div class=\"td_module_flex td_module_flex_1 td_module_wrap td-animation-stack td-meta-info-hide td-cpt-post\">\n<div class=\"td-module-container td-category-pos-image\">\n<div class=\"td-module-meta-info\">\n<h3 class=\"entry-title td-module-title\"><a href=\"https:\/\/voceatimisului.ro\/foto-motivul-pentru-care-un-primar-din-timis-mers-cu-elicopterul-sa-ia-masa-la-lugoj\/\" rel=\"bookmark\" title=\"FOTO Motivul pentru care un primar din Timis a mers cu elicopterul sa ia masa la Lugoj\">FOTO Motivul pentru care un primar din Timis a mers cu elicopterul sa ia masa la Lugoj<\/a><\/h3>\n<\/div>\n<\/div>\n<\/div>\n<div class=\"td_module_flex td_module_flex_1 td_module_wrap td-animation-stack td-meta-info-hide td-cpt-post\">\n<div class=\"td-module-container td-category-pos-image\">\n<div class=\"td-module-meta-info\">\n<h3 class=\"entry-title td-module-title\"><a href=\"https:\/\/voceatimisului.ro\/explozie-intr-un-bloc-din-lugoj-peste-10-apartamente-afectate\/\" rel=\"bookmark\" title=\"Explozie \u00eentr-un bloc din Lugoj. Peste 10 apartamente afectate\">Explozie \u00eentr-un bloc din Lugoj. Peste 10 apartamente afectate<\/a><\/h3>\n<\/div>\n<\/div>\n<\/div>\n<div class=\"td_module_flex td_module_flex_1 td_module_wrap td-animation-stack td-meta-info-hide td-cpt-post\">\n<div class=\"td-module-container td-category-pos-image\">\n<div class=\"td-module-meta-info\">\n<h3 class=\"entry-title td-module-title\"><a href=\"https:\/\/voceatimisului.ro\/timiseni-spulberati-de-un-sofer-vitezoman-la-intrarea-lugoj\/\" rel=\"bookmark\" title=\"Timi\u0219eni spulbera\u021bi de un \u0219ofer vitezoman, la intrarea \u00een Lugoj\">Timi\u0219eni spulbera\u021bi de un \u0219ofer vitezoman, la intrarea \u00een Lugoj<\/a><\/h3>\n<\/div>\n<\/div>\n<\/div>\n<\/div>\n<\/div>\n<\/div>\n<\/div>\n<\/div>\n<\/div>\n<\/div>\n<\/div>\n<p><span class=\"td-page-meta\"><\/span><span class=\"td-page-meta\"><span class=\"td-page-meta\"><\/span><\/span><span class=\"td-page-meta\"><\/span><\/article>\n<p> Source URL: https:\/\/voceatimisului.ro\/inaugurare-la-lugoj-un-nou-centru-de-recuperare-pentru-copiii-cu-dizabilitati\/<\/p>\n","protected":false},"excerpt":{"rendered":"<p>\u0218tiriS\u0103n\u0103tate Inaugurare la Lugoj: Un nou centru de recuperare pentru copiii cu dizabilit\u0103\u021bi Autor-Marta Stirbey 20 martie 2025 1 1664 Facebook Twitter Pinterest WhatsApp Linkedin Copy URL Doi scandalagii din Lugoj, cunoscu\u021bi de Poli\u021bie, recidiveaz\u0103! I-au furat banii \u0219i i-au spart telefonul unui b\u0103rbat Dona\u021bie de aproape 120.000 de euro pentru mamele victime ale violen\u021bei [&hellip;]<\/p>\n","protected":false},"author":1,"featured_media":1289439,"comment_status":"open","ping_status":"","sticky":false,"template":"","format":"standard","meta":{"footnotes":""},"categories":[89],"tags":[199],"class_list":["post-1289438","post","type-post","status-publish","format-standard","has-post-thumbnail","hentry","category-romania","tag-voceatimisului-ro"],"_links":{"self":[{"href":"https:\/\/analyse.optim.biz\/index.php?rest_route=\/wp\/v2\/posts\/1289438","targetHints":{"allow":["GET"]}}],"collection":[{"href":"https:\/\/analyse.optim.biz\/index.php?rest_route=\/wp\/v2\/posts"}],"about":[{"href":"https:\/\/analyse.optim.biz\/index.php?rest_route=\/wp\/v2\/types\/post"}],"author":[{"embeddable":true,"href":"https:\/\/analyse.optim.biz\/index.php?rest_route=\/wp\/v2\/users\/1"}],"replies":[{"embeddable":true,"href":"https:\/\/analyse.optim.biz\/index.php?rest_route=%2Fwp%2Fv2%2Fcomments&post=1289438"}],"version-history":[{"count":0,"href":"https:\/\/analyse.optim.biz\/index.php?rest_route=\/wp\/v2\/posts\/1289438\/revisions"}],"wp:featuredmedia":[{"embeddable":true,"href":"https:\/\/analyse.optim.biz\/index.php?rest_route=\/wp\/v2\/media\/1289439"}],"wp:attachment":[{"href":"https:\/\/analyse.optim.biz\/index.php?rest_route=%2Fwp%2Fv2%2Fmedia&parent=1289438"}],"wp:term":[{"taxonomy":"category","embeddable":true,"href":"https:\/\/analyse.optim.biz\/index.php?rest_route=%2Fwp%2Fv2%2Fcategories&post=1289438"},{"taxonomy":"post_tag","embeddable":true,"href":"https:\/\/analyse.optim.biz\/index.php?rest_route=%2Fwp%2Fv2%2Ftags&post=1289438"}],"curies":[{"name":"wp","href":"https:\/\/api.w.org\/{rel}","templated":true}]}}