{"id":1289396,"date":"2025-04-09T11:09:42","date_gmt":"2025-04-09T08:09:42","guid":{"rendered":"https:\/\/analyse.optim.biz\/?p=1289396"},"modified":"2025-04-09T11:09:42","modified_gmt":"2025-04-09T08:09:42","slug":"incompetenta-lui-fritz-lasa-timisoara-fara-spitalul-municipal","status":"publish","type":"post","link":"https:\/\/analyse.optim.biz\/?p=1289396","title":{"rendered":"Incompeten\u021ba lui Fritz las\u0103 Timi\u0219oara f\u0103r\u0103 Spitalul Municipal"},"content":{"rendered":"<article id=\"template-id-172790\" class=\"post-172790 tdb_templates type-tdb_templates status-publish post\">\n<div id=\"tdi_52\" class=\"tdc-zone\">\n<div class=\"tdc_zone tdi_53  wpb_row td-pb-row\">\n<div id=\"tdi_54\" class=\"tdc-row stretch_row_1400 td-stretch-content\">\n<div class=\"vc_row tdi_55  wpb_row td-pb-row tdc-element-style\">\n<div class=\"vc_column tdi_57  wpb_column vc_column_container tdc-column td-pb-span8\">\n<div class=\"wpb_wrapper\">\n<div class=\"td_block_wrap tdb_single_categories tdi_58 td-pb-border-top td_block_template_1 \" data-td-block-uid=\"tdi_58\">\n<div class=\"tdb-category td-fix-index\"><a class=\"tdb-entry-category\" href=\"https:\/\/voceatimisului.ro\/stiri-din-timisoara-si-timis\/\">\u0218tiri<\/a><a class=\"tdb-entry-category\" href=\"https:\/\/voceatimisului.ro\/stiri-din-timisoara-si-timis\/sanatate\/\">S\u0103n\u0103tate<\/a><\/div>\n<\/div>\n<div class=\"td_block_wrap tdb_title tdi_59 tdb-single-title td-pb-border-top td_block_template_1\" data-td-block-uid=\"tdi_59\">\n<div class=\"tdb-block-inner td-fix-index\">\n<h1 class=\"tdb-title-text\">Incompeten\u021ba lui Fritz las\u0103 Timi\u0219oara f\u0103r\u0103 Spitalul Municipal<\/h1>\n<\/div>\n<\/div>\n<div class=\"vc_row_inner tdi_62  vc_row vc_inner wpb_row td-pb-row\">\n<div class=\"vc_column_inner tdi_64  wpb_column vc_column_container tdc-inner-column td-pb-span6\">\n<div class=\"vc_column-inner\">\n<div class=\"wpb_wrapper\">\n<div class=\"td_block_wrap tdb_single_author tdi_65 td-pb-border-top td_block_template_1 tdb-post-meta\" data-td-block-uid=\"tdi_65\">\n<div class=\"tdb-block-inner td-fix-index\">\n<div class=\"tdb-author-name-wrap\"><span class=\"tdb-author-by\">Autor-<\/span><a class=\"tdb-author-name\" href=\"https:\/\/voceatimisului.ro\/author\/cataadmin\/\">Radu Constantin<\/a><\/div>\n<\/div>\n<\/div>\n<div class=\"td_block_wrap tdb_single_date tdi_66 td-pb-border-top td_block_template_1 tdb-post-meta\" data-td-block-uid=\"tdi_66\">\n<div class=\"tdb-block-inner td-fix-index\"><time class=\"entry-date updated td-module-date\" datetime=\"2025-04-09T14:09:42+03:00\">9 aprilie 2025<\/time><\/div>\n<\/div>\n<div class=\"td_block_wrap tdb_single_comments_count tdi_67 td-pb-border-top td_block_template_1 tdb-post-meta\" data-td-block-uid=\"tdi_67\">\n<div class=\"tdb-block-inner td-fix-index\"><a href=\"https:\/\/voceatimisului.ro\/incompetenta-lui-fritz-lasa-timisoara-fara-spitalul-municipal\/#respond\"><span>0<\/span><\/a><\/div>\n<\/div>\n<div class=\"td_block_wrap tdb_single_post_views tdi_68 td-pb-border-top td_block_template_1 tdb-post-meta\" data-td-block-uid=\"tdi_68\">\n<div class=\"tdb-block-inner td-fix-index\"><span class=\"tdb-add-text\">1<\/span><span class=\"td-nr-views-171653\">2046<\/span><\/div>\n<\/div>\n<\/div>\n<\/div>\n<\/div>\n<div class=\"vc_column_inner tdi_70  wpb_column vc_column_container tdc-inner-column td-pb-span6\">\n<div class=\"vc_column-inner\">\n<div class=\"wpb_wrapper\">\n<div class=\"td_block_wrap tdb_single_post_share tdi_71  td-pb-border-top td_block_template_1\" data-td-block-uid=\"tdi_71\">\n<div id=\"tdi_71\" class=\"td-post-sharing tdb-block td-ps-bg td-ps-notext td-post-sharing-style1 \">\n<div class=\"td-post-sharing-visible\"><a class=\"td-social-sharing-button td-social-sharing-button-js td-social-network td-social-facebook\" href=\"https:\/\/www.facebook.com\/sharer.php?u=https%3A%2F%2Fvoceatimisului.ro%2Fincompetenta-lui-fritz-lasa-timisoara-fara-spitalul-municipal%2F\" title=\"Facebook\" rel=\"noopener\"><\/p>\n<div class=\"td-social-but-text\">Facebook<\/div>\n<p><\/a><a class=\"td-social-sharing-button td-social-sharing-button-js td-social-network td-social-twitter\" href=\"https:\/\/twitter.com\/intent\/tweet?text=Incompeten%C8%9Ba+lui+Fritz+las%C4%83+Timi%C8%99oara+f%C4%83r%C4%83+Spitalul+Municipal&amp;url=https%3A%2F%2Fvoceatimisului.ro%2Fincompetenta-lui-fritz-lasa-timisoara-fara-spitalul-municipal%2F&amp;via=Vocea+Timisului\" title=\"Twitter\" rel=\"noopener\"><\/p>\n<div class=\"td-social-but-text\">Twitter<\/div>\n<p><\/a><a class=\"td-social-sharing-button td-social-sharing-button-js td-social-network td-social-pinterest\" href=\"https:\/\/pinterest.com\/pin\/create\/button\/?url=https:\/\/voceatimisului.ro\/incompetenta-lui-fritz-lasa-timisoara-fara-spitalul-municipal\/&amp;media=https:\/\/analyse.optim.biz\/wp-content\/uploads\/2026\/01\/dominic-fritz-isi-face-selfie-uri-prin-bucuresti.jpg&amp;description=Incompeten%C8%9Ba+lui+Fritz+las%C4%83+Timi%C8%99oara+f%C4%83r%C4%83+Spitalul+Municipal\" title=\"Pinterest\" rel=\"noopener\"><\/p>\n<div class=\"td-social-but-text\">Pinterest<\/div>\n<p><\/a><a class=\"td-social-sharing-button td-social-sharing-button-js td-social-network td-social-whatsapp\" href=\"https:\/\/api.whatsapp.com\/send?text=Incompeten%C8%9Ba+lui+Fritz+las%C4%83+Timi%C8%99oara+f%C4%83r%C4%83+Spitalul+Municipal%20%0A%0A%20https:\/\/voceatimisului.ro\/incompetenta-lui-fritz-lasa-timisoara-fara-spitalul-municipal\/\" title=\"WhatsApp\" rel=\"noopener\"><\/p>\n<div class=\"td-social-but-text\">WhatsApp<\/div>\n<p><\/a><a class=\"td-social-sharing-button td-social-sharing-button-js td-social-network td-social-linkedin\" href=\"https:\/\/www.linkedin.com\/shareArticle?mini=true&amp;url=https:\/\/voceatimisului.ro\/incompetenta-lui-fritz-lasa-timisoara-fara-spitalul-municipal\/&amp;title=Incompeten%C8%9Ba+lui+Fritz+las%C4%83+Timi%C8%99oara+f%C4%83r%C4%83+Spitalul+Municipal\" title=\"Linkedin\" rel=\"noopener\"><\/p>\n<div class=\"td-social-but-text\">Linkedin<\/div>\n<p><\/a><a class=\"td-social-sharing-button td-social-sharing-button-js td-social-network td-social-copy_url\" href=\"https:\/\/voceatimisului.ro\/incompetenta-lui-fritz-lasa-timisoara-fara-spitalul-municipal\/\" title=\"Copy URL\" rel=\"noopener\"><\/p>\n<div class=\"td-social-but-text\">Copy URL<\/div>\n<p><\/a><\/div>\n<\/div>\n<\/div>\n<\/div>\n<\/div>\n<\/div>\n<\/div>\n<div class=\"td_block_wrap tdb_single_featured_image tdi_72 tdb-content-horiz-left td-pb-border-top td_block_template_1\" data-td-block-uid=\"tdi_72\">\n<div class=\"tdb-block-inner td-fix-index\">\n<figure><img fetchpriority=\"high\" decoding=\"async\" width=\"696\" height=\"522\" class=\"entry-thumb\" src=\"https:\/\/analyse.optim.biz\/wp-content\/uploads\/2026\/01\/dominic-fritz-isi-face-selfie-uri-prin-bucuresti-696x522-1-1.jpg\" title=\"Dominic Fritz \u00ee\u0219i face selfie-uri prin Bucure\u0219ti\" loading=\"eager\"><figcaption class=\"tdb-caption-text\">Incompeten\u021ba lui Fritz las\u0103 Timi\u0219oara f\u0103r\u0103 Spitalul Municipal<\/figcaption><\/figure>\n<\/div>\n<\/div>\n<div class=\"vc_row_inner tdi_74  vc_row vc_inner wpb_row td-pb-row\">\n<div class=\"vc_column_inner tdi_76  wpb_column vc_column_container tdc-inner-column td-pb-span4 td-is-sticky\">\n<div class=\"vc_column-inner\">\n<div class=\"wpb_wrapper\" data-sticky-enabled-on=\"W3RydWUsdHJ1ZSx0cnVlLHRydWVd\" data-sticky-offset=\"20\" data-sticky-is-width-auto=\"W2ZhbHNlLGZhbHNlLGZhbHNlLGZhbHNlXQ==\">\n<div class=\"td_block_wrap td_flex_block_1 tdi_77 td-pb-border-top td_block_template_1 td_ajax_preloading_preload td_flex_block\" data-td-block-uid=\"tdi_77\">\n<div id=\"tdi_77\" class=\"td_block_inner td-mc1-wrap\">\n<div class=\"td_module_flex td_module_flex_1 td_module_wrap td-animation-stack td-meta-info-hide td-cpt-post\">\n<div class=\"td-module-container td-category-pos-image\">\n<div class=\"td-module-meta-info\">\n<h3 class=\"entry-title td-module-title\"><a href=\"https:\/\/voceatimisului.ro\/reforma-lui-fritz-pe-banii-timisorenilor-timisoara-plateste-milioane-si-se-uita-la-autobuze-care-ard\/\" rel=\"bookmark\" title=\"Reforma lui Fritz, pe banii timi\u0219orenilor. Timi\u0219oara pl\u0103te\u0219te milioane \u0219i se uit\u0103 la autobuze care ard\">Reforma lui Fritz, pe banii timi\u0219orenilor. Timi\u0219oara pl\u0103te\u0219te milioane \u0219i se uit\u0103 la autobuze care ard<\/a><\/h3>\n<\/div>\n<\/div>\n<\/div>\n<div class=\"td_module_flex td_module_flex_1 td_module_wrap td-animation-stack td-meta-info-hide td-cpt-post\">\n<div class=\"td-module-container td-category-pos-image\">\n<div class=\"td-module-meta-info\">\n<h3 class=\"entry-title td-module-title\"><a href=\"https:\/\/voceatimisului.ro\/alfred-simonis-implicare-concreta-nu-vorbe-cadoul-de-craciun-care-duce-politehnica-timisoara-mai-aproape-de-normalitate\/\" rel=\"bookmark\" title=\"Alfred Simonis, implicare concret\u0103, nu vorbe. Cadoul de Cr\u0103ciun care duce Politehnica Timi\u0219oara mai aproape de normalitate\">Alfred Simonis, implicare concret\u0103, nu vorbe. Cadoul de Cr\u0103ciun care duce Politehnica Timi\u0219oara mai aproape de normalitate<\/a><\/h3>\n<\/div>\n<\/div>\n<\/div>\n<div class=\"td_module_flex td_module_flex_1 td_module_wrap td-animation-stack td-meta-info-hide td-cpt-post\">\n<div class=\"td-module-container td-category-pos-image\">\n<div class=\"td-module-meta-info\">\n<h3 class=\"entry-title td-module-title\"><a href=\"https:\/\/voceatimisului.ro\/administratia-usr-si-epurarea-incomozilor-i-as-aduna-pe-toti-intr-o-incapere-si-le-as-da-foc\/\" rel=\"bookmark\" title=\"Administra\u021bia USR \u0219i epurarea incomozilor. \u201eI-a\u0219 aduna pe to\u021bi \u00eentr-o \u00eenc\u0103pere \u0219i le-a\u0219 da foc.\u201d\">Administra\u021bia USR \u0219i epurarea incomozilor. \u201eI-a\u0219 aduna pe to\u021bi \u00eentr-o \u00eenc\u0103pere \u0219i le-a\u0219 da foc.\u201d<\/a><\/h3>\n<\/div>\n<\/div>\n<\/div>\n<div class=\"td_module_flex td_module_flex_1 td_module_wrap td-animation-stack td-meta-info-hide td-cpt-post\">\n<div class=\"td-module-container td-category-pos-image\">\n<div class=\"td-module-meta-info\">\n<h3 class=\"entry-title td-module-title\"><a href=\"https:\/\/voceatimisului.ro\/investitii-de-500-de-milioane-de-euro-in-sanatate-prezentate-in-timpul-vizitei-ministrului-sanatatii-la-timisoara\/\" rel=\"bookmark\" title=\"Investi\u021bii de 500 de milioane de euro \u00een s\u0103n\u0103tate, prezentate \u00een timpul vizitei ministrului S\u0103n\u0103t\u0103\u021bii la Timi\u0219oara\">Investi\u021bii de 500 de milioane de euro \u00een s\u0103n\u0103tate, prezentate \u00een timpul vizitei ministrului S\u0103n\u0103t\u0103\u021bii la Timi\u0219oara<\/a><\/h3>\n<\/div>\n<\/div>\n<\/div>\n<\/div>\n<\/div>\n<div class=\"tdb-author-box td_block_wrap tdb_single_author_box tdi_82 tdb-content-vert-top td-pb-border-top td_block_template_1\" data-td-block-uid=\"tdi_82\">\n<div class=\"tdb-block-inner td-fix-index\">\n<div class=\"tdb-author-info\"><a href=\"https:\/\/voceatimisului.ro\/author\/cataadmin\/\" class=\"tdb-author-name\">Radu Constantin<\/a><a href=\"http:\/\/www.voceatimisului.ro\" rel=\"nofollow\" class=\"tdb-author-url\">http:\/\/www.voceatimisului.ro<\/a><\/p>\n<div class=\"tdb-author-descr\">\u00centreaga responsabilitate a comentariilor l\u0103sate de dumneavoastr\u0103 v\u0103 apar\u021bine!<br \/>\nClick <a href=\"https:\/\/voceatimisului.ro\/termeni-si-conditii\/\">aici<\/a>-citeste condi\u0163iile de utilizare ale site-ului www.voceatimisului.ro<\/div>\n<\/div>\n<\/div>\n<\/div>\n<\/div>\n<\/div>\n<\/div>\n<div class=\"vc_column_inner tdi_84  wpb_column vc_column_container tdc-inner-column td-pb-span8\">\n<div class=\"vc_column-inner\">\n<div class=\"wpb_wrapper\">\n<div class=\"td_block_wrap tdb_single_content tdi_85 td-pb-border-top td_block_template_1 td-post-content tagdiv-type\" data-td-block-uid=\"tdi_85\">\n<div class=\"tdb-block-inner td-fix-index\">\n<h5 class=\"wp-block-heading\">\u00cen timp ce Dominic Fritz \u00ee\u0219i face selfie-uri prin Bucure\u0219ti \u0219i comploteaz\u0103 s\u0103 o scoat\u0103 pe Elena Lasconi din joc pentru a pune m\u00e2na pe conducerea USR, la Timi\u0219oara, administra\u021bia pe care o conduce se pr\u0103bu\u0219e\u0219te. La propriu.<\/h5>\n<p>Spitalul Municipal din Timi\u0219oara a r\u0103mas f\u0103r\u0103 autoriza\u021bie de func\u021bionare. Da, a\u021bi citit bine: unul dintre cele mai importante spitale din ora\u0219 risca s\u0103 fie \u00eenchis din cauza neglijen\u021bei crase a administra\u021biei USR.<\/p>\n<p>Noroc cu interven\u021bia de urgen\u021b\u0103 a lui Alfred Simonis, pre\u0219edintele Consiliului Jude\u021bean Timi\u0219, care a reu\u0219it s\u0103 evite un dezastru medical printr-un apel direct la ministrul S\u0103n\u0103t\u0103\u021bii, Alexandru Rafila.<\/p>\n<p><strong><em>\u201eAm discutat \u00eenc\u0103 de diminea\u021b\u0103 cu ministrul S\u0103n\u0103t\u0103\u021bii, cu \u0219eful DSP \u0219i cu \u0219eful Casei de S\u0103n\u0103tate, pentru a rezolva aceast\u0103 problem\u0103 urgent\u0103. Spitalul Municipal Timi\u0219oara va primi o autoriza\u021bie de func\u021bionare provizorie, astfel \u00eenc\u00e2t pacien\u021bii s\u0103 nu fie afecta\u021bi. F\u0103r\u0103 aceast\u0103 interven\u021bie, unitatea risca s\u0103 fie \u00eenchis\u0103.\u201d <\/em><\/strong>\u2013 a declarat Alfred Simonis.<\/p>\n<p>Mai mult, liderul CJ Timi\u0219 a tras un semnal de alarm\u0103 serios: diferen\u021bele \u00eentre investi\u021biile \u00een Spitalul Jude\u021bean \u0219i stagnarea total\u0103 de la Spitalul Municipal sunt colosale. \u00cen timp ce la Jude\u021bean se construiesc sec\u021bii noi, se reabiliteaz\u0103 infrastructura \u0219i se dezvolt\u0103 centre moderne pentru mari ar\u0219i sau blocuri operatorii, Spitalul Municipal a ajuns o ruin\u0103.<\/p>\n<p><strong><em>\u201eCu tot regretul \u0219i cu respect fa\u021b\u0103 de cei care au gestionat acest subiect, Spitalul Municipal este o ruin\u0103.\u201d <\/em><\/strong>\u2013 a mai spus Simonis, subliniind c\u0103 \u00een loc de vinova\u021bi \u0219i declara\u021bii politice, e nevoie urgent\u0103 de o strategie comun\u0103 \u00eentre Prim\u0103rie, Minister \u0219i Consiliul Jude\u021bean pentru salvarea sistemului medical din Timi\u0219oara.<\/p>\n<figure class=\"wp-block-embed is-type-video is-provider-youtube wp-block-embed-youtube wp-embed-aspect-16-9 \">\n<div class=\"wp-block-embed__wrapper\"><span class=\"flying-press-youtube\" data-src=\"https:\/\/www.youtube.com\/embed\/MPxVdE7xC44?feature=oembed&amp;autoplay=1\"><img decoding=\"async\" src=\"https:\/\/analyse.optim.biz\/wp-content\/uploads\/2026\/01\/17ffdddc16d01d614b4ac36eca288f7f.jpg\" width=\"1280\" height=\"720\" alt=\"Spitalul Municipal din Timi\u0219oara a r\u0103mas f\u0103r\u0103 autoriza\u021bie de func\u021bionare\" loading=\"lazy\" title=\"17ffdddc16d01d614b4ac36eca288f7f\"><\/span><\/div>\n<\/figure>\n<\/div>\n<\/div>\n<div class=\"td_block_wrap tdb_single_tags tdi_88 td-pb-border-top td_block_template_1\" data-td-block-uid=\"tdi_88\">\n<div class=\"tdb-block-inner td-fix-index\">\n<ul class=\"tdb-tags\">\n<li><span>Tags<\/span><\/li>\n<li><a href=\"https:\/\/voceatimisului.ro\/tag\/alexandru-rafila\/\">alexandru rafila<\/a><\/li>\n<li><a href=\"https:\/\/voceatimisului.ro\/tag\/alfred-simions\/\">Alfred Simions<\/a><\/li>\n<li><a href=\"https:\/\/voceatimisului.ro\/tag\/dominic-fritz\/\">Dominic Fritz<\/a><\/li>\n<li><a href=\"https:\/\/voceatimisului.ro\/tag\/incompetenta\/\">incompetenta<\/a><\/li>\n<li><a href=\"https:\/\/voceatimisului.ro\/tag\/spitalul-municipal-timisoara\/\">spitalul municipal timisoara<\/a><\/li>\n<\/ul>\n<\/div>\n<\/div>\n<div class=\"td_block_wrap tdb_single_post_share tdi_89  td-pb-border-top td_block_template_1\" data-td-block-uid=\"tdi_89\">\n<div id=\"tdi_89\" class=\"td-post-sharing tdb-block td-ps-bg td-ps-notext td-post-sharing-style1 \">\n<div class=\"td-post-sharing-visible\"><a class=\"td-social-sharing-button td-social-sharing-button-js td-social-network td-social-facebook\" href=\"https:\/\/www.facebook.com\/sharer.php?u=https%3A%2F%2Fvoceatimisului.ro%2Fincompetenta-lui-fritz-lasa-timisoara-fara-spitalul-municipal%2F\" title=\"Facebook\" rel=\"noopener\"><\/p>\n<div class=\"td-social-but-text\">Facebook<\/div>\n<p><\/a><a class=\"td-social-sharing-button td-social-sharing-button-js td-social-network td-social-twitter\" href=\"https:\/\/twitter.com\/intent\/tweet?text=Incompeten%C8%9Ba+lui+Fritz+las%C4%83+Timi%C8%99oara+f%C4%83r%C4%83+Spitalul+Municipal&amp;url=https%3A%2F%2Fvoceatimisului.ro%2Fincompetenta-lui-fritz-lasa-timisoara-fara-spitalul-municipal%2F&amp;via=Vocea+Timisului\" title=\"Twitter\" rel=\"noopener\"><\/p>\n<div class=\"td-social-but-text\">Twitter<\/div>\n<p><\/a><a class=\"td-social-sharing-button td-social-sharing-button-js td-social-network td-social-pinterest\" href=\"https:\/\/pinterest.com\/pin\/create\/button\/?url=https:\/\/voceatimisului.ro\/incompetenta-lui-fritz-lasa-timisoara-fara-spitalul-municipal\/&amp;media=https:\/\/analyse.optim.biz\/wp-content\/uploads\/2026\/01\/dominic-fritz-isi-face-selfie-uri-prin-bucuresti.jpg&amp;description=Incompeten%C8%9Ba+lui+Fritz+las%C4%83+Timi%C8%99oara+f%C4%83r%C4%83+Spitalul+Municipal\" title=\"Pinterest\" rel=\"noopener\"><\/p>\n<div class=\"td-social-but-text\">Pinterest<\/div>\n<p><\/a><a class=\"td-social-sharing-button td-social-sharing-button-js td-social-network td-social-whatsapp\" href=\"https:\/\/api.whatsapp.com\/send?text=Incompeten%C8%9Ba+lui+Fritz+las%C4%83+Timi%C8%99oara+f%C4%83r%C4%83+Spitalul+Municipal%20%0A%0A%20https:\/\/voceatimisului.ro\/incompetenta-lui-fritz-lasa-timisoara-fara-spitalul-municipal\/\" title=\"WhatsApp\" rel=\"noopener\"><\/p>\n<div class=\"td-social-but-text\">WhatsApp<\/div>\n<p><\/a><a class=\"td-social-sharing-button td-social-sharing-button-js td-social-network td-social-linkedin\" href=\"https:\/\/www.linkedin.com\/shareArticle?mini=true&amp;url=https:\/\/voceatimisului.ro\/incompetenta-lui-fritz-lasa-timisoara-fara-spitalul-municipal\/&amp;title=Incompeten%C8%9Ba+lui+Fritz+las%C4%83+Timi%C8%99oara+f%C4%83r%C4%83+Spitalul+Municipal\" title=\"Linkedin\" rel=\"noopener\"><\/p>\n<div class=\"td-social-but-text\">Linkedin<\/div>\n<p><\/a><a class=\"td-social-sharing-button td-social-sharing-button-js td-social-network td-social-copy_url\" href=\"https:\/\/voceatimisului.ro\/incompetenta-lui-fritz-lasa-timisoara-fara-spitalul-municipal\/\" title=\"Copy URL\" rel=\"noopener\"><\/p>\n<div class=\"td-social-but-text\">Copy URL<\/div>\n<p><\/a><\/div>\n<\/div>\n<\/div>\n<div class=\"td_block_wrap tdb_single_next_prev tdi_90 td-animation-stack td-next-prev-img-on td-pb-border-top td_block_template_1\" data-td-block-uid=\"tdi_90\">\n<div class=\"tdb-block-inner td-fix-index\">\n<div class=\"tdb-next-post tdb-next-post-bg tdb-post-prev\"><span>Articolul precedent<\/span><\/p>\n<div class=\"td-module-container\">\n<div class=\"td-image-container\"><a class=\"td-image-wrap\" href=\"https:\/\/voceatimisului.ro\/zboruri-directe-din-timisoara-spre-antalya-tenerife-creta-si-alte-8-destinatii\/\"><img loading=\"lazy\" decoding=\"async\" class=\"td-next-prev-image td-fix-index td-lazy-img\" title=\"Zboruri directe din Timi\u0219oara spre Antalya, Tenerife, Creta \u0219i alte 8 destina\u021bii\" width=\"696\" height=\"464\" src=\"https:\/\/analyse.optim.biz\/wp-content\/uploads\/2026\/01\/zboruri-directe-din-timisoara-spre-antalya-tenerife-creta-si-alte-8-destinatii4-696x464-1.jpg\"><\/a><\/div>\n<div class=\"next-prev-title\"><a href=\"https:\/\/voceatimisului.ro\/zboruri-directe-din-timisoara-spre-antalya-tenerife-creta-si-alte-8-destinatii\/\">Zboruri directe din Timi\u0219oara spre Antalya, Tenerife, Creta \u0219i alte 8 destina\u021bii<\/a><\/div>\n<\/div>\n<\/div>\n<div class=\"tdb-next-post tdb-next-post-bg tdb-post-next\"><span>Articolul urm\u0103tor<\/span><\/p>\n<div class=\"td-module-container\">\n<div class=\"td-image-container\"><a class=\"td-image-wrap\" href=\"https:\/\/voceatimisului.ro\/a-fost-semnat-ordinul-de-incepere-a-lucrarilor-pentru-institutul-regional-de-oncologie-timisoara\/\"><img loading=\"lazy\" decoding=\"async\" class=\"td-next-prev-image td-fix-index td-lazy-img\" title=\"A fost semnat ordinul de \u00eencepere a lucr\u0103rilor pentru Institutul Regional de Oncologie Timi\u0219oara\" width=\"696\" height=\"392\" src=\"https:\/\/analyse.optim.biz\/wp-content\/uploads\/2026\/01\/institutul-regional-de-oncologie-timisoara2-696x392-1-1.jpg\"><\/a><\/div>\n<div class=\"next-prev-title\"><a href=\"https:\/\/voceatimisului.ro\/a-fost-semnat-ordinul-de-incepere-a-lucrarilor-pentru-institutul-regional-de-oncologie-timisoara\/\">A fost semnat ordinul de \u00eencepere a lucr\u0103rilor pentru Institutul Regional de Oncologie Timi\u0219oara<\/a><\/div>\n<\/div>\n<\/div>\n<\/div>\n<\/div>\n<\/div>\n<\/div>\n<\/div>\n<\/div>\n<div class=\"vc_row_inner tdi_100  vc_row vc_inner wpb_row td-pb-row\">\n<div class=\"vc_column_inner tdi_102  wpb_column vc_column_container tdc-inner-column td-pb-span4 td-is-sticky\">\n<div class=\"vc_column-inner\">\n<div class=\"wpb_wrapper\" data-sticky-enabled-on=\"W3RydWUsdHJ1ZSx0cnVlLHRydWVd\" data-sticky-offset=\"20\" data-sticky-is-width-auto=\"W2ZhbHNlLGZhbHNlLGZhbHNlLGZhbHNlXQ==\">\n<div class=\"td_block_wrap tdb_single_related tdi_103 td_with_ajax_pagination td-pb-border-top td_block_template_1 tdb-single-related-posts\" data-td-block-uid=\"tdi_103\">\n<div id=\"tdi_103\" class=\"td_block_inner tdb-block-inner td-fix-index\">\n<div class=\"tdb_module_related td_module_wrap td-animation-stack td-meta-info-hide\">\n<div class=\"td-module-container td-category-pos-image\">\n<div class=\"td-module-meta-info\">\n<h3 class=\"entry-title td-module-title\"><a href=\"https:\/\/voceatimisului.ro\/transportul-public-din-timisoara-se-prabuseste-in-fiecare-zi-in-trafic-dar-in-birourile-primariei-totul-arata-perfect-si-european\/\" rel=\"bookmark\" title=\"Transportul public din Timi\u0219oara se pr\u0103bu\u0219e\u0219te \u00een fiecare zi \u00een trafic, dar \u00een birourile Prim\u0103riei totul arat\u0103 perfect \u0219i \u201ceuropean\u201d\">Transportul public din Timi\u0219oara se pr\u0103bu\u0219e\u0219te \u00een fiecare zi \u00een trafic, dar \u00een birourile Prim\u0103riei totul arat\u0103 perfect \u0219i \u201ceuropean\u201d<\/a><\/h3>\n<\/div>\n<\/div>\n<\/div>\n<div class=\"tdb_module_related td_module_wrap td-animation-stack td-meta-info-hide\">\n<div class=\"td-module-container td-category-pos-image\">\n<div class=\"td-module-meta-info\">\n<h3 class=\"entry-title td-module-title\"><a href=\"https:\/\/voceatimisului.ro\/retim-sfideaza-legea-si-institutiile-din-timis-foloseste-echipamente-publice-fara-drept-si-blocheaza-accesul-la-informatii\/\" rel=\"bookmark\" title=\"RETIM sfideaz\u0103 legea \u0219i institu\u021biile din Timi\u0219, folose\u0219te echipamente publice f\u0103r\u0103 drept \u0219i blocheaz\u0103 accesul la informa\u021bii\">RETIM sfideaz\u0103 legea \u0219i institu\u021biile din Timi\u0219, folose\u0219te echipamente publice f\u0103r\u0103 drept \u0219i blocheaz\u0103 accesul la informa\u021bii<\/a><\/h3>\n<\/div>\n<\/div>\n<\/div>\n<div class=\"tdb_module_related td_module_wrap td-animation-stack td-meta-info-hide\">\n<div class=\"td-module-container td-category-pos-image\">\n<div class=\"td-module-meta-info\">\n<h3 class=\"entry-title td-module-title\"><a href=\"https:\/\/voceatimisului.ro\/dezastru-la-spitalul-municipal-timisoara-mizerie-pe-holuri-si-o-conducere-care-vaneaza-angajatii-incomozi\/\" rel=\"bookmark\" title=\"Dezastru la Spitalul Municipal Timi\u0219oara, mizerie pe holuri \u0219i o conducere care v\u00e2neaz\u0103 angaja\u021bii incomozi\">Dezastru la Spitalul Municipal Timi\u0219oara, mizerie pe holuri \u0219i o conducere care v\u00e2neaz\u0103 angaja\u021bii incomozi<\/a><\/h3>\n<\/div>\n<\/div>\n<\/div>\n<\/div>\n<\/div>\n<\/div>\n<\/div>\n<\/div>\n<div class=\"vc_column_inner tdi_105  wpb_column vc_column_container tdc-inner-column td-pb-span8\">\n<div class=\"vc_column-inner\">\n<div class=\"wpb_wrapper\">\n<div class=\"td_block_wrap tdb_single_comments tdi_106 tdb-comm-layout2 td-pb-border-top td_block_template_2\" data-td-block-uid=\"tdi_106\">\n<div class=\"tdb-block-inner td-fix-index\">\n<div class=\"comments\" id=\"comments\">\n<div id=\"respond\" class=\"comment-respond\">\n<h3 id=\"reply-title\" class=\"comment-reply-title\">L\u0102SA\u021aI UN MESAJ <small><a rel=\"nofollow\" id=\"cancel-comment-reply-link\" href=\"https:\/\/voceatimisului.ro\/incompetenta-lui-fritz-lasa-timisoara-fara-spitalul-municipal\/#respond\">Renun\u021ba\u021bi la r\u0103spuns<\/a><\/small><\/h3>\n<div class=\"comment-form-input-wrap td-form-comment\">\n<div class=\"td-warning-comment\">V\u0103 rug\u0103m s\u0103 introduce\u021bi comentariul dvs.!<\/div>\n<\/div>\n<div class=\"comment-form-input-wrap td-form-author\">\n<div class=\"td-warning-author\">Introduce\u021bi aici numele dvs.<\/div>\n<\/div>\n<div class=\"comment-form-input-wrap td-form-email\">\n<div class=\"td-warning-email-error\">A\u021bi introdus o adres\u0103 de e-mail incorect\u0103!<\/div>\n<div class=\"td-warning-email\">V\u0103 rug\u0103m s\u0103 introduce\u021bi adresa dvs. de e-mail aici<\/div>\n<\/div>\n<\/div>\n<\/div>\n<\/div>\n<\/div>\n<\/div>\n<\/div>\n<\/div>\n<\/div>\n<\/div>\n<\/div>\n<div class=\"vc_column tdi_108  wpb_column vc_column_container tdc-column td-pb-span4 td-is-sticky\">\n<div class=\"wpb_wrapper\" data-sticky-enabled-on=\"W3RydWUsdHJ1ZSx0cnVlLHRydWVd\" data-sticky-offset=\"20\" data-sticky-is-width-auto=\"W2ZhbHNlLGZhbHNlLGZhbHNlLGZhbHNlXQ==\">\n<div class=\"vc_row_inner tdi_110  vc_row vc_inner wpb_row td-pb-row\">\n<div class=\"vc_column_inner tdi_112  wpb_column vc_column_container tdc-inner-column td-pb-span12\">\n<div class=\"vc_column-inner\">\n<div class=\"wpb_wrapper\">\n<div class=\"td_block_wrap td_block_title tdi_113 td-pb-border-top td_block_template_11 td-fix-index\" data-td-block-uid=\"tdi_113\">\n<div class=\"td-block-title-wrap\">\n<h4 class=\"td-block-title\"><span class=\"td-pulldown-size\">ANUN\u021aURI \u0218I PUBLICITATE<\/span><\/h4>\n<\/div>\n<\/div>\n<\/div>\n<\/div>\n<\/div>\n<\/div>\n<div class=\"wpb_wrapper td_block_wrap vc_widget_sidebar tdi_115 \">\n<aside id=\"block-10\" class=\"td_block_template_1 widget block-10 widget_block widget_media_image\">\n<figure class=\"wp-block-image size-full\"><a href=\"https:\/\/adpghiroda.ro\/index.html\" target=\"_blank\" rel=\" noreferrer noopener\"><img decoding=\"async\" loading=\"eager\" width=\"960\" height=\"960\" src=\"https:\/\/analyse.optim.biz\/wp-content\/uploads\/2026\/01\/adp-ghiroda2-55.jpg\" class=\"wp-image-171492\" title=\"adp-ghiroda2-55\"><\/a><\/figure>\n<\/aside>\n<aside id=\"block-11\" class=\"td_block_template_1 widget block-11 widget_block widget_media_image\">\n<figure class=\"wp-block-image size-full\"><a href=\"https:\/\/adpghiroda.ro\/index.html\" target=\"_blank\" rel=\" noreferrer noopener\"><img decoding=\"async\" loading=\"lazy\" width=\"960\" height=\"960\" src=\"https:\/\/analyse.optim.biz\/wp-content\/uploads\/2026\/01\/adp-ghiroda1-55.jpg\" class=\"wp-image-171491\" title=\"adp-ghiroda1-55\"><\/a><\/figure>\n<\/aside>\n<aside id=\"block-17\" class=\"td_block_template_1 widget block-17 widget_block widget_media_image\">\n<figure class=\"wp-block-image size-large is-resized\"><a href=\"https:\/\/verde.events\/\" target=\"_blank\" rel=\" noreferrer noopener\"><img decoding=\"async\" loading=\"lazy\" width=\"1024\" height=\"683\" src=\"https:\/\/analyse.optim.biz\/wp-content\/uploads\/2026\/01\/verde-events-24-1024x683-1-40.jpg\" alt=\"Verde Events\" class=\"wp-image-174395\" title=\"verde-events-24-1024x683-1-40\"><\/a><figcaption class=\"wp-element-caption\"><strong><em>O experien\u021b\u0103 unic\u0103 pentru orice tip de eveniment<\/em><\/strong><\/figcaption><\/figure>\n<\/aside>\n<\/div>\n<div class=\"td_block_wrap td_flex_block_1 tdi_121 td-pb-border-top td_block_template_1 td_ajax_preloading_preload td_flex_block\" data-td-block-uid=\"tdi_121\">\n<div id=\"tdi_121\" class=\"td_block_inner td-mc1-wrap\">\n<div class=\"td_module_flex td_module_flex_1 td_module_wrap td-animation-stack td-meta-info-hide td-cpt-post\">\n<div class=\"td-module-container td-category-pos-image\">\n<div class=\"td-module-meta-info\">\n<h3 class=\"entry-title td-module-title\"><a href=\"https:\/\/voceatimisului.ro\/retim-lovitura-in-instanta-si-factura-de-24-600-lei-pe-fondul-haosului-din-gestionarea-gunoiului\/\" rel=\"bookmark\" title=\"RETIM, lovitur\u0103 \u00een instan\u021b\u0103 \u0219i factur\u0103 de 24.600 lei pe fondul haosului din gestionarea gunoiului\">RETIM, lovitur\u0103 \u00een instan\u021b\u0103 \u0219i factur\u0103 de 24.600 lei pe fondul haosului din gestionarea gunoiului<\/a><\/h3>\n<\/div>\n<\/div>\n<\/div>\n<div class=\"td_module_flex td_module_flex_1 td_module_wrap td-animation-stack td-meta-info-hide td-cpt-post\">\n<div class=\"td-module-container td-category-pos-image\">\n<div class=\"td-module-meta-info\">\n<h3 class=\"entry-title td-module-title\"><a href=\"https:\/\/voceatimisului.ro\/iccj-ii-strica-lui-dominic-fritz-manevra-de-blocaj-dosarul-de-conflict-de-interese-se-reia\/\" rel=\"bookmark\" title=\"\u00ceCCJ \u00eei stric\u0103 lui Dominic Fritz manevra de blocaj. Dosarul de conflict de interese se reia\">\u00ceCCJ \u00eei stric\u0103 lui Dominic Fritz manevra de blocaj. Dosarul de conflict de interese se reia<\/a><\/h3>\n<\/div>\n<\/div>\n<\/div>\n<div class=\"td_module_flex td_module_flex_1 td_module_wrap td-animation-stack td-meta-info-hide td-cpt-post\">\n<div class=\"td-module-container td-category-pos-image\">\n<div class=\"td-module-meta-info\">\n<h3 class=\"entry-title td-module-title\"><a href=\"https:\/\/voceatimisului.ro\/simonis-in-plenul-cj-timis-decizia-instantei-deblocheaza-stadionul-nu-il-ingroapa\/\" rel=\"bookmark\" title=\"Simonis, \u00een plenul CJ Timi\u0219: decizia instan\u021bei deblocheaz\u0103 stadionul, nu \u00eel \u00eengroap\u0103\">Simonis, \u00een plenul CJ Timi\u0219: decizia instan\u021bei deblocheaz\u0103 stadionul, nu \u00eel \u00eengroap\u0103<\/a><\/h3>\n<\/div>\n<\/div>\n<\/div>\n<div class=\"td_module_flex td_module_flex_1 td_module_wrap td-animation-stack td-meta-info-hide td-cpt-post\">\n<div class=\"td-module-container td-category-pos-image\">\n<div class=\"td-module-meta-info\">\n<h3 class=\"entry-title td-module-title\"><a href=\"https:\/\/voceatimisului.ro\/retim-si-polaris-acuzatii-directe-in-cj-timis-simonis-nu-ne-lasam-santajati-de-mafia-gunoaielor\/\" rel=\"bookmark\" title=\"RETIM \u0219i Polaris, acuza\u021bii directe \u00een CJ Timi\u0219. Simonis: nu ne l\u0103s\u0103m \u0219antaja\u021bi de \u201emafia gunoaielor\u201d\">RETIM \u0219i Polaris, acuza\u021bii directe \u00een CJ Timi\u0219. Simonis: nu ne l\u0103s\u0103m \u0219antaja\u021bi de \u201emafia gunoaielor\u201d<\/a><\/h3>\n<\/div>\n<\/div>\n<\/div>\n<div class=\"td_module_flex td_module_flex_1 td_module_wrap td-animation-stack td-meta-info-hide td-cpt-post\">\n<div class=\"td-module-container td-category-pos-image\">\n<div class=\"td-module-meta-info\">\n<h3 class=\"entry-title td-module-title\"><a href=\"https:\/\/voceatimisului.ro\/eveniment-de-iarna-la-muzeul-satului-banatean-organizat-de-consiliul-judetean-timis\/\" rel=\"bookmark\" title=\"Eveniment de iarn\u0103 la Muzeul Satului B\u0103n\u0103\u021bean, organizat de Consiliul Jude\u021bean Timi\u0219\">Eveniment de iarn\u0103 la Muzeul Satului B\u0103n\u0103\u021bean, organizat de Consiliul Jude\u021bean Timi\u0219<\/a><\/h3>\n<\/div>\n<\/div>\n<\/div>\n<\/div>\n<\/div>\n<\/div>\n<\/div>\n<\/div>\n<\/div>\n<\/div>\n<\/div>\n<p><span class=\"td-page-meta\"><\/span><span class=\"td-page-meta\"><span class=\"td-page-meta\"><\/span><\/span><span class=\"td-page-meta\"><\/span><\/article>\n<p> Source URL: https:\/\/voceatimisului.ro\/incompetenta-lui-fritz-lasa-timisoara-fara-spitalul-municipal\/<\/p>\n","protected":false},"excerpt":{"rendered":"<p>\u0218tiriS\u0103n\u0103tate Incompeten\u021ba lui Fritz las\u0103 Timi\u0219oara f\u0103r\u0103 Spitalul Municipal Autor-Radu Constantin 9 aprilie 2025 0 12046 Facebook Twitter Pinterest WhatsApp Linkedin Copy URL Incompeten\u021ba lui Fritz las\u0103 Timi\u0219oara f\u0103r\u0103 Spitalul Municipal Reforma lui Fritz, pe banii timi\u0219orenilor. Timi\u0219oara pl\u0103te\u0219te milioane \u0219i se uit\u0103 la autobuze care ard Alfred Simonis, implicare concret\u0103, nu vorbe. Cadoul de [&hellip;]<\/p>\n","protected":false},"author":1,"featured_media":1289398,"comment_status":"open","ping_status":"","sticky":false,"template":"","format":"standard","meta":{"footnotes":""},"categories":[89],"tags":[199],"class_list":["post-1289396","post","type-post","status-publish","format-standard","has-post-thumbnail","hentry","category-romania","tag-voceatimisului-ro"],"_links":{"self":[{"href":"https:\/\/analyse.optim.biz\/index.php?rest_route=\/wp\/v2\/posts\/1289396","targetHints":{"allow":["GET"]}}],"collection":[{"href":"https:\/\/analyse.optim.biz\/index.php?rest_route=\/wp\/v2\/posts"}],"about":[{"href":"https:\/\/analyse.optim.biz\/index.php?rest_route=\/wp\/v2\/types\/post"}],"author":[{"embeddable":true,"href":"https:\/\/analyse.optim.biz\/index.php?rest_route=\/wp\/v2\/users\/1"}],"replies":[{"embeddable":true,"href":"https:\/\/analyse.optim.biz\/index.php?rest_route=%2Fwp%2Fv2%2Fcomments&post=1289396"}],"version-history":[{"count":0,"href":"https:\/\/analyse.optim.biz\/index.php?rest_route=\/wp\/v2\/posts\/1289396\/revisions"}],"wp:featuredmedia":[{"embeddable":true,"href":"https:\/\/analyse.optim.biz\/index.php?rest_route=\/wp\/v2\/media\/1289398"}],"wp:attachment":[{"href":"https:\/\/analyse.optim.biz\/index.php?rest_route=%2Fwp%2Fv2%2Fmedia&parent=1289396"}],"wp:term":[{"taxonomy":"category","embeddable":true,"href":"https:\/\/analyse.optim.biz\/index.php?rest_route=%2Fwp%2Fv2%2Fcategories&post=1289396"},{"taxonomy":"post_tag","embeddable":true,"href":"https:\/\/analyse.optim.biz\/index.php?rest_route=%2Fwp%2Fv2%2Ftags&post=1289396"}],"curies":[{"name":"wp","href":"https:\/\/api.w.org\/{rel}","templated":true}]}}