{"id":1289288,"date":"2025-08-26T04:53:38","date_gmt":"2025-08-26T01:53:38","guid":{"rendered":"https:\/\/analyse.optim.biz\/?p=1289288"},"modified":"2025-08-26T04:53:38","modified_gmt":"2025-08-26T01:53:38","slug":"tichete-electronice-de-energie-pentru-consumatorii-casnici-vulnerabili","status":"publish","type":"post","link":"https:\/\/analyse.optim.biz\/?p=1289288","title":{"rendered":"Tichete electronice de energie pentru consumatorii casnici vulnerabili"},"content":{"rendered":"<article id=\"template-id-172790\" class=\"post-172790 tdb_templates type-tdb_templates status-publish post\">\n<div id=\"tdi_52\" class=\"tdc-zone\">\n<div class=\"tdc_zone tdi_53  wpb_row td-pb-row\">\n<div id=\"tdi_54\" class=\"tdc-row stretch_row_1400 td-stretch-content\">\n<div class=\"vc_row tdi_55  wpb_row td-pb-row tdc-element-style\">\n<div class=\"vc_column tdi_57  wpb_column vc_column_container tdc-column td-pb-span8\">\n<div class=\"wpb_wrapper\">\n<div class=\"td_block_wrap tdb_single_categories tdi_58 td-pb-border-top td_block_template_1 \" data-td-block-uid=\"tdi_58\">\n<div class=\"tdb-category td-fix-index\"><a class=\"tdb-entry-category\" href=\"https:\/\/voceatimisului.ro\/stiri-din-timisoara-si-timis\/\">\u0218tiri<\/a><a class=\"tdb-entry-category\" href=\"https:\/\/voceatimisului.ro\/stiri-din-timisoara-si-timis\/social\/\">Social<\/a><\/div>\n<\/div>\n<div class=\"td_block_wrap tdb_title tdi_59 tdb-single-title td-pb-border-top td_block_template_1\" data-td-block-uid=\"tdi_59\">\n<div class=\"tdb-block-inner td-fix-index\">\n<h1 class=\"tdb-title-text\">Tichete electronice de energie pentru consumatorii casnici vulnerabili<\/h1>\n<\/div>\n<\/div>\n<div class=\"td_block_wrap tdb_single_subtitle tdi_60 td-pb-border-top td_block_template_1\" data-td-block-uid=\"tdi_60\">\n<div class=\"tdb-block-inner td-fix-index\">\n<h2>Sprijin financiar acordat consumatorilor casnici vulnerabili, conform O.U.G. nr. 35\/2025<\/h2>\n<\/div>\n<\/div>\n<div class=\"vc_row_inner tdi_62  vc_row vc_inner wpb_row td-pb-row\">\n<div class=\"vc_column_inner tdi_64  wpb_column vc_column_container tdc-inner-column td-pb-span6\">\n<div class=\"vc_column-inner\">\n<div class=\"wpb_wrapper\">\n<div class=\"td_block_wrap tdb_single_author tdi_65 td-pb-border-top td_block_template_1 tdb-post-meta\" data-td-block-uid=\"tdi_65\">\n<div class=\"tdb-block-inner td-fix-index\">\n<div class=\"tdb-author-name-wrap\"><span class=\"tdb-author-by\">Autor-<\/span><a class=\"tdb-author-name\" href=\"https:\/\/voceatimisului.ro\/author\/redactia\/\">Redac\u021bia<\/a><\/div>\n<\/div>\n<\/div>\n<div class=\"td_block_wrap tdb_single_date tdi_66 td-pb-border-top td_block_template_1 tdb-post-meta\" data-td-block-uid=\"tdi_66\">\n<div class=\"tdb-block-inner td-fix-index\"><time class=\"entry-date updated td-module-date\" datetime=\"2025-08-26T07:53:38+03:00\">26 august 2025<\/time><\/div>\n<\/div>\n<div class=\"td_block_wrap tdb_single_comments_count tdi_67 td-pb-border-top td_block_template_1 tdb-post-meta\" data-td-block-uid=\"tdi_67\">\n<div class=\"tdb-block-inner td-fix-index\"><a href=\"https:\/\/voceatimisului.ro\/tichete-electronice-de-energie-pentru-consumatorii-casnici-vulnerabili\/#respond\"><span>0<\/span><\/a><\/div>\n<\/div>\n<div class=\"td_block_wrap tdb_single_post_views tdi_68 td-pb-border-top td_block_template_1 tdb-post-meta\" data-td-block-uid=\"tdi_68\">\n<div class=\"tdb-block-inner td-fix-index\"><span class=\"tdb-add-text\">1<\/span><span class=\"td-nr-views-174886\">44<\/span><\/div>\n<\/div>\n<\/div>\n<\/div>\n<\/div>\n<div class=\"vc_column_inner tdi_70  wpb_column vc_column_container tdc-inner-column td-pb-span6\">\n<div class=\"vc_column-inner\">\n<div class=\"wpb_wrapper\">\n<div class=\"td_block_wrap tdb_single_post_share tdi_71  td-pb-border-top td_block_template_1\" data-td-block-uid=\"tdi_71\">\n<div id=\"tdi_71\" class=\"td-post-sharing tdb-block td-ps-bg td-ps-notext td-post-sharing-style1 \">\n<div class=\"td-post-sharing-visible\"><a class=\"td-social-sharing-button td-social-sharing-button-js td-social-network td-social-facebook\" href=\"https:\/\/www.facebook.com\/sharer.php?u=https%3A%2F%2Fvoceatimisului.ro%2Ftichete-electronice-de-energie-pentru-consumatorii-casnici-vulnerabili%2F\" title=\"Facebook\" rel=\"noopener\"><\/p>\n<div class=\"td-social-but-text\">Facebook<\/div>\n<p><\/a><a class=\"td-social-sharing-button td-social-sharing-button-js td-social-network td-social-twitter\" href=\"https:\/\/twitter.com\/intent\/tweet?text=Tichete+electronice+de+energie+pentru+consumatorii+casnici+vulnerabili&amp;url=https%3A%2F%2Fvoceatimisului.ro%2Ftichete-electronice-de-energie-pentru-consumatorii-casnici-vulnerabili%2F&amp;via=Vocea+Timisului\" title=\"Twitter\" rel=\"noopener\"><\/p>\n<div class=\"td-social-but-text\">Twitter<\/div>\n<p><\/a><a class=\"td-social-sharing-button td-social-sharing-button-js td-social-network td-social-pinterest\" href=\"https:\/\/pinterest.com\/pin\/create\/button\/?url=https:\/\/voceatimisului.ro\/tichete-electronice-de-energie-pentru-consumatorii-casnici-vulnerabili\/&amp;media=https:\/\/analyse.optim.biz\/wp-content\/uploads\/2026\/01\/tichete-electronice-de-energie-pentru-consumatorii-casnici-vulnerabili.webp&amp;description=Tichete+electronice+de+energie+pentru+consumatorii+casnici+vulnerabili\" title=\"Pinterest\" rel=\"noopener\"><\/p>\n<div class=\"td-social-but-text\">Pinterest<\/div>\n<p><\/a><a class=\"td-social-sharing-button td-social-sharing-button-js td-social-network td-social-whatsapp\" href=\"https:\/\/api.whatsapp.com\/send?text=Tichete+electronice+de+energie+pentru+consumatorii+casnici+vulnerabili%20%0A%0A%20https:\/\/voceatimisului.ro\/tichete-electronice-de-energie-pentru-consumatorii-casnici-vulnerabili\/\" title=\"WhatsApp\" rel=\"noopener\"><\/p>\n<div class=\"td-social-but-text\">WhatsApp<\/div>\n<p><\/a><a class=\"td-social-sharing-button td-social-sharing-button-js td-social-network td-social-linkedin\" href=\"https:\/\/www.linkedin.com\/shareArticle?mini=true&amp;url=https:\/\/voceatimisului.ro\/tichete-electronice-de-energie-pentru-consumatorii-casnici-vulnerabili\/&amp;title=Tichete+electronice+de+energie+pentru+consumatorii+casnici+vulnerabili\" title=\"Linkedin\" rel=\"noopener\"><\/p>\n<div class=\"td-social-but-text\">Linkedin<\/div>\n<p><\/a><a class=\"td-social-sharing-button td-social-sharing-button-js td-social-network td-social-copy_url\" href=\"https:\/\/voceatimisului.ro\/tichete-electronice-de-energie-pentru-consumatorii-casnici-vulnerabili\/\" title=\"Copy URL\" rel=\"noopener\"><\/p>\n<div class=\"td-social-but-text\">Copy URL<\/div>\n<p><\/a><\/div>\n<\/div>\n<\/div>\n<\/div>\n<\/div>\n<\/div>\n<\/div>\n<div class=\"td_block_wrap tdb_single_featured_image tdi_72 tdb-content-horiz-left td-pb-border-top td_block_template_1\" data-td-block-uid=\"tdi_72\">\n<div class=\"tdb-block-inner td-fix-index\">\n<figure><img loading=\"lazy\" decoding=\"async\" width=\"696\" height=\"985\" class=\"entry-thumb\" src=\"https:\/\/analyse.optim.biz\/wp-content\/uploads\/2026\/01\/tichete-electronice-de-energie-pentru-consumatorii-casnici-vulnerabili-696x985-1.webp\" alt=\"Tichete electronice de energie pentru consumatorii casnici vulnerabili\" title=\"Tichete electronice de energie pentru consumatorii casnici vulnerabili\"><figcaption class=\"tdb-caption-text\">Tichete electronice de energie pentru consumatorii casnici vulnerabili<\/figcaption><\/figure>\n<\/div>\n<\/div>\n<div class=\"vc_row_inner tdi_74  vc_row vc_inner wpb_row td-pb-row\">\n<div class=\"vc_column_inner tdi_76  wpb_column vc_column_container tdc-inner-column td-pb-span4 td-is-sticky\">\n<div class=\"vc_column-inner\">\n<div class=\"wpb_wrapper\" data-sticky-enabled-on=\"W3RydWUsdHJ1ZSx0cnVlLHRydWVd\" data-sticky-offset=\"20\" data-sticky-is-width-auto=\"W2ZhbHNlLGZhbHNlLGZhbHNlLGZhbHNlXQ==\">\n<div class=\"td_block_wrap td_flex_block_1 tdi_77 td-pb-border-top td_block_template_1 td_ajax_preloading_preload td_flex_block\" data-td-block-uid=\"tdi_77\">\n<div id=\"tdi_77\" class=\"td_block_inner td-mc1-wrap\">\n<div class=\"td_module_flex td_module_flex_1 td_module_wrap td-animation-stack td-meta-info-hide td-cpt-post\">\n<div class=\"td-module-container td-category-pos-image\">\n<div class=\"td-module-meta-info\">\n<h3 class=\"entry-title td-module-title\"><a href=\"https:\/\/voceatimisului.ro\/doua-investitii-europene-majore-pentru-comuna-sag-scoala-verde-si-asfaltari-pe-strazi-importante\/\" rel=\"bookmark\" title=\"Dou\u0103 investi\u021bii europene majore pentru comuna \u0218ag: \u0219coal\u0103 verde \u0219i asfalt\u0103ri pe str\u0103zi importante\">Dou\u0103 investi\u021bii europene majore pentru comuna \u0218ag: \u0219coal\u0103 verde \u0219i asfalt\u0103ri pe str\u0103zi importante<\/a><\/h3>\n<\/div>\n<\/div>\n<\/div>\n<div class=\"td_module_flex td_module_flex_1 td_module_wrap td-animation-stack td-meta-info-hide td-cpt-post\">\n<div class=\"td-module-container td-category-pos-image\">\n<div class=\"td-module-meta-info\">\n<h3 class=\"entry-title td-module-title\"><a href=\"https:\/\/voceatimisului.ro\/post-de-medic-de-familie-disponibil-in-sag-judetul-timis-centru-medical-nou-construit-cu-fonduri-europene\/\" rel=\"bookmark\" title=\"Post de medic de familie disponibil \u00een \u0218ag, jude\u021bul Timi\u0219 \u2013 centru medical nou, construit cu fonduri europene\">Post de medic de familie disponibil \u00een \u0218ag, jude\u021bul Timi\u0219 \u2013 centru medical nou, construit cu fonduri europene<\/a><\/h3>\n<\/div>\n<\/div>\n<\/div>\n<div class=\"td_module_flex td_module_flex_1 td_module_wrap td-animation-stack td-meta-info-hide td-cpt-post\">\n<div class=\"td-module-container td-category-pos-image\">\n<div class=\"td-module-meta-info\">\n<h3 class=\"entry-title td-module-title\"><a href=\"https:\/\/voceatimisului.ro\/investitii-in-infrastructura-comunei-sag-parcare-noua-asfaltari-si-piste-pentru-biciclete\/\" rel=\"bookmark\" title=\"Investi\u021bii \u00een infrastructura comunei \u0218ag: parcare nou\u0103, asfalt\u0103ri \u0219i piste pentru biciclete\">Investi\u021bii \u00een infrastructura comunei \u0218ag: parcare nou\u0103, asfalt\u0103ri \u0219i piste pentru biciclete<\/a><\/h3>\n<\/div>\n<\/div>\n<\/div>\n<div class=\"td_module_flex td_module_flex_1 td_module_wrap td-animation-stack td-meta-info-hide td-cpt-post\">\n<div class=\"td-module-container td-category-pos-image\">\n<div class=\"td-module-meta-info\">\n<h3 class=\"entry-title td-module-title\"><a href=\"https:\/\/voceatimisului.ro\/trei-zile-de-sarbatoare-in-sag-dedicate-copiilor-si-tinerilor-din-comuna\/\" rel=\"bookmark\" title=\"Trei zile de s\u0103rb\u0103toare \u00een \u0218ag, dedicate copiilor \u0219i tinerilor din comun\u0103\">Trei zile de s\u0103rb\u0103toare \u00een \u0218ag, dedicate copiilor \u0219i tinerilor din comun\u0103<\/a><\/h3>\n<\/div>\n<\/div>\n<\/div>\n<\/div>\n<\/div>\n<div class=\"tdb-author-box td_block_wrap tdb_single_author_box tdi_82 tdb-content-vert-top td-pb-border-top td_block_template_1\" data-td-block-uid=\"tdi_82\">\n<div class=\"tdb-block-inner td-fix-index\">\n<div class=\"tdb-author-info\"><a href=\"https:\/\/voceatimisului.ro\/author\/redactia\/\" class=\"tdb-author-name\">Redac\u021bia<\/a><\/p>\n<div class=\"tdb-author-descr\">\u00centreaga responsabilitate a comentariilor l\u0103sate de dumneavoastr\u0103 v\u0103 apar\u021bine!<br \/>\nClick <a href=\"https:\/\/voceatimisului.ro\/termeni-si-conditii\/\">aici<\/a>-citeste condi\u0163iile de utilizare ale site-ului www.voceatimisului.ro<\/div>\n<\/div>\n<\/div>\n<\/div>\n<\/div>\n<\/div>\n<\/div>\n<div class=\"vc_column_inner tdi_84  wpb_column vc_column_container tdc-inner-column td-pb-span8\">\n<div class=\"vc_column-inner\">\n<div class=\"wpb_wrapper\">\n<div class=\"td_block_wrap tdb_single_content tdi_85 td-pb-border-top td_block_template_1 td-post-content tagdiv-type\" data-td-block-uid=\"tdi_85\">\n<div class=\"tdb-block-inner td-fix-index\">\n<h3 class=\"wp-block-heading\">\u00cencep\u00e2nd cu 1 iulie 2025, consumatorii casnici afla\u021bi \u00een situa\u021bie de s\u0103r\u0103cie energetic\u0103 pot beneficia de sprijin financiar prin intermediul tichetelor electronice de energie, conform Ordonan\u021bei de Urgen\u021b\u0103 nr. 35\/30.06.2025. M\u0103sura are caracter temporar \u0219i se aplic\u0103 p\u00e2n\u0103 la 31 martie 2026. Valoarea sprijinului este de 50 de lei pe lun\u0103, sumele put\u00e2nd fi utilizate pentru plata facturilor de energie electric\u0103 aferente consumului realizat \u00eencep\u00e2nd cu 1 iulie 2025.<\/h3>\n<p>De acest sprijin pot beneficia persoanele singure cu un venit net lunar de maximum 1.940 lei, respectiv familiile cu un venit net lunar pe membru de maximum 1.784 lei. Solicitan\u021bii pot transmite cererile online, prin platforma EPIDS (epids.mmuncii.ro), administrat\u0103 tehnic de Serviciul de Telecomunica\u021bii Speciale.<\/p>\n<p>Pentru persoanele f\u0103r\u0103 acces la internet, cererile pot fi depuse prin Compartimentul de Asisten\u021b\u0103 Social\u0103 al Prim\u0103riei \u0218ag sau prin intermediul Oficiului Po\u0219tal \u0218ag, \u00eencep\u00e2nd cu data de 28 august 2025. Documentele necesare sunt copia actelor de identitate pentru to\u021bi membrii familiei, copia ultimei facturi de energie \u0219i dovada veniturilor.<\/p>\n<p>Informa\u021bii suplimentare pot fi ob\u021binute la Compartimentul de Asisten\u021b\u0103 Social\u0103 al Prim\u0103riei \u0218ag, persoana de contact Alina Cristina Neam\u021b (tel. 0256 395 368), la Oficiul Po\u0219tal \u0218ag sau prin Call Center-ul ANPIS, la num\u0103rul 021 9309.<\/p>\n<\/div>\n<\/div>\n<div class=\"td_block_wrap tdb_single_tags tdi_88 td-pb-border-top td_block_template_1\" data-td-block-uid=\"tdi_88\">\n<div class=\"tdb-block-inner td-fix-index\">\n<ul class=\"tdb-tags\">\n<li><span>Tags<\/span><\/li>\n<li><a href=\"https:\/\/voceatimisului.ro\/tag\/comuna-sag\/\">comuna sag<\/a><\/li>\n<li><a href=\"https:\/\/voceatimisului.ro\/tag\/consumatorii-casnici\/\">consumatorii casnici<\/a><\/li>\n<li><a href=\"https:\/\/voceatimisului.ro\/tag\/consumatorii-vulnerabili\/\">consumatorii vulnerabili<\/a><\/li>\n<li><a href=\"https:\/\/voceatimisului.ro\/tag\/tichete-de-energie\/\">tichete de energie<\/a><\/li>\n<\/ul>\n<\/div>\n<\/div>\n<div class=\"td_block_wrap tdb_single_post_share tdi_89  td-pb-border-top td_block_template_1\" data-td-block-uid=\"tdi_89\">\n<div id=\"tdi_89\" class=\"td-post-sharing tdb-block td-ps-bg td-ps-notext td-post-sharing-style1 \">\n<div class=\"td-post-sharing-visible\"><a class=\"td-social-sharing-button td-social-sharing-button-js td-social-network td-social-facebook\" href=\"https:\/\/www.facebook.com\/sharer.php?u=https%3A%2F%2Fvoceatimisului.ro%2Ftichete-electronice-de-energie-pentru-consumatorii-casnici-vulnerabili%2F\" title=\"Facebook\" rel=\"noopener\"><\/p>\n<div class=\"td-social-but-text\">Facebook<\/div>\n<p><\/a><a class=\"td-social-sharing-button td-social-sharing-button-js td-social-network td-social-twitter\" href=\"https:\/\/twitter.com\/intent\/tweet?text=Tichete+electronice+de+energie+pentru+consumatorii+casnici+vulnerabili&amp;url=https%3A%2F%2Fvoceatimisului.ro%2Ftichete-electronice-de-energie-pentru-consumatorii-casnici-vulnerabili%2F&amp;via=Vocea+Timisului\" title=\"Twitter\" rel=\"noopener\"><\/p>\n<div class=\"td-social-but-text\">Twitter<\/div>\n<p><\/a><a class=\"td-social-sharing-button td-social-sharing-button-js td-social-network td-social-pinterest\" href=\"https:\/\/pinterest.com\/pin\/create\/button\/?url=https:\/\/voceatimisului.ro\/tichete-electronice-de-energie-pentru-consumatorii-casnici-vulnerabili\/&amp;media=https:\/\/analyse.optim.biz\/wp-content\/uploads\/2026\/01\/tichete-electronice-de-energie-pentru-consumatorii-casnici-vulnerabili.webp&amp;description=Tichete+electronice+de+energie+pentru+consumatorii+casnici+vulnerabili\" title=\"Pinterest\" rel=\"noopener\"><\/p>\n<div class=\"td-social-but-text\">Pinterest<\/div>\n<p><\/a><a class=\"td-social-sharing-button td-social-sharing-button-js td-social-network td-social-whatsapp\" href=\"https:\/\/api.whatsapp.com\/send?text=Tichete+electronice+de+energie+pentru+consumatorii+casnici+vulnerabili%20%0A%0A%20https:\/\/voceatimisului.ro\/tichete-electronice-de-energie-pentru-consumatorii-casnici-vulnerabili\/\" title=\"WhatsApp\" rel=\"noopener\"><\/p>\n<div class=\"td-social-but-text\">WhatsApp<\/div>\n<p><\/a><a class=\"td-social-sharing-button td-social-sharing-button-js td-social-network td-social-linkedin\" href=\"https:\/\/www.linkedin.com\/shareArticle?mini=true&amp;url=https:\/\/voceatimisului.ro\/tichete-electronice-de-energie-pentru-consumatorii-casnici-vulnerabili\/&amp;title=Tichete+electronice+de+energie+pentru+consumatorii+casnici+vulnerabili\" title=\"Linkedin\" rel=\"noopener\"><\/p>\n<div class=\"td-social-but-text\">Linkedin<\/div>\n<p><\/a><a class=\"td-social-sharing-button td-social-sharing-button-js td-social-network td-social-copy_url\" href=\"https:\/\/voceatimisului.ro\/tichete-electronice-de-energie-pentru-consumatorii-casnici-vulnerabili\/\" title=\"Copy URL\" rel=\"noopener\"><\/p>\n<div class=\"td-social-but-text\">Copy URL<\/div>\n<p><\/a><\/div>\n<\/div>\n<\/div>\n<div class=\"td_block_wrap tdb_single_next_prev tdi_90 td-animation-stack td-next-prev-img-on td-pb-border-top td_block_template_1\" data-td-block-uid=\"tdi_90\">\n<div class=\"tdb-block-inner td-fix-index\">\n<div class=\"tdb-next-post tdb-next-post-bg tdb-post-prev\"><span>Articolul precedent<\/span><\/p>\n<div class=\"td-module-container\">\n<div class=\"td-image-container\"><a class=\"td-image-wrap\" href=\"https:\/\/voceatimisului.ro\/concerte-si-expozitii-in-timis-calendarul-cultural-al-saptamanii\/\"><img decoding=\"async\" class=\"td-next-prev-image td-fix-index td-lazy-img\" title=\"Concerte \u0219i expozi\u021bii \u00een Timi\u0219: calendarul cultural al s\u0103pt\u0103m\u00e2nii\" src=\"https:\/\/analyse.optim.biz\/wp-content\/uploads\/2026\/01\/concerte-si-expozitii-in-timis.webp\"><\/a><\/div>\n<div class=\"next-prev-title\"><a href=\"https:\/\/voceatimisului.ro\/concerte-si-expozitii-in-timis-calendarul-cultural-al-saptamanii\/\">Concerte \u0219i expozi\u021bii \u00een Timi\u0219: calendarul cultural al s\u0103pt\u0103m\u00e2nii<\/a><\/div>\n<\/div>\n<\/div>\n<div class=\"tdb-next-post tdb-next-post-bg tdb-post-next\"><span>Articolul urm\u0103tor<\/span><\/p>\n<div class=\"td-module-container\">\n<div class=\"td-image-container\"><a class=\"td-image-wrap\" href=\"https:\/\/voceatimisului.ro\/rock-si-neotango-la-bastion-weekend-de-concerte-gratuite-in-curtea-maria-theresia\/\"><img loading=\"lazy\" decoding=\"async\" class=\"td-next-prev-image td-fix-index td-lazy-img\" title=\"Rock \u0219i neotango la Bastion: weekend de concerte gratuite \u00een curtea Maria Theresia\" width=\"696\" height=\"358\" src=\"https:\/\/analyse.optim.biz\/wp-content\/uploads\/2026\/01\/rock-si-neotango-la-bastion_-weekend-de-concerte-gratuite-in-curtea-maria-theresia-696x358-2.webp\"><\/a><\/div>\n<div class=\"next-prev-title\"><a href=\"https:\/\/voceatimisului.ro\/rock-si-neotango-la-bastion-weekend-de-concerte-gratuite-in-curtea-maria-theresia\/\">Rock \u0219i neotango la Bastion: weekend de concerte gratuite \u00een curtea Maria Theresia<\/a><\/div>\n<\/div>\n<\/div>\n<\/div>\n<\/div>\n<\/div>\n<\/div>\n<\/div>\n<\/div>\n<div class=\"vc_row_inner tdi_100  vc_row vc_inner wpb_row td-pb-row\">\n<div class=\"vc_column_inner tdi_105  wpb_column vc_column_container tdc-inner-column td-pb-span8\">\n<div class=\"vc_column-inner\">\n<div class=\"wpb_wrapper\">\n<div class=\"td_block_wrap tdb_single_comments tdi_106 tdb-comm-layout2 td-pb-border-top td_block_template_2\" data-td-block-uid=\"tdi_106\">\n<div class=\"tdb-block-inner td-fix-index\">\n<div class=\"comments\" id=\"comments\">\n<div id=\"respond\" class=\"comment-respond\">\n<h3 id=\"reply-title\" class=\"comment-reply-title\">L\u0102SA\u021aI UN MESAJ <small><a rel=\"nofollow\" id=\"cancel-comment-reply-link\" href=\"https:\/\/voceatimisului.ro\/tichete-electronice-de-energie-pentru-consumatorii-casnici-vulnerabili\/#respond\">Renun\u021ba\u021bi la r\u0103spuns<\/a><\/small><\/h3>\n<div class=\"comment-form-input-wrap td-form-comment\">\n<div class=\"td-warning-comment\">V\u0103 rug\u0103m s\u0103 introduce\u021bi comentariul dvs.!<\/div>\n<\/div>\n<div class=\"comment-form-input-wrap td-form-author\">\n<div class=\"td-warning-author\">Introduce\u021bi aici numele dvs.<\/div>\n<\/div>\n<div class=\"comment-form-input-wrap td-form-email\">\n<div class=\"td-warning-email-error\">A\u021bi introdus o adres\u0103 de e-mail incorect\u0103!<\/div>\n<div class=\"td-warning-email\">V\u0103 rug\u0103m s\u0103 introduce\u021bi adresa dvs. de e-mail aici<\/div>\n<\/div>\n<\/div>\n<\/div>\n<\/div>\n<\/div>\n<\/div>\n<\/div>\n<\/div>\n<\/div>\n<\/div>\n<\/div>\n<div class=\"vc_column tdi_108  wpb_column vc_column_container tdc-column td-pb-span4 td-is-sticky\">\n<div class=\"wpb_wrapper\" data-sticky-enabled-on=\"W3RydWUsdHJ1ZSx0cnVlLHRydWVd\" data-sticky-offset=\"20\" data-sticky-is-width-auto=\"W2ZhbHNlLGZhbHNlLGZhbHNlLGZhbHNlXQ==\">\n<div class=\"vc_row_inner tdi_110  vc_row vc_inner wpb_row td-pb-row\">\n<div class=\"vc_column_inner tdi_112  wpb_column vc_column_container tdc-inner-column td-pb-span12\">\n<div class=\"vc_column-inner\">\n<div class=\"wpb_wrapper\">\n<div class=\"td_block_wrap td_block_title tdi_113 td-pb-border-top td_block_template_11 td-fix-index\" data-td-block-uid=\"tdi_113\">\n<div class=\"td-block-title-wrap\">\n<h4 class=\"td-block-title\"><span class=\"td-pulldown-size\">ANUN\u021aURI \u0218I PUBLICITATE<\/span><\/h4>\n<\/div>\n<\/div>\n<\/div>\n<\/div>\n<\/div>\n<\/div>\n<div class=\"wpb_wrapper td_block_wrap vc_widget_sidebar tdi_115 \">\n<aside id=\"block-10\" class=\"td_block_template_1 widget block-10 widget_block widget_media_image\">\n<figure class=\"wp-block-image size-full\"><a href=\"https:\/\/adpghiroda.ro\/index.html\" target=\"_blank\" rel=\" noreferrer noopener\"><img decoding=\"async\" loading=\"lazy\" width=\"960\" height=\"960\" src=\"https:\/\/analyse.optim.biz\/wp-content\/uploads\/2026\/01\/adp-ghiroda2-47.jpg\" class=\"wp-image-171492\" title=\"adp-ghiroda2-47\"><\/a><\/figure>\n<\/aside>\n<aside id=\"block-11\" class=\"td_block_template_1 widget block-11 widget_block widget_media_image\">\n<figure class=\"wp-block-image size-full\"><a href=\"https:\/\/adpghiroda.ro\/index.html\" target=\"_blank\" rel=\" noreferrer noopener\"><img decoding=\"async\" loading=\"lazy\" width=\"960\" height=\"960\" src=\"https:\/\/analyse.optim.biz\/wp-content\/uploads\/2026\/01\/adp-ghiroda1-47.jpg\" class=\"wp-image-171491\" title=\"adp-ghiroda1-47\"><\/a><\/figure>\n<\/aside>\n<aside id=\"block-17\" class=\"td_block_template_1 widget block-17 widget_block widget_media_image\">\n<figure class=\"wp-block-image size-large is-resized\"><a href=\"https:\/\/verde.events\/\" target=\"_blank\" rel=\" noreferrer noopener\"><img decoding=\"async\" loading=\"lazy\" width=\"1024\" height=\"683\" src=\"https:\/\/analyse.optim.biz\/wp-content\/uploads\/2026\/01\/verde-events-24-1024x683-1-32.jpg\" alt=\"Verde Events\" class=\"wp-image-174395\" title=\"verde-events-24-1024x683-1-32\"><\/a><figcaption class=\"wp-element-caption\"><strong><em>O experien\u021b\u0103 unic\u0103 pentru orice tip de eveniment<\/em><\/strong><\/figcaption><\/figure>\n<\/aside>\n<\/div>\n<\/div>\n<\/div>\n<\/div>\n<\/div>\n<\/div>\n<\/div>\n<p><span class=\"td-page-meta\"><\/span><span class=\"td-page-meta\"><span class=\"td-page-meta\"><\/span><\/span><span class=\"td-page-meta\"><\/span><\/article>\n<p> Source URL: https:\/\/voceatimisului.ro\/tichete-electronice-de-energie-pentru-consumatorii-casnici-vulnerabili\/<\/p>\n","protected":false},"excerpt":{"rendered":"<p>\u0218tiriSocial Tichete electronice de energie pentru consumatorii casnici vulnerabili Sprijin financiar acordat consumatorilor casnici vulnerabili, conform O.U.G. nr. 35\/2025 Autor-Redac\u021bia 26 august 2025 0 144 Facebook Twitter Pinterest WhatsApp Linkedin Copy URL Tichete electronice de energie pentru consumatorii casnici vulnerabili Dou\u0103 investi\u021bii europene majore pentru comuna \u0218ag: \u0219coal\u0103 verde \u0219i asfalt\u0103ri pe str\u0103zi importante Post [&hellip;]<\/p>\n","protected":false},"author":1,"featured_media":1289289,"comment_status":"open","ping_status":"","sticky":false,"template":"","format":"standard","meta":{"footnotes":""},"categories":[89],"tags":[199],"class_list":["post-1289288","post","type-post","status-publish","format-standard","has-post-thumbnail","hentry","category-romania","tag-voceatimisului-ro"],"_links":{"self":[{"href":"https:\/\/analyse.optim.biz\/index.php?rest_route=\/wp\/v2\/posts\/1289288","targetHints":{"allow":["GET"]}}],"collection":[{"href":"https:\/\/analyse.optim.biz\/index.php?rest_route=\/wp\/v2\/posts"}],"about":[{"href":"https:\/\/analyse.optim.biz\/index.php?rest_route=\/wp\/v2\/types\/post"}],"author":[{"embeddable":true,"href":"https:\/\/analyse.optim.biz\/index.php?rest_route=\/wp\/v2\/users\/1"}],"replies":[{"embeddable":true,"href":"https:\/\/analyse.optim.biz\/index.php?rest_route=%2Fwp%2Fv2%2Fcomments&post=1289288"}],"version-history":[{"count":0,"href":"https:\/\/analyse.optim.biz\/index.php?rest_route=\/wp\/v2\/posts\/1289288\/revisions"}],"wp:featuredmedia":[{"embeddable":true,"href":"https:\/\/analyse.optim.biz\/index.php?rest_route=\/wp\/v2\/media\/1289289"}],"wp:attachment":[{"href":"https:\/\/analyse.optim.biz\/index.php?rest_route=%2Fwp%2Fv2%2Fmedia&parent=1289288"}],"wp:term":[{"taxonomy":"category","embeddable":true,"href":"https:\/\/analyse.optim.biz\/index.php?rest_route=%2Fwp%2Fv2%2Fcategories&post=1289288"},{"taxonomy":"post_tag","embeddable":true,"href":"https:\/\/analyse.optim.biz\/index.php?rest_route=%2Fwp%2Fv2%2Ftags&post=1289288"}],"curies":[{"name":"wp","href":"https:\/\/api.w.org\/{rel}","templated":true}]}}