{"id":128710,"date":"2017-12-07T18:03:59","date_gmt":"2017-12-07T15:03:59","guid":{"rendered":"https:\/\/analyse.optim.biz\/?p=128710"},"modified":"2017-12-07T18:03:59","modified_gmt":"2017-12-07T15:03:59","slug":"regizorul-filmului-despre-moartea-procurorului-panait-merita-iesit-in-strada-acum-15-ani-procurori-tineri-ajungeau-sa-se-sinucida","status":"publish","type":"post","link":"https:\/\/analyse.optim.biz\/?p=128710","title":{"rendered":"Regizorul filmului despre moartea procurorului Panait: Merit\u0103 ie\u0219it \u00een strad\u0103. Acum 15 ani procurori tineri ajungeau s\u0103 se sinucid\u0103"},"content":{"rendered":"<div class=\"entry data-app-meta data-app-meta-article\" data-embed-base-url-canonical=\"https:\/\/www.digi24.ro\/embed\/stiri\/actualitate\/politica\/regizorul-filmului-despre-moartea-procurorului-panait-merita-iesit-in-strada-acum-15-ani-procurori-tineri-ajungeau-sa-se-sinucida-841547\">\n<p data-index=\"1\"><strong>Tudor Giurgiu face apel la proteste de strad\u0103 pentru a bloca modificarea legilor justi\u0163iei \u015fi politizarea ireversibil\u0103 a sistemului. \u00cen context, el reaminte\u015fte cazul dramatic al procurorului Cristian Panait, care \u015fi-a luat via\u0163a la numai 29 de ani, pe fondul presiunilor dintr-un dosar care implica politicieni.<\/strong><\/p>\n<p class=\"gdpr-placeholder gdpr-social-media gdpr-iframe-fix\" data-index=\"3\"> Setarile tale privind cookie-urile nu permit afisarea continutul din aceasta sectiune. Poti actualiza setarile modulelor coookie direct din browser sau de <a class=\"ot-sdk-show-settings\" data-skip-linkfix=\"1\">aici<\/a> \u2013 e nevoie sa accepti cookie-urile social media<\/p>\n<p data-index=\"4\">&#8220;F\u0103r\u0103 s\u0103 am preg\u0103tire de specialitate \u00een domeniu, am f\u0103cut mult\u0103 documentare pe zona justi\u021biei \u0219i am \u00een\u021beles modul \u00een care politicul \u0219i-a arondat (sau subjugat) justi\u021bia \u00een anii 2000. \u00cent\u00eempl\u0103tor sau nu, un alt guvern PSD. Fra\u021bilor, cine mai crede c\u0103 \u00eent\u00eempl\u0103rile din Parlament sunt doar circ ieftin sau le rezum\u0103 strict la \u00eenjur\u0103turi c\u0103tre senatorul Nicolae (c\u00eend am scris \u201csenator\u201d mi-a trecut un nod \u00een g\u00eet) sau la ironii adresate Dnei Chichir\u0103u, se \u00een\u0219eal\u0103 amarnic. Tr\u0103im vremu<span class=\"text_exposed_show\">ri \u00een care, sub ochii no\u0219tri, ni\u0219te cet\u0103\u021beni (\u201ccei ale\u0219i\u201d, cum ar veni) \u00ee\u0219i bat joc de cei care i-au ales (aceia\u0219i, oricum \u00een zeci de ani, mas\u0103 de manevr\u0103 care \u00eei urmeaz\u0103 t\u0103cu\u021bi \u0219i obidi\u0163i), nu au un minim respect fa\u021b\u0103 de proceduri \u0219i regulamente \u0219i vor s\u0103 ne \u00eentoarc\u0103 la modul \u00een care justi\u021bia func\u021biona pe vremea lui N\u0103stase&#8221;, scrie regizorul Tudor Giurgiu, pre\u015fedintele TIFF. <\/span><\/p>\n<p data-index=\"5\"><span class=\"text_exposed_show\">Acesta face un apel la proteste de strad\u0103 \u00eempotriva modific\u0103rilor la legile justi\u0163iei, amintind, \u00eens\u0103 f\u0103r\u0103 s\u0103 \u015fi dea numele, de cazul procurorului Panait, care s-a sinucis \u00een vremea lui Adrian N\u0103stase. De altfel, Tudor Giurgiu consider\u0103 c\u0103 Rom\u00e2nia s-a \u00eentors zilele acestea \u00een epoca St\u0103noiu \u015fi consider\u0103 c\u0103 situa\u0163ia la care asist\u0103m e doar \u00eenceputul. Tudor Giurgiu: &#8220;Degeaba magistra\u021bii au f\u0103cut observa\u021bii, degeaba CSM-ul se \u00eempotrive\u0219te, ei o dau \u00eenainte. E ca \u0219i cum ar da o lege pentru a reglementa pescuitul sportiv \u00een Rom\u00e2nia, dar li se rupe de ce spun pescarii. Nu \u00eei ascult\u0103 pe cei din sistem. Cum s\u0103 votezi \u00een plen \u00een miezul nop\u021bii un amendament al c\u0103rui text (ref la r\u0103spunderea magistra\u021bilor) era ini\u021bial altul \u0219i acesta apar\u021binea asocia\u021biilor profesionale? Cum s\u0103 faci legi \u00eempotriva celor care vor lucra cu ele? Simplu. Pentru c\u0103 majoritate. La fel, institu\u021bii-cheie din justi\u021bie s\u00eent reconfigurate prin voin\u021b\u0103 aceleia\u0219i majorit\u0103\u021bi. \u00cel cred pe\u00a0<a class=\"profileLink\" href=\"https:\/\/www.facebook.com\/sorin.ionita.16?fref=mentions\" data-hovercard=\"\/ajax\/hovercard\/user.php?id=1293117767&amp;extragetparams=%7B%22fref%22%3A%22mentions%22%7D\" data-hovercard-prefer-more-content-show=\"1\" data-skip-linkfix=\"1\">Sorin Ioni\u0163\u0103<\/a>\u00a0c\u00eend spune c\u0103 e doar primul pas \u0219i c\u0103 e de fapt doar \u00eenceputul. Majoritatea vrea control, pur \u0219i simplu. Vor urma probabil articole care s\u0103 \u00eei incrimineze penal pe judec\u0103torii care dau solu\u021bii \u201cnetemeinice\u201d. Au eliminat deja independen\u021ba procurorilor, probabil vor s\u0103 \u00eei lini\u0219teasc\u0103 \u00een cur\u00eend pe to\u021bi magistra\u021bii care pornesc anchete sau dau solu\u021bii care \u201cnu contravin\u201d. Cu ce vrea majoritatea. Cred, precum mul\u021bi rom\u00e2ni, c\u0103 o \u021bar\u0103 f\u0103r\u0103 o justi\u021bie independent\u0103 e o \u021bar\u0103 f\u0103r\u0103 viitor. De asta mi se pare c\u0103 \u00eent\u00eempl\u0103rile din Parlament sunt un atentat la adresa democra\u021biei. Merit\u0103 ie\u0219it \u00een strad\u0103 \u0219i protestat \u0219i pentru c\u0103 acum 15 ani oameni tineri din sistem ajungeau s\u0103 se sinucid\u0103 atunci c\u00eend \u00ee\u0219i d\u0103deau seama de adev\u0103rata fa\u021b\u0103 a Justi\u021biei, de faptul c\u0103 erau dependen\u021bi de \u0219efi, care la r\u00eendul lor a\u0219teptau OK de la politicieni \u0219i tot a\u0219a. Cred c\u0103 zilele astea Rodica St\u0103noiu, fost ministru al justi\u021biei \u00een anii 2000, z\u00eembe\u0219te satisf\u0103cut\u0103. Ne-am \u00eentors pe vremea ei&#8221;.\u00a0<\/span><\/p>\n<p data-index=\"6\">Postarea lui Tudor Giurgiu vine \u00een contextul continu\u0103rii, \u015fi joi, a demersurilor PSD-ALDE-UDMR de a supune justi\u0163ia, dup\u0103 ce <a href=\"https:\/\/www.digi24.ro\/stiri\/actualitate\/politica\/scandal-in-camera-deputatilor-psd-alde-urgenteaza-adoptarea-statutului-magistratilor-840694\" data-skip-linkfix=\"1\">miercuri modul de operare al ale\u015filor puterii a declan\u015fat un scandal uria\u015f<\/a> \u00een Parlament \u015fi proteste spontane de strad\u0103. Proteste au anun\u0163at pentru zilele urm\u0103toare \u015fi comunitatea Corup\u0163ia ucide, iar <a href=\"https:\/\/www.digi24.ro\/stiri\/actualitate\/politica\/platforma-romania-100-cheama-la-protest-duminica-841469\" data-skip-linkfix=\"1\">Platforma Rom\u00e2nia 100, fondat\u0103 de fostul premier Dacian Ciolo\u015f, a anun\u0163at c\u0103 li se al\u0103tur\u0103<\/a>.<\/p>\n<p data-index=\"7\"><a href=\"https:\/\/www.digi24.ro\/magazin\/timp-liber\/cultura\/de-ce-eu-in-regia-lui-tudor-giurgiu-va-rula-maine-la-festivalul-de-film-de-la-berlin-355993\" data-skip-linkfix=\"1\">Tudor Giurgiu este regizorul filmului &#8220;De ce eu?&#8221;, inspirat de cazul real al procurorului Cristian Panait<\/a>, care s-a sinucis \u00een 2002, la doar 29 de ani, \u00een contextul anchetei asupra unui alt procuror \u0219i a presiunilor exercitate asupra sa.\u00a0Devenit un simbol al luptei din interior \u00eempotriva unui sistem corupt, Panait a fost subiectul a numeroase articole de pres\u0103 \u0219i dezbateri.\u00a0<\/p>\n<\/div>\n<p> Source URL: https:\/\/www.digi24.ro\/stiri\/actualitate\/politica\/regizorul-filmului-despre-moartea-procurorului-panait-merita-iesit-in-strada-acum-15-ani-procurori-tineri-ajungeau-sa-se-sinucida-841547<\/p>\n","protected":false},"excerpt":{"rendered":"<p>Tudor Giurgiu face apel la proteste de strad\u0103 pentru a bloca modificarea legilor justi\u0163iei \u015fi politizarea ireversibil\u0103 a sistemului. \u00cen context, el reaminte\u015fte cazul dramatic al procurorului Cristian Panait, care \u015fi-a luat via\u0163a la numai 29 de ani, pe fondul presiunilor dintr-un dosar care implica politicieni. Setarile tale privind cookie-urile nu permit afisarea continutul din [&hellip;]<\/p>\n","protected":false},"author":1,"featured_media":128711,"comment_status":"open","ping_status":"","sticky":false,"template":"","format":"standard","meta":{"footnotes":""},"categories":[2],"tags":[11],"class_list":["post-128710","post","type-post","status-publish","format-standard","has-post-thumbnail","hentry","category-politics","tag-digi24"],"_links":{"self":[{"href":"https:\/\/analyse.optim.biz\/index.php?rest_route=\/wp\/v2\/posts\/128710","targetHints":{"allow":["GET"]}}],"collection":[{"href":"https:\/\/analyse.optim.biz\/index.php?rest_route=\/wp\/v2\/posts"}],"about":[{"href":"https:\/\/analyse.optim.biz\/index.php?rest_route=\/wp\/v2\/types\/post"}],"author":[{"embeddable":true,"href":"https:\/\/analyse.optim.biz\/index.php?rest_route=\/wp\/v2\/users\/1"}],"replies":[{"embeddable":true,"href":"https:\/\/analyse.optim.biz\/index.php?rest_route=%2Fwp%2Fv2%2Fcomments&post=128710"}],"version-history":[{"count":0,"href":"https:\/\/analyse.optim.biz\/index.php?rest_route=\/wp\/v2\/posts\/128710\/revisions"}],"wp:featuredmedia":[{"embeddable":true,"href":"https:\/\/analyse.optim.biz\/index.php?rest_route=\/wp\/v2\/media\/128711"}],"wp:attachment":[{"href":"https:\/\/analyse.optim.biz\/index.php?rest_route=%2Fwp%2Fv2%2Fmedia&parent=128710"}],"wp:term":[{"taxonomy":"category","embeddable":true,"href":"https:\/\/analyse.optim.biz\/index.php?rest_route=%2Fwp%2Fv2%2Fcategories&post=128710"},{"taxonomy":"post_tag","embeddable":true,"href":"https:\/\/analyse.optim.biz\/index.php?rest_route=%2Fwp%2Fv2%2Ftags&post=128710"}],"curies":[{"name":"wp","href":"https:\/\/api.w.org\/{rel}","templated":true}]}}