{"id":128551,"date":"2017-12-10T22:18:15","date_gmt":"2017-12-10T19:18:15","guid":{"rendered":"https:\/\/analyse.optim.biz\/?p=128551"},"modified":"2017-12-10T22:18:15","modified_gmt":"2017-12-10T19:18:15","slug":"ce-spune-tariceanu-despre-o-eventuala-suspendare-a-lui-iohannis","status":"publish","type":"post","link":"https:\/\/analyse.optim.biz\/?p=128551","title":{"rendered":"Ce spune T\u0103riceanu despre o eventual\u0103 suspendare a lui Iohannis"},"content":{"rendered":"<div class=\"entry data-app-meta data-app-meta-article\" data-embed-base-url-canonical=\"https:\/\/www.digi24.ro\/embed\/stiri\/actualitate\/politica\/ce-spune-tariceanu-despre-o-eventuala-suspendare-a-lui-iohannis-843042\">\n<p data-index=\"1\"><strong>\u00cen arcul guvernamental \u0219i la nivelul majorit\u0103\u021bii parlamentare nu s-a discutat despre suspendarea \u0219efului statului, Klaus Iohannis, a declarat pre\u0219edintele Senatului, C\u0103lin Popescu T\u0103riceanu.<\/strong><\/p>\n<p data-index=\"2\"><img loading=\"lazy\" decoding=\"async\" class=\"alignnone size-full wp-image-843045\" src=\"https:\/\/analyse.optim.biz\/wp-content\/uploads\/2024\/09\/mjkyntcyztyxnjuyodm3zwjhzwy3mtazyzi4nzblza-thumb_.jpg\" width=\"670\" height=\"448\" data-skip-htmlfix=\"1\" title=\"mjkyntcyztyxnjuyodm3zwjhzwy3mtazyzi4nzblza-thumb_\"><\/p>\n<p data-index=\"3\">\u201eAceast\u0103 chestiune eu am v\u0103zut-o numai v\u00e2nturat\u0103 \u00een pres\u0103. Nimeni n-a discutat \u00een arcul guvernamental \u0219i \u00een majoritate despre suspendarea pre\u0219edintelui&#8221;, a declarat T\u0103riceanu, duminic\u0103, \u00eentr-o interven\u021bie telefonic\u0103 la Rom\u00e2nia TV, potrivit <a href=\"https:\/\/www.agerpres.ro\/politica\/2017\/12\/10\/tariceanu-nimeni-nu-a-discutat-in-arcul-guvernamental-despre-suspendarea-presedintelui-iohannis-21-56-58\" data-skip-linkfix=\"1\"><strong>Agerpres.<\/strong><\/a><\/p>\n<p data-index=\"4\">El a precizat c\u0103 \u00ee\u0219i dore\u0219te ca \u0219edin\u021ba de luni a Parlamentului \u00een memoria regelui Mihai, la care va participa \u0219i \u0219eful statului, s\u0103 fie &#8220;un moment de reflec\u021bie&#8221;.<\/p>\n<p data-index=\"5\">&#8220;M\u00e2ine, la Parlament, avem o sesiune special\u0103 dedicat\u0103 omagierii personalit\u0103\u021bii regelui Mihai, \u0219i cel pu\u021bin \u00een ceea ce m\u0103 prive\u0219te \u2014 av\u00e2nd \u00een vedere acest moment special \u0219i rolul pe care l-au avut regele \u0219i dinastia \u00een Rom\u00e2nia ca factor apolitic (&#8230;), deci o pozi\u021bionare deasupra partidelor politice, deasupra disputelor politice (&#8230;) \u2014 eu a\u0219 vrea momentul de m\u00e2ine, momentul omagial, s\u0103 ni-l imagin\u0103m ca un imbold \u0219i ca un moment necesar de reflec\u021bie asupra acestor lucruri importante pentru Rom\u00e2nia&#8221;, a spus T\u0103riceanu.<\/p>\n<p data-index=\"6\">\u00centrebat dac\u0103 \u00eel va \u00eent\u00e2mpina pe \u0219eful statului c\u00e2nd acesta va ajunge la Parlament, T\u0103riceanu a r\u0103spuns: &#8220;Cred c\u0103 lucrurile acestea n-au niciun fel de relevan\u021b\u0103 \u00een contextul actual&#8221;.<\/p>\n<\/div>\n<p> Source URL: https:\/\/www.digi24.ro\/stiri\/actualitate\/politica\/ce-spune-tariceanu-despre-o-eventuala-suspendare-a-lui-iohannis-843042<\/p>\n","protected":false},"excerpt":{"rendered":"<p>\u00cen arcul guvernamental \u0219i la nivelul majorit\u0103\u021bii parlamentare nu s-a discutat despre suspendarea \u0219efului statului, Klaus Iohannis, a declarat pre\u0219edintele Senatului, C\u0103lin Popescu T\u0103riceanu. \u201eAceast\u0103 chestiune eu am v\u0103zut-o numai v\u00e2nturat\u0103 \u00een pres\u0103. Nimeni n-a discutat \u00een arcul guvernamental \u0219i \u00een majoritate despre suspendarea pre\u0219edintelui&#8221;, a declarat T\u0103riceanu, duminic\u0103, \u00eentr-o interven\u021bie telefonic\u0103 la Rom\u00e2nia TV, [&hellip;]<\/p>\n","protected":false},"author":1,"featured_media":128552,"comment_status":"open","ping_status":"","sticky":false,"template":"","format":"standard","meta":{"footnotes":""},"categories":[2],"tags":[11],"class_list":["post-128551","post","type-post","status-publish","format-standard","has-post-thumbnail","hentry","category-politics","tag-digi24"],"_links":{"self":[{"href":"https:\/\/analyse.optim.biz\/index.php?rest_route=\/wp\/v2\/posts\/128551","targetHints":{"allow":["GET"]}}],"collection":[{"href":"https:\/\/analyse.optim.biz\/index.php?rest_route=\/wp\/v2\/posts"}],"about":[{"href":"https:\/\/analyse.optim.biz\/index.php?rest_route=\/wp\/v2\/types\/post"}],"author":[{"embeddable":true,"href":"https:\/\/analyse.optim.biz\/index.php?rest_route=\/wp\/v2\/users\/1"}],"replies":[{"embeddable":true,"href":"https:\/\/analyse.optim.biz\/index.php?rest_route=%2Fwp%2Fv2%2Fcomments&post=128551"}],"version-history":[{"count":0,"href":"https:\/\/analyse.optim.biz\/index.php?rest_route=\/wp\/v2\/posts\/128551\/revisions"}],"wp:featuredmedia":[{"embeddable":true,"href":"https:\/\/analyse.optim.biz\/index.php?rest_route=\/wp\/v2\/media\/128552"}],"wp:attachment":[{"href":"https:\/\/analyse.optim.biz\/index.php?rest_route=%2Fwp%2Fv2%2Fmedia&parent=128551"}],"wp:term":[{"taxonomy":"category","embeddable":true,"href":"https:\/\/analyse.optim.biz\/index.php?rest_route=%2Fwp%2Fv2%2Fcategories&post=128551"},{"taxonomy":"post_tag","embeddable":true,"href":"https:\/\/analyse.optim.biz\/index.php?rest_route=%2Fwp%2Fv2%2Ftags&post=128551"}],"curies":[{"name":"wp","href":"https:\/\/api.w.org\/{rel}","templated":true}]}}