{"id":128514,"date":"2017-12-11T13:35:19","date_gmt":"2017-12-11T10:35:19","guid":{"rendered":"https:\/\/analyse.optim.biz\/?p=128514"},"modified":"2017-12-11T13:35:19","modified_gmt":"2017-12-11T10:35:19","slug":"video-reactie-nervoasa-a-lui-florin-iordache-la-intrebarile-jurnalistilor","status":"publish","type":"post","link":"https:\/\/analyse.optim.biz\/?p=128514","title":{"rendered":"VIDEO Reac\u021bie nervoas\u0103 a lui Florin Iordache la \u00eentreb\u0103rile jurnali\u0219tilor"},"content":{"rendered":"<div class=\"entry data-app-meta data-app-meta-article\" data-embed-base-url-canonical=\"https:\/\/www.digi24.ro\/embed\/stiri\/actualitate\/justitie\/video-reactie-nervoasa-a-lui-florin-iordache-la-intrebarile-jurnalistilor-843366\">\n<p data-index=\"1\"><strong><span lang=\"ro-RO\">Florin Iordache, pre\u0219edintele comisiei sepeciale pentru legile justi\u021biei, a reac\u021bionat nervos la \u00eentreb\u0103rile jurnali\u0219tilor privind calendarul de vor al pachetului de propuneri pentru modificarea legilor justi\u021biei.<\/span><\/strong><\/p>\n<p data-index=\"2\"><span lang=\"ro-RO\">\u00centrebat de ce exist\u0103 \u201eaceast\u0103 grab\u0103\u201d privind votul pe legea 303, care <a href=\"https:\/\/www.digi24.ro\/stiri\/actualitate\/psd-alde-devanseaza-votul-final-pe-statutul-magistratilor-ar-putea-fi-azi-dupa-sedinta-dedicata-regelui-mihai-843365\" target=\"_blank\" rel=\"noopener\" data-skip-linkfix=\"1\">ar urma s\u0103 fie dat ast\u0103zi<\/a>, imediat dup\u0103 \u0219edin\u021ba solemn\u0103 \u00een memoria regelui Mihai, \u00een condi\u021biile \u00een care pentru m\u00e2ine sunt anun\u021bate proteste, Iordache a r\u0103spuns: \u201eNoi nu \u021binem \u0219edin\u021bele de Birou Permanent \u00een func\u021bie de cum se organizeaz\u0103 protestatarii\u201d.<\/span><\/p>\n<p data-index=\"3\">\u201e<span lang=\"ro-RO\">Dezinforma\u021bi sau ar trebui s\u0103 informa\u021bi mai mult, c\u0103 de la \u00eenceputul dezbaterilor \u00een aceast\u0103 comisie a\u021bi spus a\u0219a: afect\u0103m independen\u021ba justi\u021biei, V-am spus de la \u00eenceput: da\u021bi-mi un singur articol care diminueaz\u0103 independen\u021ba justi\u021biei. Nici p\u00e2n\u0103 acum nu pute\u021bi s\u0103-mi da\u021bi dvs. A\u021bi spus c\u0103 prin aceste adopt\u0103ri ale legilor justi\u021biei va fi diminuat\u0103 lupta \u00eempotriva corup\u021biei. Total fals, da\u021bi-mi un singur exemplu sau un singur alineat care, prin modific\u0103rile pe care noi le-am f\u0103cut, diminueaz\u0103 sau atenueaz\u0103 lupta \u00eempotriva corup\u021biei. <\/span><\/p>\n<p data-index=\"4\"><span lang=\"ro-RO\">Legile, a\u0219a cum le-am adoptat, nu fac dec\u00e2t s\u0103 \u00eent\u0103reasc\u0103 statutul procurorului \u0219i judec\u0103torului, separarea carierei acestora. Am introdus \u0219i r\u0103spunderea magistra\u021bilor. Deranjeaz\u0103 c\u0103 am introdus principiul confrom c\u0103ruia cine gre\u0219e\u0219te pl\u0103te\u0219te s\u0103 se aplice \u0219i magistra\u021bilor\u201d, le-a spus Florin Iordache jurnali\u0219tilor.<\/span><\/p>\n<p data-index=\"5\"><span lang=\"ro-RO\">Comisia special\u0103 parlamentar\u0103 condus\u0103 de social-democratul Florin Iordache <a href=\"https:\/\/www.digi24.ro\/stiri\/actualitate\/comisia-iordache-reia-dezbaterile-asupra-legilor-justitiei-se-discuta-cea-mai-controversata-si-contestata-modificare-843195\" target=\"_blank\" rel=\"noopener\" data-skip-linkfix=\"1\">a finalizat, luni, modific\u0103rile la Legea 304\/2004<\/a> privind organizarea judiciar\u0103 \u0219i<a href=\"https:\/\/www.digi24.ro\/stiri\/actualitate\/politica\/legile-justitiei-conditii-de-vechime-pentru-membrii-csm-843307\" target=\"_blank\" rel=\"noopener\" data-skip-linkfix=\"1\"> a \u00eenceput s\u0103 lucreze la legea 317\/2004<\/a>, privind func\u021bionarea Consiliului Superior al Magistraturii. <\/span><\/p>\n<p data-index=\"6\"><span lang=\"ro-RO\">Senatorul USR Florina Presad\u0103 a anun\u021bat azi pe pagina sa de Facebook c\u0103 votul final pe prima lege a justi\u021biei va avea loc ast\u0103zi, dup\u0103 \u0219edin\u021ba solemn\u0103 dedicat\u0103 Regelui Mihai, de\u0219i fusese anun\u021bat pentru ziua de mar\u021bi.<\/span><\/p>\n<\/div>\n<p> Source URL: https:\/\/www.digi24.ro\/stiri\/actualitate\/justitie\/video-reactie-nervoasa-a-lui-florin-iordache-la-intrebarile-jurnalistilor-843366<\/p>\n","protected":false},"excerpt":{"rendered":"<p>Florin Iordache, pre\u0219edintele comisiei sepeciale pentru legile justi\u021biei, a reac\u021bionat nervos la \u00eentreb\u0103rile jurnali\u0219tilor privind calendarul de vor al pachetului de propuneri pentru modificarea legilor justi\u021biei. \u00centrebat de ce exist\u0103 \u201eaceast\u0103 grab\u0103\u201d privind votul pe legea 303, care ar urma s\u0103 fie dat ast\u0103zi, imediat dup\u0103 \u0219edin\u021ba solemn\u0103 \u00een memoria regelui Mihai, \u00een condi\u021biile \u00een [&hellip;]<\/p>\n","protected":false},"author":1,"featured_media":128515,"comment_status":"open","ping_status":"","sticky":false,"template":"","format":"standard","meta":{"footnotes":""},"categories":[2],"tags":[11],"class_list":["post-128514","post","type-post","status-publish","format-standard","has-post-thumbnail","hentry","category-politics","tag-digi24"],"_links":{"self":[{"href":"https:\/\/analyse.optim.biz\/index.php?rest_route=\/wp\/v2\/posts\/128514","targetHints":{"allow":["GET"]}}],"collection":[{"href":"https:\/\/analyse.optim.biz\/index.php?rest_route=\/wp\/v2\/posts"}],"about":[{"href":"https:\/\/analyse.optim.biz\/index.php?rest_route=\/wp\/v2\/types\/post"}],"author":[{"embeddable":true,"href":"https:\/\/analyse.optim.biz\/index.php?rest_route=\/wp\/v2\/users\/1"}],"replies":[{"embeddable":true,"href":"https:\/\/analyse.optim.biz\/index.php?rest_route=%2Fwp%2Fv2%2Fcomments&post=128514"}],"version-history":[{"count":0,"href":"https:\/\/analyse.optim.biz\/index.php?rest_route=\/wp\/v2\/posts\/128514\/revisions"}],"wp:featuredmedia":[{"embeddable":true,"href":"https:\/\/analyse.optim.biz\/index.php?rest_route=\/wp\/v2\/media\/128515"}],"wp:attachment":[{"href":"https:\/\/analyse.optim.biz\/index.php?rest_route=%2Fwp%2Fv2%2Fmedia&parent=128514"}],"wp:term":[{"taxonomy":"category","embeddable":true,"href":"https:\/\/analyse.optim.biz\/index.php?rest_route=%2Fwp%2Fv2%2Fcategories&post=128514"},{"taxonomy":"post_tag","embeddable":true,"href":"https:\/\/analyse.optim.biz\/index.php?rest_route=%2Fwp%2Fv2%2Ftags&post=128514"}],"curies":[{"name":"wp","href":"https:\/\/api.w.org\/{rel}","templated":true}]}}