{"id":128496,"date":"2017-12-11T15:09:22","date_gmt":"2017-12-11T12:09:22","guid":{"rendered":"https:\/\/analyse.optim.biz\/?p=128496"},"modified":"2017-12-11T15:09:22","modified_gmt":"2017-12-11T12:09:22","slug":"foto-video-sedinta-solemna-a-parlamentului-dedicata-regelui-mihai","status":"publish","type":"post","link":"https:\/\/analyse.optim.biz\/?p=128496","title":{"rendered":"FOTO VIDEO. \u0218edin\u021b\u0103 solemn\u0103 a Parlamentului dedicat\u0103 regelui Mihai"},"content":{"rendered":"<div class=\"entry data-app-meta data-app-meta-article\" data-embed-base-url-canonical=\"https:\/\/www.digi24.ro\/embed\/stiri\/actualitate\/politica\/principesa-margareta-si-patriarhul-daniel-la-sedinta-solemna-a-parlamentului-843022\">\n<p data-index=\"1\"><strong><span lang=\"ro-RO\">Custodele Coroanei rom\u00e2ne, Principesa Margareta, pre\u0219edintele Klaus Iohannis \u0219i Patriarhul Daniel particip\u0103 la \u0219edin\u021ba solemn\u0103 comun\u0103 a Parlamentului, dedicat\u0103 omagierii personalit\u0103\u021bii regelui Mihai I al Rom\u00e2niei. <\/span><\/strong><\/p>\n<p data-index=\"2\">\n<figure class=\"article-thumb article-thumb-gallery article-thumb-gallery-alt\"><a href=\"https:\/\/www.digi24.ro\/galerie-foto\/1\/stiri\/actualitate\/politica\/principesa-margareta-si-patriarhul-daniel-la-sedinta-solemna-a-parlamentului-843022\" data-skip-linkfix=\"1\"><img decoding=\"async\" src=\"https:\/\/analyse.optim.biz\/wp-content\/uploads\/2024\/09\/agfzad1modlhzje1mwq4mjjlm2vlzwy2nmy5yzk2mtuxmtc1yw-thumb_.jpg\" alt=\"171211_SEDINTA_SOLEMNA_REGELE_MIHAI_I_09_INQUAM_Photos_Octav_Ganea\" data-skip-htmlfix=\"1\" title=\"agfzad1modlhzje1mwq4mjjlm2vlzwy2nmy5yzk2mtuxmtc1yw-thumb_\"><figcaption>171211_SEDINTA_SOLEMNA_REGELE_MIHAI_I_09_INQUAM_Photos_Octav_Ganea<\/figcaption><\/a><\/p>\n<div class=\"read-more-cta\"><a href=\"https:\/\/www.digi24.ro\/galerie-foto\/1\/stiri\/actualitate\/politica\/principesa-margareta-si-patriarhul-daniel-la-sedinta-solemna-a-parlamentului-843022\" title=\"Deschide galeria foto\" class=\"read-more\" data-skip-linkfix=\"1\">Deschide galeria foto<\/a><\/div>\n<\/figure>\n<div class=\"swiper-gallery-nav article-thumb\">\n<div class=\"swiper-container\">\n<div class=\"swiper-wrapper\"><a href=\"https:\/\/www.digi24.ro\/galerie-foto\/1\/stiri\/actualitate\/politica\/principesa-margareta-si-patriarhul-daniel-la-sedinta-solemna-a-parlamentului-843022#1\" class=\"swiper-slide\" data-skip-linkfix=\"1\"><img decoding=\"async\" src=\"https:\/\/analyse.optim.biz\/wp-content\/uploads\/2024\/09\/agfzad01ytu2odbmnzrkymy0m2nizjy2mze3mmjmmthlmtkwma-thumb_.jpg\" alt=\"171211_SEDINTA_SOLEMNA_REGELE_MIHAI_I_09_INQUAM_Photos_Octav_Ganea | Poza 1 din 6\" data-skip-htmlfix=\"1\" title=\"agfzad01ytu2odbmnzrkymy0m2nizjy2mze3mmjmmthlmtkwma-thumb_\"><figcaption class=\"hide\">171211_SEDINTA_SOLEMNA_REGELE_MIHAI_I_09_INQUAM_Photos_Octav_Ganea<\/figcaption><\/a><a href=\"https:\/\/www.digi24.ro\/galerie-foto\/1\/stiri\/actualitate\/politica\/principesa-margareta-si-patriarhul-daniel-la-sedinta-solemna-a-parlamentului-843022#2\" class=\"swiper-slide\" data-skip-linkfix=\"1\"><img decoding=\"async\" src=\"https:\/\/analyse.optim.biz\/wp-content\/uploads\/2024\/09\/ptmzztqzzjjjyzrkzjbjmzgwndmymzuyngfiyzyxymnl-thumb_.jpg\" alt=\"171211_SEDINTA_SOLEMNA_REGELE_MIHAI_I_08_iohannis INQUAM_Photos_Octav_Ganea | Poza 2 din 6\" data-skip-htmlfix=\"1\" title=\"ptmzztqzzjjjyzrkzjbjmzgwndmymzuyngfiyzyxymnl-thumb_\"><figcaption class=\"hide\">171211_SEDINTA_SOLEMNA_REGELE_MIHAI_I_08_iohannis INQUAM_Photos_Octav_Ganea<\/figcaption><\/a><a href=\"https:\/\/www.digi24.ro\/galerie-foto\/1\/stiri\/actualitate\/politica\/principesa-margareta-si-patriarhul-daniel-la-sedinta-solemna-a-parlamentului-843022#3\" class=\"swiper-slide\" data-skip-linkfix=\"1\"><img decoding=\"async\" src=\"https:\/\/analyse.optim.biz\/wp-content\/uploads\/2024\/09\/agfzad05yzriztfhmmq2ywjmogy3njy5mza1njuyyzgwzmy4yw-thumb_.jpg\" alt=\"171211_SEDINTA_SOLEMNA_REGELE_MIHAI_I_05_INQUAM_Photos_Octav_Ganea | Poza 3 din 6\" data-skip-htmlfix=\"1\" title=\"agfzad05yzriztfhmmq2ywjmogy3njy5mza1njuyyzgwzmy4yw-thumb_\"><figcaption class=\"hide\">171211_SEDINTA_SOLEMNA_REGELE_MIHAI_I_05_INQUAM_Photos_Octav_Ganea<\/figcaption><\/a><a href=\"https:\/\/www.digi24.ro\/galerie-foto\/1\/stiri\/actualitate\/politica\/principesa-margareta-si-patriarhul-daniel-la-sedinta-solemna-a-parlamentului-843022#4\" class=\"swiper-slide\" data-skip-linkfix=\"1\"><img decoding=\"async\" src=\"https:\/\/analyse.optim.biz\/wp-content\/uploads\/2024\/09\/jmhhc2g9m2vhy2jhyzrjmjiwzjfhyzq3nzqwzddhytm2nzgzmmq-thumb_.jpg\" alt=\"171211_SEDINTA_SOLEMNA_REGELE_MIHAI_I_03_iohannis constantinescuINQUAM_Photos_Octav_Ganea | Poza 4 din 6\" data-skip-htmlfix=\"1\" title=\"jmhhc2g9m2vhy2jhyzrjmjiwzjfhyzq3nzqwzddhytm2nzgzmmq-thumb_\"><figcaption class=\"hide\">171211_SEDINTA_SOLEMNA_REGELE_MIHAI_I_03_iohannis constantinescuINQUAM_Photos_Octav_Ganea<\/figcaption><\/a><a href=\"https:\/\/www.digi24.ro\/galerie-foto\/1\/stiri\/actualitate\/politica\/principesa-margareta-si-patriarhul-daniel-la-sedinta-solemna-a-parlamentului-843022#5\" class=\"swiper-slide\" data-skip-linkfix=\"1\"><img decoding=\"async\" src=\"https:\/\/analyse.optim.biz\/wp-content\/uploads\/2024\/09\/ptgwmczoyxnoptflmzywntlmzjfmy2vhnjywnmvkmdzmzge3odk3mzc2-thumb_.jpg\" alt=\"171211_SEDINTA_SOLEMNA_REGELE_MIHAI_I_02 iohannis constantinescu_INQUAM_Photos_Octav_Ganea | Poza 5 din 6\" data-skip-htmlfix=\"1\" title=\"ptgwmczoyxnoptflmzywntlmzjfmy2vhnjywnmvkmdzmzge3odk3mzc2-thumb_\"><figcaption class=\"hide\">171211_SEDINTA_SOLEMNA_REGELE_MIHAI_I_02 iohannis constantinescu_INQUAM_Photos_Octav_Ganea<\/figcaption><\/a><a href=\"https:\/\/www.digi24.ro\/galerie-foto\/1\/stiri\/actualitate\/politica\/principesa-margareta-si-patriarhul-daniel-la-sedinta-solemna-a-parlamentului-843022#6\" class=\"swiper-slide\" data-skip-linkfix=\"1\"><img decoding=\"async\" src=\"https:\/\/analyse.optim.biz\/wp-content\/uploads\/2024\/09\/lmpwzyz3ptgwmczoyxnopwy1zgniyjyxztvizdvmndiyodywyjc4yzg4y2eyotu2-thumb_.jpg\" alt=\"171211_SEDINTA_SOLEMNA_REGELE_MIHAI_I_00_iohannis basescu constantinescu dragnea tariceanu INQUAM_Photos_Octav_Ganea | Poza 6 din 6\" data-skip-htmlfix=\"1\" title=\"lmpwzyz3ptgwmczoyxnopwy1zgniyjyxztvizdvmndiyodywyjc4yzg4y2eyotu2-thumb_\"><figcaption class=\"hide\">171211_SEDINTA_SOLEMNA_REGELE_MIHAI_I_00_iohannis basescu constantinescu dragnea tariceanu INQUAM_Photos_Octav_Ganea<\/figcaption><\/a>, <\/div>\n<\/div>\n<\/div>\n<p data-index=\"3\"><em>Fotografii: Inquam Photos \/ Octav Ganea<\/em><\/p>\n<p data-index=\"4\"><strong>ACTUALIZARE 16.00.<\/strong> \u0218edin\u021ba solemn\u0103 s-a \u00eencheiat. Urm\u0103ri\u021bi mesajul Custodelui Coroanei, principesa Margareta:<\/p>\n<p data-index=\"5\">\u201e<span lang=\"ro-RO\">Am pierdut ca \u0219i \u00eentreaga na\u021biune un p\u0103rinte, de aceea \u00een aceste clipe grele suntem uni\u021bi \u00een doliul nostru. Bun\u0103tatea \u0219i iertatea tat\u0103lui meu au \u00eenvins toate relele secolului trecut. \u00cen\u021belepciunea lui a asigurat continuitatea \u021b\u0103rii \u00een momente de grave abateri de la mersul firesc al lumii. Chiar c\u00e2nd a fost departe de \u021bar\u0103, rom\u00e2nii l-au privit ca pe un far luminos. \u00cen inima p\u0103rin\u021bilor mei a existat \u00eentotdeauna un m\u00e2ine. Cu g\u00e2ndul la acel m\u00e2ine, v\u0103 mul\u021bumesc pentru ziua de ast\u0103zi\u201d, a spus Custodele Coroanei.<\/span><\/p>\n<p data-index=\"6\"><strong>ACTUALIZARE 15.33.<\/strong> Au \u021binut discursuri pre\u0219edintele Klaus Iohannis, pre\u0219edintele Senatului, C\u0103lin Popescu T\u0103riceanu, pre\u0219edintele Camerei Deputa\u021bilor, Liviu Dragnea, \u0219i premierul Mihai Tudose.<\/p>\n<p data-index=\"7\">Discursul integral al pre\u0219edintelui Iohannis:<\/p>\n<p data-index=\"8\"><span lang=\"ro-RO\">Onor\u0103m ast\u0103zi, cu profund respect, memoria unei mari personalit\u0103\u021bi a istoriei noastre, Regele Mihai I al Rom\u00e2niei. Loial patriei \u0219i na\u021biunii sale, el a purtat pe umeri o grea domnie \u00een momente foarte dificile ale istoriei noastre.<\/span><\/p>\n<p data-index=\"9\"><span lang=\"ro-RO\">Obligat s\u0103 \u00eenfrunte tirania, prin actul de la 23 august 1944, Mihai I a servit cauza libert\u0103\u021bii \u0219i democra\u021biei. Apoi, opun\u00e2ndu-se cu d\u00e2rzenie acapar\u0103rii \u021b\u0103rii de c\u0103tre comuni\u0219ti, a dovedit curaj \u0219i sim\u021b al datoriei.<\/span><\/p>\n<p data-index=\"10\"><span lang=\"ro-RO\">Destinul s\u0103u tragic se confund\u0103 cu destinul din veacul trecut al poporului rom\u00e2n.<\/span><\/p>\n<p data-index=\"11\"><span lang=\"ro-RO\">\u00cen lungul s\u0103u exil, Regele a simbolizat speran\u021ba unei Rom\u00e2nii ren\u0103scute \u0219i libere, la care rom\u00e2nii nu au \u00eencetat s\u0103 aspire.<\/span><\/p>\n<p data-index=\"12\"><span lang=\"ro-RO\">Dup\u0103 c\u0103derea comunismului, a fost oprit cu brutalitate s\u0103 intre \u00een \u021bar\u0103 \u0219i s\u0103 se reculeag\u0103 la mormintele ilu\u0219trilor s\u0103i \u00eenainta\u0219i. Acestor ac\u021biuni disperate \u0219i absurde, le-a opus demnitatea \u0219i t\u0103ria caracterului s\u0103u.<\/span><\/p>\n<p data-index=\"13\"><span lang=\"ro-RO\">Pentru toate aceste merite, Regele Mihai I va r\u0103m\u00e2ne \u00een amintirea poporului rom\u00e2n ca un mare om de stat.<\/span><\/p>\n<p data-index=\"14\"><span lang=\"ro-RO\">Onorat\u0103 audien\u021b\u0103,<\/span><\/p>\n<p data-index=\"15\"><span lang=\"ro-RO\">De\u0219i a domnit acum mai bine de 70 de ani, principiile sale nu apar\u021bin trecutului, ci, dimpotriv\u0103, sunt mai actuale ca niciodat\u0103.<\/span><\/p>\n<p data-index=\"16\"><span lang=\"ro-RO\">Mihai I a fost un monarh constitu\u021bional care a ap\u0103rat domnia legii, drepturile \u0219i libert\u0103\u021bile individuale, a militat pentru institu\u021bii solide \u0219i pentru ca regulile s\u0103 fie durabile, asumate \u0219i respectate.<\/span><\/p>\n<p data-index=\"17\"><span lang=\"ro-RO\">Integritatea sa este un exemplu nepre\u021buit, iar cuvintele sale sunt ast\u0103zi la fel de elocvente.<\/span><\/p>\n<p data-index=\"18\"><span lang=\"ro-RO\">\u00abVom sus\u021bine orice om politic\u00bb, spunea Regele Mihai \u00een urm\u0103 cu 17 ani, \u00abindiferent de \u00eenclina\u021bia lui ideologic\u0103, at\u00e2ta vreme c\u00e2t el sau ea va r\u0103m\u00e2ne angajat \u00een respectarea drepturilor omului \u0219i a libert\u0103\u021bilor individuale, \u00een eliminarea corup\u021biei, \u00een protejarea tuturor rom\u00e2nilor.\u00bb<\/span><\/p>\n<p data-index=\"19\"><span lang=\"ro-RO\">Regele a ap\u0103rat cu toate puterile \u0219i prerogativele sale Rom\u00e2nia \u00een vremea domniei \u0219i a f\u0103cut tot ce i-a stat \u00een putin\u021b\u0103 mai apoi, \u00een exil, pentru re\u00eennodarea leg\u0103turilor tradi\u021bionale ale Rom\u00e2niei cu democra\u021biile occidentale.<\/span><\/p>\n<p data-index=\"20\"><span lang=\"ro-RO\">Evoc aici \u0219i turneele \u0219i misiunile diplomatice pe care le-a \u00eentreprins pentru aderarea Rom\u00e2niei la NATO \u0219i la Uniunea European\u0103, fiind convins c\u0103 alegerea strategic\u0103 de a orienta \u021bara c\u0103tre Occident a reprezentat re\u00eentoarcerea fireasc\u0103 la op\u021biunile \u00eenainta\u0219ilor s\u0103i.<\/span><\/p>\n<p data-index=\"21\"><span lang=\"ro-RO\">Doamnelor \u0219i domnilor,<\/span><\/p>\n<p data-index=\"22\"><span lang=\"ro-RO\">Este datoria noastr\u0103, a tuturor, s\u0103 ap\u0103r\u0103m mo\u0219tenirea Regelui Mihai I.<\/span><\/p>\n<p data-index=\"23\"><span lang=\"ro-RO\">Pre\u021buind memoria sa, noi to\u021bi avem datoria s\u0103 asigur\u0103m o Rom\u00e2nie stabil\u0103, demn\u0103 \u0219i respectat\u0103 \u00een lume, prosper\u0103 \u0219i puternic\u0103, cu un stat de drept solid, \u00een care aspira\u021bia spre libertate \u0219i prosperitate a rom\u00e2nilor este \u00eemplinit\u0103 \u0219i \u00een care nimeni nu este mai presus de lege.<\/span><\/p>\n<p data-index=\"24\"><span lang=\"ro-RO\">O Rom\u00e2nie \u00een care via\u021ba public\u0103 s\u0103 fie dominat\u0103 de responsabilitate, decen\u021b\u0103 \u0219i competen\u021b\u0103. \u00cen definitiv, o Rom\u00e2nie mai puternic\u0103 \u0219i mai unit\u0103, pe care suntem cu to\u021bii chema\u021bi s\u0103 o des\u0103v\u00e2r\u0219im.<\/span><\/p>\n<p data-index=\"25\"><span lang=\"ro-RO\">Fie ca amintirea Regelui Mihai I s\u0103 r\u0103m\u00e2n\u0103 ve\u0219nic\u0103 \u00een inimile noastre!\u201d<\/span><\/p>\n<p data-index=\"26\"><span lang=\"ro-RO\"><strong>C\u0103lin Popescu T\u0103riceanu:<\/strong> Ast\u0103zi, pentru a treia oar\u0103 \u00een istorie, Regele este din nou \u00een Parlamentul Rom\u00e2niei, al\u0103turi de noi \u0219i \u00een mijlocul nostru. Este prezent \u00een g\u00e2ndul nostru, \u00een credin\u021ba noastr\u0103 \u00een democra\u021bie, \u00een speran\u021bele pe care ni le punem \u00een viitorul na\u021biunii noastre. De aceast\u0103 dat\u0103, Mihai al Rom\u00e2niei nu va mai p\u0103r\u0103si Parlamentul, va r\u0103m\u00e2ne pentru totdeauna \u00een memoria noastr\u0103 ca o surs\u0103 de inspira\u021bie, ca un reper moral de neclintit, ca un \u00eendemn permanent la curaj \u0219i t\u0103rie de caracter. Nu i-a fost dat Regelui Mihai s\u0103 poarte \u00een \u00eemprejur\u0103ri oficiale coroana de o\u021bel a Rom\u00e2niei \u0219i nici s\u0103 stea pe tronul regal \u00eentr-o ceremonie solemn\u0103. Am \u00eens\u0103 convingerea c\u0103 Regele poart\u0103 acum pe frunte, \u00een \u00eemp\u0103r\u0103\u021bia cerului, cununa celor drep\u021bi, dup\u0103 cum am convingerea c\u0103 aici, pe p\u0103m\u00e2nt rom\u00e2nesc, memoria noastr\u0103 colectiv\u0103 va fi de acum \u00eenainte tronul pe care Mihai I al Rom\u00e2niei va r\u0103m\u00e2ne pururi a\u0219ezat.<\/span><\/p>\n<p data-index=\"27\"><span lang=\"ro-RO\"><strong>Liviu Dragnea:<\/strong> Rela\u021bia Regelui Mihai cu Parlamentul a fost \u00een ultimii ani una apropiat\u0103. Pe 25 octombrie 2011, Majestatea Sa a sus\u021binut de la tribuna Parlamentului un discurs, dup\u0103 mai bine de 60 de ani de c\u00e2nd o f\u0103cuse ultima oar\u0103, \u00eenaintea instal\u0103rii la putere a regimului comunist. Din perspectiva de azi, acest discurs poate fi considerat testamentul politic al Regelui Mihai 1. Majestatea Sa a subliniat atunci, printre altele, rolul fundamental al Parlamentului \u00eentr-o democra\u021bie. (&#8230;) \u00cen acela\u0219i discurs, Regele Mihai a invocat valorile care trebuie s\u0103 ne defineasc\u0103 pe noi, rom\u00e2nii. Cele mai importante lucruri de dob\u00e2ndit dup\u0103 libertate \u0219i democra\u021bie sunt identitatea \u0219i demnitatea. Elita rom\u00e2neasc\u0103 are aici o mare r\u0103spundere. Identitatea \u0219i demnitatea. Nu este \u00eent\u00e2mpl\u0103tor c\u0103 tocmai \u00een jurul acestor valori \u00eencerc\u0103m s\u0103 construim \u00een ultima perioad\u0103 viitorul na\u021biunii. Moartea Regelui Mihai ne-a \u00eendurerat profund. A murit un om nobil, demn \u0219i curajos.<\/span><\/p>\n<p data-index=\"28\"><span lang=\"ro-RO\">Regele Mihai a fost \u00een exil un promotor al democra\u021biei \u0219i al intereselor istorice ale Rom\u00e2niei, p\u0103str\u00e2nd vie speran\u021ba \u00eentoarcerii ei la normalitate. Oric\u00e2nd i s-a cerut, \u0219i nu numai, Regele a fost gata s\u0103 ac\u021bioneze pentru binele \u021b\u0103rii lui. Dup\u0103 1989, contribu\u021bia Regelui Mihai \u0219i a Familiei Regale la integrarea Rom\u00e2niei \u00een NATO \u0219i \u00een Uniunea European\u0103 a fost semnificativ\u0103, chiar dac\u0103 \u00een tradi\u021bia discre\u021biei care caracterizeaz\u0103 Familia Regal\u0103 acest lucru a fost prea pu\u021bin comunicat public. P\u00e2n\u0103 \u00een ultima clip\u0103, Regele Mihai a luptat pentru \u021bara lui cu energie \u0219i demnitate. Faptele sale \u0219i via\u021ba sa demn\u0103 vor fi mereu un model pentru to\u021bi rom\u00e2nii care recunosc \u00een Rege una dintre cele mai luminoase figuri ale istoriei sale.<\/span><\/p>\n<p data-index=\"29\"><strong>ACTUALIZARE 15.09.<\/strong> \u0218edin\u021ba solemn\u0103 a \u00eenceput. Sunt prezen\u021bi \u0219i premierul Mihai Tudose \u0219i fo\u0219tii pre\u0219edin\u021bi Emil Constantinescu \u0219i Traian B\u0103sescu.<\/p>\n<p data-index=\"30\">Cel care a deschis \u0219edin\u021ba este pre\u0219edintele Senatului, C\u0103lin Popescu T\u0103riceanu.<\/p>\n<p data-index=\"31\">Cei prezen\u021bi \u00een sal\u0103 au p\u0103strat un moment de reculegere \u00een memoria fostului suveran.<\/p>\n<p data-index=\"32\">Pe ecranele din sala de plen ruleaz\u0103 <a href=\"https:\/\/www.digi24.ro\/stiri\/actualitate\/video-si-transcript-discursul-regelui-in-parlament-un-moment-definitoriu-pentru-romania-840091\" target=\"_blank\" rel=\"noopener\" data-skip-linkfix=\"1\">discursul sus\u021binut de regele Mihai \u00een Parlament \u00een 25 octombrie 2011<\/a>.<\/p>\n<hr>\n<p data-index=\"33\">\u00a0<\/p>\n<p data-index=\"34\"><span lang=\"ro-RO\">Potrivit Biroului de pres\u0103 al Casei Regale, cu acest prilej Custodele Coroanei rom\u00e2ne va sus\u021bine un discurs.<\/span><\/p>\n<p data-index=\"35\">Birourile permanente reunite ale Senatului \u0219i Camerei Deputa\u021bilor \u00eentrunite miercuri, 6 decembrie, au aprobat organizarea unei \u0218edin\u021be solemne comune a Parlamentului pentru omagierea personalit\u0103\u021bii regelui Mihai I al Rom\u00e2niei.<\/p>\n<p data-index=\"36\">Evenimentul va avea loc luni, de la ora 15:00, \u00een prezen\u021ba pre\u0219edintelui Klaus Iohannis, a senatorilor \u0219i deputa\u021bilor \u0219i a invita\u021bilor de onoare.<\/p>\n<\/div>\n<p> Source URL: https:\/\/www.digi24.ro\/stiri\/actualitate\/politica\/principesa-margareta-si-patriarhul-daniel-la-sedinta-solemna-a-parlamentului-843022<\/p>\n","protected":false},"excerpt":{"rendered":"<p>Custodele Coroanei rom\u00e2ne, Principesa Margareta, pre\u0219edintele Klaus Iohannis \u0219i Patriarhul Daniel particip\u0103 la \u0219edin\u021ba solemn\u0103 comun\u0103 a Parlamentului, dedicat\u0103 omagierii personalit\u0103\u021bii regelui Mihai I al Rom\u00e2niei. 171211_SEDINTA_SOLEMNA_REGELE_MIHAI_I_09_INQUAM_Photos_Octav_Ganea Deschide galeria foto 171211_SEDINTA_SOLEMNA_REGELE_MIHAI_I_09_INQUAM_Photos_Octav_Ganea171211_SEDINTA_SOLEMNA_REGELE_MIHAI_I_08_iohannis INQUAM_Photos_Octav_Ganea171211_SEDINTA_SOLEMNA_REGELE_MIHAI_I_05_INQUAM_Photos_Octav_Ganea171211_SEDINTA_SOLEMNA_REGELE_MIHAI_I_03_iohannis constantinescuINQUAM_Photos_Octav_Ganea171211_SEDINTA_SOLEMNA_REGELE_MIHAI_I_02 iohannis constantinescu_INQUAM_Photos_Octav_Ganea171211_SEDINTA_SOLEMNA_REGELE_MIHAI_I_00_iohannis basescu constantinescu dragnea tariceanu INQUAM_Photos_Octav_Ganea, Fotografii: Inquam Photos \/ Octav Ganea ACTUALIZARE 16.00. \u0218edin\u021ba solemn\u0103 s-a \u00eencheiat. Urm\u0103ri\u021bi mesajul Custodelui [&hellip;]<\/p>\n","protected":false},"author":1,"featured_media":128497,"comment_status":"open","ping_status":"","sticky":false,"template":"","format":"standard","meta":{"footnotes":""},"categories":[2],"tags":[11],"class_list":["post-128496","post","type-post","status-publish","format-standard","has-post-thumbnail","hentry","category-politics","tag-digi24"],"_links":{"self":[{"href":"https:\/\/analyse.optim.biz\/index.php?rest_route=\/wp\/v2\/posts\/128496","targetHints":{"allow":["GET"]}}],"collection":[{"href":"https:\/\/analyse.optim.biz\/index.php?rest_route=\/wp\/v2\/posts"}],"about":[{"href":"https:\/\/analyse.optim.biz\/index.php?rest_route=\/wp\/v2\/types\/post"}],"author":[{"embeddable":true,"href":"https:\/\/analyse.optim.biz\/index.php?rest_route=\/wp\/v2\/users\/1"}],"replies":[{"embeddable":true,"href":"https:\/\/analyse.optim.biz\/index.php?rest_route=%2Fwp%2Fv2%2Fcomments&post=128496"}],"version-history":[{"count":0,"href":"https:\/\/analyse.optim.biz\/index.php?rest_route=\/wp\/v2\/posts\/128496\/revisions"}],"wp:featuredmedia":[{"embeddable":true,"href":"https:\/\/analyse.optim.biz\/index.php?rest_route=\/wp\/v2\/media\/128497"}],"wp:attachment":[{"href":"https:\/\/analyse.optim.biz\/index.php?rest_route=%2Fwp%2Fv2%2Fmedia&parent=128496"}],"wp:term":[{"taxonomy":"category","embeddable":true,"href":"https:\/\/analyse.optim.biz\/index.php?rest_route=%2Fwp%2Fv2%2Fcategories&post=128496"},{"taxonomy":"post_tag","embeddable":true,"href":"https:\/\/analyse.optim.biz\/index.php?rest_route=%2Fwp%2Fv2%2Ftags&post=128496"}],"curies":[{"name":"wp","href":"https:\/\/api.w.org\/{rel}","templated":true}]}}