{"id":1284922,"date":"2025-12-24T00:00:00","date_gmt":"2025-12-23T21:00:00","guid":{"rendered":"https:\/\/analyse.optim.biz\/?p=1284922"},"modified":"2025-12-24T00:00:00","modified_gmt":"2025-12-23T21:00:00","slug":"foto-tragedie-in-prag-de-craciun-la-suceava-un-mort-si-trei-raniti-intr-un-accident-rutier-la-radauti","status":"publish","type":"post","link":"https:\/\/analyse.optim.biz\/?p=1284922","title":{"rendered":"FOTO Tragedie \u00een prag de Cr\u0103ciun la Suceava! Un mort \u0219i trei r\u0103ni\u021bi \u00eentr-un accident rutier la R\u0103d\u0103u\u021bi"},"content":{"rendered":"<div class=\"entry-content\">\n<p><img decoding=\"async\" loading=\"lazy\" class=\"alignright size-medium wp-image-318389\" src=\"https:\/\/analyse.optim.biz\/wp-content\/uploads\/2026\/01\/accident-la-radauti-suceava-2-300x225-1.jpeg\" width=\"300\" height=\"225\" title=\"accident-la-radauti-suceava-2-300x225-1\">O persoan\u0103 a murit \u0219i alte trei au fost r\u0103nite \u00een urma unui accident rutier produs \u00eentre dou\u0103 autoturisme, \u00een municipiul R\u0103d\u0103u\u021bi. Toate victimele au v\u00e2rste cuprinse \u00eentre 20 \u0219i 22 de ani<\/p>\n<p>Pompierii militari au intervenit cu o autospecial\u0103 pentru descarcerare \u0219i dou\u0103 ambulan\u021be SMURD, cu sprijinul a dou\u0103 echipaje SAJ. \u00cen evenimentul rutier au fost implicate patru persoane. Trei dintre acestea au fost \u00eencarcerate \u0219i au necesitat interven\u021bia pompierilor pentru extragere.<\/p>\n<p><img decoding=\"async\" loading=\"lazy\" class=\"alignleft size-medium wp-image-318388\" src=\"https:\/\/analyse.optim.biz\/wp-content\/uploads\/2026\/01\/accident-la-radauti-suceava-1-300x225-1.jpeg\" width=\"300\" height=\"225\" title=\"accident-la-radauti-suceava-1-300x225-1\">Una dintre persoanele care au fost \u00eencarcerate era \u00een stare de incon\u0219tien\u021b\u0103 \u0219i i s-a aplicat manevre de resuscitare. Din nefericire \u0219i \u00een ciuda manevrelor de resuscitare, s-a declarat decesul victimei.<\/p>\n<p>Celelalte trei victime, con\u0219tiente dar cu diferite traumatisme, sunt transportate la spital, pentru investiga\u021bii suplimentare \u0219i tratament de specialitate.<\/p>\n<\/div>\n","protected":false},"excerpt":{"rendered":"<p>O persoan\u0103 a murit \u0219i alte trei au fost r\u0103nite \u00een urma unui accident rutier produs \u00eentre dou\u0103 autoturisme, \u00een municipiul R\u0103d\u0103u\u021bi. Toate victimele au v\u00e2rste cuprinse \u00eentre 20 \u0219i 22 de ani Pompierii militari au intervenit cu o autospecial\u0103 pentru descarcerare \u0219i dou\u0103 ambulan\u021be SMURD, cu sprijinul a dou\u0103 echipaje SAJ. \u00cen evenimentul rutier [&hellip;]<\/p>\n","protected":false},"author":1,"featured_media":1284925,"comment_status":"open","ping_status":"","sticky":false,"template":"","format":"standard","meta":{"footnotes":""},"categories":[89],"tags":[174],"class_list":["post-1284922","post","type-post","status-publish","format-standard","has-post-thumbnail","hentry","category-romania","tag-suceavanews-ro"],"_links":{"self":[{"href":"https:\/\/analyse.optim.biz\/index.php?rest_route=\/wp\/v2\/posts\/1284922","targetHints":{"allow":["GET"]}}],"collection":[{"href":"https:\/\/analyse.optim.biz\/index.php?rest_route=\/wp\/v2\/posts"}],"about":[{"href":"https:\/\/analyse.optim.biz\/index.php?rest_route=\/wp\/v2\/types\/post"}],"author":[{"embeddable":true,"href":"https:\/\/analyse.optim.biz\/index.php?rest_route=\/wp\/v2\/users\/1"}],"replies":[{"embeddable":true,"href":"https:\/\/analyse.optim.biz\/index.php?rest_route=%2Fwp%2Fv2%2Fcomments&post=1284922"}],"version-history":[{"count":0,"href":"https:\/\/analyse.optim.biz\/index.php?rest_route=\/wp\/v2\/posts\/1284922\/revisions"}],"wp:featuredmedia":[{"embeddable":true,"href":"https:\/\/analyse.optim.biz\/index.php?rest_route=\/wp\/v2\/media\/1284925"}],"wp:attachment":[{"href":"https:\/\/analyse.optim.biz\/index.php?rest_route=%2Fwp%2Fv2%2Fmedia&parent=1284922"}],"wp:term":[{"taxonomy":"category","embeddable":true,"href":"https:\/\/analyse.optim.biz\/index.php?rest_route=%2Fwp%2Fv2%2Fcategories&post=1284922"},{"taxonomy":"post_tag","embeddable":true,"href":"https:\/\/analyse.optim.biz\/index.php?rest_route=%2Fwp%2Fv2%2Ftags&post=1284922"}],"curies":[{"name":"wp","href":"https:\/\/api.w.org\/{rel}","templated":true}]}}