{"id":1284908,"date":"2025-12-26T00:00:00","date_gmt":"2025-12-25T21:00:00","guid":{"rendered":"https:\/\/analyse.optim.biz\/?p=1284908"},"modified":"2025-12-26T00:00:00","modified_gmt":"2025-12-25T21:00:00","slug":"foto-video-doi-tineri-o-fata-si-un-baiat-au-murit-in-a-doua-zi-de-craciun-intr-un-accident-pe-dn-17","status":"publish","type":"post","link":"https:\/\/analyse.optim.biz\/?p=1284908","title":{"rendered":"FOTO &amp; VIDEO Doi tineri, o fat\u0103 \u015fi un b\u0103iat, au murit \u00een a doua zi de Cr\u0103ciun \u00eentr-un accident pe DN 17"},"content":{"rendered":"<div class=\"entry-content\">\n<p><img decoding=\"async\" loading=\"lazy\" class=\"alignright size-medium wp-image-318396\" src=\"https:\/\/analyse.optim.biz\/wp-content\/uploads\/2026\/01\/accident-cu-2-morti-pe-dn-17-bistrita-2-300x225-1.jpeg\" width=\"300\" height=\"225\" title=\"accident-cu-2-morti-pe-dn-17-bistrita-2-300x225-1\">Doi tineri, o fat\u0103 \u015fi un b\u0103iat, au murit, vineri, \u00een a doua zi de Cr\u0103ciun \u00eentr-un accident rutier produs pe drumul na\u0163ional DN 17, \u00een localitatea Prundu B\u00e2rg\u0103ului.<\/p>\n<p>Din primele verific\u0103ri efectuate la fa\u021ba locului a reie\u0219it faptul c\u0103 un t\u00e2n\u0103r de 20 de ani, din Tiha B\u00e2rg\u0103ului, \u00een timp ce conducea un autoturism pe direc\u021bia de mers Bistri\u021ba- Vatra Dornei, \u00eentr-o curb\u0103 a pierdut controlul direc\u021biei \u0219i a intrat \u00een coliziune cu un autoturism care circula din sens opus \u0219i care era condus de o t\u00e2n\u0103r\u0103 de 20 de ani din Mure\u0219enii B\u00e2rg\u0103ului.<\/p>\n<p><img decoding=\"async\" loading=\"lazy\" class=\"alignleft size-medium wp-image-318395\" src=\"https:\/\/analyse.optim.biz\/wp-content\/uploads\/2026\/01\/accident-cu-2-morti-pe-dn-17-bistrita-1-300x225-1.jpeg\" width=\"300\" height=\"225\" title=\"accident-cu-2-morti-pe-dn-17-bistrita-1-300x225-1\">Din nefericire, \u00een urma accidentului, conduc\u0103toare auto \u0219i un pasager de 22 de ani, aflat \u00een autoturismul condus de t\u00e2n\u0103r, au decedat, iar conduc\u0103torul auto a fost transportat la spital pentru acordarea de \u00eengrijiri medicale.<\/p>\n<p>Poli\u021bi\u0219tii Serviciului Rutier continu\u0103 cercet\u0103rile pentru stabilirea cauzei \u0219i \u00eemprejur\u0103rilor exacte \u00een care a avut loc accidentul \u00een cadrul unui dosar penal \u00eentocmit pentru ucidere din culp\u0103 \u0219i v\u0103t\u0103mare corporal\u0103 din culp\u0103.<\/p>\n<div class=\"wp-video\"><video class=\"wp-video-shortcode\" id=\"video-318394-1\" width=\"848\" height=\"480\" preload=\"metadata\" controls=\"controls\"><source type=\"video\/mp4\" src=\"https:\/\/suceavanews.ro\/wp-content\/uploads\/2025\/12\/accident-cu-2-morti-pe-dn-17-bistrita-1.mp4?_=1\" \/><a href=\"https:\/\/suceavanews.ro\/wp-content\/uploads\/2025\/12\/accident-cu-2-morti-pe-dn-17-bistrita-1.mp4\">https:\/\/suceavanews.ro\/wp-content\/uploads\/2025\/12\/accident-cu-2-morti-pe-dn-17-bistrita-1.mp4<\/a><\/video><\/div>\n<\/div>\n","protected":false},"excerpt":{"rendered":"<p>Doi tineri, o fat\u0103 \u015fi un b\u0103iat, au murit, vineri, \u00een a doua zi de Cr\u0103ciun \u00eentr-un accident rutier produs pe drumul na\u0163ional DN 17, \u00een localitatea Prundu B\u00e2rg\u0103ului. Din primele verific\u0103ri efectuate la fa\u021ba locului a reie\u0219it faptul c\u0103 un t\u00e2n\u0103r de 20 de ani, din Tiha B\u00e2rg\u0103ului, \u00een timp ce conducea un autoturism [&hellip;]<\/p>\n","protected":false},"author":1,"featured_media":1284912,"comment_status":"open","ping_status":"","sticky":false,"template":"","format":"standard","meta":{"footnotes":""},"categories":[89],"tags":[174],"class_list":["post-1284908","post","type-post","status-publish","format-standard","has-post-thumbnail","hentry","category-romania","tag-suceavanews-ro"],"_links":{"self":[{"href":"https:\/\/analyse.optim.biz\/index.php?rest_route=\/wp\/v2\/posts\/1284908","targetHints":{"allow":["GET"]}}],"collection":[{"href":"https:\/\/analyse.optim.biz\/index.php?rest_route=\/wp\/v2\/posts"}],"about":[{"href":"https:\/\/analyse.optim.biz\/index.php?rest_route=\/wp\/v2\/types\/post"}],"author":[{"embeddable":true,"href":"https:\/\/analyse.optim.biz\/index.php?rest_route=\/wp\/v2\/users\/1"}],"replies":[{"embeddable":true,"href":"https:\/\/analyse.optim.biz\/index.php?rest_route=%2Fwp%2Fv2%2Fcomments&post=1284908"}],"version-history":[{"count":0,"href":"https:\/\/analyse.optim.biz\/index.php?rest_route=\/wp\/v2\/posts\/1284908\/revisions"}],"wp:featuredmedia":[{"embeddable":true,"href":"https:\/\/analyse.optim.biz\/index.php?rest_route=\/wp\/v2\/media\/1284912"}],"wp:attachment":[{"href":"https:\/\/analyse.optim.biz\/index.php?rest_route=%2Fwp%2Fv2%2Fmedia&parent=1284908"}],"wp:term":[{"taxonomy":"category","embeddable":true,"href":"https:\/\/analyse.optim.biz\/index.php?rest_route=%2Fwp%2Fv2%2Fcategories&post=1284908"},{"taxonomy":"post_tag","embeddable":true,"href":"https:\/\/analyse.optim.biz\/index.php?rest_route=%2Fwp%2Fv2%2Ftags&post=1284908"}],"curies":[{"name":"wp","href":"https:\/\/api.w.org\/{rel}","templated":true}]}}