{"id":1284873,"date":"2026-01-04T00:00:00","date_gmt":"2026-01-03T21:00:00","guid":{"rendered":"https:\/\/analyse.optim.biz\/?p=1284873"},"modified":"2026-01-04T00:00:00","modified_gmt":"2026-01-03T21:00:00","slug":"foto-incendiu-intr-un-bloc-din-municipiul-falticeni-au-fost-evacuate-16-persoane","status":"publish","type":"post","link":"https:\/\/analyse.optim.biz\/?p=1284873","title":{"rendered":"FOTO Incendiu \u00eentr-un bloc din municipiul F\u0103lticeni. Au fost evacuate 16 persoane"},"content":{"rendered":"<div class=\"entry-content\">\n<p><img decoding=\"async\" loading=\"lazy\" class=\"alignright size-medium wp-image-318418\" src=\"https:\/\/analyse.optim.biz\/wp-content\/uploads\/2026\/01\/incendiu-falticeni-300x135-1.jpg\" width=\"300\" height=\"135\" title=\"incendiu-falticeni-300x135-1\">Momente de groaz\u0103, duminic\u0103, pentru locatarii unui bloc din F\u0103lticeni, dup\u0103 ce un incendiu a izbucnit \u00eentr-un apartament situat la etajul I al imobilului.\u00a0Pentru siguran\u021b\u0103, 16 persoane au fost evacuate ori s-au autoevacuat. O femeie, cu atac de panic\u0103, este monitorizat\u0103 la fa\u021ba locului de un echipaj SAJ.<\/p>\n<p>Femeia monitorizat\u0103 medical, \u00een v\u00e2rst\u0103 de 86 de ani, a fost transportat\u0103 la spital pentru investiga\u021bii suplimentare.<\/p>\n<p><img decoding=\"async\" loading=\"lazy\" class=\"alignleft size-medium wp-image-318417\" src=\"https:\/\/analyse.optim.biz\/wp-content\/uploads\/2026\/01\/incendiu-falticeni-1-300x135-1.jpg\" width=\"300\" height=\"135\" title=\"incendiu-falticeni-1-300x135-1\">Au intervenit pompierii militari, cu dou\u0103 autospeciale de stingere, o autoscar\u0103 mecanic\u0103 \u0219i o ambulan\u021b\u0103 SMURD. \u00cen sprijin, intervin \u0219i dou\u0103 echipaje SAJ.<\/p>\n<p>Pompierii au ventilat spa\u021biile inundate cu fum, pentru ca cet\u0103\u021benii s\u0103 poat\u0103 reveni \u00een locuin\u021be. Cel mai probabil, incendiul a izbucnit de la o lum\u00e2nare l\u0103sat\u0103 aprins\u0103 \u0219i nesupravegheat\u0103.<\/p>\n<\/div>\n","protected":false},"excerpt":{"rendered":"<p>Momente de groaz\u0103, duminic\u0103, pentru locatarii unui bloc din F\u0103lticeni, dup\u0103 ce un incendiu a izbucnit \u00eentr-un apartament situat la etajul I al imobilului.\u00a0Pentru siguran\u021b\u0103, 16 persoane au fost evacuate ori s-au autoevacuat. O femeie, cu atac de panic\u0103, este monitorizat\u0103 la fa\u021ba locului de un echipaj SAJ. Femeia monitorizat\u0103 medical, \u00een v\u00e2rst\u0103 de 86 [&hellip;]<\/p>\n","protected":false},"author":1,"featured_media":1284875,"comment_status":"open","ping_status":"","sticky":false,"template":"","format":"standard","meta":{"footnotes":""},"categories":[89],"tags":[174],"class_list":["post-1284873","post","type-post","status-publish","format-standard","has-post-thumbnail","hentry","category-romania","tag-suceavanews-ro"],"_links":{"self":[{"href":"https:\/\/analyse.optim.biz\/index.php?rest_route=\/wp\/v2\/posts\/1284873","targetHints":{"allow":["GET"]}}],"collection":[{"href":"https:\/\/analyse.optim.biz\/index.php?rest_route=\/wp\/v2\/posts"}],"about":[{"href":"https:\/\/analyse.optim.biz\/index.php?rest_route=\/wp\/v2\/types\/post"}],"author":[{"embeddable":true,"href":"https:\/\/analyse.optim.biz\/index.php?rest_route=\/wp\/v2\/users\/1"}],"replies":[{"embeddable":true,"href":"https:\/\/analyse.optim.biz\/index.php?rest_route=%2Fwp%2Fv2%2Fcomments&post=1284873"}],"version-history":[{"count":0,"href":"https:\/\/analyse.optim.biz\/index.php?rest_route=\/wp\/v2\/posts\/1284873\/revisions"}],"wp:featuredmedia":[{"embeddable":true,"href":"https:\/\/analyse.optim.biz\/index.php?rest_route=\/wp\/v2\/media\/1284875"}],"wp:attachment":[{"href":"https:\/\/analyse.optim.biz\/index.php?rest_route=%2Fwp%2Fv2%2Fmedia&parent=1284873"}],"wp:term":[{"taxonomy":"category","embeddable":true,"href":"https:\/\/analyse.optim.biz\/index.php?rest_route=%2Fwp%2Fv2%2Fcategories&post=1284873"},{"taxonomy":"post_tag","embeddable":true,"href":"https:\/\/analyse.optim.biz\/index.php?rest_route=%2Fwp%2Fv2%2Ftags&post=1284873"}],"curies":[{"name":"wp","href":"https:\/\/api.w.org\/{rel}","templated":true}]}}