{"id":1284858,"date":"2026-01-05T00:00:00","date_gmt":"2026-01-04T21:00:00","guid":{"rendered":"https:\/\/analyse.optim.biz\/?p=1284858"},"modified":"2026-01-05T00:00:00","modified_gmt":"2026-01-04T21:00:00","slug":"avertizare-meteo-suceava-intra-de-la-ora-10-00-sub-cod-galben-de-vreme-rea","status":"publish","type":"post","link":"https:\/\/analyse.optim.biz\/?p=1284858","title":{"rendered":"Avertizare meteo! Suceava intr\u0103 de la ora 10.00 sub Cod galben de vreme rea"},"content":{"rendered":"<div class=\"entry-content\">\n<p><img decoding=\"async\" loading=\"lazy\" class=\"alignright size-full wp-image-241141\" src=\"https:\/\/analyse.optim.biz\/wp-content\/uploads\/2026\/01\/cod-galben.jpg\" alt=\"cod galben, stiri, suceava, news, meteo\" width=\"295\" height=\"180\" title=\"cod-galben\">Administra\u021bia Na\u021bional\u0103 de Meteorologie (ANM) a emis un Cod galben de vreme rea pentru jude\u021bul Suceava. Codul intr\u0103 \u00een vigoare luni, la ora 10.00 \u0219i este valabil cel pu\u021bin 24 de ore, p\u00e2n\u0103 pe 6 ianuarie, ora 10.00.<\/p>\n<p><em>\u201ePe parcursul zilei de luni vor predomina ninsorile \u00een zonele de munte, iar \u00een Banat, Cri\u0219ana, Maramure\u0219, Transilvania, Moldova, nordul Olteniei \u0219i \u00een nord-estul Munteniei, la \u00eenceput vor fi<span> ninsori \u0219i lapovi\u021b\u0103<\/span>, apoi mixte (ploi, lapovi\u021b\u0103 \u0219i pe arii restr\u00e2nse ninsori) ce vor favoriza local depuneri de polei \u0219i formarea de ghe\u021bu\u0219. Se vor acumula 10\u202620 l\/mp \u0219i local se va depune strat de z\u0103pad\u0103, la munte de 10\u202620 cm, iar \u00een zonele joase de relief, la \u00eenceputul intervalului se va depune un strat nou, \u00een general de 3\u202610 cm\u201d,<\/em> precizeaz\u0103 ANM.<\/p>\n<p>La munte, v\u00e2ntul va avea intensific\u0103ri cu viteze de 50\u202670 km\/h, iar la altitudini de peste 1700 m, de 70\u202685 km\/h, temporar ninsoarea va fi viscolit\u0103 \u0219i vizibilitatea sc\u0103zut\u0103.<\/p>\n<p><a href=\"https:\/\/news.google.com\/publications\/CAAqBwgKMMy4pgswtMO-Aw?ceid=RO:ro&amp;oc=3\" target=\"_blank\" rel=\"noopener\" data-saferedirecturl=\"https:\/\/www.google.com\/url?q=https:\/\/news.google.com\/publications\/CAAqBwgKMMy4pgswtMO-Aw?ceid%3DRO:ro%26oc%3D3&amp;source=gmail&amp;ust=1767634211717000&amp;usg=AOvVaw1K2bg8Cl9nXHguBZClxKX2\">Urmareste-ne pe Google News<\/a><\/p>\n<\/div>\n","protected":false},"excerpt":{"rendered":"<p>Administra\u021bia Na\u021bional\u0103 de Meteorologie (ANM) a emis un Cod galben de vreme rea pentru jude\u021bul Suceava. Codul intr\u0103 \u00een vigoare luni, la ora 10.00 \u0219i este valabil cel pu\u021bin 24 de ore, p\u00e2n\u0103 pe 6 ianuarie, ora 10.00. \u201ePe parcursul zilei de luni vor predomina ninsorile \u00een zonele de munte, iar \u00een Banat, Cri\u0219ana, Maramure\u0219, [&hellip;]<\/p>\n","protected":false},"author":1,"featured_media":1284861,"comment_status":"open","ping_status":"","sticky":false,"template":"","format":"standard","meta":{"footnotes":""},"categories":[89],"tags":[174],"class_list":["post-1284858","post","type-post","status-publish","format-standard","has-post-thumbnail","hentry","category-romania","tag-suceavanews-ro"],"_links":{"self":[{"href":"https:\/\/analyse.optim.biz\/index.php?rest_route=\/wp\/v2\/posts\/1284858","targetHints":{"allow":["GET"]}}],"collection":[{"href":"https:\/\/analyse.optim.biz\/index.php?rest_route=\/wp\/v2\/posts"}],"about":[{"href":"https:\/\/analyse.optim.biz\/index.php?rest_route=\/wp\/v2\/types\/post"}],"author":[{"embeddable":true,"href":"https:\/\/analyse.optim.biz\/index.php?rest_route=\/wp\/v2\/users\/1"}],"replies":[{"embeddable":true,"href":"https:\/\/analyse.optim.biz\/index.php?rest_route=%2Fwp%2Fv2%2Fcomments&post=1284858"}],"version-history":[{"count":0,"href":"https:\/\/analyse.optim.biz\/index.php?rest_route=\/wp\/v2\/posts\/1284858\/revisions"}],"wp:featuredmedia":[{"embeddable":true,"href":"https:\/\/analyse.optim.biz\/index.php?rest_route=\/wp\/v2\/media\/1284861"}],"wp:attachment":[{"href":"https:\/\/analyse.optim.biz\/index.php?rest_route=%2Fwp%2Fv2%2Fmedia&parent=1284858"}],"wp:term":[{"taxonomy":"category","embeddable":true,"href":"https:\/\/analyse.optim.biz\/index.php?rest_route=%2Fwp%2Fv2%2Fcategories&post=1284858"},{"taxonomy":"post_tag","embeddable":true,"href":"https:\/\/analyse.optim.biz\/index.php?rest_route=%2Fwp%2Fv2%2Ftags&post=1284858"}],"curies":[{"name":"wp","href":"https:\/\/api.w.org\/{rel}","templated":true}]}}