{"id":1284831,"date":"2026-01-07T00:00:00","date_gmt":"2026-01-06T21:00:00","guid":{"rendered":"https:\/\/analyse.optim.biz\/?p=1284831"},"modified":"2026-01-07T00:00:00","modified_gmt":"2026-01-06T21:00:00","slug":"video-patru-tineri-raniti-intr-un-accident-rutier-in-judetul-suceava-doi-dintre-ei-au-ramas-incarcerati","status":"publish","type":"post","link":"https:\/\/analyse.optim.biz\/?p=1284831","title":{"rendered":"VIDEO Patru tineri, r\u0103ni\u0163i \u00eentr-un accident rutier \u00een jude\u0163ul Suceava! Doi dintre ei au r\u0103mas \u00eencarcera\u0163i"},"content":{"rendered":"<div class=\"entry-content\">\n<p><img decoding=\"async\" loading=\"lazy\" class=\"alignright size-medium wp-image-318435\" src=\"https:\/\/analyse.optim.biz\/wp-content\/uploads\/2026\/01\/accident-la-buda-zvoristea-suceava-2-300x185-1.jpeg\" width=\"300\" height=\"185\" title=\"accident-la-buda-zvoristea-suceava-2-300x185-1\">Miercuri diminea\u021b\u0103, \u00een jurul orei 4:00, pompierii militari suceveni au intervenit \u00een urma unui accident rutier, produs pe raza localit\u0103\u021bii Buda, comuna Zvori\u0219tea.<\/p>\n<p>La fa\u021ba locului s-au deplasat o autospecial\u0103 pentru descarcerare, o ambulan\u021b\u0103 SMURD, precum \u0219i trei echipaje ale Serviciului de Ambulan\u021b\u0103 Jude\u021bean Suceava.<\/p>\n<p><img decoding=\"async\" loading=\"lazy\" class=\"alignleft size-medium wp-image-318436\" src=\"https:\/\/analyse.optim.biz\/wp-content\/uploads\/2026\/01\/accident-la-buda-zvoristea-suceava-3-300x166-1.jpeg\" width=\"300\" height=\"166\" title=\"accident-la-buda-zvoristea-suceava-3-300x166-1\">\u00cen urma coliziunii dintre un autoturism cu un cap de pod, patru tineri, cu v\u00e2rste cuprinse \u00eentre 18 \u0219i 22 de ani, au fost r\u0103ni\u021bi. \u00cen cazul a dou\u0103 dintre victime, care au r\u0103mas \u00eencarcerate, a fost necesar\u0103 interven\u021bia pompierilor militari pentru extragere.<\/p>\n<p>To\u021bi cei patru r\u0103ni\u021bi, con\u0219tien\u021bi, dar cu diferite traumatisme, au fost transporta\u021bi la spital pentru investiga\u021bii suplimentare \u0219i tratament de specialitate.<\/p>\n<div class=\"wp-video\"><video class=\"wp-video-shortcode\" id=\"video-318433-1\" width=\"848\" height=\"478\" preload=\"metadata\" controls=\"controls\"><source type=\"video\/mp4\" src=\"https:\/\/suceavanews.ro\/wp-content\/uploads\/2026\/01\/accident-la-Buda-Zvoristea-Suceava-1.mp4?_=1\" \/><a href=\"https:\/\/suceavanews.ro\/wp-content\/uploads\/2026\/01\/accident-la-Buda-Zvoristea-Suceava-1.mp4\">https:\/\/suceavanews.ro\/wp-content\/uploads\/2026\/01\/accident-la-Buda-Zvoristea-Suceava-1.mp4<\/a><\/video><\/div>\n<\/div>\n","protected":false},"excerpt":{"rendered":"<p>Miercuri diminea\u021b\u0103, \u00een jurul orei 4:00, pompierii militari suceveni au intervenit \u00een urma unui accident rutier, produs pe raza localit\u0103\u021bii Buda, comuna Zvori\u0219tea. La fa\u021ba locului s-au deplasat o autospecial\u0103 pentru descarcerare, o ambulan\u021b\u0103 SMURD, precum \u0219i trei echipaje ale Serviciului de Ambulan\u021b\u0103 Jude\u021bean Suceava. \u00cen urma coliziunii dintre un autoturism cu un cap de [&hellip;]<\/p>\n","protected":false},"author":1,"featured_media":1284833,"comment_status":"open","ping_status":"","sticky":false,"template":"","format":"standard","meta":{"footnotes":""},"categories":[89],"tags":[174],"class_list":["post-1284831","post","type-post","status-publish","format-standard","has-post-thumbnail","hentry","category-romania","tag-suceavanews-ro"],"_links":{"self":[{"href":"https:\/\/analyse.optim.biz\/index.php?rest_route=\/wp\/v2\/posts\/1284831","targetHints":{"allow":["GET"]}}],"collection":[{"href":"https:\/\/analyse.optim.biz\/index.php?rest_route=\/wp\/v2\/posts"}],"about":[{"href":"https:\/\/analyse.optim.biz\/index.php?rest_route=\/wp\/v2\/types\/post"}],"author":[{"embeddable":true,"href":"https:\/\/analyse.optim.biz\/index.php?rest_route=\/wp\/v2\/users\/1"}],"replies":[{"embeddable":true,"href":"https:\/\/analyse.optim.biz\/index.php?rest_route=%2Fwp%2Fv2%2Fcomments&post=1284831"}],"version-history":[{"count":0,"href":"https:\/\/analyse.optim.biz\/index.php?rest_route=\/wp\/v2\/posts\/1284831\/revisions"}],"wp:featuredmedia":[{"embeddable":true,"href":"https:\/\/analyse.optim.biz\/index.php?rest_route=\/wp\/v2\/media\/1284833"}],"wp:attachment":[{"href":"https:\/\/analyse.optim.biz\/index.php?rest_route=%2Fwp%2Fv2%2Fmedia&parent=1284831"}],"wp:term":[{"taxonomy":"category","embeddable":true,"href":"https:\/\/analyse.optim.biz\/index.php?rest_route=%2Fwp%2Fv2%2Fcategories&post=1284831"},{"taxonomy":"post_tag","embeddable":true,"href":"https:\/\/analyse.optim.biz\/index.php?rest_route=%2Fwp%2Fv2%2Ftags&post=1284831"}],"curies":[{"name":"wp","href":"https:\/\/api.w.org\/{rel}","templated":true}]}}