{"id":1284793,"date":"2026-01-12T00:00:00","date_gmt":"2026-01-11T21:00:00","guid":{"rendered":"https:\/\/analyse.optim.biz\/?p=1284793"},"modified":"2026-01-12T00:00:00","modified_gmt":"2026-01-11T21:00:00","slug":"foto-accident-cu-doua-victime-pe-dn2-accident-violent-cu-doua-camioane-si-un-autoturism","status":"publish","type":"post","link":"https:\/\/analyse.optim.biz\/?p=1284793","title":{"rendered":"FOTO Accident cu dou\u0103 victime pe DN2! Accident violent cu dou\u0103 camioane \u0219i un autoturism"},"content":{"rendered":"<div class=\"entry-content\">\n<p><a href=\"https:\/\/www.botosaninews.ro\/wp-content\/uploads\/2026\/01\/accident-camioane-2-e1768213611818.jpeg\"><img decoding=\"async\" loading=\"lazy\" class=\"alignright size-medium wp-image-716661\" src=\"https:\/\/analyse.optim.biz\/wp-content\/uploads\/2026\/01\/accident-camioane-2-e1768213611818-300x255-1.jpeg\" width=\"300\" height=\"255\" title=\"accident-camioane-2-e1768213611818-300x255-1\"><\/a>Un accident rutier cu dou\u0103 camioane \u0219i un autoturism a avut loc luni, pe raza localit\u0103\u021bii D\u0103rm\u0103ne\u0219ti din jude\u021bul Suceava, pe DN2.<\/p>\n<p>Intervin pompierii militari din cadrul Deta\u0219amentului Suceava cu o autospecial\u0103 pentru descarcerare, dou\u0103 autospeciale de stingere cu ap\u0103 \u0219i spum\u0103 (una dintre acestea dotat\u0103 cu modul pentru descarcerare), cu sprijinul a dou\u0103 ambulan\u021be SAJ.<\/p>\n<p>Este vorba despre o coliziune \u00eentre dou\u0103 autotrenuri, un microbuz transport marf\u0103 \u0219i un autoturism. O persoan\u0103 din autoturism a r\u0103mas \u00eencarcerat\u0103, fiind nevoie de interven\u021bia echipajelor alocate la eveniment pentru extragerea acesteia.<\/p>\n<p>Conduc\u0103torii autotrenurilor nu solicit\u0103 \u00eengrijiri medicale. Traficul rutier pe DN2 este blocat pe ambele sensuri de circula\u021bie.<\/p>\n<p>Ambele victime sunt transportate la spital pentru investiga\u021bii suplimentare \u0219i tratament de specialitate.<\/p>\n<p><a href=\"https:\/\/news.google.com\/publications\/CAAqBwgKMMy4pgswtMO-Aw?ceid=RO:ro&amp;oc=3\" target=\"_blank\" rel=\"noopener\" data-saferedirecturl=\"https:\/\/www.google.com\/url?q=https:\/\/news.google.com\/publications\/CAAqBwgKMMy4pgswtMO-Aw?ceid%3DRO:ro%26oc%3D3&amp;source=gmail&amp;ust=1767855616555000&amp;usg=AOvVaw2JaLRPuOFJ0ulaHO2rpyXb\">Urmareste-ne pe Google News<\/a><\/p>\n<div id=\"gallery-1\" class=\"gallery galleryid-318460 gallery-columns-3 gallery-size-thumbnail\">\n<dl class=\"gallery-item\">\n<dt class=\"gallery-icon portrait\"><a href=\"https:\/\/suceavanews.ro\/wp-content\/uploads\/2026\/01\/accident-camioane-1.jpeg\"><img decoding=\"async\" width=\"150\" height=\"150\" src=\"https:\/\/analyse.optim.biz\/wp-content\/uploads\/2026\/01\/accident-camioane-1-150x150-1.jpeg\" class=\"attachment-thumbnail size-thumbnail\" loading=\"lazy\" title=\"accident-camioane-1-150x150-1\"><\/a><\/dt>\n<\/dl>\n<dl class=\"gallery-item\">\n<dt class=\"gallery-icon portrait\"><a href=\"https:\/\/suceavanews.ro\/wp-content\/uploads\/2026\/01\/accident-camioane-2.jpeg\"><img decoding=\"async\" width=\"150\" height=\"150\" src=\"https:\/\/analyse.optim.biz\/wp-content\/uploads\/2026\/01\/accident-camioane-2-150x150-1.jpeg\" class=\"attachment-thumbnail size-thumbnail\" loading=\"lazy\" title=\"accident-camioane-2-150x150-1\"><\/a><\/dt>\n<\/dl>\n<dl class=\"gallery-item\">\n<dt class=\"gallery-icon portrait\"><a href=\"https:\/\/suceavanews.ro\/wp-content\/uploads\/2026\/01\/accident-camioane-3.jpeg\"><img decoding=\"async\" width=\"150\" height=\"150\" src=\"https:\/\/analyse.optim.biz\/wp-content\/uploads\/2026\/01\/accident-camioane-3-150x150-1.jpeg\" class=\"attachment-thumbnail size-thumbnail\" loading=\"lazy\" title=\"accident-camioane-3-150x150-1\"><\/a><\/dt>\n<\/dl>\n<p><\/div>\n<\/div>\n","protected":false},"excerpt":{"rendered":"<p>Un accident rutier cu dou\u0103 camioane \u0219i un autoturism a avut loc luni, pe raza localit\u0103\u021bii D\u0103rm\u0103ne\u0219ti din jude\u021bul Suceava, pe DN2. Intervin pompierii militari din cadrul Deta\u0219amentului Suceava cu o autospecial\u0103 pentru descarcerare, dou\u0103 autospeciale de stingere cu ap\u0103 \u0219i spum\u0103 (una dintre acestea dotat\u0103 cu modul pentru descarcerare), cu sprijinul a dou\u0103 ambulan\u021be [&hellip;]<\/p>\n","protected":false},"author":1,"featured_media":1284794,"comment_status":"open","ping_status":"","sticky":false,"template":"","format":"standard","meta":{"footnotes":""},"categories":[89],"tags":[174],"class_list":["post-1284793","post","type-post","status-publish","format-standard","has-post-thumbnail","hentry","category-romania","tag-suceavanews-ro"],"_links":{"self":[{"href":"https:\/\/analyse.optim.biz\/index.php?rest_route=\/wp\/v2\/posts\/1284793","targetHints":{"allow":["GET"]}}],"collection":[{"href":"https:\/\/analyse.optim.biz\/index.php?rest_route=\/wp\/v2\/posts"}],"about":[{"href":"https:\/\/analyse.optim.biz\/index.php?rest_route=\/wp\/v2\/types\/post"}],"author":[{"embeddable":true,"href":"https:\/\/analyse.optim.biz\/index.php?rest_route=\/wp\/v2\/users\/1"}],"replies":[{"embeddable":true,"href":"https:\/\/analyse.optim.biz\/index.php?rest_route=%2Fwp%2Fv2%2Fcomments&post=1284793"}],"version-history":[{"count":0,"href":"https:\/\/analyse.optim.biz\/index.php?rest_route=\/wp\/v2\/posts\/1284793\/revisions"}],"wp:featuredmedia":[{"embeddable":true,"href":"https:\/\/analyse.optim.biz\/index.php?rest_route=\/wp\/v2\/media\/1284794"}],"wp:attachment":[{"href":"https:\/\/analyse.optim.biz\/index.php?rest_route=%2Fwp%2Fv2%2Fmedia&parent=1284793"}],"wp:term":[{"taxonomy":"category","embeddable":true,"href":"https:\/\/analyse.optim.biz\/index.php?rest_route=%2Fwp%2Fv2%2Fcategories&post=1284793"},{"taxonomy":"post_tag","embeddable":true,"href":"https:\/\/analyse.optim.biz\/index.php?rest_route=%2Fwp%2Fv2%2Ftags&post=1284793"}],"curies":[{"name":"wp","href":"https:\/\/api.w.org\/{rel}","templated":true}]}}