{"id":1284777,"date":"2026-01-17T00:00:00","date_gmt":"2026-01-16T21:00:00","guid":{"rendered":"https:\/\/analyse.optim.biz\/?p=1284777"},"modified":"2026-01-17T00:00:00","modified_gmt":"2026-01-16T21:00:00","slug":"foto-accident-un-microbuz-cu-11-persoane-s-a-rasturnat-noaptea-trecuta","status":"publish","type":"post","link":"https:\/\/analyse.optim.biz\/?p=1284777","title":{"rendered":"FOTO Accident! Un microbuz cu 11 persoane s-a r\u0103sturnat noaptea trecut\u0103"},"content":{"rendered":"<div class=\"entry-content\">\n<p><a href=\"https:\/\/www.botosaninews.ro\/wp-content\/uploads\/2026\/01\/accident-microbuz-noapte-5.jpeg\"><img decoding=\"async\" loading=\"lazy\" class=\"alignright size-medium wp-image-717281\" src=\"https:\/\/analyse.optim.biz\/wp-content\/uploads\/2026\/01\/accident-microbuz-noapte-5-300x225-1.jpeg\" width=\"300\" height=\"225\" title=\"accident-microbuz-noapte-5-300x225-1\"><\/a>Un microbuz cu 11 persoane s-a r\u0103sturnat, \u00een noaptea de vineri spre s\u00e2mb\u0103t\u0103, la ora 00:17. Pompierii militari suceveni au fost solicita\u021bi s\u0103 intervin\u0103 \u00een urma unui accident rutier produs pe raza localit\u0103\u021bii Ili\u0219e\u0219ti.<\/p>\n<p>Un microbuz a ie\u0219it \u00een afara p\u0103r\u021bii carosabile \u0219i s-a r\u0103sturnat pe o parte. La fa\u021ba locului, salvatorii au intervenit cu o autospecial\u0103 pentru descarcerare, o ambulan\u021b\u0103 SMURD \u0219i trei echipaje ale Serviciului de Ambulan\u021b\u0103 Jude\u021bean Suceava.<\/p>\n<p>\u00cen evenimentul rutier au fost implicate 11 persoane, ne\u00eencarcerate, dintre care doar dou\u0103 au necesitat transportul la o unitate spitaliceasc\u0103.<\/p>\n<p>Cele dou\u0103 victime, con\u0219tiente \u0219i cooperante, dar cu diferite traumatisme, au fost transportate la Unitatea de Primiri Urgen\u021be Suceava pentru investiga\u021bii suplimentare \u0219i tratament de specialitate.<\/p>\n<p><a href=\"https:\/\/news.google.com\/publications\/CAAqBwgKMMy4pgswtMO-Aw?ceid=RO:ro&amp;oc=3\" target=\"_blank\" rel=\"noopener\" data-saferedirecturl=\"https:\/\/www.google.com\/url?q=https:\/\/news.google.com\/publications\/CAAqBwgKMMy4pgswtMO-Aw?ceid%3DRO:ro%26oc%3D3&amp;source=gmail&amp;ust=1767855616555000&amp;usg=AOvVaw2JaLRPuOFJ0ulaHO2rpyXb\">Urmareste-ne pe Google News<\/a><\/p>\n<div id=\"gallery-1\" class=\"gallery galleryid-318472 gallery-columns-3 gallery-size-thumbnail\">\n<dl class=\"gallery-item\">\n<dt class=\"gallery-icon landscape\"><a href=\"https:\/\/suceavanews.ro\/wp-content\/uploads\/2026\/01\/accident-microbuz-noapte-1.jpeg\"><img decoding=\"async\" width=\"150\" height=\"150\" src=\"https:\/\/analyse.optim.biz\/wp-content\/uploads\/2026\/01\/accident-microbuz-noapte-1-150x150-1.jpeg\" class=\"attachment-thumbnail size-thumbnail\" loading=\"lazy\" title=\"accident-microbuz-noapte-1-150x150-1\"><\/a><\/dt>\n<\/dl>\n<dl class=\"gallery-item\">\n<dt class=\"gallery-icon landscape\"><a href=\"https:\/\/suceavanews.ro\/wp-content\/uploads\/2026\/01\/accident-microbuz-noapte-2.jpeg\"><img decoding=\"async\" width=\"150\" height=\"150\" src=\"https:\/\/analyse.optim.biz\/wp-content\/uploads\/2026\/01\/accident-microbuz-noapte-2-150x150-1.jpeg\" class=\"attachment-thumbnail size-thumbnail\" loading=\"lazy\" title=\"accident-microbuz-noapte-2-150x150-1\"><\/a><\/dt>\n<\/dl>\n<dl class=\"gallery-item\">\n<dt class=\"gallery-icon landscape\"><a href=\"https:\/\/suceavanews.ro\/wp-content\/uploads\/2026\/01\/accident-microbuz-noapte-3.jpeg\"><img decoding=\"async\" width=\"150\" height=\"150\" src=\"https:\/\/analyse.optim.biz\/wp-content\/uploads\/2026\/01\/accident-microbuz-noapte-3-150x150-1.jpeg\" class=\"attachment-thumbnail size-thumbnail\" loading=\"lazy\" title=\"accident-microbuz-noapte-3-150x150-1\"><\/a><\/dt>\n<\/dl>\n<p><\/p>\n<dl class=\"gallery-item\">\n<dt class=\"gallery-icon landscape\"><a href=\"https:\/\/suceavanews.ro\/wp-content\/uploads\/2026\/01\/accident-microbuz-noapte-4.jpeg\"><img decoding=\"async\" width=\"150\" height=\"150\" src=\"https:\/\/analyse.optim.biz\/wp-content\/uploads\/2026\/01\/accident-microbuz-noapte-4-150x150-1.jpeg\" class=\"attachment-thumbnail size-thumbnail\" loading=\"lazy\" title=\"accident-microbuz-noapte-4-150x150-1\"><\/a><\/dt>\n<\/dl>\n<dl class=\"gallery-item\">\n<dt class=\"gallery-icon landscape\"><a href=\"https:\/\/suceavanews.ro\/wp-content\/uploads\/2026\/01\/accident-microbuz-noapte-5.jpeg\"><img decoding=\"async\" width=\"150\" height=\"150\" src=\"https:\/\/analyse.optim.biz\/wp-content\/uploads\/2026\/01\/accident-microbuz-noapte-5-150x150-1.jpeg\" class=\"attachment-thumbnail size-thumbnail\" loading=\"lazy\" title=\"accident-microbuz-noapte-5-150x150-1\"><\/a><\/dt>\n<\/dl>\n<dl class=\"gallery-item\">\n<dt class=\"gallery-icon landscape\"><a href=\"https:\/\/suceavanews.ro\/wp-content\/uploads\/2026\/01\/accident-microbuz-noapte-6.jpeg\"><img decoding=\"async\" width=\"150\" height=\"150\" src=\"https:\/\/analyse.optim.biz\/wp-content\/uploads\/2026\/01\/accident-microbuz-noapte-6-150x150-1.jpeg\" class=\"attachment-thumbnail size-thumbnail\" loading=\"lazy\" title=\"accident-microbuz-noapte-6-150x150-1\"><\/a><\/dt>\n<\/dl>\n<p><\/p>\n<dl class=\"gallery-item\">\n<dt class=\"gallery-icon landscape\"><a href=\"https:\/\/suceavanews.ro\/wp-content\/uploads\/2026\/01\/accident-microbuz-noapte-7.jpeg\"><img decoding=\"async\" width=\"150\" height=\"150\" src=\"https:\/\/analyse.optim.biz\/wp-content\/uploads\/2026\/01\/accident-microbuz-noapte-7-150x150-1.jpeg\" class=\"attachment-thumbnail size-thumbnail\" loading=\"lazy\" title=\"accident-microbuz-noapte-7-150x150-1\"><\/a><\/dt>\n<\/dl>\n<p><\/div>\n<\/div>\n","protected":false},"excerpt":{"rendered":"<p>Un microbuz cu 11 persoane s-a r\u0103sturnat, \u00een noaptea de vineri spre s\u00e2mb\u0103t\u0103, la ora 00:17. Pompierii militari suceveni au fost solicita\u021bi s\u0103 intervin\u0103 \u00een urma unui accident rutier produs pe raza localit\u0103\u021bii Ili\u0219e\u0219ti. Un microbuz a ie\u0219it \u00een afara p\u0103r\u021bii carosabile \u0219i s-a r\u0103sturnat pe o parte. La fa\u021ba locului, salvatorii au intervenit cu [&hellip;]<\/p>\n","protected":false},"author":1,"featured_media":1284778,"comment_status":"open","ping_status":"","sticky":false,"template":"","format":"standard","meta":{"footnotes":""},"categories":[89],"tags":[174],"class_list":["post-1284777","post","type-post","status-publish","format-standard","has-post-thumbnail","hentry","category-romania","tag-suceavanews-ro"],"_links":{"self":[{"href":"https:\/\/analyse.optim.biz\/index.php?rest_route=\/wp\/v2\/posts\/1284777","targetHints":{"allow":["GET"]}}],"collection":[{"href":"https:\/\/analyse.optim.biz\/index.php?rest_route=\/wp\/v2\/posts"}],"about":[{"href":"https:\/\/analyse.optim.biz\/index.php?rest_route=\/wp\/v2\/types\/post"}],"author":[{"embeddable":true,"href":"https:\/\/analyse.optim.biz\/index.php?rest_route=\/wp\/v2\/users\/1"}],"replies":[{"embeddable":true,"href":"https:\/\/analyse.optim.biz\/index.php?rest_route=%2Fwp%2Fv2%2Fcomments&post=1284777"}],"version-history":[{"count":0,"href":"https:\/\/analyse.optim.biz\/index.php?rest_route=\/wp\/v2\/posts\/1284777\/revisions"}],"wp:featuredmedia":[{"embeddable":true,"href":"https:\/\/analyse.optim.biz\/index.php?rest_route=\/wp\/v2\/media\/1284778"}],"wp:attachment":[{"href":"https:\/\/analyse.optim.biz\/index.php?rest_route=%2Fwp%2Fv2%2Fmedia&parent=1284777"}],"wp:term":[{"taxonomy":"category","embeddable":true,"href":"https:\/\/analyse.optim.biz\/index.php?rest_route=%2Fwp%2Fv2%2Fcategories&post=1284777"},{"taxonomy":"post_tag","embeddable":true,"href":"https:\/\/analyse.optim.biz\/index.php?rest_route=%2Fwp%2Fv2%2Ftags&post=1284777"}],"curies":[{"name":"wp","href":"https:\/\/api.w.org\/{rel}","templated":true}]}}